{"id":2001,"date":"2024-03-04T12:26:59","date_gmt":"2024-03-04T17:26:59","guid":{"rendered":"https:\/\/instituciones.gtm.sld.cu\/dmsmta\/?p=2001"},"modified":"2024-03-04T12:26:59","modified_gmt":"2024-03-04T17:26:59","slug":"descubren-dos-cambios-biologicos-en-bebes-nacidos-durante-la-pandemia-del-covid-19","status":"publish","type":"post","link":"https:\/\/instituciones.gtm.sld.cu\/dmsmta\/descubren-dos-cambios-biologicos-en-bebes-nacidos-durante-la-pandemia-del-covid-19\/","title":{"rendered":"Descubren dos cambios biol\u00f3gicos en beb\u00e9s nacidos durante la pandemia del covid-19"},"content":{"rendered":"<p>El encierro durante la pandemia del coronavirus cambi\u00f3 el microbioma intestinal de los beb\u00e9s nacidos en ese periodo, concluye un estudio publicado el jueves en la revista Allergy.<\/p>\n<p>Los investigadores compararon muestras de heces de 351 beb\u00e9s irlandeses nacidos entre marzo y mayo de 2020 con las de ni\u00f1os que nacieron antes de la pandemia y descubrieron diferencias significativas en la composici\u00f3n del microbioma intestinal entre los dos grupos.<\/p>\n<p>Seg\u00fan el estudio, las diferencias pueden haber estado condicionadas por el entorno \u00fanico del confinamiento, incluida una mayor duraci\u00f3n de la lactancia materna y menores tasas de infecci\u00f3n, debido a que se redujo la exposici\u00f3n a g\u00e9rmenes y bacterias, lo que deriv\u00f3 en una menor necesidad de antibi\u00f3ticos: solo el 17 % de los beb\u00e9s consumieron antibi\u00f3ticos al a\u00f1o de edad, frente al 80 % de los ni\u00f1os prepand\u00e9micos. El menor consumo de antibi\u00f3ticos se tradujo en un mejor microbioma.<\/p>\n<p>Adem\u00e1s, los cient\u00edficos encontraron que los beb\u00e9s nacidos durante la pandemia presentaron tasas m\u00e1s bajas de lo esperado de enfermedades al\u00e9rgicas, como las alergias alimentarias. As\u00ed, solo cerca del 5 % de los beb\u00e9s hab\u00edan desarrollado una alergia alimentaria cuando ten\u00edan un a\u00f1o de edad, en comparaci\u00f3n con el 22,8 % de los ni\u00f1os nacidos antes de la pandemia.<\/p>\n<p>&nbsp;<\/p>\n<p><em><strong>Tomado de Cubasi<\/strong><\/em><\/p>\n<p><strong><em>https:\/\/cubasi.cu\/es\/noticia\/descubren-dos-cambios-biologicos-en-bebes-nacidos-durante-la-pandemia-del-covid-19<\/em><\/strong><\/p>\n","protected":false},"excerpt":{"rendered":"<p>El encierro durante la pandemia del coronavirus cambi\u00f3 el microbioma intestinal de los beb\u00e9s nacidos en ese periodo, concluye un estudio publicado el jueves en la revista Allergy. Los investigadores compararon muestras de heces de 351 beb\u00e9s irlandeses nacidos entre marzo y mayo de 2020 con las de ni\u00f1os que nacieron antes de la pandemia &hellip; <\/p>\n<p><a class=\"more-link btn\" href=\"https:\/\/instituciones.gtm.sld.cu\/dmsmta\/descubren-dos-cambios-biologicos-en-bebes-nacidos-durante-la-pandemia-del-covid-19\/\">Seguir leyendo<\/a><\/p>\n","protected":false},"author":79,"featured_media":2002,"comment_status":"closed","ping_status":"open","sticky":false,"template":"","format":"standard","meta":{"ngg_post_thumbnail":0},"categories":[25],"tags":[],"yoast_head":"<!-- This site is optimized with the Yoast SEO plugin v21.8 - https:\/\/yoast.com\/wordpress\/plugins\/seo\/ -->\n<title>Descubren dos cambios biol\u00f3gicos en beb\u00e9s nacidos durante la pandemia del covid-19 - Direcci\u00f3n General de Salud<\/title>\n<meta name=\"robots\" content=\"index, follow, max-snippet:-1, max-image-preview:large, max-video-preview:-1\" \/>\n<link rel=\"canonical\" href=\"https:\/\/instituciones.gtm.sld.cu\/dmsmta\/descubren-dos-cambios-biologicos-en-bebes-nacidos-durante-la-pandemia-del-covid-19\/\" \/>\n<meta property=\"og:locale\" content=\"es_ES\" \/>\n<meta property=\"og:type\" content=\"article\" \/>\n<meta property=\"og:title\" content=\"Descubren dos cambios biol\u00f3gicos en beb\u00e9s nacidos durante la pandemia del covid-19 - Direcci\u00f3n General de Salud\" \/>\n<meta property=\"og:description\" content=\"El encierro durante la pandemia del coronavirus cambi\u00f3 el microbioma intestinal de los beb\u00e9s nacidos en ese periodo, concluye un estudio publicado el jueves en la revista Allergy. Los investigadores compararon muestras de heces de 351 beb\u00e9s irlandeses nacidos entre marzo y mayo de 2020 con las de ni\u00f1os que nacieron antes de la pandemia &hellip; Seguir leyendo\" \/>\n<meta property=\"og:url\" content=\"https:\/\/instituciones.gtm.sld.cu\/dmsmta\/descubren-dos-cambios-biologicos-en-bebes-nacidos-durante-la-pandemia-del-covid-19\/\" \/>\n<meta property=\"og:site_name\" content=\"Direcci\u00f3n General de Salud\" \/>\n<meta property=\"article:published_time\" content=\"2024-03-04T17:26:59+00:00\" \/>\n<meta property=\"og:image\" content=\"http:\/\/instituciones.gtm.sld.cu\/dmsmta\/wp-content\/uploads\/sites\/32\/2024\/03\/65e3366259bf5b435744fd18.jpeg\" \/>\n\t<meta property=\"og:image:width\" content=\"766\" \/>\n\t<meta property=\"og:image:height\" content=\"421\" \/>\n\t<meta property=\"og:image:type\" content=\"image\/jpeg\" \/>\n<meta name=\"author\" content=\"dmsmta\" \/>\n<meta name=\"twitter:card\" content=\"summary_large_image\" \/>\n<meta name=\"twitter:label1\" content=\"Escrito por\" \/>\n\t<meta name=\"twitter:data1\" content=\"dmsmta\" \/>\n\t<meta name=\"twitter:label2\" content=\"Tiempo de lectura\" \/>\n\t<meta name=\"twitter:data2\" content=\"2 minutos\" \/>\n<script type=\"application\/ld+json\" class=\"yoast-schema-graph\">{\"@context\":\"https:\/\/schema.org\",\"@graph\":[{\"@type\":\"WebPage\",\"@id\":\"https:\/\/instituciones.gtm.sld.cu\/dmsmta\/descubren-dos-cambios-biologicos-en-bebes-nacidos-durante-la-pandemia-del-covid-19\/\",\"url\":\"https:\/\/instituciones.gtm.sld.cu\/dmsmta\/descubren-dos-cambios-biologicos-en-bebes-nacidos-durante-la-pandemia-del-covid-19\/\",\"name\":\"Descubren dos cambios biol\u00f3gicos en beb\u00e9s nacidos durante la pandemia del covid-19 - Direcci\u00f3n General de Salud\",\"isPartOf\":{\"@id\":\"https:\/\/instituciones.gtm.sld.cu\/dmsmta\/#website\"},\"datePublished\":\"2024-03-04T17:26:59+00:00\",\"dateModified\":\"2024-03-04T17:26:59+00:00\",\"author\":{\"@id\":\"https:\/\/instituciones.gtm.sld.cu\/dmsmta\/#\/schema\/person\/20a8a2fa26b9875f4370f2e0c5487910\"},\"breadcrumb\":{\"@id\":\"https:\/\/instituciones.gtm.sld.cu\/dmsmta\/descubren-dos-cambios-biologicos-en-bebes-nacidos-durante-la-pandemia-del-covid-19\/#breadcrumb\"},\"inLanguage\":\"es\",\"potentialAction\":[{\"@type\":\"ReadAction\",\"target\":[\"https:\/\/instituciones.gtm.sld.cu\/dmsmta\/descubren-dos-cambios-biologicos-en-bebes-nacidos-durante-la-pandemia-del-covid-19\/\"]}]},{\"@type\":\"BreadcrumbList\",\"@id\":\"https:\/\/instituciones.gtm.sld.cu\/dmsmta\/descubren-dos-cambios-biologicos-en-bebes-nacidos-durante-la-pandemia-del-covid-19\/#breadcrumb\",\"itemListElement\":[{\"@type\":\"ListItem\",\"position\":1,\"name\":\"Portada\",\"item\":\"https:\/\/instituciones.gtm.sld.cu\/dmsmta\/\"},{\"@type\":\"ListItem\",\"position\":2,\"name\":\"Descubren dos cambios biol\u00f3gicos en beb\u00e9s nacidos durante la pandemia del covid-19\"}]},{\"@type\":\"WebSite\",\"@id\":\"https:\/\/instituciones.gtm.sld.cu\/dmsmta\/#website\",\"url\":\"https:\/\/instituciones.gtm.sld.cu\/dmsmta\/\",\"name\":\"Direcci\u00f3n General de Salud\",\"description\":\"Manuel Tames\",\"potentialAction\":[{\"@type\":\"SearchAction\",\"target\":{\"@type\":\"EntryPoint\",\"urlTemplate\":\"https:\/\/instituciones.gtm.sld.cu\/dmsmta\/?s={search_term_string}\"},\"query-input\":\"required name=search_term_string\"}],\"inLanguage\":\"es\"},{\"@type\":\"Person\",\"@id\":\"https:\/\/instituciones.gtm.sld.cu\/dmsmta\/#\/schema\/person\/20a8a2fa26b9875f4370f2e0c5487910\",\"name\":\"dmsmta\",\"url\":\"https:\/\/instituciones.gtm.sld.cu\/dmsmta\/author\/dmsmta\/\"}]}<\/script>\n<!-- \/ Yoast SEO plugin. -->","yoast_head_json":{"title":"Descubren dos cambios biol\u00f3gicos en beb\u00e9s nacidos durante la pandemia del covid-19 - Direcci\u00f3n General de Salud","robots":{"index":"index","follow":"follow","max-snippet":"max-snippet:-1","max-image-preview":"max-image-preview:large","max-video-preview":"max-video-preview:-1"},"canonical":"https:\/\/instituciones.gtm.sld.cu\/dmsmta\/descubren-dos-cambios-biologicos-en-bebes-nacidos-durante-la-pandemia-del-covid-19\/","og_locale":"es_ES","og_type":"article","og_title":"Descubren dos cambios biol\u00f3gicos en beb\u00e9s nacidos durante la pandemia del covid-19 - Direcci\u00f3n General de Salud","og_description":"El encierro durante la pandemia del coronavirus cambi\u00f3 el microbioma intestinal de los beb\u00e9s nacidos en ese periodo, concluye un estudio publicado el jueves en la revista Allergy. Los investigadores compararon muestras de heces de 351 beb\u00e9s irlandeses nacidos entre marzo y mayo de 2020 con las de ni\u00f1os que nacieron antes de la pandemia &hellip; Seguir leyendo","og_url":"https:\/\/instituciones.gtm.sld.cu\/dmsmta\/descubren-dos-cambios-biologicos-en-bebes-nacidos-durante-la-pandemia-del-covid-19\/","og_site_name":"Direcci\u00f3n General de Salud","article_published_time":"2024-03-04T17:26:59+00:00","og_image":[{"width":766,"height":421,"url":"http:\/\/instituciones.gtm.sld.cu\/dmsmta\/wp-content\/uploads\/sites\/32\/2024\/03\/65e3366259bf5b435744fd18.jpeg","type":"image\/jpeg"}],"author":"dmsmta","twitter_card":"summary_large_image","twitter_misc":{"Escrito por":"dmsmta","Tiempo de lectura":"2 minutos"},"schema":{"@context":"https:\/\/schema.org","@graph":[{"@type":"WebPage","@id":"https:\/\/instituciones.gtm.sld.cu\/dmsmta\/descubren-dos-cambios-biologicos-en-bebes-nacidos-durante-la-pandemia-del-covid-19\/","url":"https:\/\/instituciones.gtm.sld.cu\/dmsmta\/descubren-dos-cambios-biologicos-en-bebes-nacidos-durante-la-pandemia-del-covid-19\/","name":"Descubren dos cambios biol\u00f3gicos en beb\u00e9s nacidos durante la pandemia del covid-19 - Direcci\u00f3n General de Salud","isPartOf":{"@id":"https:\/\/instituciones.gtm.sld.cu\/dmsmta\/#website"},"datePublished":"2024-03-04T17:26:59+00:00","dateModified":"2024-03-04T17:26:59+00:00","author":{"@id":"https:\/\/instituciones.gtm.sld.cu\/dmsmta\/#\/schema\/person\/20a8a2fa26b9875f4370f2e0c5487910"},"breadcrumb":{"@id":"https:\/\/instituciones.gtm.sld.cu\/dmsmta\/descubren-dos-cambios-biologicos-en-bebes-nacidos-durante-la-pandemia-del-covid-19\/#breadcrumb"},"inLanguage":"es","potentialAction":[{"@type":"ReadAction","target":["https:\/\/instituciones.gtm.sld.cu\/dmsmta\/descubren-dos-cambios-biologicos-en-bebes-nacidos-durante-la-pandemia-del-covid-19\/"]}]},{"@type":"BreadcrumbList","@id":"https:\/\/instituciones.gtm.sld.cu\/dmsmta\/descubren-dos-cambios-biologicos-en-bebes-nacidos-durante-la-pandemia-del-covid-19\/#breadcrumb","itemListElement":[{"@type":"ListItem","position":1,"name":"Portada","item":"https:\/\/instituciones.gtm.sld.cu\/dmsmta\/"},{"@type":"ListItem","position":2,"name":"Descubren dos cambios biol\u00f3gicos en beb\u00e9s nacidos durante la pandemia del covid-19"}]},{"@type":"WebSite","@id":"https:\/\/instituciones.gtm.sld.cu\/dmsmta\/#website","url":"https:\/\/instituciones.gtm.sld.cu\/dmsmta\/","name":"Direcci\u00f3n General de Salud","description":"Manuel Tames","potentialAction":[{"@type":"SearchAction","target":{"@type":"EntryPoint","urlTemplate":"https:\/\/instituciones.gtm.sld.cu\/dmsmta\/?s={search_term_string}"},"query-input":"required name=search_term_string"}],"inLanguage":"es"},{"@type":"Person","@id":"https:\/\/instituciones.gtm.sld.cu\/dmsmta\/#\/schema\/person\/20a8a2fa26b9875f4370f2e0c5487910","name":"dmsmta","url":"https:\/\/instituciones.gtm.sld.cu\/dmsmta\/author\/dmsmta\/"}]}},"_links":{"self":[{"href":"https:\/\/instituciones.gtm.sld.cu\/dmsmta\/wp-json\/wp\/v2\/posts\/2001"}],"collection":[{"href":"https:\/\/instituciones.gtm.sld.cu\/dmsmta\/wp-json\/wp\/v2\/posts"}],"about":[{"href":"https:\/\/instituciones.gtm.sld.cu\/dmsmta\/wp-json\/wp\/v2\/types\/post"}],"author":[{"embeddable":true,"href":"https:\/\/instituciones.gtm.sld.cu\/dmsmta\/wp-json\/wp\/v2\/users\/79"}],"replies":[{"embeddable":true,"href":"https:\/\/instituciones.gtm.sld.cu\/dmsmta\/wp-json\/wp\/v2\/comments?post=2001"}],"version-history":[{"count":1,"href":"https:\/\/instituciones.gtm.sld.cu\/dmsmta\/wp-json\/wp\/v2\/posts\/2001\/revisions"}],"predecessor-version":[{"id":2003,"href":"https:\/\/instituciones.gtm.sld.cu\/dmsmta\/wp-json\/wp\/v2\/posts\/2001\/revisions\/2003"}],"wp:featuredmedia":[{"embeddable":true,"href":"https:\/\/instituciones.gtm.sld.cu\/dmsmta\/wp-json\/wp\/v2\/media\/2002"}],"wp:attachment":[{"href":"https:\/\/instituciones.gtm.sld.cu\/dmsmta\/wp-json\/wp\/v2\/media?parent=2001"}],"wp:term":[{"taxonomy":"category","embeddable":true,"href":"https:\/\/instituciones.gtm.sld.cu\/dmsmta\/wp-json\/wp\/v2\/categories?post=2001"},{"taxonomy":"post_tag","embeddable":true,"href":"https:\/\/instituciones.gtm.sld.cu\/dmsmta\/wp-json\/wp\/v2\/tags?post=2001"}],"curies":[{"name":"wp","href":"https:\/\/api.w.org\/{rel}","templated":true}]}}