{"id":2121,"date":"2024-07-10T11:41:38","date_gmt":"2024-07-10T15:41:38","guid":{"rendered":"https:\/\/instituciones.gtm.sld.cu\/dmsmta\/?p=2121"},"modified":"2024-07-10T11:41:38","modified_gmt":"2024-07-10T15:41:38","slug":"vinculan-habito-de-fumar-con-deterioro-cognitivo-en-adultos-mayores","status":"publish","type":"post","link":"https:\/\/instituciones.gtm.sld.cu\/dmsmta\/vinculan-habito-de-fumar-con-deterioro-cognitivo-en-adultos-mayores\/","title":{"rendered":"Vinculan h\u00e1bito de fumar con deterioro cognitivo en adultos mayores"},"content":{"rendered":"<div class=\"body-noticia col-md-12 col-sm-12 col-xs-12\">\n<div class=\"field field-name-body field-type-text-with-summary field-label-hidden\">\n<div class=\"field-items\">\n<div class=\"field-item even\">\n<p style=\"text-align: justify\"><span style=\"font-size: 14pt\">Fumar puede ser uno de los factores de estilo de vida m\u00e1s importantes que afectan la rapidez con la que las habilidades cognitivas declinan a medida que se envejece, sugiri\u00f3 un nuevo estudio divulgado hoy.<\/span><\/p>\n<p style=\"text-align: justify\"><span style=\"font-size: 14pt\">La pesquisa fue desarrollada por investigadores del Colegio Universitario de Londres, quienes analizaron datos de 32 mil adultos de 50 a\u00f1os o m\u00e1s de 14 pa\u00edses europeos que respondieron a encuestas durante 10 a\u00f1os, seg\u00fan public\u00f3 Nature Communications.<\/span><\/p>\n<p style=\"text-align: justify\"><span style=\"font-size: 14pt\">Analizaron c\u00f3mo las tasas de deterioro cognitivo podr\u00edan diferir entre adultos mayores cognitivamente sanos con diferentes combinaciones de comportamientos relacionados con la salud, incluido el tabaquismo, la actividad f\u00edsica, el consumo de alcohol y el contacto social.<\/span><\/p>\n<p style=\"text-align: justify\"><span style=\"font-size: 14pt\">La funci\u00f3n cognitiva se evalu\u00f3 de acuerdo con el desempe\u00f1o de los participantes en pruebas de memoria y fluidez verbal.<\/span><\/p>\n<p style=\"text-align: justify\"><span style=\"font-size: 14pt\">Los participantes fueron agrupados por estilos de vida en funci\u00f3n de si fumaban o no, si realizaban actividad f\u00edsica moderada y ve\u00edan a amigos y familiares al menos una vez por semana y si beb\u00edan m\u00e1s o lo mismo.<\/span><\/p>\n<p style=\"text-align: justify\"><span style=\"font-size: 14pt\">Descubrieron que los estilos de vida en los que se fumaba ten\u00edan puntuaciones cognitivas que se reduc\u00edan hasta un 85 por ciento m\u00e1s en 10 a\u00f1os que en los estilos de vida en los que no se fumaba.<\/span><\/p>\n<p style=\"text-align: justify\"><span style=\"font-size: 14pt\">La excepci\u00f3n fueron los fumadores que ten\u00edan un estilo de vida saludable en todas las dem\u00e1s \u00e1reas, es decir, hac\u00edan ejercicio regularmente, beb\u00edan alcohol con moderaci\u00f3n y socializaban regularmente; este grupo ten\u00eda una tasa de deterioro cognitivo similar a la de los no fumadores.<\/span><\/p>\n<p style=\"text-align: justify\"><span style=\"font-size: 14pt\">En opini\u00f3n de la doctora Mikaela Bloomberg, autora principal del estudio, \u201cnuestros hallazgos sugieren que, entre los comportamientos saludables que examinamos, no fumar puede ser uno de los m\u00e1s importantes en t\u00e9rminos de mantenimiento de la funci\u00f3n cognitiva\u201d.<\/span><\/p>\n<p style=\"text-align: justify\"><span style=\"font-size: 14pt\">Para las personas que no pueden dejar de fumar, nuestros resultados sugieren que adoptar otros comportamientos saludables, como el ejercicio regular, el consumo moderado de alcohol y la actividad social, puede ayudar a compensar los efectos cognitivos adversos asociados con el tabaquismo, a\u00f1adi\u00f3.<\/span><\/p>\n<\/div>\n<p>&nbsp;<\/p>\n<p><em><strong>Tomado de Cubasi<\/strong><\/em><\/p>\n<\/div>\n<\/div>\n<\/div>\n","protected":false},"excerpt":{"rendered":"<p>Fumar puede ser uno de los factores de estilo de vida m\u00e1s importantes que afectan la rapidez con la que las habilidades cognitivas declinan a medida que se envejece, sugiri\u00f3 un nuevo estudio divulgado hoy. La pesquisa fue desarrollada por investigadores del Colegio Universitario de Londres, quienes analizaron datos de 32 mil adultos de 50 &hellip; <\/p>\n<p><a class=\"more-link btn\" href=\"https:\/\/instituciones.gtm.sld.cu\/dmsmta\/vinculan-habito-de-fumar-con-deterioro-cognitivo-en-adultos-mayores\/\">Seguir leyendo<\/a><\/p>\n","protected":false},"author":79,"featured_media":2122,"comment_status":"closed","ping_status":"open","sticky":false,"template":"","format":"standard","meta":{"ngg_post_thumbnail":0},"categories":[25],"tags":[],"yoast_head":"<!-- This site is optimized with the Yoast SEO plugin v21.8 - https:\/\/yoast.com\/wordpress\/plugins\/seo\/ -->\n<title>Vinculan h\u00e1bito de fumar con deterioro cognitivo en adultos mayores - Direcci\u00f3n General de Salud<\/title>\n<meta name=\"robots\" content=\"index, follow, max-snippet:-1, max-image-preview:large, max-video-preview:-1\" \/>\n<link rel=\"canonical\" href=\"https:\/\/instituciones.gtm.sld.cu\/dmsmta\/vinculan-habito-de-fumar-con-deterioro-cognitivo-en-adultos-mayores\/\" \/>\n<meta property=\"og:locale\" content=\"es_ES\" \/>\n<meta property=\"og:type\" content=\"article\" \/>\n<meta property=\"og:title\" content=\"Vinculan h\u00e1bito de fumar con deterioro cognitivo en adultos mayores - Direcci\u00f3n General de Salud\" \/>\n<meta property=\"og:description\" content=\"Fumar puede ser uno de los factores de estilo de vida m\u00e1s importantes que afectan la rapidez con la que las habilidades cognitivas declinan a medida que se envejece, sugiri\u00f3 un nuevo estudio divulgado hoy. La pesquisa fue desarrollada por investigadores del Colegio Universitario de Londres, quienes analizaron datos de 32 mil adultos de 50 &hellip; Seguir leyendo\" \/>\n<meta property=\"og:url\" content=\"https:\/\/instituciones.gtm.sld.cu\/dmsmta\/vinculan-habito-de-fumar-con-deterioro-cognitivo-en-adultos-mayores\/\" \/>\n<meta property=\"og:site_name\" content=\"Direcci\u00f3n General de Salud\" \/>\n<meta property=\"article:published_time\" content=\"2024-07-10T15:41:38+00:00\" \/>\n<meta property=\"og:image\" content=\"http:\/\/instituciones.gtm.sld.cu\/dmsmta\/wp-content\/uploads\/sites\/32\/2024\/07\/cigar.jpg\" \/>\n\t<meta property=\"og:image:width\" content=\"766\" \/>\n\t<meta property=\"og:image:height\" content=\"421\" \/>\n\t<meta property=\"og:image:type\" content=\"image\/jpeg\" \/>\n<meta name=\"author\" content=\"dmsmta\" \/>\n<meta name=\"twitter:card\" content=\"summary_large_image\" \/>\n<meta name=\"twitter:label1\" content=\"Escrito por\" \/>\n\t<meta name=\"twitter:data1\" content=\"dmsmta\" \/>\n\t<meta name=\"twitter:label2\" content=\"Tiempo de lectura\" \/>\n\t<meta name=\"twitter:data2\" content=\"2 minutos\" \/>\n<script type=\"application\/ld+json\" class=\"yoast-schema-graph\">{\"@context\":\"https:\/\/schema.org\",\"@graph\":[{\"@type\":\"WebPage\",\"@id\":\"https:\/\/instituciones.gtm.sld.cu\/dmsmta\/vinculan-habito-de-fumar-con-deterioro-cognitivo-en-adultos-mayores\/\",\"url\":\"https:\/\/instituciones.gtm.sld.cu\/dmsmta\/vinculan-habito-de-fumar-con-deterioro-cognitivo-en-adultos-mayores\/\",\"name\":\"Vinculan h\u00e1bito de fumar con deterioro cognitivo en adultos mayores - Direcci\u00f3n General de Salud\",\"isPartOf\":{\"@id\":\"https:\/\/instituciones.gtm.sld.cu\/dmsmta\/#website\"},\"datePublished\":\"2024-07-10T15:41:38+00:00\",\"dateModified\":\"2024-07-10T15:41:38+00:00\",\"author\":{\"@id\":\"https:\/\/instituciones.gtm.sld.cu\/dmsmta\/#\/schema\/person\/20a8a2fa26b9875f4370f2e0c5487910\"},\"breadcrumb\":{\"@id\":\"https:\/\/instituciones.gtm.sld.cu\/dmsmta\/vinculan-habito-de-fumar-con-deterioro-cognitivo-en-adultos-mayores\/#breadcrumb\"},\"inLanguage\":\"es\",\"potentialAction\":[{\"@type\":\"ReadAction\",\"target\":[\"https:\/\/instituciones.gtm.sld.cu\/dmsmta\/vinculan-habito-de-fumar-con-deterioro-cognitivo-en-adultos-mayores\/\"]}]},{\"@type\":\"BreadcrumbList\",\"@id\":\"https:\/\/instituciones.gtm.sld.cu\/dmsmta\/vinculan-habito-de-fumar-con-deterioro-cognitivo-en-adultos-mayores\/#breadcrumb\",\"itemListElement\":[{\"@type\":\"ListItem\",\"position\":1,\"name\":\"Portada\",\"item\":\"https:\/\/instituciones.gtm.sld.cu\/dmsmta\/\"},{\"@type\":\"ListItem\",\"position\":2,\"name\":\"Vinculan h\u00e1bito de fumar con deterioro cognitivo en adultos mayores\"}]},{\"@type\":\"WebSite\",\"@id\":\"https:\/\/instituciones.gtm.sld.cu\/dmsmta\/#website\",\"url\":\"https:\/\/instituciones.gtm.sld.cu\/dmsmta\/\",\"name\":\"Direcci\u00f3n General de Salud\",\"description\":\"Manuel Tames\",\"potentialAction\":[{\"@type\":\"SearchAction\",\"target\":{\"@type\":\"EntryPoint\",\"urlTemplate\":\"https:\/\/instituciones.gtm.sld.cu\/dmsmta\/?s={search_term_string}\"},\"query-input\":\"required name=search_term_string\"}],\"inLanguage\":\"es\"},{\"@type\":\"Person\",\"@id\":\"https:\/\/instituciones.gtm.sld.cu\/dmsmta\/#\/schema\/person\/20a8a2fa26b9875f4370f2e0c5487910\",\"name\":\"dmsmta\",\"url\":\"https:\/\/instituciones.gtm.sld.cu\/dmsmta\/author\/dmsmta\/\"}]}<\/script>\n<!-- \/ Yoast SEO plugin. -->","yoast_head_json":{"title":"Vinculan h\u00e1bito de fumar con deterioro cognitivo en adultos mayores - Direcci\u00f3n General de Salud","robots":{"index":"index","follow":"follow","max-snippet":"max-snippet:-1","max-image-preview":"max-image-preview:large","max-video-preview":"max-video-preview:-1"},"canonical":"https:\/\/instituciones.gtm.sld.cu\/dmsmta\/vinculan-habito-de-fumar-con-deterioro-cognitivo-en-adultos-mayores\/","og_locale":"es_ES","og_type":"article","og_title":"Vinculan h\u00e1bito de fumar con deterioro cognitivo en adultos mayores - Direcci\u00f3n General de Salud","og_description":"Fumar puede ser uno de los factores de estilo de vida m\u00e1s importantes que afectan la rapidez con la que las habilidades cognitivas declinan a medida que se envejece, sugiri\u00f3 un nuevo estudio divulgado hoy. La pesquisa fue desarrollada por investigadores del Colegio Universitario de Londres, quienes analizaron datos de 32 mil adultos de 50 &hellip; Seguir leyendo","og_url":"https:\/\/instituciones.gtm.sld.cu\/dmsmta\/vinculan-habito-de-fumar-con-deterioro-cognitivo-en-adultos-mayores\/","og_site_name":"Direcci\u00f3n General de Salud","article_published_time":"2024-07-10T15:41:38+00:00","og_image":[{"width":766,"height":421,"url":"http:\/\/instituciones.gtm.sld.cu\/dmsmta\/wp-content\/uploads\/sites\/32\/2024\/07\/cigar.jpg","type":"image\/jpeg"}],"author":"dmsmta","twitter_card":"summary_large_image","twitter_misc":{"Escrito por":"dmsmta","Tiempo de lectura":"2 minutos"},"schema":{"@context":"https:\/\/schema.org","@graph":[{"@type":"WebPage","@id":"https:\/\/instituciones.gtm.sld.cu\/dmsmta\/vinculan-habito-de-fumar-con-deterioro-cognitivo-en-adultos-mayores\/","url":"https:\/\/instituciones.gtm.sld.cu\/dmsmta\/vinculan-habito-de-fumar-con-deterioro-cognitivo-en-adultos-mayores\/","name":"Vinculan h\u00e1bito de fumar con deterioro cognitivo en adultos mayores - Direcci\u00f3n General de Salud","isPartOf":{"@id":"https:\/\/instituciones.gtm.sld.cu\/dmsmta\/#website"},"datePublished":"2024-07-10T15:41:38+00:00","dateModified":"2024-07-10T15:41:38+00:00","author":{"@id":"https:\/\/instituciones.gtm.sld.cu\/dmsmta\/#\/schema\/person\/20a8a2fa26b9875f4370f2e0c5487910"},"breadcrumb":{"@id":"https:\/\/instituciones.gtm.sld.cu\/dmsmta\/vinculan-habito-de-fumar-con-deterioro-cognitivo-en-adultos-mayores\/#breadcrumb"},"inLanguage":"es","potentialAction":[{"@type":"ReadAction","target":["https:\/\/instituciones.gtm.sld.cu\/dmsmta\/vinculan-habito-de-fumar-con-deterioro-cognitivo-en-adultos-mayores\/"]}]},{"@type":"BreadcrumbList","@id":"https:\/\/instituciones.gtm.sld.cu\/dmsmta\/vinculan-habito-de-fumar-con-deterioro-cognitivo-en-adultos-mayores\/#breadcrumb","itemListElement":[{"@type":"ListItem","position":1,"name":"Portada","item":"https:\/\/instituciones.gtm.sld.cu\/dmsmta\/"},{"@type":"ListItem","position":2,"name":"Vinculan h\u00e1bito de fumar con deterioro cognitivo en adultos mayores"}]},{"@type":"WebSite","@id":"https:\/\/instituciones.gtm.sld.cu\/dmsmta\/#website","url":"https:\/\/instituciones.gtm.sld.cu\/dmsmta\/","name":"Direcci\u00f3n General de Salud","description":"Manuel Tames","potentialAction":[{"@type":"SearchAction","target":{"@type":"EntryPoint","urlTemplate":"https:\/\/instituciones.gtm.sld.cu\/dmsmta\/?s={search_term_string}"},"query-input":"required name=search_term_string"}],"inLanguage":"es"},{"@type":"Person","@id":"https:\/\/instituciones.gtm.sld.cu\/dmsmta\/#\/schema\/person\/20a8a2fa26b9875f4370f2e0c5487910","name":"dmsmta","url":"https:\/\/instituciones.gtm.sld.cu\/dmsmta\/author\/dmsmta\/"}]}},"_links":{"self":[{"href":"https:\/\/instituciones.gtm.sld.cu\/dmsmta\/wp-json\/wp\/v2\/posts\/2121"}],"collection":[{"href":"https:\/\/instituciones.gtm.sld.cu\/dmsmta\/wp-json\/wp\/v2\/posts"}],"about":[{"href":"https:\/\/instituciones.gtm.sld.cu\/dmsmta\/wp-json\/wp\/v2\/types\/post"}],"author":[{"embeddable":true,"href":"https:\/\/instituciones.gtm.sld.cu\/dmsmta\/wp-json\/wp\/v2\/users\/79"}],"replies":[{"embeddable":true,"href":"https:\/\/instituciones.gtm.sld.cu\/dmsmta\/wp-json\/wp\/v2\/comments?post=2121"}],"version-history":[{"count":1,"href":"https:\/\/instituciones.gtm.sld.cu\/dmsmta\/wp-json\/wp\/v2\/posts\/2121\/revisions"}],"predecessor-version":[{"id":2123,"href":"https:\/\/instituciones.gtm.sld.cu\/dmsmta\/wp-json\/wp\/v2\/posts\/2121\/revisions\/2123"}],"wp:featuredmedia":[{"embeddable":true,"href":"https:\/\/instituciones.gtm.sld.cu\/dmsmta\/wp-json\/wp\/v2\/media\/2122"}],"wp:attachment":[{"href":"https:\/\/instituciones.gtm.sld.cu\/dmsmta\/wp-json\/wp\/v2\/media?parent=2121"}],"wp:term":[{"taxonomy":"category","embeddable":true,"href":"https:\/\/instituciones.gtm.sld.cu\/dmsmta\/wp-json\/wp\/v2\/categories?post=2121"},{"taxonomy":"post_tag","embeddable":true,"href":"https:\/\/instituciones.gtm.sld.cu\/dmsmta\/wp-json\/wp\/v2\/tags?post=2121"}],"curies":[{"name":"wp","href":"https:\/\/api.w.org\/{rel}","templated":true}]}}