{"id":2217,"date":"2025-01-20T11:08:34","date_gmt":"2025-01-20T16:08:34","guid":{"rendered":"https:\/\/instituciones.gtm.sld.cu\/dmsmta\/?p=2217"},"modified":"2025-01-20T11:08:34","modified_gmt":"2025-01-20T16:08:34","slug":"la-habituacion-inmoviliza","status":"publish","type":"post","link":"https:\/\/instituciones.gtm.sld.cu\/dmsmta\/la-habituacion-inmoviliza\/","title":{"rendered":"La habituaci\u00f3n inmoviliza"},"content":{"rendered":"<p style=\"text-align: justify\"><span style=\"font-size: 14pt\">Es una palabra muy poco usada en el lenguaje coloquial, pero su presencia es muy com\u00fan en la vida cotidiana junto a las \u201cbuenas y malas hierbas\u201d que le acompa\u00f1an.<\/span><\/p>\n<p style=\"text-align: justify\"><span style=\"font-size: 14pt\">La habituaci\u00f3n es un fen\u00f3meno que afecta nuestra respuesta a est\u00edmulos siempre iguales, que apenas var\u00edan y resultan, por tanto, mon\u00f3tonos o rutinarios, y por eso se vuelven irrelevantes.<\/span><\/p>\n<p style=\"text-align: justify\"><span style=\"font-size: 14pt\">No son sus palabras textuales, solo un intento de resumen; pero, de forma similar la define la doctora Tali Sharot, profesora de neurociencia cognitiva del University College de Londres y directora del Laboratorio del Cerebro Afectivo.<\/span><\/p>\n<p style=\"text-align: justify\"><span style=\"font-size: 14pt\"><img decoding=\"async\" loading=\"lazy\" src=\"http:\/\/cubasi.cu\/sites\/default\/files\/upload\/pendulo.jpg\" alt=\"\" width=\"650\" height=\"383\"><\/span><br \/>\n<span style=\"font-size: 12pt\"><strong>Foto: tomada de Shutterstock.com (detalle)<\/strong><\/span><\/p>\n<p style=\"text-align: justify\"><span style=\"font-size: 14pt\">El a\u00f1o pasado public\u00f3 su \u00faltimo libro&nbsp; <em>Mirar de nuevo: el poder de notar lo que siempre estuvo ah\u00ed<\/em> (<em>Look Again: The Power of Noticing What Was Always There<\/em>), que todav\u00eda est\u00e1 dando que hablar en importantes medios de prensa y tambi\u00e9n en espacios de divulgaci\u00f3n cient\u00edfica.<\/span><\/p>\n<p style=\"text-align: justify\"><span style=\"font-size: 14pt\">La neurocient\u00edfica cognitiva, tambi\u00e9n vinculada al Instituto Tecnol\u00f3gico de Massachusetts, <a href=\"https:\/\/www.npr.org\/2024\/06\/26\/g-s1-4136\/stuck-in-a-rut-how-to-appreciate-your-life-again-according-to-science\">sintetiza el concepto como<\/a> \u00abnuestra tendencia a responder cada vez menos a cosas que se repiten o son constantes\u00bb.<\/span><\/p>\n<p style=\"text-align: justify\"><span style=\"font-size: 14pt\">Y resulta important\u00edsimo este fen\u00f3meno, que es tambi\u00e9n un aprendizaje, porque se traduce lo mismo en las relaciones interpersonales, incluidas las amorosas, que en la forma en que socialmente se proyecta cada individuo.<\/span><\/p>\n<p style=\"text-align: justify\">&nbsp;<\/p>\n<p style=\"text-align: justify\"><span style=\"font-size: 14pt\"><img decoding=\"async\" loading=\"lazy\" class=\"\" src=\"http:\/\/cubasi.cu\/sites\/default\/files\/upload\/centresinapsis_es.jpg\" alt=\"\" width=\"747\" height=\"517\"><\/span><br \/>\n<span style=\"font-size: 12pt\"><strong>Foto ilustrativa: tomada de centresinapsis.es<\/strong><\/span><br \/>\n<span style=\"font-size: 14pt\">&nbsp;<\/span><\/p>\n<p style=\"text-align: justify\"><span style=\"font-size: 14pt\">En e<a href=\"https:\/\/www.youtube.com\/watch?v=QlKlatn8faQ\">ntrevista para un canal de Youtube<\/a>, la doctora Sharot explicaba: \u201ces que no respondemos a cosas que no cambian. Cuando las cosas son constantes, sin cambios, nuestro cerebro simplemente deja de responder; solo al variar, aunque sea un poco, vuelven las respuestas\u201d.<\/span><\/p>\n<p style=\"text-align: justify\"><span style=\"font-size: 14pt\">&nbsp;De esto pueden inferirse aprendizajes m\u00e1s all\u00e1 de lo consciente que ayudan a sobrellevar la existencia. Por ejemplo, quienes viven durante mucho tiempo cercanos a un aeropuerto, una discoteca o a otro lugar donde el ruido sea habitual, llega un momento en que apenas lo perciben porque su cerebro deja de responder ante ese molesto pero repetido est\u00edmulo.<\/span><br \/>\n<span style=\"font-size: 14pt\">&nbsp;<\/span><\/p>\n<p style=\"text-align: justify\"><span style=\"font-size: 14pt\"><img decoding=\"async\" loading=\"lazy\" class=\"\" src=\"http:\/\/cubasi.cu\/sites\/default\/files\/upload\/avion.jpg\" alt=\"\" width=\"752\" height=\"422\"><\/span><br \/>\n<span style=\"font-size: 12pt\"><strong>Foto: tomada de levante-emv.com<\/strong><\/span><\/p>\n<p style=\"text-align: justify\"><span style=\"font-size: 14pt\">As\u00ed sucede en la habituaci\u00f3n perceptual, lo que perciben los sentidos \u2013claro, sin llegar a extremos que atentan francamente contra la vida, como temperaturas extremas.<\/span><\/p>\n<p style=\"text-align: justify\"><span style=\"font-size: 14pt\">&nbsp;Pero cuando se trata de otras habituaciones, no siempre el saldo es positivo. Porque hasta lo bueno, si es siempre exactamente igual, aburre.<\/span><\/p>\n<p style=\"text-align: justify\"><span style=\"font-size: 14pt\">No lo dijo as\u00ed lo profesora. Ella comentaba sobre c\u00f3mo una gran relaci\u00f3n o un buen trabajo o un hogar confortable, si no incluyen alguna novedad, despu\u00e9s de un tiempo no nos reportan la alegr\u00eda diaria que deber\u00edan, porque nos hemos habituado a ellas, \u201clo que es emocionante el lunes se vuelve aburrido el viernes\u201d, acotaba.<\/span><\/p>\n<p style=\"text-align: justify\">&nbsp;<\/p>\n<p style=\"text-align: justify\"><span style=\"font-size: 14pt\"><img decoding=\"async\" loading=\"lazy\" class=\"\" src=\"http:\/\/cubasi.cu\/sites\/default\/files\/upload\/es_123rf_com.jpg\" alt=\"\" width=\"731\" height=\"486\"><\/span><br \/>\n<span style=\"font-size: 12pt\"><strong>A veces una peque\u00f1a novedad despierta las respuestas. Foto: tomada de es 123rf.com<\/strong><\/span><br \/>\n<span style=\"font-size: 14pt\">&nbsp;<\/span><\/p>\n<p style=\"text-align: justify\"><span style=\"font-size: 14pt\">Pero algo igualmente negativo, o peor, acontece en el plano social y la doctora as\u00ed lo explica en la citada entrevista: \u201c\u2026Puede haber cosas malas a nuestro alrededor, como sexismo, racismo, grietas en nuestras relaciones o ineficiencias en el trabajo, pero si est\u00e1n ah\u00ed siempre, despu\u00e9s de un tiempo no las notamos; y si no las notamos, no intentamos cambiarlas\u201d.<\/span><\/p>\n<p style=\"text-align: justify\"><span style=\"font-size: 14pt\"><img decoding=\"async\" loading=\"lazy\" class=\"\" src=\"http:\/\/cubasi.cu\/sites\/default\/files\/upload\/definicion_de.jpg\" alt=\"\" width=\"733\" height=\"487\"><\/span><br \/>\n<span style=\"font-size: 14pt\"><strong>Ilustraci\u00f3n: tomada de definici\u00f3n.de<\/strong><\/span><\/p>\n<p style=\"text-align: justify\"><span style=\"font-size: 14pt\">Pero no por gusto a la doctora Sharot <a href=\"https:\/\/www.xlsemanal.com\/conocer\/20150111\/tali-sharot-la-investigadora-del-optimismo.html.\">algunos la llaman \u201cla investigadora del optimismo\u201d<\/a>. Autora de los vol\u00famenes <em>The Optimism Bias<\/em> y <em>The Science of Optimism<\/em>, aunque ratifica que la habituaci\u00f3n puede generar inacciones como las mencionadas y tambi\u00e9n falta de creatividad y de innovaci\u00f3n; por otra parte la especialista <a href=\"https:\/\/www.rtve.es\/television\/20121030\/somos-optimistas-por-naturaleza\/572507.shtml\">suscribe que<\/a> \u201cEst\u00e1 demostrado que la mayor\u00eda de la gente es optimista por naturaleza\u201d.<\/span><\/p>\n<p>&nbsp;<\/p>\n<p><em><strong>Tomado de Cubasi<\/strong><\/em><\/p>\n<p><em><strong>https:\/\/cubasi.cu\/es\/noticia\/la-habituacion-inmoviliza<\/strong><\/em><\/p>\n","protected":false},"excerpt":{"rendered":"<p>Es una palabra muy poco usada en el lenguaje coloquial, pero su presencia es muy com\u00fan en la vida cotidiana junto a las \u201cbuenas y malas hierbas\u201d que le acompa\u00f1an. La habituaci\u00f3n es un fen\u00f3meno que afecta nuestra respuesta a est\u00edmulos siempre iguales, que apenas var\u00edan y resultan, por tanto, mon\u00f3tonos o rutinarios, y por &hellip; <\/p>\n<p><a class=\"more-link btn\" href=\"https:\/\/instituciones.gtm.sld.cu\/dmsmta\/la-habituacion-inmoviliza\/\">Seguir leyendo<\/a><\/p>\n","protected":false},"author":79,"featured_media":2218,"comment_status":"closed","ping_status":"open","sticky":false,"template":"","format":"standard","meta":{"ngg_post_thumbnail":0},"categories":[25],"tags":[],"yoast_head":"<!-- This site is optimized with the Yoast SEO plugin v21.8 - https:\/\/yoast.com\/wordpress\/plugins\/seo\/ -->\n<title>La habituaci\u00f3n inmoviliza - Direcci\u00f3n General de Salud<\/title>\n<meta name=\"robots\" content=\"index, follow, max-snippet:-1, max-image-preview:large, max-video-preview:-1\" \/>\n<link rel=\"canonical\" href=\"https:\/\/instituciones.gtm.sld.cu\/dmsmta\/la-habituacion-inmoviliza\/\" \/>\n<meta property=\"og:locale\" content=\"es_ES\" \/>\n<meta property=\"og:type\" content=\"article\" \/>\n<meta property=\"og:title\" content=\"La habituaci\u00f3n inmoviliza - Direcci\u00f3n General de Salud\" \/>\n<meta property=\"og:description\" content=\"Es una palabra muy poco usada en el lenguaje coloquial, pero su presencia es muy com\u00fan en la vida cotidiana junto a las \u201cbuenas y malas hierbas\u201d que le acompa\u00f1an. La habituaci\u00f3n es un fen\u00f3meno que afecta nuestra respuesta a est\u00edmulos siempre iguales, que apenas var\u00edan y resultan, por tanto, mon\u00f3tonos o rutinarios, y por &hellip; Seguir leyendo\" \/>\n<meta property=\"og:url\" content=\"https:\/\/instituciones.gtm.sld.cu\/dmsmta\/la-habituacion-inmoviliza\/\" \/>\n<meta property=\"og:site_name\" content=\"Direcci\u00f3n General de Salud\" \/>\n<meta property=\"article:published_time\" content=\"2025-01-20T16:08:34+00:00\" \/>\n<meta property=\"og:image\" content=\"http:\/\/instituciones.gtm.sld.cu\/dmsmta\/wp-content\/uploads\/sites\/32\/2025\/01\/getty_images_11.jpg\" \/>\n\t<meta property=\"og:image:width\" content=\"766\" \/>\n\t<meta property=\"og:image:height\" content=\"421\" \/>\n\t<meta property=\"og:image:type\" content=\"image\/jpeg\" \/>\n<meta name=\"author\" content=\"dmsmta\" \/>\n<meta name=\"twitter:card\" content=\"summary_large_image\" \/>\n<meta name=\"twitter:label1\" content=\"Escrito por\" \/>\n\t<meta name=\"twitter:data1\" content=\"dmsmta\" \/>\n\t<meta name=\"twitter:label2\" content=\"Tiempo de lectura\" \/>\n\t<meta name=\"twitter:data2\" content=\"4 minutos\" \/>\n<script type=\"application\/ld+json\" class=\"yoast-schema-graph\">{\"@context\":\"https:\/\/schema.org\",\"@graph\":[{\"@type\":\"WebPage\",\"@id\":\"https:\/\/instituciones.gtm.sld.cu\/dmsmta\/la-habituacion-inmoviliza\/\",\"url\":\"https:\/\/instituciones.gtm.sld.cu\/dmsmta\/la-habituacion-inmoviliza\/\",\"name\":\"La habituaci\u00f3n inmoviliza - Direcci\u00f3n General de Salud\",\"isPartOf\":{\"@id\":\"https:\/\/instituciones.gtm.sld.cu\/dmsmta\/#website\"},\"datePublished\":\"2025-01-20T16:08:34+00:00\",\"dateModified\":\"2025-01-20T16:08:34+00:00\",\"author\":{\"@id\":\"https:\/\/instituciones.gtm.sld.cu\/dmsmta\/#\/schema\/person\/20a8a2fa26b9875f4370f2e0c5487910\"},\"breadcrumb\":{\"@id\":\"https:\/\/instituciones.gtm.sld.cu\/dmsmta\/la-habituacion-inmoviliza\/#breadcrumb\"},\"inLanguage\":\"es\",\"potentialAction\":[{\"@type\":\"ReadAction\",\"target\":[\"https:\/\/instituciones.gtm.sld.cu\/dmsmta\/la-habituacion-inmoviliza\/\"]}]},{\"@type\":\"BreadcrumbList\",\"@id\":\"https:\/\/instituciones.gtm.sld.cu\/dmsmta\/la-habituacion-inmoviliza\/#breadcrumb\",\"itemListElement\":[{\"@type\":\"ListItem\",\"position\":1,\"name\":\"Portada\",\"item\":\"https:\/\/instituciones.gtm.sld.cu\/dmsmta\/\"},{\"@type\":\"ListItem\",\"position\":2,\"name\":\"La habituaci\u00f3n inmoviliza\"}]},{\"@type\":\"WebSite\",\"@id\":\"https:\/\/instituciones.gtm.sld.cu\/dmsmta\/#website\",\"url\":\"https:\/\/instituciones.gtm.sld.cu\/dmsmta\/\",\"name\":\"Direcci\u00f3n General de Salud\",\"description\":\"Manuel Tames\",\"potentialAction\":[{\"@type\":\"SearchAction\",\"target\":{\"@type\":\"EntryPoint\",\"urlTemplate\":\"https:\/\/instituciones.gtm.sld.cu\/dmsmta\/?s={search_term_string}\"},\"query-input\":\"required name=search_term_string\"}],\"inLanguage\":\"es\"},{\"@type\":\"Person\",\"@id\":\"https:\/\/instituciones.gtm.sld.cu\/dmsmta\/#\/schema\/person\/20a8a2fa26b9875f4370f2e0c5487910\",\"name\":\"dmsmta\",\"url\":\"https:\/\/instituciones.gtm.sld.cu\/dmsmta\/author\/dmsmta\/\"}]}<\/script>\n<!-- \/ Yoast SEO plugin. -->","yoast_head_json":{"title":"La habituaci\u00f3n inmoviliza - Direcci\u00f3n General de Salud","robots":{"index":"index","follow":"follow","max-snippet":"max-snippet:-1","max-image-preview":"max-image-preview:large","max-video-preview":"max-video-preview:-1"},"canonical":"https:\/\/instituciones.gtm.sld.cu\/dmsmta\/la-habituacion-inmoviliza\/","og_locale":"es_ES","og_type":"article","og_title":"La habituaci\u00f3n inmoviliza - Direcci\u00f3n General de Salud","og_description":"Es una palabra muy poco usada en el lenguaje coloquial, pero su presencia es muy com\u00fan en la vida cotidiana junto a las \u201cbuenas y malas hierbas\u201d que le acompa\u00f1an. La habituaci\u00f3n es un fen\u00f3meno que afecta nuestra respuesta a est\u00edmulos siempre iguales, que apenas var\u00edan y resultan, por tanto, mon\u00f3tonos o rutinarios, y por &hellip; Seguir leyendo","og_url":"https:\/\/instituciones.gtm.sld.cu\/dmsmta\/la-habituacion-inmoviliza\/","og_site_name":"Direcci\u00f3n General de Salud","article_published_time":"2025-01-20T16:08:34+00:00","og_image":[{"width":766,"height":421,"url":"http:\/\/instituciones.gtm.sld.cu\/dmsmta\/wp-content\/uploads\/sites\/32\/2025\/01\/getty_images_11.jpg","type":"image\/jpeg"}],"author":"dmsmta","twitter_card":"summary_large_image","twitter_misc":{"Escrito por":"dmsmta","Tiempo de lectura":"4 minutos"},"schema":{"@context":"https:\/\/schema.org","@graph":[{"@type":"WebPage","@id":"https:\/\/instituciones.gtm.sld.cu\/dmsmta\/la-habituacion-inmoviliza\/","url":"https:\/\/instituciones.gtm.sld.cu\/dmsmta\/la-habituacion-inmoviliza\/","name":"La habituaci\u00f3n inmoviliza - Direcci\u00f3n General de Salud","isPartOf":{"@id":"https:\/\/instituciones.gtm.sld.cu\/dmsmta\/#website"},"datePublished":"2025-01-20T16:08:34+00:00","dateModified":"2025-01-20T16:08:34+00:00","author":{"@id":"https:\/\/instituciones.gtm.sld.cu\/dmsmta\/#\/schema\/person\/20a8a2fa26b9875f4370f2e0c5487910"},"breadcrumb":{"@id":"https:\/\/instituciones.gtm.sld.cu\/dmsmta\/la-habituacion-inmoviliza\/#breadcrumb"},"inLanguage":"es","potentialAction":[{"@type":"ReadAction","target":["https:\/\/instituciones.gtm.sld.cu\/dmsmta\/la-habituacion-inmoviliza\/"]}]},{"@type":"BreadcrumbList","@id":"https:\/\/instituciones.gtm.sld.cu\/dmsmta\/la-habituacion-inmoviliza\/#breadcrumb","itemListElement":[{"@type":"ListItem","position":1,"name":"Portada","item":"https:\/\/instituciones.gtm.sld.cu\/dmsmta\/"},{"@type":"ListItem","position":2,"name":"La habituaci\u00f3n inmoviliza"}]},{"@type":"WebSite","@id":"https:\/\/instituciones.gtm.sld.cu\/dmsmta\/#website","url":"https:\/\/instituciones.gtm.sld.cu\/dmsmta\/","name":"Direcci\u00f3n General de Salud","description":"Manuel Tames","potentialAction":[{"@type":"SearchAction","target":{"@type":"EntryPoint","urlTemplate":"https:\/\/instituciones.gtm.sld.cu\/dmsmta\/?s={search_term_string}"},"query-input":"required name=search_term_string"}],"inLanguage":"es"},{"@type":"Person","@id":"https:\/\/instituciones.gtm.sld.cu\/dmsmta\/#\/schema\/person\/20a8a2fa26b9875f4370f2e0c5487910","name":"dmsmta","url":"https:\/\/instituciones.gtm.sld.cu\/dmsmta\/author\/dmsmta\/"}]}},"_links":{"self":[{"href":"https:\/\/instituciones.gtm.sld.cu\/dmsmta\/wp-json\/wp\/v2\/posts\/2217"}],"collection":[{"href":"https:\/\/instituciones.gtm.sld.cu\/dmsmta\/wp-json\/wp\/v2\/posts"}],"about":[{"href":"https:\/\/instituciones.gtm.sld.cu\/dmsmta\/wp-json\/wp\/v2\/types\/post"}],"author":[{"embeddable":true,"href":"https:\/\/instituciones.gtm.sld.cu\/dmsmta\/wp-json\/wp\/v2\/users\/79"}],"replies":[{"embeddable":true,"href":"https:\/\/instituciones.gtm.sld.cu\/dmsmta\/wp-json\/wp\/v2\/comments?post=2217"}],"version-history":[{"count":1,"href":"https:\/\/instituciones.gtm.sld.cu\/dmsmta\/wp-json\/wp\/v2\/posts\/2217\/revisions"}],"predecessor-version":[{"id":2219,"href":"https:\/\/instituciones.gtm.sld.cu\/dmsmta\/wp-json\/wp\/v2\/posts\/2217\/revisions\/2219"}],"wp:featuredmedia":[{"embeddable":true,"href":"https:\/\/instituciones.gtm.sld.cu\/dmsmta\/wp-json\/wp\/v2\/media\/2218"}],"wp:attachment":[{"href":"https:\/\/instituciones.gtm.sld.cu\/dmsmta\/wp-json\/wp\/v2\/media?parent=2217"}],"wp:term":[{"taxonomy":"category","embeddable":true,"href":"https:\/\/instituciones.gtm.sld.cu\/dmsmta\/wp-json\/wp\/v2\/categories?post=2217"},{"taxonomy":"post_tag","embeddable":true,"href":"https:\/\/instituciones.gtm.sld.cu\/dmsmta\/wp-json\/wp\/v2\/tags?post=2217"}],"curies":[{"name":"wp","href":"https:\/\/api.w.org\/{rel}","templated":true}]}}