{"id":2229,"date":"2025-02-18T10:54:03","date_gmt":"2025-02-18T15:54:03","guid":{"rendered":"https:\/\/instituciones.gtm.sld.cu\/dmsmta\/?p=2229"},"modified":"2025-02-18T10:54:03","modified_gmt":"2025-02-18T15:54:03","slug":"la-depresion-acelera-el-desarrollo-de-otras-enfermedades","status":"publish","type":"post","link":"https:\/\/instituciones.gtm.sld.cu\/dmsmta\/la-depresion-acelera-el-desarrollo-de-otras-enfermedades\/","title":{"rendered":"La depresi\u00f3n acelera el desarrollo de otras enfermedades"},"content":{"rendered":"<div class=\"body-noticia col-md-12 col-sm-12 col-xs-12\">\n<div class=\"field field-name-body field-type-text-with-summary field-label-hidden\">\n<div class=\"field-items\">\n<div class=\"field-item even\">\n<p style=\"text-align: justify\"><span style=\"font-size: 14pt\">Una actitud positiva hacia la vida podr\u00eda favorecer la salud a largo plazo; por el contrario, la depresi\u00f3n est\u00e1 asociada con un mayor riesgo de desarrollar otras enfermedades f\u00edsicas.<\/span><\/p>\n<p style=\"text-align: justify\"><span style=\"font-size: 14pt\">Suna investigaci\u00f3n publicada en la revista PLOS Medicine, los adultos con antecedentes de depresi\u00f3n desarrollan enfermedades f\u00edsicas aproximadamente un 30% m\u00e1s r\u00e1pido que aquellos que no la padecen.<\/span><\/p>\n<p style=\"text-align: justify\"><span style=\"font-size: 14pt\">El estudio fue realizado por Kelly Fleetwood, de la Universidad de Edimburgo, que recuerda que la depresi\u00f3n es el trastorno de salud mental m\u00e1s com\u00fan y se asocia con una serie de efectos negativos, como enfermedades card\u00edacas y diabetes.<\/span><\/p>\n<p><span style=\"font-size: 14pt\">Investigaciones previas han comparado a personas con y sin depresi\u00f3n para analizar cu\u00e1ntas enfermedades f\u00edsicas desarrollan con el tiempo, pero la mayor\u00eda de los estudios solo han considerado un n\u00famero limitado de enfermedades.<\/span><\/p>\n<p style=\"text-align: justify\"><span style=\"font-size: 14pt\">Este nuevo estudio incluy\u00f3 a 172.556 participantes del UK Biobank, quienes completaron una evaluaci\u00f3n inicial entre 2006 y 2010. Los investigadores seleccionaron 69 enfermedades f\u00edsicas y realizaron un seguimiento de los participantes durante un promedio de 6,9 a\u00f1os. Al inicio del estudio, las personas con depresi\u00f3n presentaban una media de tres trastornos de salud, en comparaci\u00f3n con una media de dos en aquellos sin depresi\u00f3n.<\/span><\/p>\n<p><span style=\"font-size: 14pt\">A lo largo del per\u00edodo de seguimiento, los adultos con antecedentes de depresi\u00f3n acumularon en promedio 0,2 problemas f\u00edsicos adicionales por a\u00f1o, mientras que aquellos sin depresi\u00f3n acumularon 0,16. Las enfermedades m\u00e1s comunes desarrolladas fueron la osteoartritis (15,7% en personas con depresi\u00f3n al inicio del estudio frente al 12,5% en quienes no la padec\u00edan), la hipertensi\u00f3n (12,9% frente a 12%) y la enfermedad por reflujo gastroesof\u00e1gico (13,8% frente a 9,6%). Los resultados destacan que un diagn\u00f3stico previo de depresi\u00f3n es un indicador de riesgo a largo plazo para el desarrollo de problemas de salud f\u00edsica en la mediana y tercera edad. \u00abLas personas que han sufrido depresi\u00f3n tienen m\u00e1s probabilidades de desarrollar problemas de salud f\u00edsica a largo plazo, como enfermedades card\u00edacas y diabetes. Es fundamental que los servicios de salud adopten un enfoque integral para el tratamiento de las personas con depresi\u00f3n\u00bb, concluye Fleetwood.<\/span><\/p>\n<\/div>\n<p><em><strong>Tomado de Cubasi<\/strong><\/em><\/p>\n<p><strong><em>https:\/\/cubasi.cu\/es\/noticia\/la-depresion-acelera-el-desarrollo-de-otras-enfermedades<\/em><\/strong><\/p>\n<\/div>\n<\/div>\n<\/div>\n","protected":false},"excerpt":{"rendered":"<p>Una actitud positiva hacia la vida podr\u00eda favorecer la salud a largo plazo; por el contrario, la depresi\u00f3n est\u00e1 asociada con un mayor riesgo de desarrollar otras enfermedades f\u00edsicas. Suna investigaci\u00f3n publicada en la revista PLOS Medicine, los adultos con antecedentes de depresi\u00f3n desarrollan enfermedades f\u00edsicas aproximadamente un 30% m\u00e1s r\u00e1pido que aquellos que no &hellip; <\/p>\n<p><a class=\"more-link btn\" href=\"https:\/\/instituciones.gtm.sld.cu\/dmsmta\/la-depresion-acelera-el-desarrollo-de-otras-enfermedades\/\">Seguir leyendo<\/a><\/p>\n","protected":false},"author":79,"featured_media":2230,"comment_status":"closed","ping_status":"open","sticky":false,"template":"","format":"standard","meta":{"ngg_post_thumbnail":0},"categories":[25],"tags":[],"yoast_head":"<!-- This site is optimized with the Yoast SEO plugin v21.8 - https:\/\/yoast.com\/wordpress\/plugins\/seo\/ -->\n<title>La depresi\u00f3n acelera el desarrollo de otras enfermedades - Direcci\u00f3n General de Salud<\/title>\n<meta name=\"robots\" content=\"index, follow, max-snippet:-1, max-image-preview:large, max-video-preview:-1\" \/>\n<link rel=\"canonical\" href=\"https:\/\/instituciones.gtm.sld.cu\/dmsmta\/la-depresion-acelera-el-desarrollo-de-otras-enfermedades\/\" \/>\n<meta property=\"og:locale\" content=\"es_ES\" \/>\n<meta property=\"og:type\" content=\"article\" \/>\n<meta property=\"og:title\" content=\"La depresi\u00f3n acelera el desarrollo de otras enfermedades - Direcci\u00f3n General de Salud\" \/>\n<meta property=\"og:description\" content=\"Una actitud positiva hacia la vida podr\u00eda favorecer la salud a largo plazo; por el contrario, la depresi\u00f3n est\u00e1 asociada con un mayor riesgo de desarrollar otras enfermedades f\u00edsicas. Suna investigaci\u00f3n publicada en la revista PLOS Medicine, los adultos con antecedentes de depresi\u00f3n desarrollan enfermedades f\u00edsicas aproximadamente un 30% m\u00e1s r\u00e1pido que aquellos que no &hellip; Seguir leyendo\" \/>\n<meta property=\"og:url\" content=\"https:\/\/instituciones.gtm.sld.cu\/dmsmta\/la-depresion-acelera-el-desarrollo-de-otras-enfermedades\/\" \/>\n<meta property=\"og:site_name\" content=\"Direcci\u00f3n General de Salud\" \/>\n<meta property=\"article:published_time\" content=\"2025-02-18T15:54:03+00:00\" \/>\n<meta property=\"og:image\" content=\"http:\/\/instituciones.gtm.sld.cu\/dmsmta\/wp-content\/uploads\/sites\/32\/2025\/02\/depresionitalia.jpg\" \/>\n\t<meta property=\"og:image:width\" content=\"766\" \/>\n\t<meta property=\"og:image:height\" content=\"421\" \/>\n\t<meta property=\"og:image:type\" content=\"image\/jpeg\" \/>\n<meta name=\"author\" content=\"dmsmta\" \/>\n<meta name=\"twitter:card\" content=\"summary_large_image\" \/>\n<meta name=\"twitter:label1\" content=\"Escrito por\" \/>\n\t<meta name=\"twitter:data1\" content=\"dmsmta\" \/>\n\t<meta name=\"twitter:label2\" content=\"Tiempo de lectura\" \/>\n\t<meta name=\"twitter:data2\" content=\"2 minutos\" \/>\n<script type=\"application\/ld+json\" class=\"yoast-schema-graph\">{\"@context\":\"https:\/\/schema.org\",\"@graph\":[{\"@type\":\"WebPage\",\"@id\":\"https:\/\/instituciones.gtm.sld.cu\/dmsmta\/la-depresion-acelera-el-desarrollo-de-otras-enfermedades\/\",\"url\":\"https:\/\/instituciones.gtm.sld.cu\/dmsmta\/la-depresion-acelera-el-desarrollo-de-otras-enfermedades\/\",\"name\":\"La depresi\u00f3n acelera el desarrollo de otras enfermedades - Direcci\u00f3n General de Salud\",\"isPartOf\":{\"@id\":\"https:\/\/instituciones.gtm.sld.cu\/dmsmta\/#website\"},\"datePublished\":\"2025-02-18T15:54:03+00:00\",\"dateModified\":\"2025-02-18T15:54:03+00:00\",\"author\":{\"@id\":\"https:\/\/instituciones.gtm.sld.cu\/dmsmta\/#\/schema\/person\/20a8a2fa26b9875f4370f2e0c5487910\"},\"breadcrumb\":{\"@id\":\"https:\/\/instituciones.gtm.sld.cu\/dmsmta\/la-depresion-acelera-el-desarrollo-de-otras-enfermedades\/#breadcrumb\"},\"inLanguage\":\"es\",\"potentialAction\":[{\"@type\":\"ReadAction\",\"target\":[\"https:\/\/instituciones.gtm.sld.cu\/dmsmta\/la-depresion-acelera-el-desarrollo-de-otras-enfermedades\/\"]}]},{\"@type\":\"BreadcrumbList\",\"@id\":\"https:\/\/instituciones.gtm.sld.cu\/dmsmta\/la-depresion-acelera-el-desarrollo-de-otras-enfermedades\/#breadcrumb\",\"itemListElement\":[{\"@type\":\"ListItem\",\"position\":1,\"name\":\"Portada\",\"item\":\"https:\/\/instituciones.gtm.sld.cu\/dmsmta\/\"},{\"@type\":\"ListItem\",\"position\":2,\"name\":\"La depresi\u00f3n acelera el desarrollo de otras enfermedades\"}]},{\"@type\":\"WebSite\",\"@id\":\"https:\/\/instituciones.gtm.sld.cu\/dmsmta\/#website\",\"url\":\"https:\/\/instituciones.gtm.sld.cu\/dmsmta\/\",\"name\":\"Direcci\u00f3n General de Salud\",\"description\":\"Manuel Tames\",\"potentialAction\":[{\"@type\":\"SearchAction\",\"target\":{\"@type\":\"EntryPoint\",\"urlTemplate\":\"https:\/\/instituciones.gtm.sld.cu\/dmsmta\/?s={search_term_string}\"},\"query-input\":\"required name=search_term_string\"}],\"inLanguage\":\"es\"},{\"@type\":\"Person\",\"@id\":\"https:\/\/instituciones.gtm.sld.cu\/dmsmta\/#\/schema\/person\/20a8a2fa26b9875f4370f2e0c5487910\",\"name\":\"dmsmta\",\"url\":\"https:\/\/instituciones.gtm.sld.cu\/dmsmta\/author\/dmsmta\/\"}]}<\/script>\n<!-- \/ Yoast SEO plugin. -->","yoast_head_json":{"title":"La depresi\u00f3n acelera el desarrollo de otras enfermedades - Direcci\u00f3n General de Salud","robots":{"index":"index","follow":"follow","max-snippet":"max-snippet:-1","max-image-preview":"max-image-preview:large","max-video-preview":"max-video-preview:-1"},"canonical":"https:\/\/instituciones.gtm.sld.cu\/dmsmta\/la-depresion-acelera-el-desarrollo-de-otras-enfermedades\/","og_locale":"es_ES","og_type":"article","og_title":"La depresi\u00f3n acelera el desarrollo de otras enfermedades - Direcci\u00f3n General de Salud","og_description":"Una actitud positiva hacia la vida podr\u00eda favorecer la salud a largo plazo; por el contrario, la depresi\u00f3n est\u00e1 asociada con un mayor riesgo de desarrollar otras enfermedades f\u00edsicas. Suna investigaci\u00f3n publicada en la revista PLOS Medicine, los adultos con antecedentes de depresi\u00f3n desarrollan enfermedades f\u00edsicas aproximadamente un 30% m\u00e1s r\u00e1pido que aquellos que no &hellip; Seguir leyendo","og_url":"https:\/\/instituciones.gtm.sld.cu\/dmsmta\/la-depresion-acelera-el-desarrollo-de-otras-enfermedades\/","og_site_name":"Direcci\u00f3n General de Salud","article_published_time":"2025-02-18T15:54:03+00:00","og_image":[{"width":766,"height":421,"url":"http:\/\/instituciones.gtm.sld.cu\/dmsmta\/wp-content\/uploads\/sites\/32\/2025\/02\/depresionitalia.jpg","type":"image\/jpeg"}],"author":"dmsmta","twitter_card":"summary_large_image","twitter_misc":{"Escrito por":"dmsmta","Tiempo de lectura":"2 minutos"},"schema":{"@context":"https:\/\/schema.org","@graph":[{"@type":"WebPage","@id":"https:\/\/instituciones.gtm.sld.cu\/dmsmta\/la-depresion-acelera-el-desarrollo-de-otras-enfermedades\/","url":"https:\/\/instituciones.gtm.sld.cu\/dmsmta\/la-depresion-acelera-el-desarrollo-de-otras-enfermedades\/","name":"La depresi\u00f3n acelera el desarrollo de otras enfermedades - Direcci\u00f3n General de Salud","isPartOf":{"@id":"https:\/\/instituciones.gtm.sld.cu\/dmsmta\/#website"},"datePublished":"2025-02-18T15:54:03+00:00","dateModified":"2025-02-18T15:54:03+00:00","author":{"@id":"https:\/\/instituciones.gtm.sld.cu\/dmsmta\/#\/schema\/person\/20a8a2fa26b9875f4370f2e0c5487910"},"breadcrumb":{"@id":"https:\/\/instituciones.gtm.sld.cu\/dmsmta\/la-depresion-acelera-el-desarrollo-de-otras-enfermedades\/#breadcrumb"},"inLanguage":"es","potentialAction":[{"@type":"ReadAction","target":["https:\/\/instituciones.gtm.sld.cu\/dmsmta\/la-depresion-acelera-el-desarrollo-de-otras-enfermedades\/"]}]},{"@type":"BreadcrumbList","@id":"https:\/\/instituciones.gtm.sld.cu\/dmsmta\/la-depresion-acelera-el-desarrollo-de-otras-enfermedades\/#breadcrumb","itemListElement":[{"@type":"ListItem","position":1,"name":"Portada","item":"https:\/\/instituciones.gtm.sld.cu\/dmsmta\/"},{"@type":"ListItem","position":2,"name":"La depresi\u00f3n acelera el desarrollo de otras enfermedades"}]},{"@type":"WebSite","@id":"https:\/\/instituciones.gtm.sld.cu\/dmsmta\/#website","url":"https:\/\/instituciones.gtm.sld.cu\/dmsmta\/","name":"Direcci\u00f3n General de Salud","description":"Manuel Tames","potentialAction":[{"@type":"SearchAction","target":{"@type":"EntryPoint","urlTemplate":"https:\/\/instituciones.gtm.sld.cu\/dmsmta\/?s={search_term_string}"},"query-input":"required name=search_term_string"}],"inLanguage":"es"},{"@type":"Person","@id":"https:\/\/instituciones.gtm.sld.cu\/dmsmta\/#\/schema\/person\/20a8a2fa26b9875f4370f2e0c5487910","name":"dmsmta","url":"https:\/\/instituciones.gtm.sld.cu\/dmsmta\/author\/dmsmta\/"}]}},"_links":{"self":[{"href":"https:\/\/instituciones.gtm.sld.cu\/dmsmta\/wp-json\/wp\/v2\/posts\/2229"}],"collection":[{"href":"https:\/\/instituciones.gtm.sld.cu\/dmsmta\/wp-json\/wp\/v2\/posts"}],"about":[{"href":"https:\/\/instituciones.gtm.sld.cu\/dmsmta\/wp-json\/wp\/v2\/types\/post"}],"author":[{"embeddable":true,"href":"https:\/\/instituciones.gtm.sld.cu\/dmsmta\/wp-json\/wp\/v2\/users\/79"}],"replies":[{"embeddable":true,"href":"https:\/\/instituciones.gtm.sld.cu\/dmsmta\/wp-json\/wp\/v2\/comments?post=2229"}],"version-history":[{"count":1,"href":"https:\/\/instituciones.gtm.sld.cu\/dmsmta\/wp-json\/wp\/v2\/posts\/2229\/revisions"}],"predecessor-version":[{"id":2231,"href":"https:\/\/instituciones.gtm.sld.cu\/dmsmta\/wp-json\/wp\/v2\/posts\/2229\/revisions\/2231"}],"wp:featuredmedia":[{"embeddable":true,"href":"https:\/\/instituciones.gtm.sld.cu\/dmsmta\/wp-json\/wp\/v2\/media\/2230"}],"wp:attachment":[{"href":"https:\/\/instituciones.gtm.sld.cu\/dmsmta\/wp-json\/wp\/v2\/media?parent=2229"}],"wp:term":[{"taxonomy":"category","embeddable":true,"href":"https:\/\/instituciones.gtm.sld.cu\/dmsmta\/wp-json\/wp\/v2\/categories?post=2229"},{"taxonomy":"post_tag","embeddable":true,"href":"https:\/\/instituciones.gtm.sld.cu\/dmsmta\/wp-json\/wp\/v2\/tags?post=2229"}],"curies":[{"name":"wp","href":"https:\/\/api.w.org\/{rel}","templated":true}]}}