{"id":2266,"date":"2025-04-17T09:41:00","date_gmt":"2025-04-17T13:41:00","guid":{"rendered":"https:\/\/instituciones.gtm.sld.cu\/dmsmta\/?p=2266"},"modified":"2025-04-17T09:41:00","modified_gmt":"2025-04-17T13:41:00","slug":"descubren-un-potencial-beneficio-del-cafe-para-la-salud-cerebral","status":"publish","type":"post","link":"https:\/\/instituciones.gtm.sld.cu\/dmsmta\/descubren-un-potencial-beneficio-del-cafe-para-la-salud-cerebral\/","title":{"rendered":"Descubren un potencial beneficio del caf\u00e9 para la salud cerebral"},"content":{"rendered":"<div class=\"body-noticia col-md-12 col-sm-12 col-xs-12\">\n<div class=\"field field-name-body field-type-text-with-summary field-label-hidden\">\n<div class=\"field-items\">\n<div class=\"field-item even\">\n<p style=\"text-align: justify\"><span style=\"font-size: 14pt\">Un equipo de investigadores de diferentes instituciones cient\u00edficas de EE.UU. ha descubierto propiedades inesperadas de un metabolito de la cafe\u00edna, llamado 1-metilxantina (1-MX), que podr\u00eda ayudar proteger al cerebro de los cambios relacionados con la edad.<\/span><\/p>\n<p style=\"text-align: justify\"><span style=\"font-size: 14pt\">El estudio, publicado recientemente en la revista Plos One, revel\u00f3 que el 1-MX logr\u00f3 mejorar la memoria y la salud cerebral en ratas j\u00f3venes y viejas, aumentando el nivel de neurotransmisores clave relacionados con el aprendizaje, la neuroprotecci\u00f3n y las defensas antioxidantes.<\/span><\/p>\n<p style=\"text-align: justify\"><span style=\"font-size: 14pt\">El experimento se realiz\u00f3 con 32 roedores, la mitad de los cuales ten\u00edan ocho semanas de edad y la otra mitad, 16 meses. Durante 12 d\u00edas, los animales recibieron el equivalente a una dosis humana de 100 mg de 1-MX cada jornada.<\/span><\/p>\n<p style=\"text-align: justify\"><span style=\"font-size: 14pt\">El d\u00eda 15, las ratas completaron una prueba de memoria ampliamente utilizada, conocida como el laberinto acu\u00e1tico de Morris, en la que se colocan a los animales en una piscina y estos deben localizar una plataforma oculta mediante pistas espaciales del entorno.<\/span><\/p>\n<p style=\"text-align: justify\"><span style=\"font-size: 14pt\">Los investigadores descubrieron que las ratas j\u00f3venes redujeron en un 39 % el tiempo necesario para encontrar la plataforma y las ratas m\u00e1s viejas, en un 27 %, en comparaci\u00f3n con el grupo de control.<\/span><\/p>\n<p style=\"text-align: justify\"><span style=\"font-size: 14pt\">Efecto protector contra los cambios relacionados con la edad<\/span><\/p>\n<p style=\"text-align: justify\"><span style=\"font-size: 14pt\">Tras el \u00faltimo d\u00eda de pruebas se examinaron los cerebros de los roedores en busca de diversos marcadores biol\u00f3gicos. El an\u00e1lisis bioqu\u00edmico revel\u00f3 efectos complejos del 1-MX en su cerebro. El compuesto aument\u00f3 los niveles de neurotransmisores como acetilcolina, dopamina y \u00e1cido gamma-aminobut\u00edrico (GABA).<\/span><\/p>\n<p style=\"text-align: justify\"><span style=\"font-size: 14pt\">Tambi\u00e9n increment\u00f3 el factor neurotr\u00f3fico derivado del cerebro (BDNF), que promueve el crecimiento de neuronas, mejora la actividad antioxidante y reduce los niveles de beta-amiloide, que se asocia con la enfermedad de Alzheimer.<\/span><\/p>\n<p style=\"text-align: justify\"><span style=\"font-size: 14pt\">La presencia de niveles m\u00e1s bajos de beta amiloide sugiere que el 1-MX podr\u00eda tener un efecto protector contra los cambios neurol\u00f3gicos relacionados con la edad.<\/span><\/p>\n<p style=\"text-align: justify\"><span style=\"font-size: 14pt\">A pesar de la prevalencia de ese metabolito en el organismo tras el consumo de cafe\u00edna, sus posibles efectos sobre la cognici\u00f3n y la salud cerebral nunca se hab\u00edan estudiado directamente.<\/span><\/p>\n<p style=\"text-align: justify\"><span style=\"font-size: 14pt\">\u00abNuestro estudio demuestra por primera vez que el 1-MX no es simplemente un subproducto del metabolismo de la cafe\u00edna, sino un compuesto activo independiente con pronunciados efectos neuroprotectores\u00bb, se\u00f1alaron los autores.<\/span><\/p>\n<p style=\"text-align: justify\"><span style=\"font-size: 14pt\">Sin embargo, se han encontrado varias limitaciones del estudio, ya que al ser realizado en ratas, se requiere mayor investigaci\u00f3n al respecto en el cerebro humano. Adem\u00e1s, en los ensayos se utiliz\u00f3 una prueba conductual, que, si bien proporciona informaci\u00f3n sobre el aprendizaje espacial, no capta otros aspectos como la atenci\u00f3n, la resoluci\u00f3n de problemas o la memoria a largo plazo.<\/span><\/p>\n<\/div>\n<p><em><strong>Tomado de Cubasi<\/strong><\/em><\/p>\n<p><em><strong>https:\/\/cubasi.cu\/es\/noticia\/descubren-un-potencial-beneficio-del-cafe-para-la-salud-cerebral<\/strong><\/em><\/p>\n<\/div>\n<\/div>\n<\/div>\n","protected":false},"excerpt":{"rendered":"<p>Un equipo de investigadores de diferentes instituciones cient\u00edficas de EE.UU. ha descubierto propiedades inesperadas de un metabolito de la cafe\u00edna, llamado 1-metilxantina (1-MX), que podr\u00eda ayudar proteger al cerebro de los cambios relacionados con la edad. El estudio, publicado recientemente en la revista Plos One, revel\u00f3 que el 1-MX logr\u00f3 mejorar la memoria y la &hellip; <\/p>\n<p><a class=\"more-link btn\" href=\"https:\/\/instituciones.gtm.sld.cu\/dmsmta\/descubren-un-potencial-beneficio-del-cafe-para-la-salud-cerebral\/\">Seguir leyendo<\/a><\/p>\n","protected":false},"author":79,"featured_media":2267,"comment_status":"closed","ping_status":"open","sticky":false,"template":"","format":"standard","meta":{"ngg_post_thumbnail":0},"categories":[25],"tags":[],"yoast_head":"<!-- This site is optimized with the Yoast SEO plugin v21.8 - https:\/\/yoast.com\/wordpress\/plugins\/seo\/ -->\n<title>Descubren un potencial beneficio del caf\u00e9 para la salud cerebral - Direcci\u00f3n General de Salud<\/title>\n<meta name=\"robots\" content=\"index, follow, max-snippet:-1, max-image-preview:large, max-video-preview:-1\" \/>\n<link rel=\"canonical\" href=\"https:\/\/instituciones.gtm.sld.cu\/dmsmta\/descubren-un-potencial-beneficio-del-cafe-para-la-salud-cerebral\/\" \/>\n<meta property=\"og:locale\" content=\"es_ES\" \/>\n<meta property=\"og:type\" content=\"article\" \/>\n<meta property=\"og:title\" content=\"Descubren un potencial beneficio del caf\u00e9 para la salud cerebral - Direcci\u00f3n General de Salud\" \/>\n<meta property=\"og:description\" content=\"Un equipo de investigadores de diferentes instituciones cient\u00edficas de EE.UU. ha descubierto propiedades inesperadas de un metabolito de la cafe\u00edna, llamado 1-metilxantina (1-MX), que podr\u00eda ayudar proteger al cerebro de los cambios relacionados con la edad. El estudio, publicado recientemente en la revista Plos One, revel\u00f3 que el 1-MX logr\u00f3 mejorar la memoria y la &hellip; Seguir leyendo\" \/>\n<meta property=\"og:url\" content=\"https:\/\/instituciones.gtm.sld.cu\/dmsmta\/descubren-un-potencial-beneficio-del-cafe-para-la-salud-cerebral\/\" \/>\n<meta property=\"og:site_name\" content=\"Direcci\u00f3n General de Salud\" \/>\n<meta property=\"article:published_time\" content=\"2025-04-17T13:41:00+00:00\" \/>\n<meta property=\"og:image\" content=\"http:\/\/instituciones.gtm.sld.cu\/dmsmta\/wp-content\/uploads\/sites\/32\/2025\/04\/aaaa_246.jpg\" \/>\n\t<meta property=\"og:image:width\" content=\"766\" \/>\n\t<meta property=\"og:image:height\" content=\"421\" \/>\n\t<meta property=\"og:image:type\" content=\"image\/jpeg\" \/>\n<meta name=\"author\" content=\"dmsmta\" \/>\n<meta name=\"twitter:card\" content=\"summary_large_image\" \/>\n<meta name=\"twitter:label1\" content=\"Escrito por\" \/>\n\t<meta name=\"twitter:data1\" content=\"dmsmta\" \/>\n\t<meta name=\"twitter:label2\" content=\"Tiempo de lectura\" \/>\n\t<meta name=\"twitter:data2\" content=\"3 minutos\" \/>\n<script type=\"application\/ld+json\" class=\"yoast-schema-graph\">{\"@context\":\"https:\/\/schema.org\",\"@graph\":[{\"@type\":\"WebPage\",\"@id\":\"https:\/\/instituciones.gtm.sld.cu\/dmsmta\/descubren-un-potencial-beneficio-del-cafe-para-la-salud-cerebral\/\",\"url\":\"https:\/\/instituciones.gtm.sld.cu\/dmsmta\/descubren-un-potencial-beneficio-del-cafe-para-la-salud-cerebral\/\",\"name\":\"Descubren un potencial beneficio del caf\u00e9 para la salud cerebral - Direcci\u00f3n General de Salud\",\"isPartOf\":{\"@id\":\"https:\/\/instituciones.gtm.sld.cu\/dmsmta\/#website\"},\"datePublished\":\"2025-04-17T13:41:00+00:00\",\"dateModified\":\"2025-04-17T13:41:00+00:00\",\"author\":{\"@id\":\"https:\/\/instituciones.gtm.sld.cu\/dmsmta\/#\/schema\/person\/20a8a2fa26b9875f4370f2e0c5487910\"},\"breadcrumb\":{\"@id\":\"https:\/\/instituciones.gtm.sld.cu\/dmsmta\/descubren-un-potencial-beneficio-del-cafe-para-la-salud-cerebral\/#breadcrumb\"},\"inLanguage\":\"es\",\"potentialAction\":[{\"@type\":\"ReadAction\",\"target\":[\"https:\/\/instituciones.gtm.sld.cu\/dmsmta\/descubren-un-potencial-beneficio-del-cafe-para-la-salud-cerebral\/\"]}]},{\"@type\":\"BreadcrumbList\",\"@id\":\"https:\/\/instituciones.gtm.sld.cu\/dmsmta\/descubren-un-potencial-beneficio-del-cafe-para-la-salud-cerebral\/#breadcrumb\",\"itemListElement\":[{\"@type\":\"ListItem\",\"position\":1,\"name\":\"Portada\",\"item\":\"https:\/\/instituciones.gtm.sld.cu\/dmsmta\/\"},{\"@type\":\"ListItem\",\"position\":2,\"name\":\"Descubren un potencial beneficio del caf\u00e9 para la salud cerebral\"}]},{\"@type\":\"WebSite\",\"@id\":\"https:\/\/instituciones.gtm.sld.cu\/dmsmta\/#website\",\"url\":\"https:\/\/instituciones.gtm.sld.cu\/dmsmta\/\",\"name\":\"Direcci\u00f3n General de Salud\",\"description\":\"Manuel Tames\",\"potentialAction\":[{\"@type\":\"SearchAction\",\"target\":{\"@type\":\"EntryPoint\",\"urlTemplate\":\"https:\/\/instituciones.gtm.sld.cu\/dmsmta\/?s={search_term_string}\"},\"query-input\":\"required name=search_term_string\"}],\"inLanguage\":\"es\"},{\"@type\":\"Person\",\"@id\":\"https:\/\/instituciones.gtm.sld.cu\/dmsmta\/#\/schema\/person\/20a8a2fa26b9875f4370f2e0c5487910\",\"name\":\"dmsmta\",\"url\":\"https:\/\/instituciones.gtm.sld.cu\/dmsmta\/author\/dmsmta\/\"}]}<\/script>\n<!-- \/ Yoast SEO plugin. -->","yoast_head_json":{"title":"Descubren un potencial beneficio del caf\u00e9 para la salud cerebral - Direcci\u00f3n General de Salud","robots":{"index":"index","follow":"follow","max-snippet":"max-snippet:-1","max-image-preview":"max-image-preview:large","max-video-preview":"max-video-preview:-1"},"canonical":"https:\/\/instituciones.gtm.sld.cu\/dmsmta\/descubren-un-potencial-beneficio-del-cafe-para-la-salud-cerebral\/","og_locale":"es_ES","og_type":"article","og_title":"Descubren un potencial beneficio del caf\u00e9 para la salud cerebral - Direcci\u00f3n General de Salud","og_description":"Un equipo de investigadores de diferentes instituciones cient\u00edficas de EE.UU. ha descubierto propiedades inesperadas de un metabolito de la cafe\u00edna, llamado 1-metilxantina (1-MX), que podr\u00eda ayudar proteger al cerebro de los cambios relacionados con la edad. El estudio, publicado recientemente en la revista Plos One, revel\u00f3 que el 1-MX logr\u00f3 mejorar la memoria y la &hellip; Seguir leyendo","og_url":"https:\/\/instituciones.gtm.sld.cu\/dmsmta\/descubren-un-potencial-beneficio-del-cafe-para-la-salud-cerebral\/","og_site_name":"Direcci\u00f3n General de Salud","article_published_time":"2025-04-17T13:41:00+00:00","og_image":[{"width":766,"height":421,"url":"http:\/\/instituciones.gtm.sld.cu\/dmsmta\/wp-content\/uploads\/sites\/32\/2025\/04\/aaaa_246.jpg","type":"image\/jpeg"}],"author":"dmsmta","twitter_card":"summary_large_image","twitter_misc":{"Escrito por":"dmsmta","Tiempo de lectura":"3 minutos"},"schema":{"@context":"https:\/\/schema.org","@graph":[{"@type":"WebPage","@id":"https:\/\/instituciones.gtm.sld.cu\/dmsmta\/descubren-un-potencial-beneficio-del-cafe-para-la-salud-cerebral\/","url":"https:\/\/instituciones.gtm.sld.cu\/dmsmta\/descubren-un-potencial-beneficio-del-cafe-para-la-salud-cerebral\/","name":"Descubren un potencial beneficio del caf\u00e9 para la salud cerebral - Direcci\u00f3n General de Salud","isPartOf":{"@id":"https:\/\/instituciones.gtm.sld.cu\/dmsmta\/#website"},"datePublished":"2025-04-17T13:41:00+00:00","dateModified":"2025-04-17T13:41:00+00:00","author":{"@id":"https:\/\/instituciones.gtm.sld.cu\/dmsmta\/#\/schema\/person\/20a8a2fa26b9875f4370f2e0c5487910"},"breadcrumb":{"@id":"https:\/\/instituciones.gtm.sld.cu\/dmsmta\/descubren-un-potencial-beneficio-del-cafe-para-la-salud-cerebral\/#breadcrumb"},"inLanguage":"es","potentialAction":[{"@type":"ReadAction","target":["https:\/\/instituciones.gtm.sld.cu\/dmsmta\/descubren-un-potencial-beneficio-del-cafe-para-la-salud-cerebral\/"]}]},{"@type":"BreadcrumbList","@id":"https:\/\/instituciones.gtm.sld.cu\/dmsmta\/descubren-un-potencial-beneficio-del-cafe-para-la-salud-cerebral\/#breadcrumb","itemListElement":[{"@type":"ListItem","position":1,"name":"Portada","item":"https:\/\/instituciones.gtm.sld.cu\/dmsmta\/"},{"@type":"ListItem","position":2,"name":"Descubren un potencial beneficio del caf\u00e9 para la salud cerebral"}]},{"@type":"WebSite","@id":"https:\/\/instituciones.gtm.sld.cu\/dmsmta\/#website","url":"https:\/\/instituciones.gtm.sld.cu\/dmsmta\/","name":"Direcci\u00f3n General de Salud","description":"Manuel Tames","potentialAction":[{"@type":"SearchAction","target":{"@type":"EntryPoint","urlTemplate":"https:\/\/instituciones.gtm.sld.cu\/dmsmta\/?s={search_term_string}"},"query-input":"required name=search_term_string"}],"inLanguage":"es"},{"@type":"Person","@id":"https:\/\/instituciones.gtm.sld.cu\/dmsmta\/#\/schema\/person\/20a8a2fa26b9875f4370f2e0c5487910","name":"dmsmta","url":"https:\/\/instituciones.gtm.sld.cu\/dmsmta\/author\/dmsmta\/"}]}},"_links":{"self":[{"href":"https:\/\/instituciones.gtm.sld.cu\/dmsmta\/wp-json\/wp\/v2\/posts\/2266"}],"collection":[{"href":"https:\/\/instituciones.gtm.sld.cu\/dmsmta\/wp-json\/wp\/v2\/posts"}],"about":[{"href":"https:\/\/instituciones.gtm.sld.cu\/dmsmta\/wp-json\/wp\/v2\/types\/post"}],"author":[{"embeddable":true,"href":"https:\/\/instituciones.gtm.sld.cu\/dmsmta\/wp-json\/wp\/v2\/users\/79"}],"replies":[{"embeddable":true,"href":"https:\/\/instituciones.gtm.sld.cu\/dmsmta\/wp-json\/wp\/v2\/comments?post=2266"}],"version-history":[{"count":2,"href":"https:\/\/instituciones.gtm.sld.cu\/dmsmta\/wp-json\/wp\/v2\/posts\/2266\/revisions"}],"predecessor-version":[{"id":2269,"href":"https:\/\/instituciones.gtm.sld.cu\/dmsmta\/wp-json\/wp\/v2\/posts\/2266\/revisions\/2269"}],"wp:featuredmedia":[{"embeddable":true,"href":"https:\/\/instituciones.gtm.sld.cu\/dmsmta\/wp-json\/wp\/v2\/media\/2267"}],"wp:attachment":[{"href":"https:\/\/instituciones.gtm.sld.cu\/dmsmta\/wp-json\/wp\/v2\/media?parent=2266"}],"wp:term":[{"taxonomy":"category","embeddable":true,"href":"https:\/\/instituciones.gtm.sld.cu\/dmsmta\/wp-json\/wp\/v2\/categories?post=2266"},{"taxonomy":"post_tag","embeddable":true,"href":"https:\/\/instituciones.gtm.sld.cu\/dmsmta\/wp-json\/wp\/v2\/tags?post=2266"}],"curies":[{"name":"wp","href":"https:\/\/api.w.org\/{rel}","templated":true}]}}