{"id":2288,"date":"2025-06-05T10:55:08","date_gmt":"2025-06-05T14:55:08","guid":{"rendered":"https:\/\/instituciones.gtm.sld.cu\/dmsmta\/?p=2288"},"modified":"2025-06-05T10:58:42","modified_gmt":"2025-06-05T14:58:42","slug":"como-actua-la-cafeina-en-el-cerebro-durante-el-sueno","status":"publish","type":"post","link":"https:\/\/instituciones.gtm.sld.cu\/dmsmta\/como-actua-la-cafeina-en-el-cerebro-durante-el-sueno\/","title":{"rendered":"C\u00f3mo act\u00faa la cafe\u00edna en el cerebro durante el sue\u00f1o"},"content":{"rendered":"<div class=\"body-noticia col-md-12 col-sm-12 col-xs-12\">\n<div class=\"field field-name-body field-type-text-with-summary field-label-hidden\">\n<div class=\"field-items\">\n<div class=\"field-item even\">\n<p style=\"text-align: justify\"><span style=\"font-size: 14pt\">La cafe\u00edna, presente en el caf\u00e9, t\u00e9, chocolate, bebidas energ\u00e9ticas y refrescos, es el estimulante psicoactivo m\u00e1s consumido a nivel mundial. Si bien esta sustancia es conocida principalmente por su consumo para mantenerse alerta, persisten importantes lagunas en la comprensi\u00f3n de sus efectos en el cerebro, especialmente a la hora de dormir.<\/span><\/p>\n<p style=\"text-align: justify\"><span style=\"font-size: 14pt\">Un estudio de la Universidad de Montreal revela que la cafe\u00edna influye en la actividad cerebral durante el sue\u00f1o, impidiendo que el cerebro se recupere adecuadamente, tanto f\u00edsica como cognitivamente.<\/span><\/p>\n<p style=\"text-align: justify\"><span style=\"font-size: 14pt\">Para la investigaci\u00f3n, se registr\u00f3 la actividad cerebral de 40 adultos durante dos noches. La primera noche los participantes hab\u00edan consumido c\u00e1psulas de cafe\u00edna en tres horas distintas y una cuarta pastilla una hora antes de acostarse, mientras que en la segunda noche tomaron un placebo a las mismas horas. Los cient\u00edficos utilizaron inteligencia artificial (IA) y electroencefalograf\u00eda (EEG) para analizar c\u00f3mo la cafe\u00edna modifica las se\u00f1ales cerebrales durante el sue\u00f1o.<\/span><\/p>\n<p style=\"text-align: justify\"><span style=\"font-size: 14pt\">Los resultados sugieren que la cafe\u00edna afecta la forma en que el cerebro procesa la memoria y su recuperaci\u00f3n. Mostraron por primera vez que esta sustancia aumenta la complejidad de las se\u00f1ales cerebrales y mejora la \u00abcriticidad\u00bb del cerebro, un estado equilibrado entre orden y caos, especialmente en adultos j\u00f3venes.<\/span><\/p>\n<p style=\"text-align: justify\"><span style=\"font-size: 14pt\">\u00abEs como una orquesta: si es demasiado silenciosa, no ocurre nada; si es demasiado ca\u00f3tica, se produce una cacofon\u00eda. La criticidad es el punto justo donde la actividad cerebral es organizada y flexible\u00bb, afirma Karim Jerbi, profesor de Psicolog\u00eda e investigador en el Instituto de IA Mila-Quebec. Aunque este estado es \u00fatil durante el d\u00eda para la concentraci\u00f3n, podr\u00eda interferir con el sue\u00f1o y el descanso nocturno, ya que \u00abel cerebro no se relajar\u00eda ni se recuperar\u00eda adecuadamente\u00bb.<\/span><\/p>\n<p><strong>La cafe\u00edna influye en la recuperaci\u00f3n cerebral nocturna<\/strong><\/p>\n<p>Adem\u00e1s, descubrieron que aten\u00faa las ondas cerebrales asociadas al sue\u00f1o profundo y reparador, como las ondas theta y alfa, y estimul\u00f3 la actividad de las ondas beta, vinculadas a la vigilia y la actividad mental.<\/p>\n<p>\u00abEstos cambios sugieren que, incluso durante el sue\u00f1o, el cerebro permanece en un estado m\u00e1s activo y menos restaurador bajo la influencia de la cafe\u00edna\u00bb, afirma Jerbi. Esta alteraci\u00f3n r\u00edtmica podr\u00eda explicar por qu\u00e9 la cafe\u00edna influye en la recuperaci\u00f3n cerebral nocturna, afectando el procesamiento de la memoria.<\/p>\n<p>El estudio tambi\u00e9n revel\u00f3 que los efectos de la cafe\u00edna son m\u00e1s notables en j\u00f3venes de 20 a 27 a\u00f1os, en comparaci\u00f3n con adultos de 41 a 58, especialmente durante el sue\u00f1o REM, fase en la que se originan los sue\u00f1os. Los j\u00f3venes presentan una mayor respuesta a la cafe\u00edna, posiblemente debido a una mayor cantidad de receptores de adenosina, una mol\u00e9cula que se acumula gradualmente en el cerebro a lo largo del d\u00eda, causando sensaci\u00f3n de fatiga.<\/p>\n<p>\u00abLos receptores de adenosina disminuyen naturalmente con la edad, lo que reduce la capacidad de la cafe\u00edna para bloquearlos y mejorar la complejidad cerebral, lo que puede explicar en parte el efecto reducido de la cafe\u00edna observado en los participantes de mediana edad\u00bb, se\u00f1ala Julie Carrier, profesora de Psicolog\u00eda del Sue\u00f1o y el Envejecimiento.<\/p>\n<p>Los investigadores destacan la necesidad de entender estos efectos en diferentes edades y c\u00f3mo puede afectar a la salud y el funcionamiento diario. Al mismo tiempo, abogan por m\u00e1s estudios para guiar recomendaciones sobre la ingesta de cafe\u00edna.<\/p>\n<p>&nbsp;<\/p>\n<\/div>\n<p><em><strong>Tomado de Cubasi<\/strong><\/em><\/p>\n<p><em><strong>https:\/\/cubasi.cu\/es\/noticia\/como-actua-la-cafeina-en-el-cerebro-durante-el-sueno<\/strong><\/em><\/p>\n<\/div>\n<\/div>\n<\/div>\n","protected":false},"excerpt":{"rendered":"<p>La cafe\u00edna, presente en el caf\u00e9, t\u00e9, chocolate, bebidas energ\u00e9ticas y refrescos, es el estimulante psicoactivo m\u00e1s consumido a nivel mundial. Si bien esta sustancia es conocida principalmente por su consumo para mantenerse alerta, persisten importantes lagunas en la comprensi\u00f3n de sus efectos en el cerebro, especialmente a la hora de dormir. Un estudio de &hellip; <\/p>\n<p><a class=\"more-link btn\" href=\"https:\/\/instituciones.gtm.sld.cu\/dmsmta\/como-actua-la-cafeina-en-el-cerebro-durante-el-sueno\/\">Seguir leyendo<\/a><\/p>\n","protected":false},"author":79,"featured_media":2289,"comment_status":"closed","ping_status":"open","sticky":false,"template":"","format":"standard","meta":{"ngg_post_thumbnail":0},"categories":[25],"tags":[],"yoast_head":"<!-- This site is optimized with the Yoast SEO plugin v21.8 - https:\/\/yoast.com\/wordpress\/plugins\/seo\/ -->\n<title>C\u00f3mo act\u00faa la cafe\u00edna en el cerebro durante el sue\u00f1o - Direcci\u00f3n General de Salud<\/title>\n<meta name=\"robots\" content=\"index, follow, max-snippet:-1, max-image-preview:large, max-video-preview:-1\" \/>\n<link rel=\"canonical\" href=\"https:\/\/instituciones.gtm.sld.cu\/dmsmta\/como-actua-la-cafeina-en-el-cerebro-durante-el-sueno\/\" \/>\n<meta property=\"og:locale\" content=\"es_ES\" \/>\n<meta property=\"og:type\" content=\"article\" \/>\n<meta property=\"og:title\" content=\"C\u00f3mo act\u00faa la cafe\u00edna en el cerebro durante el sue\u00f1o - Direcci\u00f3n General de Salud\" \/>\n<meta property=\"og:description\" content=\"La cafe\u00edna, presente en el caf\u00e9, t\u00e9, chocolate, bebidas energ\u00e9ticas y refrescos, es el estimulante psicoactivo m\u00e1s consumido a nivel mundial. Si bien esta sustancia es conocida principalmente por su consumo para mantenerse alerta, persisten importantes lagunas en la comprensi\u00f3n de sus efectos en el cerebro, especialmente a la hora de dormir. Un estudio de &hellip; Seguir leyendo\" \/>\n<meta property=\"og:url\" content=\"https:\/\/instituciones.gtm.sld.cu\/dmsmta\/como-actua-la-cafeina-en-el-cerebro-durante-el-sueno\/\" \/>\n<meta property=\"og:site_name\" content=\"Direcci\u00f3n General de Salud\" \/>\n<meta property=\"article:published_time\" content=\"2025-06-05T14:55:08+00:00\" \/>\n<meta property=\"article:modified_time\" content=\"2025-06-05T14:58:42+00:00\" \/>\n<meta property=\"og:image\" content=\"http:\/\/instituciones.gtm.sld.cu\/dmsmta\/wp-content\/uploads\/sites\/32\/2025\/06\/cafeina.jpg\" \/>\n\t<meta property=\"og:image:width\" content=\"766\" \/>\n\t<meta property=\"og:image:height\" content=\"421\" \/>\n\t<meta property=\"og:image:type\" content=\"image\/jpeg\" \/>\n<meta name=\"author\" content=\"dmsmta\" \/>\n<meta name=\"twitter:card\" content=\"summary_large_image\" \/>\n<meta name=\"twitter:label1\" content=\"Escrito por\" \/>\n\t<meta name=\"twitter:data1\" content=\"dmsmta\" \/>\n\t<meta name=\"twitter:label2\" content=\"Tiempo de lectura\" \/>\n\t<meta name=\"twitter:data2\" content=\"3 minutos\" \/>\n<script type=\"application\/ld+json\" class=\"yoast-schema-graph\">{\"@context\":\"https:\/\/schema.org\",\"@graph\":[{\"@type\":\"WebPage\",\"@id\":\"https:\/\/instituciones.gtm.sld.cu\/dmsmta\/como-actua-la-cafeina-en-el-cerebro-durante-el-sueno\/\",\"url\":\"https:\/\/instituciones.gtm.sld.cu\/dmsmta\/como-actua-la-cafeina-en-el-cerebro-durante-el-sueno\/\",\"name\":\"C\u00f3mo act\u00faa la cafe\u00edna en el cerebro durante el sue\u00f1o - Direcci\u00f3n General de Salud\",\"isPartOf\":{\"@id\":\"https:\/\/instituciones.gtm.sld.cu\/dmsmta\/#website\"},\"datePublished\":\"2025-06-05T14:55:08+00:00\",\"dateModified\":\"2025-06-05T14:58:42+00:00\",\"author\":{\"@id\":\"https:\/\/instituciones.gtm.sld.cu\/dmsmta\/#\/schema\/person\/20a8a2fa26b9875f4370f2e0c5487910\"},\"breadcrumb\":{\"@id\":\"https:\/\/instituciones.gtm.sld.cu\/dmsmta\/como-actua-la-cafeina-en-el-cerebro-durante-el-sueno\/#breadcrumb\"},\"inLanguage\":\"es\",\"potentialAction\":[{\"@type\":\"ReadAction\",\"target\":[\"https:\/\/instituciones.gtm.sld.cu\/dmsmta\/como-actua-la-cafeina-en-el-cerebro-durante-el-sueno\/\"]}]},{\"@type\":\"BreadcrumbList\",\"@id\":\"https:\/\/instituciones.gtm.sld.cu\/dmsmta\/como-actua-la-cafeina-en-el-cerebro-durante-el-sueno\/#breadcrumb\",\"itemListElement\":[{\"@type\":\"ListItem\",\"position\":1,\"name\":\"Portada\",\"item\":\"https:\/\/instituciones.gtm.sld.cu\/dmsmta\/\"},{\"@type\":\"ListItem\",\"position\":2,\"name\":\"C\u00f3mo act\u00faa la cafe\u00edna en el cerebro durante el sue\u00f1o\"}]},{\"@type\":\"WebSite\",\"@id\":\"https:\/\/instituciones.gtm.sld.cu\/dmsmta\/#website\",\"url\":\"https:\/\/instituciones.gtm.sld.cu\/dmsmta\/\",\"name\":\"Direcci\u00f3n General de Salud\",\"description\":\"Manuel Tames\",\"potentialAction\":[{\"@type\":\"SearchAction\",\"target\":{\"@type\":\"EntryPoint\",\"urlTemplate\":\"https:\/\/instituciones.gtm.sld.cu\/dmsmta\/?s={search_term_string}\"},\"query-input\":\"required name=search_term_string\"}],\"inLanguage\":\"es\"},{\"@type\":\"Person\",\"@id\":\"https:\/\/instituciones.gtm.sld.cu\/dmsmta\/#\/schema\/person\/20a8a2fa26b9875f4370f2e0c5487910\",\"name\":\"dmsmta\",\"url\":\"https:\/\/instituciones.gtm.sld.cu\/dmsmta\/author\/dmsmta\/\"}]}<\/script>\n<!-- \/ Yoast SEO plugin. -->","yoast_head_json":{"title":"C\u00f3mo act\u00faa la cafe\u00edna en el cerebro durante el sue\u00f1o - Direcci\u00f3n General de Salud","robots":{"index":"index","follow":"follow","max-snippet":"max-snippet:-1","max-image-preview":"max-image-preview:large","max-video-preview":"max-video-preview:-1"},"canonical":"https:\/\/instituciones.gtm.sld.cu\/dmsmta\/como-actua-la-cafeina-en-el-cerebro-durante-el-sueno\/","og_locale":"es_ES","og_type":"article","og_title":"C\u00f3mo act\u00faa la cafe\u00edna en el cerebro durante el sue\u00f1o - Direcci\u00f3n General de Salud","og_description":"La cafe\u00edna, presente en el caf\u00e9, t\u00e9, chocolate, bebidas energ\u00e9ticas y refrescos, es el estimulante psicoactivo m\u00e1s consumido a nivel mundial. Si bien esta sustancia es conocida principalmente por su consumo para mantenerse alerta, persisten importantes lagunas en la comprensi\u00f3n de sus efectos en el cerebro, especialmente a la hora de dormir. Un estudio de &hellip; Seguir leyendo","og_url":"https:\/\/instituciones.gtm.sld.cu\/dmsmta\/como-actua-la-cafeina-en-el-cerebro-durante-el-sueno\/","og_site_name":"Direcci\u00f3n General de Salud","article_published_time":"2025-06-05T14:55:08+00:00","article_modified_time":"2025-06-05T14:58:42+00:00","og_image":[{"width":766,"height":421,"url":"http:\/\/instituciones.gtm.sld.cu\/dmsmta\/wp-content\/uploads\/sites\/32\/2025\/06\/cafeina.jpg","type":"image\/jpeg"}],"author":"dmsmta","twitter_card":"summary_large_image","twitter_misc":{"Escrito por":"dmsmta","Tiempo de lectura":"3 minutos"},"schema":{"@context":"https:\/\/schema.org","@graph":[{"@type":"WebPage","@id":"https:\/\/instituciones.gtm.sld.cu\/dmsmta\/como-actua-la-cafeina-en-el-cerebro-durante-el-sueno\/","url":"https:\/\/instituciones.gtm.sld.cu\/dmsmta\/como-actua-la-cafeina-en-el-cerebro-durante-el-sueno\/","name":"C\u00f3mo act\u00faa la cafe\u00edna en el cerebro durante el sue\u00f1o - Direcci\u00f3n General de Salud","isPartOf":{"@id":"https:\/\/instituciones.gtm.sld.cu\/dmsmta\/#website"},"datePublished":"2025-06-05T14:55:08+00:00","dateModified":"2025-06-05T14:58:42+00:00","author":{"@id":"https:\/\/instituciones.gtm.sld.cu\/dmsmta\/#\/schema\/person\/20a8a2fa26b9875f4370f2e0c5487910"},"breadcrumb":{"@id":"https:\/\/instituciones.gtm.sld.cu\/dmsmta\/como-actua-la-cafeina-en-el-cerebro-durante-el-sueno\/#breadcrumb"},"inLanguage":"es","potentialAction":[{"@type":"ReadAction","target":["https:\/\/instituciones.gtm.sld.cu\/dmsmta\/como-actua-la-cafeina-en-el-cerebro-durante-el-sueno\/"]}]},{"@type":"BreadcrumbList","@id":"https:\/\/instituciones.gtm.sld.cu\/dmsmta\/como-actua-la-cafeina-en-el-cerebro-durante-el-sueno\/#breadcrumb","itemListElement":[{"@type":"ListItem","position":1,"name":"Portada","item":"https:\/\/instituciones.gtm.sld.cu\/dmsmta\/"},{"@type":"ListItem","position":2,"name":"C\u00f3mo act\u00faa la cafe\u00edna en el cerebro durante el sue\u00f1o"}]},{"@type":"WebSite","@id":"https:\/\/instituciones.gtm.sld.cu\/dmsmta\/#website","url":"https:\/\/instituciones.gtm.sld.cu\/dmsmta\/","name":"Direcci\u00f3n General de Salud","description":"Manuel Tames","potentialAction":[{"@type":"SearchAction","target":{"@type":"EntryPoint","urlTemplate":"https:\/\/instituciones.gtm.sld.cu\/dmsmta\/?s={search_term_string}"},"query-input":"required name=search_term_string"}],"inLanguage":"es"},{"@type":"Person","@id":"https:\/\/instituciones.gtm.sld.cu\/dmsmta\/#\/schema\/person\/20a8a2fa26b9875f4370f2e0c5487910","name":"dmsmta","url":"https:\/\/instituciones.gtm.sld.cu\/dmsmta\/author\/dmsmta\/"}]}},"_links":{"self":[{"href":"https:\/\/instituciones.gtm.sld.cu\/dmsmta\/wp-json\/wp\/v2\/posts\/2288"}],"collection":[{"href":"https:\/\/instituciones.gtm.sld.cu\/dmsmta\/wp-json\/wp\/v2\/posts"}],"about":[{"href":"https:\/\/instituciones.gtm.sld.cu\/dmsmta\/wp-json\/wp\/v2\/types\/post"}],"author":[{"embeddable":true,"href":"https:\/\/instituciones.gtm.sld.cu\/dmsmta\/wp-json\/wp\/v2\/users\/79"}],"replies":[{"embeddable":true,"href":"https:\/\/instituciones.gtm.sld.cu\/dmsmta\/wp-json\/wp\/v2\/comments?post=2288"}],"version-history":[{"count":2,"href":"https:\/\/instituciones.gtm.sld.cu\/dmsmta\/wp-json\/wp\/v2\/posts\/2288\/revisions"}],"predecessor-version":[{"id":2294,"href":"https:\/\/instituciones.gtm.sld.cu\/dmsmta\/wp-json\/wp\/v2\/posts\/2288\/revisions\/2294"}],"wp:featuredmedia":[{"embeddable":true,"href":"https:\/\/instituciones.gtm.sld.cu\/dmsmta\/wp-json\/wp\/v2\/media\/2289"}],"wp:attachment":[{"href":"https:\/\/instituciones.gtm.sld.cu\/dmsmta\/wp-json\/wp\/v2\/media?parent=2288"}],"wp:term":[{"taxonomy":"category","embeddable":true,"href":"https:\/\/instituciones.gtm.sld.cu\/dmsmta\/wp-json\/wp\/v2\/categories?post=2288"},{"taxonomy":"post_tag","embeddable":true,"href":"https:\/\/instituciones.gtm.sld.cu\/dmsmta\/wp-json\/wp\/v2\/tags?post=2288"}],"curies":[{"name":"wp","href":"https:\/\/api.w.org\/{rel}","templated":true}]}}