{"id":2295,"date":"2025-06-05T11:02:35","date_gmt":"2025-06-05T15:02:35","guid":{"rendered":"https:\/\/instituciones.gtm.sld.cu\/dmsmta\/?p=2295"},"modified":"2025-06-05T11:02:35","modified_gmt":"2025-06-05T15:02:35","slug":"por-que-algunos-cerebros-razonan-mejor-que-otros","status":"publish","type":"post","link":"https:\/\/instituciones.gtm.sld.cu\/dmsmta\/por-que-algunos-cerebros-razonan-mejor-que-otros\/","title":{"rendered":"\u00bfPor qu\u00e9 algunos cerebros razonan mejor que otros?"},"content":{"rendered":"<div class=\"body-noticia col-md-12 col-sm-12 col-xs-12\">\n<div class=\"field field-name-body field-type-text-with-summary field-label-hidden\">\n<div class=\"field-items\">\n<div class=\"field-item even\">\n<p style=\"text-align: justify\"><span style=\"font-size: 14pt\">El cerebro humano es un \u00f3rgano excepcional, no solo por su tama\u00f1o relativo al cuerpo, sino por la complejidad de sus pliegues.&nbsp;<\/span><\/p>\n<p style=\"text-align: justify\"><span style=\"font-size: 14pt\">A diferencia de la mayor\u00eda de los animales, la superficie de la corteza cerebral humana est\u00e1 repleta de surcos y protuberancias que aumentan su \u00e1rea sin ocupar m\u00e1s espacio dentro del cr\u00e1neo.&nbsp;<\/span><\/p>\n<p style=\"text-align: justify\"><span style=\"font-size: 14pt\">Este dise\u00f1o plegado es lo que permite que funciones cognitivas complejas, como el razonamiento, el lenguaje o la planificaci\u00f3n, se desarrollen de forma tan avanzada en los humanos.<\/span><\/p>\n<p style=\"text-align: justify\"><span style=\"font-size: 14pt\">En cambio, muchos animales poseen cerebros lisos o con pliegues m\u00e1s simples. Por ejemplo, los cerebros de los ratones o los marmosets muestran pocos surcos superficiales. Esto limita la superficie cortical disponible para procesar informaci\u00f3n.&nbsp;<\/span><\/p>\n<p style=\"text-align: justify\"><span style=\"font-size: 14pt\">En los humanos, entre el 60 % y el 70 % de la corteza cerebral se encuentra \u00abenterrada\u00bb dentro de los surcos. Lejos de ser una simple consecuencia de meter un \u00f3rgano grande en un espacio reducido, estos pliegues podr\u00edan tener implicaciones funcionales fundamentales.<\/span><\/p>\n<p style=\"text-align: justify\"><span style=\"font-size: 14pt\">Un nuevo estudio realizado por investigadores de la Universidad de California en Berkeley ofrece pruebas s\u00f3lidas de que la forma y profundidad de ciertos surcos cerebrales peque\u00f1os, conocidos como surcos terciarios, podr\u00edan estar estrechamente ligados a la capacidad cognitiva de una persona.&nbsp;<\/span><\/p>\n<p style=\"text-align: justify\"><span style=\"font-size: 14pt\">Este hallazgo aporta una nueva perspectiva sobre c\u00f3mo la arquitectura del cerebro puede influir en el pensamiento.<\/span><\/p>\n<p style=\"text-align: justify\"><span style=\"font-size: 14pt\">Surcos peque\u00f1os, funciones grandes: el papel de los surcos terciarios<\/span><\/p>\n<p style=\"text-align: justify\"><span style=\"font-size: 14pt\">Los surcos cerebrales se dividen en primarios, secundarios y terciarios, seg\u00fan el momento de su aparici\u00f3n durante el desarrollo prenatal y su profundidad.&nbsp;<\/span><\/p>\n<p style=\"text-align: justify\"><span style=\"font-size: 14pt\">Los primarios son los m\u00e1s visibles, como el surco central que separa los l\u00f3bulos frontal y parietal. Los terciarios, en cambio, son m\u00e1s peque\u00f1os, aparecen m\u00e1s tarde en el desarrollo y son altamente variables entre individuos. Durante d\u00e9cadas fueron ignorados por la neurociencia tradicional.<\/span><\/p>\n<p style=\"text-align: justify\"><span style=\"font-size: 14pt\">Sin embargo, esta nueva investigaci\u00f3n demuestra que los surcos terciarios podr\u00edan tener un papel importante en la organizaci\u00f3n de las redes funcionales del cerebro.&nbsp;<\/span><\/p>\n<p style=\"text-align: justify\"><span style=\"font-size: 14pt\">Espec\u00edficamente, se encontr\u00f3 que la profundidad de estos surcos en \u00e1reas como la corteza prefrontal lateral y la corteza parietal lateral se asocia con una mayor conectividad funcional entre esas regiones.&nbsp;<\/span><\/p>\n<p style=\"text-align: justify\"><span style=\"font-size: 14pt\">Estas zonas est\u00e1n relacionadas con funciones como el razonamiento, la planificaci\u00f3n y el control cognitivo.<\/span><\/p>\n<p style=\"text-align: justify\"><span style=\"font-size: 14pt\">Los investigadores sugieren que los surcos m\u00e1s profundos podr\u00edan acortar la distancia entre regiones cerebrales conectadas, facilitando una comunicaci\u00f3n m\u00e1s eficiente entre ellas.&nbsp;<\/span><\/p>\n<p style=\"text-align: justify\"><span style=\"font-size: 14pt\">Esta eficiencia estructural se traducir\u00eda en una mejor capacidad para realizar tareas cognitivas complejas. As\u00ed, lo que antes se consideraba un pliegue insignificante del cerebro podr\u00eda estar en el centro de lo que nos hace pensar mejor.<\/span><\/p>\n<p style=\"text-align: justify\"><span style=\"font-size: 14pt\">\u00abSi bien los surcos pueden cambiar sobre el desarrollo, volvi\u00e9ndose m\u00e1s profundos o menos profundos y desarrollando una materia gris m\u00e1s delgada o m\u00e1s gruesa \u2014probablemente de maneras que dependen de la experiencia\u2014 nuestra configuraci\u00f3n particular de los surcos es una diferencia individual estable: su tama\u00f1o, forma, ubicaci\u00f3n e incluso, para algunos surcos, si est\u00e1n presentes o ausentes\u00bb, dijo Silvia Bunge, profesora de psicolog\u00eda y miembro del Instituto de Neurociencia Helen Wills de UC Berkeley.<\/span><\/p>\n<p style=\"text-align: justify\"><span style=\"font-size: 14pt\">Un enfoque personalizado: c\u00f3mo se midi\u00f3 la conectividad<\/span><br \/>\n<span style=\"font-size: 14pt\">Una de las innovaciones clave del estudio fue la forma de medir la conectividad cerebral.&nbsp;<\/span><\/p>\n<p style=\"text-align: justify\"><span style=\"font-size: 14pt\">En lugar de usar mapas cerebrales promedio, los cient\u00edficos realizaron un an\u00e1lisis individualizado de 43 cerebros humanos, de personas de entre 7 y 18 a\u00f1os.<\/span><\/p>\n<p style=\"text-align: justify\"><span style=\"font-size: 14pt\">Usaron im\u00e1genes de resonancia magn\u00e9tica funcional (fMRI) durante la realizaci\u00f3n de tareas de razonamiento, y cartografiaron 21 surcos por hemisferio cerebral en cada individuo.<\/span><\/p>\n<p style=\"text-align: justify\"><span style=\"font-size: 14pt\">Este enfoque permiti\u00f3 observar c\u00f3mo se conectaban funcionalmente los surcos espec\u00edficos en cada cerebro. Descubrieron que los patrones de conectividad eran \u00fanicos en cada persona y que los surcos terciarios desempe\u00f1aban un papel clave como nodos de conexi\u00f3n entre diferentes regiones corticales.&nbsp;<\/span><\/p>\n<p style=\"text-align: justify\"><span style=\"font-size: 14pt\">Es decir, la forma en que est\u00e1 \u00abplegado\u00bb un cerebro individual tiene consecuencias directas sobre c\u00f3mo fluye la informaci\u00f3n dentro de \u00e9l.<\/span><\/p>\n<p style=\"text-align: justify\"><span style=\"font-size: 14pt\">Adem\u00e1s, se comprob\u00f3 que estos surcos terciarios no se agrupan por proximidad espacial, sino por similitud en sus patrones de conexi\u00f3n. Esta organizaci\u00f3n funcional sugiere que los surcos no son solo marcas anat\u00f3micas, sino estructuras activas en la arquitectura funcional del cerebro.&nbsp;<\/span><\/p>\n<p style=\"text-align: justify\"><span style=\"font-size: 14pt\">A mayor profundidad en algunos surcos espec\u00edficos, mayor centralidad dentro de la red neuronal.<\/span><\/p>\n<p style=\"text-align: justify\"><span style=\"font-size: 14pt\">M\u00e1s all\u00e1 del atlas promedio: variabilidad entre cerebros<\/span><br \/>\n<span style=\"font-size: 14pt\">Tradicionalmente, los atlas cerebrales utilizados en neuroimagen muestran una representaci\u00f3n promedio del cerebro humano. Pero estos mapas tienden a omitir las variaciones individuales y, en especial, a ignorar los surcos terciarios.&nbsp;<\/span><\/p>\n<p style=\"text-align: justify\"><span style=\"font-size: 14pt\">El nuevo estudio rompe con esta pr\u00e1ctica al tratar cada cerebro como \u00fanico, revelando una diversidad estructural significativa entre personas.<\/span><\/p>\n<p style=\"text-align: justify\"><span style=\"font-size: 14pt\">Esta variabilidad estructural tiene implicaciones para la investigaci\u00f3n y la medicina. Las diferencias en la forma, profundidad o presencia de ciertos surcos podr\u00edan explicar en parte por qu\u00e9 algunas personas tienen habilidades cognitivas superiores o por qu\u00e9 otras desarrollan ciertas condiciones neuropsiqui\u00e1tricas.&nbsp;<\/span><\/p>\n<p style=\"text-align: justify\"><span style=\"font-size: 14pt\">As\u00ed, los surcos terciarios podr\u00edan convertirse en biomarcadores anat\u00f3micos de salud mental o capacidad cognitiva.<\/span><\/p>\n<p style=\"text-align: justify\"><span style=\"font-size: 14pt\">Adem\u00e1s, el estudio promueve el desarrollo de herramientas computacionales que identifiquen estos surcos de manera automatizada en esc\u00e1neres cerebrales.&nbsp;<\/span><\/p>\n<p style=\"text-align: justify\"><span style=\"font-size: 14pt\">Esto permitir\u00e1 mejorar el an\u00e1lisis personalizado del cerebro en investigaciones futuras y en aplicaciones cl\u00ednicas, como diagn\u00f3sticos m\u00e1s precisos o seguimientos de neurodesarrollo.<\/span><\/p>\n<p style=\"text-align: justify\"><span style=\"font-size: 14pt\">Una plasticidad cerebral influida por la experiencia<\/span><br \/>\n<span style=\"font-size: 14pt\">Aunque los surcos son estructuras relativamente estables una vez formados, su profundidad y la densidad de la corteza que los rodea pueden cambiar con el tiempo.&nbsp;<\/span><\/p>\n<p style=\"text-align: justify\"><span style=\"font-size: 14pt\">Esto significa que la experiencia vital, como la educaci\u00f3n o el entorno social, tambi\u00e9n puede influir en la forma y funci\u00f3n de estos surcos. No se trata solo de una arquitectura fija desde el nacimiento, sino de un sistema din\u00e1mico que se ajusta con el uso.<\/span><\/p>\n<p style=\"text-align: justify\"><span style=\"font-size: 14pt\">Los investigadores advierten que no debe pensarse que la capacidad de razonamiento est\u00e1 predeterminada por la forma de los surcos cerebrales. La relaci\u00f3n entre estructura y funci\u00f3n es compleja y multidimensional.&nbsp;<\/span><\/p>\n<p style=\"text-align: justify\"><span style=\"font-size: 14pt\">Aun as\u00ed, los surcos terciarios parecen ofrecer una base anat\u00f3mica sobre la cual se construye parte de la capacidad cognitiva, que luego puede ser moldeada por el entorno y la experiencia.<\/span><\/p>\n<p style=\"text-align: justify\"><span style=\"font-size: 14pt\">\u00abLa funci\u00f3n cognitiva depende de la variabilidad en una variedad de caracter\u00edsticas anat\u00f3micas y funcionales y, lo que es m\u00e1s importante, sabemos que la experiencia, al igual que la calidad de la escolarizaci\u00f3n, juega un papel poderoso en la configuraci\u00f3n de la trayectoria cognitiva de un individuo, y que es maleable, incluso en la edad adulta\u00bb.<\/span><\/p>\n<p style=\"text-align: justify\"><span style=\"font-size: 14pt\">Esto abre un campo de estudio apasionante para entender c\u00f3mo el desarrollo cerebral responde a est\u00edmulos externos, y c\u00f3mo puede optimizarse el aprendizaje o la recuperaci\u00f3n tras una lesi\u00f3n.<\/span><\/p>\n<p style=\"text-align: justify\"><span style=\"font-size: 14pt\">Los surcos, antes ignorados, podr\u00edan convertirse en aliados clave en estrategias de intervenci\u00f3n educativa o terap\u00e9utica.<\/span><\/p>\n<p style=\"text-align: justify\"><span style=\"font-size: 14pt\">De la biolog\u00eda a la evoluci\u00f3n: una huella humana<\/span><\/p>\n<p style=\"text-align: justify\"><span style=\"font-size: 14pt\">Los surcos terciarios no solo son relevantes a nivel funcional, sino que tambi\u00e9n parecen estar relacionados con la evoluci\u00f3n del cerebro humano. Estas estructuras aparecen en zonas corticales que se han expandido significativamente en nuestra especie, como la corteza prefrontal.<\/span><\/p>\n<p style=\"text-align: justify\"><span style=\"font-size: 14pt\">Adem\u00e1s, su desarrollo ocurre de forma tard\u00eda, coincidiendo con el lento proceso de maduraci\u00f3n cognitiva humana.<\/span><\/p>\n<p style=\"text-align: justify\"><span style=\"font-size: 14pt\">Este paralelismo sugiere que los surcos terciarios podr\u00edan ser una adaptaci\u00f3n evolutiva que permite una mayor flexibilidad y complejidad en los procesos mentales.<\/span><\/p>\n<p style=\"text-align: justify\"><span style=\"font-size: 14pt\">Nos permiten razonar, planificar y tomar decisiones con un nivel de sofisticaci\u00f3n sin precedentes en el reino animal. En otras palabras, los surcos que pliegan nuestro cerebro podr\u00edan ser una de las claves de lo que nos hace humanos.<\/span><\/p>\n<p style=\"text-align: justify\"><span style=\"font-size: 14pt\">As\u00ed, este estudio no solo ampl\u00eda el conocimiento sobre la organizaci\u00f3n cerebral, sino que tambi\u00e9n revaloriza una caracter\u00edstica anat\u00f3mica aparentemente menor.&nbsp;<\/span><\/p>\n<p style=\"text-align: justify\"><span style=\"font-size: 14pt\">A trav\u00e9s de los surcos, el cerebro deja huellas visibles de c\u00f3mo est\u00e1 organizado para pensar. Y en esa arquitectura, se oculta una parte esencial de nuestra inteligencia.<\/span><\/p>\n<\/div>\n<\/div>\n<\/div>\n<p>&nbsp;<\/p>\n<p><em><strong>Tomado de Cubasi<\/strong><\/em><\/p>\n<p><em><strong>https:\/\/cubasi.cu\/es\/noticia\/por-que-algunos-cerebros-razonan-mejor-que-otros<\/strong><\/em><\/p>\n<div class=\"field field-name-body field-type-text-with-summary field-label-hidden\">\n<div class=\"field-items\">\n<p>&nbsp;<\/p>\n<\/div>\n<\/div>\n<\/div>\n","protected":false},"excerpt":{"rendered":"<p>El cerebro humano es un \u00f3rgano excepcional, no solo por su tama\u00f1o relativo al cuerpo, sino por la complejidad de sus pliegues.&nbsp; A diferencia de la mayor\u00eda de los animales, la superficie de la corteza cerebral humana est\u00e1 repleta de surcos y protuberancias que aumentan su \u00e1rea sin ocupar m\u00e1s espacio dentro del cr\u00e1neo.&nbsp; Este &hellip; <\/p>\n<p><a class=\"more-link btn\" href=\"https:\/\/instituciones.gtm.sld.cu\/dmsmta\/por-que-algunos-cerebros-razonan-mejor-que-otros\/\">Seguir leyendo<\/a><\/p>\n","protected":false},"author":79,"featured_media":2296,"comment_status":"closed","ping_status":"open","sticky":false,"template":"","format":"standard","meta":{"ngg_post_thumbnail":0},"categories":[25],"tags":[],"yoast_head":"<!-- This site is optimized with the Yoast SEO plugin v21.8 - https:\/\/yoast.com\/wordpress\/plugins\/seo\/ -->\n<title>\u00bfPor qu\u00e9 algunos cerebros razonan mejor que otros? - Direcci\u00f3n General de Salud<\/title>\n<meta name=\"robots\" content=\"index, follow, max-snippet:-1, max-image-preview:large, max-video-preview:-1\" \/>\n<link rel=\"canonical\" href=\"https:\/\/instituciones.gtm.sld.cu\/dmsmta\/por-que-algunos-cerebros-razonan-mejor-que-otros\/\" \/>\n<meta property=\"og:locale\" content=\"es_ES\" \/>\n<meta property=\"og:type\" content=\"article\" \/>\n<meta property=\"og:title\" content=\"\u00bfPor qu\u00e9 algunos cerebros razonan mejor que otros? - Direcci\u00f3n General de Salud\" \/>\n<meta property=\"og:description\" content=\"El cerebro humano es un \u00f3rgano excepcional, no solo por su tama\u00f1o relativo al cuerpo, sino por la complejidad de sus pliegues.&nbsp; A diferencia de la mayor\u00eda de los animales, la superficie de la corteza cerebral humana est\u00e1 repleta de surcos y protuberancias que aumentan su \u00e1rea sin ocupar m\u00e1s espacio dentro del cr\u00e1neo.&nbsp; Este &hellip; Seguir leyendo\" \/>\n<meta property=\"og:url\" content=\"https:\/\/instituciones.gtm.sld.cu\/dmsmta\/por-que-algunos-cerebros-razonan-mejor-que-otros\/\" \/>\n<meta property=\"og:site_name\" content=\"Direcci\u00f3n General de Salud\" \/>\n<meta property=\"article:published_time\" content=\"2025-06-05T15:02:35+00:00\" \/>\n<meta property=\"og:image\" content=\"http:\/\/instituciones.gtm.sld.cu\/dmsmta\/wp-content\/uploads\/sites\/32\/2025\/06\/aaaaa_43.jpg\" \/>\n\t<meta property=\"og:image:width\" content=\"766\" \/>\n\t<meta property=\"og:image:height\" content=\"421\" \/>\n\t<meta property=\"og:image:type\" content=\"image\/jpeg\" \/>\n<meta name=\"author\" content=\"dmsmta\" \/>\n<meta name=\"twitter:card\" content=\"summary_large_image\" \/>\n<meta name=\"twitter:label1\" content=\"Escrito por\" \/>\n\t<meta name=\"twitter:data1\" content=\"dmsmta\" \/>\n\t<meta name=\"twitter:label2\" content=\"Tiempo de lectura\" \/>\n\t<meta name=\"twitter:data2\" content=\"7 minutos\" \/>\n<script type=\"application\/ld+json\" class=\"yoast-schema-graph\">{\"@context\":\"https:\/\/schema.org\",\"@graph\":[{\"@type\":\"WebPage\",\"@id\":\"https:\/\/instituciones.gtm.sld.cu\/dmsmta\/por-que-algunos-cerebros-razonan-mejor-que-otros\/\",\"url\":\"https:\/\/instituciones.gtm.sld.cu\/dmsmta\/por-que-algunos-cerebros-razonan-mejor-que-otros\/\",\"name\":\"\u00bfPor qu\u00e9 algunos cerebros razonan mejor que otros? - Direcci\u00f3n General de Salud\",\"isPartOf\":{\"@id\":\"https:\/\/instituciones.gtm.sld.cu\/dmsmta\/#website\"},\"datePublished\":\"2025-06-05T15:02:35+00:00\",\"dateModified\":\"2025-06-05T15:02:35+00:00\",\"author\":{\"@id\":\"https:\/\/instituciones.gtm.sld.cu\/dmsmta\/#\/schema\/person\/20a8a2fa26b9875f4370f2e0c5487910\"},\"breadcrumb\":{\"@id\":\"https:\/\/instituciones.gtm.sld.cu\/dmsmta\/por-que-algunos-cerebros-razonan-mejor-que-otros\/#breadcrumb\"},\"inLanguage\":\"es\",\"potentialAction\":[{\"@type\":\"ReadAction\",\"target\":[\"https:\/\/instituciones.gtm.sld.cu\/dmsmta\/por-que-algunos-cerebros-razonan-mejor-que-otros\/\"]}]},{\"@type\":\"BreadcrumbList\",\"@id\":\"https:\/\/instituciones.gtm.sld.cu\/dmsmta\/por-que-algunos-cerebros-razonan-mejor-que-otros\/#breadcrumb\",\"itemListElement\":[{\"@type\":\"ListItem\",\"position\":1,\"name\":\"Portada\",\"item\":\"https:\/\/instituciones.gtm.sld.cu\/dmsmta\/\"},{\"@type\":\"ListItem\",\"position\":2,\"name\":\"\u00bfPor qu\u00e9 algunos cerebros razonan mejor que otros?\"}]},{\"@type\":\"WebSite\",\"@id\":\"https:\/\/instituciones.gtm.sld.cu\/dmsmta\/#website\",\"url\":\"https:\/\/instituciones.gtm.sld.cu\/dmsmta\/\",\"name\":\"Direcci\u00f3n General de Salud\",\"description\":\"Manuel Tames\",\"potentialAction\":[{\"@type\":\"SearchAction\",\"target\":{\"@type\":\"EntryPoint\",\"urlTemplate\":\"https:\/\/instituciones.gtm.sld.cu\/dmsmta\/?s={search_term_string}\"},\"query-input\":\"required name=search_term_string\"}],\"inLanguage\":\"es\"},{\"@type\":\"Person\",\"@id\":\"https:\/\/instituciones.gtm.sld.cu\/dmsmta\/#\/schema\/person\/20a8a2fa26b9875f4370f2e0c5487910\",\"name\":\"dmsmta\",\"url\":\"https:\/\/instituciones.gtm.sld.cu\/dmsmta\/author\/dmsmta\/\"}]}<\/script>\n<!-- \/ Yoast SEO plugin. -->","yoast_head_json":{"title":"\u00bfPor qu\u00e9 algunos cerebros razonan mejor que otros? - Direcci\u00f3n General de Salud","robots":{"index":"index","follow":"follow","max-snippet":"max-snippet:-1","max-image-preview":"max-image-preview:large","max-video-preview":"max-video-preview:-1"},"canonical":"https:\/\/instituciones.gtm.sld.cu\/dmsmta\/por-que-algunos-cerebros-razonan-mejor-que-otros\/","og_locale":"es_ES","og_type":"article","og_title":"\u00bfPor qu\u00e9 algunos cerebros razonan mejor que otros? - Direcci\u00f3n General de Salud","og_description":"El cerebro humano es un \u00f3rgano excepcional, no solo por su tama\u00f1o relativo al cuerpo, sino por la complejidad de sus pliegues.&nbsp; A diferencia de la mayor\u00eda de los animales, la superficie de la corteza cerebral humana est\u00e1 repleta de surcos y protuberancias que aumentan su \u00e1rea sin ocupar m\u00e1s espacio dentro del cr\u00e1neo.&nbsp; Este &hellip; Seguir leyendo","og_url":"https:\/\/instituciones.gtm.sld.cu\/dmsmta\/por-que-algunos-cerebros-razonan-mejor-que-otros\/","og_site_name":"Direcci\u00f3n General de Salud","article_published_time":"2025-06-05T15:02:35+00:00","og_image":[{"width":766,"height":421,"url":"http:\/\/instituciones.gtm.sld.cu\/dmsmta\/wp-content\/uploads\/sites\/32\/2025\/06\/aaaaa_43.jpg","type":"image\/jpeg"}],"author":"dmsmta","twitter_card":"summary_large_image","twitter_misc":{"Escrito por":"dmsmta","Tiempo de lectura":"7 minutos"},"schema":{"@context":"https:\/\/schema.org","@graph":[{"@type":"WebPage","@id":"https:\/\/instituciones.gtm.sld.cu\/dmsmta\/por-que-algunos-cerebros-razonan-mejor-que-otros\/","url":"https:\/\/instituciones.gtm.sld.cu\/dmsmta\/por-que-algunos-cerebros-razonan-mejor-que-otros\/","name":"\u00bfPor qu\u00e9 algunos cerebros razonan mejor que otros? - Direcci\u00f3n General de Salud","isPartOf":{"@id":"https:\/\/instituciones.gtm.sld.cu\/dmsmta\/#website"},"datePublished":"2025-06-05T15:02:35+00:00","dateModified":"2025-06-05T15:02:35+00:00","author":{"@id":"https:\/\/instituciones.gtm.sld.cu\/dmsmta\/#\/schema\/person\/20a8a2fa26b9875f4370f2e0c5487910"},"breadcrumb":{"@id":"https:\/\/instituciones.gtm.sld.cu\/dmsmta\/por-que-algunos-cerebros-razonan-mejor-que-otros\/#breadcrumb"},"inLanguage":"es","potentialAction":[{"@type":"ReadAction","target":["https:\/\/instituciones.gtm.sld.cu\/dmsmta\/por-que-algunos-cerebros-razonan-mejor-que-otros\/"]}]},{"@type":"BreadcrumbList","@id":"https:\/\/instituciones.gtm.sld.cu\/dmsmta\/por-que-algunos-cerebros-razonan-mejor-que-otros\/#breadcrumb","itemListElement":[{"@type":"ListItem","position":1,"name":"Portada","item":"https:\/\/instituciones.gtm.sld.cu\/dmsmta\/"},{"@type":"ListItem","position":2,"name":"\u00bfPor qu\u00e9 algunos cerebros razonan mejor que otros?"}]},{"@type":"WebSite","@id":"https:\/\/instituciones.gtm.sld.cu\/dmsmta\/#website","url":"https:\/\/instituciones.gtm.sld.cu\/dmsmta\/","name":"Direcci\u00f3n General de Salud","description":"Manuel Tames","potentialAction":[{"@type":"SearchAction","target":{"@type":"EntryPoint","urlTemplate":"https:\/\/instituciones.gtm.sld.cu\/dmsmta\/?s={search_term_string}"},"query-input":"required name=search_term_string"}],"inLanguage":"es"},{"@type":"Person","@id":"https:\/\/instituciones.gtm.sld.cu\/dmsmta\/#\/schema\/person\/20a8a2fa26b9875f4370f2e0c5487910","name":"dmsmta","url":"https:\/\/instituciones.gtm.sld.cu\/dmsmta\/author\/dmsmta\/"}]}},"_links":{"self":[{"href":"https:\/\/instituciones.gtm.sld.cu\/dmsmta\/wp-json\/wp\/v2\/posts\/2295"}],"collection":[{"href":"https:\/\/instituciones.gtm.sld.cu\/dmsmta\/wp-json\/wp\/v2\/posts"}],"about":[{"href":"https:\/\/instituciones.gtm.sld.cu\/dmsmta\/wp-json\/wp\/v2\/types\/post"}],"author":[{"embeddable":true,"href":"https:\/\/instituciones.gtm.sld.cu\/dmsmta\/wp-json\/wp\/v2\/users\/79"}],"replies":[{"embeddable":true,"href":"https:\/\/instituciones.gtm.sld.cu\/dmsmta\/wp-json\/wp\/v2\/comments?post=2295"}],"version-history":[{"count":1,"href":"https:\/\/instituciones.gtm.sld.cu\/dmsmta\/wp-json\/wp\/v2\/posts\/2295\/revisions"}],"predecessor-version":[{"id":2297,"href":"https:\/\/instituciones.gtm.sld.cu\/dmsmta\/wp-json\/wp\/v2\/posts\/2295\/revisions\/2297"}],"wp:featuredmedia":[{"embeddable":true,"href":"https:\/\/instituciones.gtm.sld.cu\/dmsmta\/wp-json\/wp\/v2\/media\/2296"}],"wp:attachment":[{"href":"https:\/\/instituciones.gtm.sld.cu\/dmsmta\/wp-json\/wp\/v2\/media?parent=2295"}],"wp:term":[{"taxonomy":"category","embeddable":true,"href":"https:\/\/instituciones.gtm.sld.cu\/dmsmta\/wp-json\/wp\/v2\/categories?post=2295"},{"taxonomy":"post_tag","embeddable":true,"href":"https:\/\/instituciones.gtm.sld.cu\/dmsmta\/wp-json\/wp\/v2\/tags?post=2295"}],"curies":[{"name":"wp","href":"https:\/\/api.w.org\/{rel}","templated":true}]}}