{"id":2337,"date":"2025-11-19T12:19:56","date_gmt":"2025-11-19T17:19:56","guid":{"rendered":"https:\/\/instituciones.gtm.sld.cu\/dmsmta\/?p=2337"},"modified":"2025-11-19T12:19:56","modified_gmt":"2025-11-19T17:19:56","slug":"difunde-ipk-protocolo-nacional-para-manejo-del-chikungunya","status":"publish","type":"post","link":"https:\/\/instituciones.gtm.sld.cu\/dmsmta\/difunde-ipk-protocolo-nacional-para-manejo-del-chikungunya\/","title":{"rendered":"Difunde IPK protocolo nacional para manejo del Chikungunya"},"content":{"rendered":"<div class=\"body-noticia col-md-12 col-sm-12 col-xs-12\">\n<div class=\"field field-name-body field-type-text-with-summary field-label-hidden\">\n<div class=\"field-items\">\n<div class=\"field-item even\">\n<p style=\"text-align: justify\"><span style=\"font-size: 14pt\">El Instituto de Medicina Tropical Pedro Kour\u00ed (IPK) difundi\u00f3 la versi\u00f3n 1.2 del Protocolo Nacional de Manejo e Investigaciones para pacientes con fiebre de Chikungunya, elaborado por el Ministerio de Salud P\u00fablica (Minsap) .&nbsp;&nbsp;<\/span><\/p>\n<p style=\"text-align: justify\"><span style=\"font-size: 14pt\">La gu\u00eda, divulgada en el perfil institucional de Facebook del IPK, expone las fases de la enfermedad desde la etapa aguda hasta la cr\u00f3nica y establece criterios cl\u00ednicos para la atenci\u00f3n en hospitales y unidades de cuidados intensivos.<\/span><\/p>\n<p style=\"text-align: justify\"><span style=\"font-size: 14pt\">Tambi\u00e9n define casos sospechosos y confirmados, adem\u00e1s de ofrecer orientaciones para el diagn\u00f3stico diferencial con Dengue y Zika.<\/span><\/p>\n<p style=\"text-align: justify\"><span style=\"font-size: 14pt\">Entre las manifestaciones m\u00e1s frecuentes se se\u00f1alan la fiebre s\u00fabita y el dolor articular intenso, mientras que complicaciones neurol\u00f3gicas, card\u00edacas y renales se consideran de alto riesgo en adultos mayores, ni\u00f1os peque\u00f1os y personas con enfermedades cr\u00f3nicas.&nbsp;&nbsp;<\/span><\/p>\n<p style=\"text-align: justify\"><span style=\"font-size: 14pt\">El protocolo recomienda atenci\u00f3n multidisciplinaria en pacientes graves, con vigilancia estrecha de las funciones vitales y seguimiento ambulatorio posterior al alta para prevenir complicaciones tard\u00edas.&nbsp;<\/span><\/p>\n<p style=\"text-align: justify\"><span style=\"font-size: 14pt\">Se establecen tambi\u00e9n pautas de tratamiento sintom\u00e1tico en cada fase, con \u00e9nfasis en el control del dolor y la hidrataci\u00f3n.&nbsp;&nbsp;<\/span><\/p>\n<p style=\"text-align: justify\"><span style=\"font-size: 14pt\">En el apartado de neonatolog\u00eda se aborda la transmisi\u00f3n vertical del virus de madre a hijo, con medidas de vigilancia cl\u00ednica y diagn\u00f3stico molecular en reci\u00e9n nacidos expuestos.&nbsp;<\/span><\/p>\n<p style=\"text-align: justify\"><span style=\"font-size: 14pt\">Se advierte que la observaci\u00f3n debe extenderse hasta los 15 d\u00edas de vida para detectar posibles complicaciones.&nbsp;&nbsp;<\/span><\/p>\n<p style=\"text-align: justify\"><span style=\"font-size: 14pt\">El documento incorpora referencias de la Organizaci\u00f3n Panamericana de la Salud y de la Organizaci\u00f3n Mundial de la Salud, as\u00ed como estudios recientes sobre complicaciones neurol\u00f3gicas y cardiovasculares asociadas al virus.&nbsp;&nbsp;<\/span><\/p>\n<p style=\"text-align: justify\"><span style=\"font-size: 14pt\">Con este protocolo, el sistema nacional de salud refuerza la preparaci\u00f3n ante el brote iniciado en julio en Matanzas y la presencia de casos en varias provincias, incluida La Habana.&nbsp;&nbsp;<\/span><\/p>\n<\/div>\n<p><em><strong>Tomado de Cubasi<\/strong><\/em><\/p>\n<p><em><strong>https:\/\/cubasi.cu\/es\/noticia\/difunde-ipk-protocolo-nacional-para-manejo-del-chikungunya<\/strong><\/em><\/p>\n<\/div>\n<\/div>\n<\/div>\n","protected":false},"excerpt":{"rendered":"<p>El Instituto de Medicina Tropical Pedro Kour\u00ed (IPK) difundi\u00f3 la versi\u00f3n 1.2 del Protocolo Nacional de Manejo e Investigaciones para pacientes con fiebre de Chikungunya, elaborado por el Ministerio de Salud P\u00fablica (Minsap) .&nbsp;&nbsp; La gu\u00eda, divulgada en el perfil institucional de Facebook del IPK, expone las fases de la enfermedad desde la etapa aguda &hellip; <\/p>\n<p><a class=\"more-link btn\" href=\"https:\/\/instituciones.gtm.sld.cu\/dmsmta\/difunde-ipk-protocolo-nacional-para-manejo-del-chikungunya\/\">Seguir leyendo<\/a><\/p>\n","protected":false},"author":79,"featured_media":2338,"comment_status":"closed","ping_status":"open","sticky":false,"template":"","format":"standard","meta":{"ngg_post_thumbnail":0},"categories":[25],"tags":[],"yoast_head":"<!-- This site is optimized with the Yoast SEO plugin v21.8 - https:\/\/yoast.com\/wordpress\/plugins\/seo\/ -->\n<title>Difunde IPK protocolo nacional para manejo del Chikungunya - Direcci\u00f3n General de Salud<\/title>\n<meta name=\"robots\" content=\"index, follow, max-snippet:-1, max-image-preview:large, max-video-preview:-1\" \/>\n<link rel=\"canonical\" href=\"https:\/\/instituciones.gtm.sld.cu\/dmsmta\/difunde-ipk-protocolo-nacional-para-manejo-del-chikungunya\/\" \/>\n<meta property=\"og:locale\" content=\"es_ES\" \/>\n<meta property=\"og:type\" content=\"article\" \/>\n<meta property=\"og:title\" content=\"Difunde IPK protocolo nacional para manejo del Chikungunya - Direcci\u00f3n General de Salud\" \/>\n<meta property=\"og:description\" content=\"El Instituto de Medicina Tropical Pedro Kour\u00ed (IPK) difundi\u00f3 la versi\u00f3n 1.2 del Protocolo Nacional de Manejo e Investigaciones para pacientes con fiebre de Chikungunya, elaborado por el Ministerio de Salud P\u00fablica (Minsap) .&nbsp;&nbsp; La gu\u00eda, divulgada en el perfil institucional de Facebook del IPK, expone las fases de la enfermedad desde la etapa aguda &hellip; Seguir leyendo\" \/>\n<meta property=\"og:url\" content=\"https:\/\/instituciones.gtm.sld.cu\/dmsmta\/difunde-ipk-protocolo-nacional-para-manejo-del-chikungunya\/\" \/>\n<meta property=\"og:site_name\" content=\"Direcci\u00f3n General de Salud\" \/>\n<meta property=\"article:published_time\" content=\"2025-11-19T17:19:56+00:00\" \/>\n<meta property=\"og:image\" content=\"http:\/\/instituciones.gtm.sld.cu\/dmsmta\/wp-content\/uploads\/sites\/32\/2025\/11\/chikungunya_0.jpg\" \/>\n\t<meta property=\"og:image:width\" content=\"766\" \/>\n\t<meta property=\"og:image:height\" content=\"421\" \/>\n\t<meta property=\"og:image:type\" content=\"image\/jpeg\" \/>\n<meta name=\"author\" content=\"dmsmta\" \/>\n<meta name=\"twitter:card\" content=\"summary_large_image\" \/>\n<meta name=\"twitter:label1\" content=\"Escrito por\" \/>\n\t<meta name=\"twitter:data1\" content=\"dmsmta\" \/>\n\t<meta name=\"twitter:label2\" content=\"Tiempo de lectura\" \/>\n\t<meta name=\"twitter:data2\" content=\"2 minutos\" \/>\n<script type=\"application\/ld+json\" class=\"yoast-schema-graph\">{\"@context\":\"https:\/\/schema.org\",\"@graph\":[{\"@type\":\"WebPage\",\"@id\":\"https:\/\/instituciones.gtm.sld.cu\/dmsmta\/difunde-ipk-protocolo-nacional-para-manejo-del-chikungunya\/\",\"url\":\"https:\/\/instituciones.gtm.sld.cu\/dmsmta\/difunde-ipk-protocolo-nacional-para-manejo-del-chikungunya\/\",\"name\":\"Difunde IPK protocolo nacional para manejo del Chikungunya - Direcci\u00f3n General de Salud\",\"isPartOf\":{\"@id\":\"https:\/\/instituciones.gtm.sld.cu\/dmsmta\/#website\"},\"datePublished\":\"2025-11-19T17:19:56+00:00\",\"dateModified\":\"2025-11-19T17:19:56+00:00\",\"author\":{\"@id\":\"https:\/\/instituciones.gtm.sld.cu\/dmsmta\/#\/schema\/person\/20a8a2fa26b9875f4370f2e0c5487910\"},\"breadcrumb\":{\"@id\":\"https:\/\/instituciones.gtm.sld.cu\/dmsmta\/difunde-ipk-protocolo-nacional-para-manejo-del-chikungunya\/#breadcrumb\"},\"inLanguage\":\"es\",\"potentialAction\":[{\"@type\":\"ReadAction\",\"target\":[\"https:\/\/instituciones.gtm.sld.cu\/dmsmta\/difunde-ipk-protocolo-nacional-para-manejo-del-chikungunya\/\"]}]},{\"@type\":\"BreadcrumbList\",\"@id\":\"https:\/\/instituciones.gtm.sld.cu\/dmsmta\/difunde-ipk-protocolo-nacional-para-manejo-del-chikungunya\/#breadcrumb\",\"itemListElement\":[{\"@type\":\"ListItem\",\"position\":1,\"name\":\"Portada\",\"item\":\"https:\/\/instituciones.gtm.sld.cu\/dmsmta\/\"},{\"@type\":\"ListItem\",\"position\":2,\"name\":\"Difunde IPK protocolo nacional para manejo del Chikungunya\"}]},{\"@type\":\"WebSite\",\"@id\":\"https:\/\/instituciones.gtm.sld.cu\/dmsmta\/#website\",\"url\":\"https:\/\/instituciones.gtm.sld.cu\/dmsmta\/\",\"name\":\"Direcci\u00f3n General de Salud\",\"description\":\"Manuel Tames\",\"potentialAction\":[{\"@type\":\"SearchAction\",\"target\":{\"@type\":\"EntryPoint\",\"urlTemplate\":\"https:\/\/instituciones.gtm.sld.cu\/dmsmta\/?s={search_term_string}\"},\"query-input\":\"required name=search_term_string\"}],\"inLanguage\":\"es\"},{\"@type\":\"Person\",\"@id\":\"https:\/\/instituciones.gtm.sld.cu\/dmsmta\/#\/schema\/person\/20a8a2fa26b9875f4370f2e0c5487910\",\"name\":\"dmsmta\",\"url\":\"https:\/\/instituciones.gtm.sld.cu\/dmsmta\/author\/dmsmta\/\"}]}<\/script>\n<!-- \/ Yoast SEO plugin. -->","yoast_head_json":{"title":"Difunde IPK protocolo nacional para manejo del Chikungunya - Direcci\u00f3n General de Salud","robots":{"index":"index","follow":"follow","max-snippet":"max-snippet:-1","max-image-preview":"max-image-preview:large","max-video-preview":"max-video-preview:-1"},"canonical":"https:\/\/instituciones.gtm.sld.cu\/dmsmta\/difunde-ipk-protocolo-nacional-para-manejo-del-chikungunya\/","og_locale":"es_ES","og_type":"article","og_title":"Difunde IPK protocolo nacional para manejo del Chikungunya - Direcci\u00f3n General de Salud","og_description":"El Instituto de Medicina Tropical Pedro Kour\u00ed (IPK) difundi\u00f3 la versi\u00f3n 1.2 del Protocolo Nacional de Manejo e Investigaciones para pacientes con fiebre de Chikungunya, elaborado por el Ministerio de Salud P\u00fablica (Minsap) .&nbsp;&nbsp; La gu\u00eda, divulgada en el perfil institucional de Facebook del IPK, expone las fases de la enfermedad desde la etapa aguda &hellip; Seguir leyendo","og_url":"https:\/\/instituciones.gtm.sld.cu\/dmsmta\/difunde-ipk-protocolo-nacional-para-manejo-del-chikungunya\/","og_site_name":"Direcci\u00f3n General de Salud","article_published_time":"2025-11-19T17:19:56+00:00","og_image":[{"width":766,"height":421,"url":"http:\/\/instituciones.gtm.sld.cu\/dmsmta\/wp-content\/uploads\/sites\/32\/2025\/11\/chikungunya_0.jpg","type":"image\/jpeg"}],"author":"dmsmta","twitter_card":"summary_large_image","twitter_misc":{"Escrito por":"dmsmta","Tiempo de lectura":"2 minutos"},"schema":{"@context":"https:\/\/schema.org","@graph":[{"@type":"WebPage","@id":"https:\/\/instituciones.gtm.sld.cu\/dmsmta\/difunde-ipk-protocolo-nacional-para-manejo-del-chikungunya\/","url":"https:\/\/instituciones.gtm.sld.cu\/dmsmta\/difunde-ipk-protocolo-nacional-para-manejo-del-chikungunya\/","name":"Difunde IPK protocolo nacional para manejo del Chikungunya - Direcci\u00f3n General de Salud","isPartOf":{"@id":"https:\/\/instituciones.gtm.sld.cu\/dmsmta\/#website"},"datePublished":"2025-11-19T17:19:56+00:00","dateModified":"2025-11-19T17:19:56+00:00","author":{"@id":"https:\/\/instituciones.gtm.sld.cu\/dmsmta\/#\/schema\/person\/20a8a2fa26b9875f4370f2e0c5487910"},"breadcrumb":{"@id":"https:\/\/instituciones.gtm.sld.cu\/dmsmta\/difunde-ipk-protocolo-nacional-para-manejo-del-chikungunya\/#breadcrumb"},"inLanguage":"es","potentialAction":[{"@type":"ReadAction","target":["https:\/\/instituciones.gtm.sld.cu\/dmsmta\/difunde-ipk-protocolo-nacional-para-manejo-del-chikungunya\/"]}]},{"@type":"BreadcrumbList","@id":"https:\/\/instituciones.gtm.sld.cu\/dmsmta\/difunde-ipk-protocolo-nacional-para-manejo-del-chikungunya\/#breadcrumb","itemListElement":[{"@type":"ListItem","position":1,"name":"Portada","item":"https:\/\/instituciones.gtm.sld.cu\/dmsmta\/"},{"@type":"ListItem","position":2,"name":"Difunde IPK protocolo nacional para manejo del Chikungunya"}]},{"@type":"WebSite","@id":"https:\/\/instituciones.gtm.sld.cu\/dmsmta\/#website","url":"https:\/\/instituciones.gtm.sld.cu\/dmsmta\/","name":"Direcci\u00f3n General de Salud","description":"Manuel Tames","potentialAction":[{"@type":"SearchAction","target":{"@type":"EntryPoint","urlTemplate":"https:\/\/instituciones.gtm.sld.cu\/dmsmta\/?s={search_term_string}"},"query-input":"required name=search_term_string"}],"inLanguage":"es"},{"@type":"Person","@id":"https:\/\/instituciones.gtm.sld.cu\/dmsmta\/#\/schema\/person\/20a8a2fa26b9875f4370f2e0c5487910","name":"dmsmta","url":"https:\/\/instituciones.gtm.sld.cu\/dmsmta\/author\/dmsmta\/"}]}},"_links":{"self":[{"href":"https:\/\/instituciones.gtm.sld.cu\/dmsmta\/wp-json\/wp\/v2\/posts\/2337"}],"collection":[{"href":"https:\/\/instituciones.gtm.sld.cu\/dmsmta\/wp-json\/wp\/v2\/posts"}],"about":[{"href":"https:\/\/instituciones.gtm.sld.cu\/dmsmta\/wp-json\/wp\/v2\/types\/post"}],"author":[{"embeddable":true,"href":"https:\/\/instituciones.gtm.sld.cu\/dmsmta\/wp-json\/wp\/v2\/users\/79"}],"replies":[{"embeddable":true,"href":"https:\/\/instituciones.gtm.sld.cu\/dmsmta\/wp-json\/wp\/v2\/comments?post=2337"}],"version-history":[{"count":2,"href":"https:\/\/instituciones.gtm.sld.cu\/dmsmta\/wp-json\/wp\/v2\/posts\/2337\/revisions"}],"predecessor-version":[{"id":2340,"href":"https:\/\/instituciones.gtm.sld.cu\/dmsmta\/wp-json\/wp\/v2\/posts\/2337\/revisions\/2340"}],"wp:featuredmedia":[{"embeddable":true,"href":"https:\/\/instituciones.gtm.sld.cu\/dmsmta\/wp-json\/wp\/v2\/media\/2338"}],"wp:attachment":[{"href":"https:\/\/instituciones.gtm.sld.cu\/dmsmta\/wp-json\/wp\/v2\/media?parent=2337"}],"wp:term":[{"taxonomy":"category","embeddable":true,"href":"https:\/\/instituciones.gtm.sld.cu\/dmsmta\/wp-json\/wp\/v2\/categories?post=2337"},{"taxonomy":"post_tag","embeddable":true,"href":"https:\/\/instituciones.gtm.sld.cu\/dmsmta\/wp-json\/wp\/v2\/tags?post=2337"}],"curies":[{"name":"wp","href":"https:\/\/api.w.org\/{rel}","templated":true}]}}