{"id":2342,"date":"2026-01-05T10:36:24","date_gmt":"2026-01-05T15:36:24","guid":{"rendered":"https:\/\/instituciones.gtm.sld.cu\/dmsmta\/?p=2342"},"modified":"2026-01-05T10:36:24","modified_gmt":"2026-01-05T15:36:24","slug":"pensar-en-positivo-cambia-al-cerebro-en-pocos-segundos","status":"publish","type":"post","link":"https:\/\/instituciones.gtm.sld.cu\/dmsmta\/pensar-en-positivo-cambia-al-cerebro-en-pocos-segundos\/","title":{"rendered":"Pensar en positivo cambia al cerebro en pocos segundos"},"content":{"rendered":"<div class=\"body-noticia col-md-12 col-sm-12 col-xs-12\">\n<div class=\"field field-name-body field-type-text-with-summary field-label-hidden\">\n<div class=\"field-items\">\n<div class=\"field-item even\">\n<p style=\"text-align: justify\"><span style=\"font-size: 14pt\">Imaginar una experiencia positiva puede cambiar la forma en que el cerebro almacena la informaci\u00f3n, motivando m\u00e1s nuestra mente e influyendo en nuestras decisiones.<\/span><br \/>\n<span style=\"font-size: 14pt\">&nbsp; &nbsp;&nbsp;<\/span><br \/>\n<span style=\"font-size: 14pt\">As\u00ed lo afirma un estudio publicado en la revista Nature Communications por la Universidad de Colorado en Boulder y el Instituto Max Planck de Ciencias Cognitivas y Cerebrales (Alemania).<\/span><br \/>\n<span style=\"font-size: 14pt\">&nbsp; &nbsp;&nbsp;<\/span><br \/>\n<span style=\"font-size: 14pt\">Los hallazgos demuestran que \u00abpodemos aprender de experiencias imaginadas, y en el cerebro esto ocurre de forma muy similar a como aprendemos de experiencias reales\u00bb, afirma Roland Benoit, coordinador del estudio y profesor asociado de psicolog\u00eda y neurociencia en la Universidad de Colorado.<\/span><br \/>\n<span style=\"font-size: 14pt\">&nbsp; &nbsp;&nbsp;<\/span><br \/>\n<span style=\"font-size: 14pt\">\u00abEsto sugiere que la imaginaci\u00f3n no es pasiva -agrega Aroma Dabas, primer autor- sino que puede moldear activamente nuestras expectativas y elecciones\u00bb.<\/span><br \/>\n<span style=\"font-size: 14pt\">&nbsp; &nbsp;&nbsp;<\/span><br \/>\n<span style=\"font-size: 14pt\">Los neurocient\u00edficos descubrieron esto en un experimento con 50 voluntarios, a quienes se les pidi\u00f3 que enumeraran 30 personas, dividi\u00e9ndolas en tres grupos seg\u00fan si las consideraban agradables, neutrales o desagradables.<\/span><\/p>\n<p style=\"text-align: justify\"><span style=\"font-size: 14pt\">Posteriormente, los participantes se sometieron a una resonancia magn\u00e9tica funcional (IRMf) para monitorizar su actividad cerebral mientras imaginaban intensamente una experiencia positiva o negativa con cada una de las personas neutrales.<\/span><br \/>\n<span style=\"font-size: 14pt\">&nbsp; &nbsp;&nbsp;<\/span><br \/>\n<span style=\"font-size: 14pt\">Al final de la prueba, los participantes desarrollaron una preferencia por las personas con las que m\u00e1s se divert\u00edan en su imaginaci\u00f3n y, en una prueba posterior, indicaron que les gustaban m\u00e1s.<\/span><br \/>\n<span style=\"font-size: 14pt\">&nbsp; &nbsp;&nbsp;<\/span><br \/>\n<span style=\"font-size: 14pt\">Esto se debe a la activaci\u00f3n de la regi\u00f3n cerebral llamada estriado ventral, que regula el error de predicci\u00f3n de recompensa y trabaja en conjunto con la corteza prefrontal dorsomedial, involucrada en el almacenamiento de recuerdos de personas individuales.<\/span><br \/>\n<span style=\"font-size: 14pt\">&nbsp; &nbsp;&nbsp;<\/span><br \/>\n<span style=\"font-size: 14pt\">Los hallazgos de esta investigaci\u00f3n podr\u00edan proporcionar nuevas formas de abordar problemas de salud mental, mejorar las relaciones e incluso mejorar el rendimiento de atletas y m\u00fasicos.<\/span><\/p>\n<\/div>\n<p><em><strong>Tomado de Cubasi<\/strong><\/em><\/p>\n<\/div>\n<\/div>\n<\/div>\n","protected":false},"excerpt":{"rendered":"<p>Imaginar una experiencia positiva puede cambiar la forma en que el cerebro almacena la informaci\u00f3n, motivando m\u00e1s nuestra mente e influyendo en nuestras decisiones. &nbsp; &nbsp;&nbsp; As\u00ed lo afirma un estudio publicado en la revista Nature Communications por la Universidad de Colorado en Boulder y el Instituto Max Planck de Ciencias Cognitivas y Cerebrales (Alemania). &hellip; <\/p>\n<p><a class=\"more-link btn\" href=\"https:\/\/instituciones.gtm.sld.cu\/dmsmta\/pensar-en-positivo-cambia-al-cerebro-en-pocos-segundos\/\">Seguir leyendo<\/a><\/p>\n","protected":false},"author":79,"featured_media":2343,"comment_status":"closed","ping_status":"open","sticky":false,"template":"","format":"standard","meta":{"ngg_post_thumbnail":0},"categories":[25],"tags":[],"yoast_head":"<!-- This site is optimized with the Yoast SEO plugin v21.8 - https:\/\/yoast.com\/wordpress\/plugins\/seo\/ -->\n<title>Pensar en positivo cambia al cerebro en pocos segundos - Direcci\u00f3n General de Salud<\/title>\n<meta name=\"robots\" content=\"index, follow, max-snippet:-1, max-image-preview:large, max-video-preview:-1\" \/>\n<link rel=\"canonical\" href=\"https:\/\/instituciones.gtm.sld.cu\/dmsmta\/pensar-en-positivo-cambia-al-cerebro-en-pocos-segundos\/\" \/>\n<meta property=\"og:locale\" content=\"es_ES\" \/>\n<meta property=\"og:type\" content=\"article\" \/>\n<meta property=\"og:title\" content=\"Pensar en positivo cambia al cerebro en pocos segundos - Direcci\u00f3n General de Salud\" \/>\n<meta property=\"og:description\" content=\"Imaginar una experiencia positiva puede cambiar la forma en que el cerebro almacena la informaci\u00f3n, motivando m\u00e1s nuestra mente e influyendo en nuestras decisiones. &nbsp; &nbsp;&nbsp; As\u00ed lo afirma un estudio publicado en la revista Nature Communications por la Universidad de Colorado en Boulder y el Instituto Max Planck de Ciencias Cognitivas y Cerebrales (Alemania). &hellip; Seguir leyendo\" \/>\n<meta property=\"og:url\" content=\"https:\/\/instituciones.gtm.sld.cu\/dmsmta\/pensar-en-positivo-cambia-al-cerebro-en-pocos-segundos\/\" \/>\n<meta property=\"og:site_name\" content=\"Direcci\u00f3n General de Salud\" \/>\n<meta property=\"article:published_time\" content=\"2026-01-05T15:36:24+00:00\" \/>\n<meta property=\"og:image\" content=\"http:\/\/instituciones.gtm.sld.cu\/dmsmta\/wp-content\/uploads\/sites\/32\/2026\/01\/cerebro_8.jpg\" \/>\n\t<meta property=\"og:image:width\" content=\"766\" \/>\n\t<meta property=\"og:image:height\" content=\"421\" \/>\n\t<meta property=\"og:image:type\" content=\"image\/jpeg\" \/>\n<meta name=\"author\" content=\"dmsmta\" \/>\n<meta name=\"twitter:card\" content=\"summary_large_image\" \/>\n<meta name=\"twitter:label1\" content=\"Escrito por\" \/>\n\t<meta name=\"twitter:data1\" content=\"dmsmta\" \/>\n\t<meta name=\"twitter:label2\" content=\"Tiempo de lectura\" \/>\n\t<meta name=\"twitter:data2\" content=\"2 minutos\" \/>\n<script type=\"application\/ld+json\" class=\"yoast-schema-graph\">{\"@context\":\"https:\/\/schema.org\",\"@graph\":[{\"@type\":\"WebPage\",\"@id\":\"https:\/\/instituciones.gtm.sld.cu\/dmsmta\/pensar-en-positivo-cambia-al-cerebro-en-pocos-segundos\/\",\"url\":\"https:\/\/instituciones.gtm.sld.cu\/dmsmta\/pensar-en-positivo-cambia-al-cerebro-en-pocos-segundos\/\",\"name\":\"Pensar en positivo cambia al cerebro en pocos segundos - Direcci\u00f3n General de Salud\",\"isPartOf\":{\"@id\":\"https:\/\/instituciones.gtm.sld.cu\/dmsmta\/#website\"},\"datePublished\":\"2026-01-05T15:36:24+00:00\",\"dateModified\":\"2026-01-05T15:36:24+00:00\",\"author\":{\"@id\":\"https:\/\/instituciones.gtm.sld.cu\/dmsmta\/#\/schema\/person\/20a8a2fa26b9875f4370f2e0c5487910\"},\"breadcrumb\":{\"@id\":\"https:\/\/instituciones.gtm.sld.cu\/dmsmta\/pensar-en-positivo-cambia-al-cerebro-en-pocos-segundos\/#breadcrumb\"},\"inLanguage\":\"es\",\"potentialAction\":[{\"@type\":\"ReadAction\",\"target\":[\"https:\/\/instituciones.gtm.sld.cu\/dmsmta\/pensar-en-positivo-cambia-al-cerebro-en-pocos-segundos\/\"]}]},{\"@type\":\"BreadcrumbList\",\"@id\":\"https:\/\/instituciones.gtm.sld.cu\/dmsmta\/pensar-en-positivo-cambia-al-cerebro-en-pocos-segundos\/#breadcrumb\",\"itemListElement\":[{\"@type\":\"ListItem\",\"position\":1,\"name\":\"Portada\",\"item\":\"https:\/\/instituciones.gtm.sld.cu\/dmsmta\/\"},{\"@type\":\"ListItem\",\"position\":2,\"name\":\"Pensar en positivo cambia al cerebro en pocos segundos\"}]},{\"@type\":\"WebSite\",\"@id\":\"https:\/\/instituciones.gtm.sld.cu\/dmsmta\/#website\",\"url\":\"https:\/\/instituciones.gtm.sld.cu\/dmsmta\/\",\"name\":\"Direcci\u00f3n General de Salud\",\"description\":\"Manuel Tames\",\"potentialAction\":[{\"@type\":\"SearchAction\",\"target\":{\"@type\":\"EntryPoint\",\"urlTemplate\":\"https:\/\/instituciones.gtm.sld.cu\/dmsmta\/?s={search_term_string}\"},\"query-input\":\"required name=search_term_string\"}],\"inLanguage\":\"es\"},{\"@type\":\"Person\",\"@id\":\"https:\/\/instituciones.gtm.sld.cu\/dmsmta\/#\/schema\/person\/20a8a2fa26b9875f4370f2e0c5487910\",\"name\":\"dmsmta\",\"url\":\"https:\/\/instituciones.gtm.sld.cu\/dmsmta\/author\/dmsmta\/\"}]}<\/script>\n<!-- \/ Yoast SEO plugin. -->","yoast_head_json":{"title":"Pensar en positivo cambia al cerebro en pocos segundos - Direcci\u00f3n General de Salud","robots":{"index":"index","follow":"follow","max-snippet":"max-snippet:-1","max-image-preview":"max-image-preview:large","max-video-preview":"max-video-preview:-1"},"canonical":"https:\/\/instituciones.gtm.sld.cu\/dmsmta\/pensar-en-positivo-cambia-al-cerebro-en-pocos-segundos\/","og_locale":"es_ES","og_type":"article","og_title":"Pensar en positivo cambia al cerebro en pocos segundos - Direcci\u00f3n General de Salud","og_description":"Imaginar una experiencia positiva puede cambiar la forma en que el cerebro almacena la informaci\u00f3n, motivando m\u00e1s nuestra mente e influyendo en nuestras decisiones. &nbsp; &nbsp;&nbsp; As\u00ed lo afirma un estudio publicado en la revista Nature Communications por la Universidad de Colorado en Boulder y el Instituto Max Planck de Ciencias Cognitivas y Cerebrales (Alemania). &hellip; Seguir leyendo","og_url":"https:\/\/instituciones.gtm.sld.cu\/dmsmta\/pensar-en-positivo-cambia-al-cerebro-en-pocos-segundos\/","og_site_name":"Direcci\u00f3n General de Salud","article_published_time":"2026-01-05T15:36:24+00:00","og_image":[{"width":766,"height":421,"url":"http:\/\/instituciones.gtm.sld.cu\/dmsmta\/wp-content\/uploads\/sites\/32\/2026\/01\/cerebro_8.jpg","type":"image\/jpeg"}],"author":"dmsmta","twitter_card":"summary_large_image","twitter_misc":{"Escrito por":"dmsmta","Tiempo de lectura":"2 minutos"},"schema":{"@context":"https:\/\/schema.org","@graph":[{"@type":"WebPage","@id":"https:\/\/instituciones.gtm.sld.cu\/dmsmta\/pensar-en-positivo-cambia-al-cerebro-en-pocos-segundos\/","url":"https:\/\/instituciones.gtm.sld.cu\/dmsmta\/pensar-en-positivo-cambia-al-cerebro-en-pocos-segundos\/","name":"Pensar en positivo cambia al cerebro en pocos segundos - Direcci\u00f3n General de Salud","isPartOf":{"@id":"https:\/\/instituciones.gtm.sld.cu\/dmsmta\/#website"},"datePublished":"2026-01-05T15:36:24+00:00","dateModified":"2026-01-05T15:36:24+00:00","author":{"@id":"https:\/\/instituciones.gtm.sld.cu\/dmsmta\/#\/schema\/person\/20a8a2fa26b9875f4370f2e0c5487910"},"breadcrumb":{"@id":"https:\/\/instituciones.gtm.sld.cu\/dmsmta\/pensar-en-positivo-cambia-al-cerebro-en-pocos-segundos\/#breadcrumb"},"inLanguage":"es","potentialAction":[{"@type":"ReadAction","target":["https:\/\/instituciones.gtm.sld.cu\/dmsmta\/pensar-en-positivo-cambia-al-cerebro-en-pocos-segundos\/"]}]},{"@type":"BreadcrumbList","@id":"https:\/\/instituciones.gtm.sld.cu\/dmsmta\/pensar-en-positivo-cambia-al-cerebro-en-pocos-segundos\/#breadcrumb","itemListElement":[{"@type":"ListItem","position":1,"name":"Portada","item":"https:\/\/instituciones.gtm.sld.cu\/dmsmta\/"},{"@type":"ListItem","position":2,"name":"Pensar en positivo cambia al cerebro en pocos segundos"}]},{"@type":"WebSite","@id":"https:\/\/instituciones.gtm.sld.cu\/dmsmta\/#website","url":"https:\/\/instituciones.gtm.sld.cu\/dmsmta\/","name":"Direcci\u00f3n General de Salud","description":"Manuel Tames","potentialAction":[{"@type":"SearchAction","target":{"@type":"EntryPoint","urlTemplate":"https:\/\/instituciones.gtm.sld.cu\/dmsmta\/?s={search_term_string}"},"query-input":"required name=search_term_string"}],"inLanguage":"es"},{"@type":"Person","@id":"https:\/\/instituciones.gtm.sld.cu\/dmsmta\/#\/schema\/person\/20a8a2fa26b9875f4370f2e0c5487910","name":"dmsmta","url":"https:\/\/instituciones.gtm.sld.cu\/dmsmta\/author\/dmsmta\/"}]}},"_links":{"self":[{"href":"https:\/\/instituciones.gtm.sld.cu\/dmsmta\/wp-json\/wp\/v2\/posts\/2342"}],"collection":[{"href":"https:\/\/instituciones.gtm.sld.cu\/dmsmta\/wp-json\/wp\/v2\/posts"}],"about":[{"href":"https:\/\/instituciones.gtm.sld.cu\/dmsmta\/wp-json\/wp\/v2\/types\/post"}],"author":[{"embeddable":true,"href":"https:\/\/instituciones.gtm.sld.cu\/dmsmta\/wp-json\/wp\/v2\/users\/79"}],"replies":[{"embeddable":true,"href":"https:\/\/instituciones.gtm.sld.cu\/dmsmta\/wp-json\/wp\/v2\/comments?post=2342"}],"version-history":[{"count":1,"href":"https:\/\/instituciones.gtm.sld.cu\/dmsmta\/wp-json\/wp\/v2\/posts\/2342\/revisions"}],"predecessor-version":[{"id":2344,"href":"https:\/\/instituciones.gtm.sld.cu\/dmsmta\/wp-json\/wp\/v2\/posts\/2342\/revisions\/2344"}],"wp:featuredmedia":[{"embeddable":true,"href":"https:\/\/instituciones.gtm.sld.cu\/dmsmta\/wp-json\/wp\/v2\/media\/2343"}],"wp:attachment":[{"href":"https:\/\/instituciones.gtm.sld.cu\/dmsmta\/wp-json\/wp\/v2\/media?parent=2342"}],"wp:term":[{"taxonomy":"category","embeddable":true,"href":"https:\/\/instituciones.gtm.sld.cu\/dmsmta\/wp-json\/wp\/v2\/categories?post=2342"},{"taxonomy":"post_tag","embeddable":true,"href":"https:\/\/instituciones.gtm.sld.cu\/dmsmta\/wp-json\/wp\/v2\/tags?post=2342"}],"curies":[{"name":"wp","href":"https:\/\/api.w.org\/{rel}","templated":true}]}}