{"id":831,"date":"2019-04-09T14:14:20","date_gmt":"2019-04-09T14:14:20","guid":{"rendered":"http:\/\/instituciones2.gtm.sld.cu\/dmsmta\/?p=831"},"modified":"2019-04-09T14:14:20","modified_gmt":"2019-04-09T14:14:20","slug":"llaman-a-participar-en-coloquio-sobre-comunicacion-interna","status":"publish","type":"post","link":"https:\/\/instituciones.gtm.sld.cu\/dmsmta\/llaman-a-participar-en-coloquio-sobre-comunicacion-interna\/","title":{"rendered":"Llaman a participar en coloquio sobre comunicaci\u00f3n interna"},"content":{"rendered":"<p><img decoding=\"async\" loading=\"lazy\" class=\"alignleft wp-image-832\" title=\"Coloquio sobre comunicaci\u00f3n interna \" src=\"http:\/\/instituciones2.gtm.sld.cu\/dmsmta\/wp-content\/uploads\/sites\/7\/2019\/04\/ACCS_Guant\u00e1namo-150x150.jpg\" alt=\"Coloquio sobre comunicaci\u00f3n interna \" width=\"150\" height=\"150\" \/><\/p>\n<p style=\"text-align: justify\">Un Coloquio sobre comunicaci\u00f3n interna se impartir\u00e1 el pr\u00f3ximo 25 de abril en <a href=\"https:\/\/www.ecured.cu\/Provincia_de_Guant\u00e1namo_(Cuba)\">Guant\u00e1namo<\/a>, auspiciado por la Asociaci\u00f3n Cubana de Comunicadores Sociales, con el objetivo de contribuir al desarrollo de habilidades generales para la actuaci\u00f3n en los problemas relacionados con esa tem\u00e1tica en las entidades de la provincia.<\/p>\n<p style=\"text-align: justify\">Pueden inscribirse profesionales en el ejercicio de la comunicaci\u00f3n institucional, la comunicaci\u00f3n social y la comunicaci\u00f3n comunitaria; promotores culturales, personal directivo y trabajadores de empresas e instituciones interesados en trasmitir sus experiencias, en los temas siguientes:<\/p>\n<p style=\"text-align: justify\">Relaci\u00f3n de la comunicaci\u00f3n interna con la Estrategia de la organizaci\u00f3n; \u00bfIntegramos la comunicaci\u00f3n interna en los procesos de gesti\u00f3n de la instituci\u00f3n. S\u00ed o No. \u00bfPor qu\u00e9?; La comunicaci\u00f3n formal y la misi\u00f3n, visi\u00f3n, pol\u00edticas y valores de la organizaci\u00f3n.<\/p>\n<p style=\"text-align: justify\">Adem\u00e1s, \u00bfIdentificamos los canales de comunicaci\u00f3n interna?; An\u00e1lisis de los itinerarios de las principales acciones comunicativas, y \u00bfCu\u00e1nto cuesta la comunicaci\u00f3n interna?<\/p>\n<p style=\"text-align: justify\">Las inscripciones se realizar\u00e1n antes de la fecha mencionada, en la sede de la Asociaci\u00f3n de Comunicadores Sociales, sita en la Ludoteca Ismaelillo: Aguilera entre Pedro A. P\u00e9rez y Calixto Garc\u00eda.<\/p>\n<p style=\"text-align: justify\">La cuota de inscripci\u00f3n para los asociados es de 27 pesos (CUP), mientras los no asociados abonar\u00e1n 30 CUP y los estudiantes 20 CUP, en cheque, en efectivo o por transferencia.<\/p>\n<p style=\"text-align: justify\">Para m\u00e1s informaci\u00f3n, llamar al tel\u00e9fono 2132 3058, o contactar a trav\u00e9s del email: <span id=\"cloak521b8ce44421e6b9901e309ca73290ff\"><a href=\"mailto:guantanamo@accs.co.cu\">guantanamo@accs.co.cu<\/a><\/span>.<\/p>\n<p>Tomado del Peri\u00f3dico Venceremos<\/p>\n","protected":false},"excerpt":{"rendered":"<p>Un Coloquio sobre comunicaci\u00f3n interna se impartir\u00e1 el pr\u00f3ximo 25 de abril en Guant\u00e1namo, auspiciado por la Asociaci\u00f3n Cubana de Comunicadores Sociales, con el objetivo de contribuir al desarrollo de habilidades generales para la actuaci\u00f3n en los problemas relacionados con esa tem\u00e1tica en las entidades de la provincia. Pueden inscribirse profesionales en el ejercicio de &hellip; <\/p>\n<p><a class=\"more-link btn\" href=\"https:\/\/instituciones.gtm.sld.cu\/dmsmta\/llaman-a-participar-en-coloquio-sobre-comunicacion-interna\/\">Seguir leyendo<\/a><\/p>\n","protected":false},"author":79,"featured_media":0,"comment_status":"open","ping_status":"open","sticky":false,"template":"","format":"standard","meta":{"ngg_post_thumbnail":0},"categories":[16,30,39,47],"tags":[102,105,115],"yoast_head":"<!-- This site is optimized with the Yoast SEO plugin v21.8 - https:\/\/yoast.com\/wordpress\/plugins\/seo\/ -->\n<title>Llaman a participar en coloquio sobre comunicaci\u00f3n interna - Direcci\u00f3n General de Salud<\/title>\n<meta name=\"robots\" content=\"index, follow, max-snippet:-1, max-image-preview:large, max-video-preview:-1\" \/>\n<link rel=\"canonical\" href=\"https:\/\/instituciones.gtm.sld.cu\/dmsmta\/llaman-a-participar-en-coloquio-sobre-comunicacion-interna\/\" \/>\n<meta property=\"og:locale\" content=\"es_ES\" \/>\n<meta property=\"og:type\" content=\"article\" \/>\n<meta property=\"og:title\" content=\"Llaman a participar en coloquio sobre comunicaci\u00f3n interna - Direcci\u00f3n General de Salud\" \/>\n<meta property=\"og:description\" content=\"Un Coloquio sobre comunicaci\u00f3n interna se impartir\u00e1 el pr\u00f3ximo 25 de abril en Guant\u00e1namo, auspiciado por la Asociaci\u00f3n Cubana de Comunicadores Sociales, con el objetivo de contribuir al desarrollo de habilidades generales para la actuaci\u00f3n en los problemas relacionados con esa tem\u00e1tica en las entidades de la provincia. Pueden inscribirse profesionales en el ejercicio de &hellip; Seguir leyendo\" \/>\n<meta property=\"og:url\" content=\"https:\/\/instituciones.gtm.sld.cu\/dmsmta\/llaman-a-participar-en-coloquio-sobre-comunicacion-interna\/\" \/>\n<meta property=\"og:site_name\" content=\"Direcci\u00f3n General de Salud\" \/>\n<meta property=\"article:published_time\" content=\"2019-04-09T14:14:20+00:00\" \/>\n<meta name=\"author\" content=\"dmsmta\" \/>\n<meta name=\"twitter:card\" content=\"summary_large_image\" \/>\n<meta name=\"twitter:label1\" content=\"Escrito por\" \/>\n\t<meta name=\"twitter:data1\" content=\"dmsmta\" \/>\n\t<meta name=\"twitter:label2\" content=\"Tiempo de lectura\" \/>\n\t<meta name=\"twitter:data2\" content=\"1 minuto\" \/>\n<script type=\"application\/ld+json\" class=\"yoast-schema-graph\">{\"@context\":\"https:\/\/schema.org\",\"@graph\":[{\"@type\":\"WebPage\",\"@id\":\"https:\/\/instituciones.gtm.sld.cu\/dmsmta\/llaman-a-participar-en-coloquio-sobre-comunicacion-interna\/\",\"url\":\"https:\/\/instituciones.gtm.sld.cu\/dmsmta\/llaman-a-participar-en-coloquio-sobre-comunicacion-interna\/\",\"name\":\"Llaman a participar en coloquio sobre comunicaci\u00f3n interna - Direcci\u00f3n General de Salud\",\"isPartOf\":{\"@id\":\"https:\/\/instituciones.gtm.sld.cu\/dmsmta\/#website\"},\"datePublished\":\"2019-04-09T14:14:20+00:00\",\"dateModified\":\"2019-04-09T14:14:20+00:00\",\"author\":{\"@id\":\"https:\/\/instituciones.gtm.sld.cu\/dmsmta\/#\/schema\/person\/20a8a2fa26b9875f4370f2e0c5487910\"},\"breadcrumb\":{\"@id\":\"https:\/\/instituciones.gtm.sld.cu\/dmsmta\/llaman-a-participar-en-coloquio-sobre-comunicacion-interna\/#breadcrumb\"},\"inLanguage\":\"es\",\"potentialAction\":[{\"@type\":\"ReadAction\",\"target\":[\"https:\/\/instituciones.gtm.sld.cu\/dmsmta\/llaman-a-participar-en-coloquio-sobre-comunicacion-interna\/\"]}]},{\"@type\":\"BreadcrumbList\",\"@id\":\"https:\/\/instituciones.gtm.sld.cu\/dmsmta\/llaman-a-participar-en-coloquio-sobre-comunicacion-interna\/#breadcrumb\",\"itemListElement\":[{\"@type\":\"ListItem\",\"position\":1,\"name\":\"Portada\",\"item\":\"https:\/\/instituciones.gtm.sld.cu\/dmsmta\/\"},{\"@type\":\"ListItem\",\"position\":2,\"name\":\"Llaman a participar en coloquio sobre comunicaci\u00f3n interna\"}]},{\"@type\":\"WebSite\",\"@id\":\"https:\/\/instituciones.gtm.sld.cu\/dmsmta\/#website\",\"url\":\"https:\/\/instituciones.gtm.sld.cu\/dmsmta\/\",\"name\":\"Direcci\u00f3n General de Salud\",\"description\":\"Manuel Tames\",\"potentialAction\":[{\"@type\":\"SearchAction\",\"target\":{\"@type\":\"EntryPoint\",\"urlTemplate\":\"https:\/\/instituciones.gtm.sld.cu\/dmsmta\/?s={search_term_string}\"},\"query-input\":\"required name=search_term_string\"}],\"inLanguage\":\"es\"},{\"@type\":\"Person\",\"@id\":\"https:\/\/instituciones.gtm.sld.cu\/dmsmta\/#\/schema\/person\/20a8a2fa26b9875f4370f2e0c5487910\",\"name\":\"dmsmta\",\"url\":\"https:\/\/instituciones.gtm.sld.cu\/dmsmta\/author\/dmsmta\/\"}]}<\/script>\n<!-- \/ Yoast SEO plugin. -->","yoast_head_json":{"title":"Llaman a participar en coloquio sobre comunicaci\u00f3n interna - Direcci\u00f3n General de Salud","robots":{"index":"index","follow":"follow","max-snippet":"max-snippet:-1","max-image-preview":"max-image-preview:large","max-video-preview":"max-video-preview:-1"},"canonical":"https:\/\/instituciones.gtm.sld.cu\/dmsmta\/llaman-a-participar-en-coloquio-sobre-comunicacion-interna\/","og_locale":"es_ES","og_type":"article","og_title":"Llaman a participar en coloquio sobre comunicaci\u00f3n interna - Direcci\u00f3n General de Salud","og_description":"Un Coloquio sobre comunicaci\u00f3n interna se impartir\u00e1 el pr\u00f3ximo 25 de abril en Guant\u00e1namo, auspiciado por la Asociaci\u00f3n Cubana de Comunicadores Sociales, con el objetivo de contribuir al desarrollo de habilidades generales para la actuaci\u00f3n en los problemas relacionados con esa tem\u00e1tica en las entidades de la provincia. Pueden inscribirse profesionales en el ejercicio de &hellip; Seguir leyendo","og_url":"https:\/\/instituciones.gtm.sld.cu\/dmsmta\/llaman-a-participar-en-coloquio-sobre-comunicacion-interna\/","og_site_name":"Direcci\u00f3n General de Salud","article_published_time":"2019-04-09T14:14:20+00:00","author":"dmsmta","twitter_card":"summary_large_image","twitter_misc":{"Escrito por":"dmsmta","Tiempo de lectura":"1 minuto"},"schema":{"@context":"https:\/\/schema.org","@graph":[{"@type":"WebPage","@id":"https:\/\/instituciones.gtm.sld.cu\/dmsmta\/llaman-a-participar-en-coloquio-sobre-comunicacion-interna\/","url":"https:\/\/instituciones.gtm.sld.cu\/dmsmta\/llaman-a-participar-en-coloquio-sobre-comunicacion-interna\/","name":"Llaman a participar en coloquio sobre comunicaci\u00f3n interna - Direcci\u00f3n General de Salud","isPartOf":{"@id":"https:\/\/instituciones.gtm.sld.cu\/dmsmta\/#website"},"datePublished":"2019-04-09T14:14:20+00:00","dateModified":"2019-04-09T14:14:20+00:00","author":{"@id":"https:\/\/instituciones.gtm.sld.cu\/dmsmta\/#\/schema\/person\/20a8a2fa26b9875f4370f2e0c5487910"},"breadcrumb":{"@id":"https:\/\/instituciones.gtm.sld.cu\/dmsmta\/llaman-a-participar-en-coloquio-sobre-comunicacion-interna\/#breadcrumb"},"inLanguage":"es","potentialAction":[{"@type":"ReadAction","target":["https:\/\/instituciones.gtm.sld.cu\/dmsmta\/llaman-a-participar-en-coloquio-sobre-comunicacion-interna\/"]}]},{"@type":"BreadcrumbList","@id":"https:\/\/instituciones.gtm.sld.cu\/dmsmta\/llaman-a-participar-en-coloquio-sobre-comunicacion-interna\/#breadcrumb","itemListElement":[{"@type":"ListItem","position":1,"name":"Portada","item":"https:\/\/instituciones.gtm.sld.cu\/dmsmta\/"},{"@type":"ListItem","position":2,"name":"Llaman a participar en coloquio sobre comunicaci\u00f3n interna"}]},{"@type":"WebSite","@id":"https:\/\/instituciones.gtm.sld.cu\/dmsmta\/#website","url":"https:\/\/instituciones.gtm.sld.cu\/dmsmta\/","name":"Direcci\u00f3n General de Salud","description":"Manuel Tames","potentialAction":[{"@type":"SearchAction","target":{"@type":"EntryPoint","urlTemplate":"https:\/\/instituciones.gtm.sld.cu\/dmsmta\/?s={search_term_string}"},"query-input":"required name=search_term_string"}],"inLanguage":"es"},{"@type":"Person","@id":"https:\/\/instituciones.gtm.sld.cu\/dmsmta\/#\/schema\/person\/20a8a2fa26b9875f4370f2e0c5487910","name":"dmsmta","url":"https:\/\/instituciones.gtm.sld.cu\/dmsmta\/author\/dmsmta\/"}]}},"_links":{"self":[{"href":"https:\/\/instituciones.gtm.sld.cu\/dmsmta\/wp-json\/wp\/v2\/posts\/831"}],"collection":[{"href":"https:\/\/instituciones.gtm.sld.cu\/dmsmta\/wp-json\/wp\/v2\/posts"}],"about":[{"href":"https:\/\/instituciones.gtm.sld.cu\/dmsmta\/wp-json\/wp\/v2\/types\/post"}],"author":[{"embeddable":true,"href":"https:\/\/instituciones.gtm.sld.cu\/dmsmta\/wp-json\/wp\/v2\/users\/79"}],"replies":[{"embeddable":true,"href":"https:\/\/instituciones.gtm.sld.cu\/dmsmta\/wp-json\/wp\/v2\/comments?post=831"}],"version-history":[{"count":0,"href":"https:\/\/instituciones.gtm.sld.cu\/dmsmta\/wp-json\/wp\/v2\/posts\/831\/revisions"}],"wp:attachment":[{"href":"https:\/\/instituciones.gtm.sld.cu\/dmsmta\/wp-json\/wp\/v2\/media?parent=831"}],"wp:term":[{"taxonomy":"category","embeddable":true,"href":"https:\/\/instituciones.gtm.sld.cu\/dmsmta\/wp-json\/wp\/v2\/categories?post=831"},{"taxonomy":"post_tag","embeddable":true,"href":"https:\/\/instituciones.gtm.sld.cu\/dmsmta\/wp-json\/wp\/v2\/tags?post=831"}],"curies":[{"name":"wp","href":"https:\/\/api.w.org\/{rel}","templated":true}]}}