{"id":2136,"date":"2019-04-05T09:57:31","date_gmt":"2019-04-05T13:57:31","guid":{"rendered":"http:\/\/instituciones.gtm.sld.cu\/electromedicina\/?p=2136"},"modified":"2019-04-05T11:23:43","modified_gmt":"2019-04-05T15:23:43","slug":"programa-de-la-jornada-cientifica-regional-de-electromedicina-guantanamo-2019","status":"publish","type":"post","link":"https:\/\/instituciones.gtm.sld.cu\/electromedicina\/programa-de-la-jornada-cientifica-regional-de-electromedicina-guantanamo-2019\/","title":{"rendered":"Programa de la Jornada Cient\u00edfica Regional de Electromedicina. Guant\u00e1namo 2019"},"content":{"rendered":"\n<p style=\"text-align: justify\"><img decoding=\"async\" class=\"alignleft wp-image-2124 size-full\" title=\"Primera Jornada Ceint\u00edfica Regional Electromedicina. Gunat\u00e1namo 2019.\" src=\"http:\/\/instituciones.gtm.sld.cu\/electromedicina\/wp-content\/uploads\/sites\/26\/2019\/03\/1-Poster.jpg\" alt=\"Jornada Cient\u00edfica Regional Electromedicina Guant\u00e1namo 2019\" width=\"111\" height=\"87\">El Centro Provincial de Electromedicina de Guant\u00e1namo, pone a disposici\u00f3n de todos el <a href=\"http:\/\/instituciones.gtm.sld.cu\/electromedicina\/wp-content\/uploads\/sites\/26\/2019\/04\/PROGRAMA-Jornada.docx\"><span style=\"color: #008000\">PROGRAMA<\/span> <\/a> de La Jornada Cient\u00edfica <!--more--> e Innovaci\u00f3n a celebrarse entre los d\u00edas 17 y 20 del mes en curso. Adem\u00e1s del<span style=\"color: #008000\"> <a style=\"color: #008000\" href=\"http:\/\/instituciones.gtm.sld.cu\/electromedicina\/wp-content\/uploads\/sites\/26\/2019\/04\/LISTADO-DE-TRABAJOS-INCRIPTO-A-LA-JORNADA-CINTIFICA.docx\">LISTADO DE TRABAJOS<\/a><\/span> inscritos hasta la fecha con los autores de los mismos.<\/p>\n<p><strong>Fuente:<\/strong> Subdirecci\u00f3n T\u00e9cnica, Centro Provicnial de Electromedicina Guant\u00e1namo.<\/p>\n<p>&nbsp;<\/p>\n<p>&nbsp;<\/p>\n","protected":false},"excerpt":{"rendered":"<p>El Centro Provincial de Electromedicina de Guant\u00e1namo, pone a disposici\u00f3n de todos el PROGRAMA de La Jornada Cient\u00edfica<\/p><p><a class=\"more-link btn\" href=\"https:\/\/instituciones.gtm.sld.cu\/electromedicina\/programa-de-la-jornada-cientifica-regional-de-electromedicina-guantanamo-2019\/\">Seguir leyendo<\/a><\/p>\n","protected":false},"author":37,"featured_media":0,"comment_status":"open","ping_status":"open","sticky":false,"template":"","format":"standard","meta":{"ngg_post_thumbnail":0},"categories":[2,16,3,17,6],"tags":[21,29,35,34,19,33],"yoast_head":"<!-- This site is optimized with the Yoast SEO plugin v21.8 - https:\/\/yoast.com\/wordpress\/plugins\/seo\/ -->\n<title>Programa de la Jornada Cient\u00edfica Regional de Electromedicina. Guant\u00e1namo 2019 - Centro Provincial de Electromedicina<\/title>\n<meta name=\"robots\" content=\"index, follow, max-snippet:-1, max-image-preview:large, max-video-preview:-1\" \/>\n<link rel=\"canonical\" href=\"https:\/\/instituciones.gtm.sld.cu\/electromedicina\/programa-de-la-jornada-cientifica-regional-de-electromedicina-guantanamo-2019\/\" \/>\n<meta property=\"og:locale\" content=\"es_ES\" \/>\n<meta property=\"og:type\" content=\"article\" \/>\n<meta property=\"og:title\" content=\"Programa de la Jornada Cient\u00edfica Regional de Electromedicina. Guant\u00e1namo 2019 - Centro Provincial de Electromedicina\" \/>\n<meta property=\"og:description\" content=\"El Centro Provincial de Electromedicina de Guant\u00e1namo, pone a disposici\u00f3n de todos el PROGRAMA de La Jornada Cient\u00edfica\" \/>\n<meta property=\"og:url\" content=\"https:\/\/instituciones.gtm.sld.cu\/electromedicina\/programa-de-la-jornada-cientifica-regional-de-electromedicina-guantanamo-2019\/\" \/>\n<meta property=\"og:site_name\" content=\"Centro Provincial de Electromedicina\" \/>\n<meta property=\"article:published_time\" content=\"2019-04-05T13:57:31+00:00\" \/>\n<meta property=\"article:modified_time\" content=\"2019-04-05T15:23:43+00:00\" \/>\n<meta property=\"og:image\" content=\"http:\/\/instituciones.gtm.sld.cu\/electromedicina\/wp-content\/uploads\/sites\/26\/2019\/03\/1-Poster.jpg\" \/>\n<meta name=\"author\" content=\"electromedicina\" \/>\n<meta name=\"twitter:card\" content=\"summary_large_image\" \/>\n<meta name=\"twitter:label1\" content=\"Escrito por\" \/>\n\t<meta name=\"twitter:data1\" content=\"electromedicina\" \/>\n<script type=\"application\/ld+json\" class=\"yoast-schema-graph\">{\"@context\":\"https:\/\/schema.org\",\"@graph\":[{\"@type\":\"WebPage\",\"@id\":\"https:\/\/instituciones.gtm.sld.cu\/electromedicina\/programa-de-la-jornada-cientifica-regional-de-electromedicina-guantanamo-2019\/\",\"url\":\"https:\/\/instituciones.gtm.sld.cu\/electromedicina\/programa-de-la-jornada-cientifica-regional-de-electromedicina-guantanamo-2019\/\",\"name\":\"Programa de la Jornada Cient\u00edfica Regional de Electromedicina. Guant\u00e1namo 2019 - Centro Provincial de Electromedicina\",\"isPartOf\":{\"@id\":\"https:\/\/instituciones.gtm.sld.cu\/electromedicina\/#website\"},\"datePublished\":\"2019-04-05T13:57:31+00:00\",\"dateModified\":\"2019-04-05T15:23:43+00:00\",\"author\":{\"@id\":\"https:\/\/instituciones.gtm.sld.cu\/electromedicina\/#\/schema\/person\/cbe4a3eef397d999dfc3c1c726a991ef\"},\"breadcrumb\":{\"@id\":\"https:\/\/instituciones.gtm.sld.cu\/electromedicina\/programa-de-la-jornada-cientifica-regional-de-electromedicina-guantanamo-2019\/#breadcrumb\"},\"inLanguage\":\"es\",\"potentialAction\":[{\"@type\":\"ReadAction\",\"target\":[\"https:\/\/instituciones.gtm.sld.cu\/electromedicina\/programa-de-la-jornada-cientifica-regional-de-electromedicina-guantanamo-2019\/\"]}]},{\"@type\":\"BreadcrumbList\",\"@id\":\"https:\/\/instituciones.gtm.sld.cu\/electromedicina\/programa-de-la-jornada-cientifica-regional-de-electromedicina-guantanamo-2019\/#breadcrumb\",\"itemListElement\":[{\"@type\":\"ListItem\",\"position\":1,\"name\":\"Inicio\",\"item\":\"https:\/\/instituciones.gtm.sld.cu\/electromedicina\/\"},{\"@type\":\"ListItem\",\"position\":2,\"name\":\"ANIR\",\"item\":\"https:\/\/instituciones.gtm.sld.cu\/electromedicina\/category\/anir\/\"},{\"@type\":\"ListItem\",\"position\":3,\"name\":\"Programa de la Jornada Cient\u00edfica Regional de Electromedicina. Guant\u00e1namo 2019\"}]},{\"@type\":\"WebSite\",\"@id\":\"https:\/\/instituciones.gtm.sld.cu\/electromedicina\/#website\",\"url\":\"https:\/\/instituciones.gtm.sld.cu\/electromedicina\/\",\"name\":\"Centro Provincial de Electromedicina\",\"description\":\"Guant\u00e1namo\",\"potentialAction\":[{\"@type\":\"SearchAction\",\"target\":{\"@type\":\"EntryPoint\",\"urlTemplate\":\"https:\/\/instituciones.gtm.sld.cu\/electromedicina\/?s={search_term_string}\"},\"query-input\":\"required name=search_term_string\"}],\"inLanguage\":\"es\"},{\"@type\":\"Person\",\"@id\":\"https:\/\/instituciones.gtm.sld.cu\/electromedicina\/#\/schema\/person\/cbe4a3eef397d999dfc3c1c726a991ef\",\"name\":\"electromedicina\",\"url\":\"https:\/\/instituciones.gtm.sld.cu\/electromedicina\/author\/electromedicina\/\"}]}<\/script>\n<!-- \/ Yoast SEO plugin. -->","yoast_head_json":{"title":"Programa de la Jornada Cient\u00edfica Regional de Electromedicina. Guant\u00e1namo 2019 - Centro Provincial de Electromedicina","robots":{"index":"index","follow":"follow","max-snippet":"max-snippet:-1","max-image-preview":"max-image-preview:large","max-video-preview":"max-video-preview:-1"},"canonical":"https:\/\/instituciones.gtm.sld.cu\/electromedicina\/programa-de-la-jornada-cientifica-regional-de-electromedicina-guantanamo-2019\/","og_locale":"es_ES","og_type":"article","og_title":"Programa de la Jornada Cient\u00edfica Regional de Electromedicina. Guant\u00e1namo 2019 - Centro Provincial de Electromedicina","og_description":"El Centro Provincial de Electromedicina de Guant\u00e1namo, pone a disposici\u00f3n de todos el PROGRAMA de La Jornada Cient\u00edfica","og_url":"https:\/\/instituciones.gtm.sld.cu\/electromedicina\/programa-de-la-jornada-cientifica-regional-de-electromedicina-guantanamo-2019\/","og_site_name":"Centro Provincial de Electromedicina","article_published_time":"2019-04-05T13:57:31+00:00","article_modified_time":"2019-04-05T15:23:43+00:00","og_image":[{"url":"http:\/\/instituciones.gtm.sld.cu\/electromedicina\/wp-content\/uploads\/sites\/26\/2019\/03\/1-Poster.jpg"}],"author":"electromedicina","twitter_card":"summary_large_image","twitter_misc":{"Escrito por":"electromedicina"},"schema":{"@context":"https:\/\/schema.org","@graph":[{"@type":"WebPage","@id":"https:\/\/instituciones.gtm.sld.cu\/electromedicina\/programa-de-la-jornada-cientifica-regional-de-electromedicina-guantanamo-2019\/","url":"https:\/\/instituciones.gtm.sld.cu\/electromedicina\/programa-de-la-jornada-cientifica-regional-de-electromedicina-guantanamo-2019\/","name":"Programa de la Jornada Cient\u00edfica Regional de Electromedicina. Guant\u00e1namo 2019 - Centro Provincial de Electromedicina","isPartOf":{"@id":"https:\/\/instituciones.gtm.sld.cu\/electromedicina\/#website"},"datePublished":"2019-04-05T13:57:31+00:00","dateModified":"2019-04-05T15:23:43+00:00","author":{"@id":"https:\/\/instituciones.gtm.sld.cu\/electromedicina\/#\/schema\/person\/cbe4a3eef397d999dfc3c1c726a991ef"},"breadcrumb":{"@id":"https:\/\/instituciones.gtm.sld.cu\/electromedicina\/programa-de-la-jornada-cientifica-regional-de-electromedicina-guantanamo-2019\/#breadcrumb"},"inLanguage":"es","potentialAction":[{"@type":"ReadAction","target":["https:\/\/instituciones.gtm.sld.cu\/electromedicina\/programa-de-la-jornada-cientifica-regional-de-electromedicina-guantanamo-2019\/"]}]},{"@type":"BreadcrumbList","@id":"https:\/\/instituciones.gtm.sld.cu\/electromedicina\/programa-de-la-jornada-cientifica-regional-de-electromedicina-guantanamo-2019\/#breadcrumb","itemListElement":[{"@type":"ListItem","position":1,"name":"Inicio","item":"https:\/\/instituciones.gtm.sld.cu\/electromedicina\/"},{"@type":"ListItem","position":2,"name":"ANIR","item":"https:\/\/instituciones.gtm.sld.cu\/electromedicina\/category\/anir\/"},{"@type":"ListItem","position":3,"name":"Programa de la Jornada Cient\u00edfica Regional de Electromedicina. Guant\u00e1namo 2019"}]},{"@type":"WebSite","@id":"https:\/\/instituciones.gtm.sld.cu\/electromedicina\/#website","url":"https:\/\/instituciones.gtm.sld.cu\/electromedicina\/","name":"Centro Provincial de Electromedicina","description":"Guant\u00e1namo","potentialAction":[{"@type":"SearchAction","target":{"@type":"EntryPoint","urlTemplate":"https:\/\/instituciones.gtm.sld.cu\/electromedicina\/?s={search_term_string}"},"query-input":"required name=search_term_string"}],"inLanguage":"es"},{"@type":"Person","@id":"https:\/\/instituciones.gtm.sld.cu\/electromedicina\/#\/schema\/person\/cbe4a3eef397d999dfc3c1c726a991ef","name":"electromedicina","url":"https:\/\/instituciones.gtm.sld.cu\/electromedicina\/author\/electromedicina\/"}]}},"jetpack_featured_media_url":"","_links":{"self":[{"href":"https:\/\/instituciones.gtm.sld.cu\/electromedicina\/wp-json\/wp\/v2\/posts\/2136"}],"collection":[{"href":"https:\/\/instituciones.gtm.sld.cu\/electromedicina\/wp-json\/wp\/v2\/posts"}],"about":[{"href":"https:\/\/instituciones.gtm.sld.cu\/electromedicina\/wp-json\/wp\/v2\/types\/post"}],"author":[{"embeddable":true,"href":"https:\/\/instituciones.gtm.sld.cu\/electromedicina\/wp-json\/wp\/v2\/users\/37"}],"replies":[{"embeddable":true,"href":"https:\/\/instituciones.gtm.sld.cu\/electromedicina\/wp-json\/wp\/v2\/comments?post=2136"}],"version-history":[{"count":0,"href":"https:\/\/instituciones.gtm.sld.cu\/electromedicina\/wp-json\/wp\/v2\/posts\/2136\/revisions"}],"wp:attachment":[{"href":"https:\/\/instituciones.gtm.sld.cu\/electromedicina\/wp-json\/wp\/v2\/media?parent=2136"}],"wp:term":[{"taxonomy":"category","embeddable":true,"href":"https:\/\/instituciones.gtm.sld.cu\/electromedicina\/wp-json\/wp\/v2\/categories?post=2136"},{"taxonomy":"post_tag","embeddable":true,"href":"https:\/\/instituciones.gtm.sld.cu\/electromedicina\/wp-json\/wp\/v2\/tags?post=2136"}],"curies":[{"name":"wp","href":"https:\/\/api.w.org\/{rel}","templated":true}]}}