{"id":2275,"date":"2019-09-13T09:05:55","date_gmt":"2019-09-13T13:05:55","guid":{"rendered":"http:\/\/instituciones.gtm.sld.cu\/electromedicina\/?p=2275"},"modified":"2019-09-13T09:09:00","modified_gmt":"2019-09-13T13:09:00","slug":"aqui-no-se-rinde-nadie","status":"publish","type":"post","link":"https:\/\/instituciones.gtm.sld.cu\/electromedicina\/aqui-no-se-rinde-nadie\/","title":{"rendered":"\u00a1AQU\u00cd NO SE RINDE NADIE!"},"content":{"rendered":"<p><img decoding=\"async\" class=\"alignleft wp-image-2276 size-thumbnail\" title=\"segunda-comparecencia-especial-de-diaz-canel-en-la-mesa-situacion-energetica\" src=\"http:\/\/instituciones.gtm.sld.cu\/electromedicina\/wp-content\/uploads\/sites\/26\/2019\/09\/segunda-comparecencia-especial-de-diaz-canel-en-la-mesa-situacion-energetica-580x321-150x150.jpg\" alt=\"\" width=\"150\" height=\"150\">Por segundo d\u00eda consecutivo, el presidente de los Consejos de Estado y de Ministros, Miguel D\u00edaz-Canel, comparece en la <em>Mesa Redonda<\/em> para explicarle al pueblo las medidas aprobadas por el Gobierno ante los problemas en la disponibilidad de algunos combustibles. <!--more-->Esta situaci\u00f3n coyuntural es provocada por la nueva escalada de la Administraci\u00f3n Trump, que ahora amenaza y chantajea a empresas y cargueros que traen petr\u00f3leo a Cuba, en su af\u00e1n de recrudecer el bloqueo a la Isla. <a href=\"http:\/\/www.cubadebate.cu\/noticias\/2019\/09\/12\/cuba-no-esta-paralizada-contamos-con-una-estrategia\/#.XXuhcWbBC1s\"><!--more--><\/a><\/p>\n<p>Fuente: Sitio Web <a href=\"http:\/\/www.cubadebate.cu\/\">Cubadebate.<\/a><\/p>\n","protected":false},"excerpt":{"rendered":"<p>Por segundo d\u00eda consecutivo, el presidente de los Consejos de Estado y de Ministros, Miguel D\u00edaz-Canel, comparece en la Mesa Redonda para explicarle al pueblo las medidas aprobadas por el Gobierno ante los problemas en la disponibilidad de algunos combustibles.<\/p><p><a class=\"more-link btn\" href=\"https:\/\/instituciones.gtm.sld.cu\/electromedicina\/aqui-no-se-rinde-nadie\/\">Seguir leyendo<\/a><\/p>\n","protected":false},"author":37,"featured_media":2276,"comment_status":"open","ping_status":"open","sticky":false,"template":"","format":"standard","meta":{"ngg_post_thumbnail":0},"categories":[4,5],"tags":[28,31,11],"yoast_head":"<!-- This site is optimized with the Yoast SEO plugin v21.8 - https:\/\/yoast.com\/wordpress\/plugins\/seo\/ -->\n<title>\u00a1AQU\u00cd NO SE RINDE NADIE! - Centro Provincial de Electromedicina<\/title>\n<meta name=\"robots\" content=\"index, follow, max-snippet:-1, max-image-preview:large, max-video-preview:-1\" \/>\n<link rel=\"canonical\" href=\"https:\/\/instituciones.gtm.sld.cu\/electromedicina\/aqui-no-se-rinde-nadie\/\" \/>\n<meta property=\"og:locale\" content=\"es_ES\" \/>\n<meta property=\"og:type\" content=\"article\" \/>\n<meta property=\"og:title\" content=\"\u00a1AQU\u00cd NO SE RINDE NADIE! - Centro Provincial de Electromedicina\" \/>\n<meta property=\"og:description\" content=\"Por segundo d\u00eda consecutivo, el presidente de los Consejos de Estado y de Ministros, Miguel D\u00edaz-Canel, comparece en la Mesa Redonda para explicarle al pueblo las medidas aprobadas por el Gobierno ante los problemas en la disponibilidad de algunos combustibles.\" \/>\n<meta property=\"og:url\" content=\"https:\/\/instituciones.gtm.sld.cu\/electromedicina\/aqui-no-se-rinde-nadie\/\" \/>\n<meta property=\"og:site_name\" content=\"Centro Provincial de Electromedicina\" \/>\n<meta property=\"article:published_time\" content=\"2019-09-13T13:05:55+00:00\" \/>\n<meta property=\"article:modified_time\" content=\"2019-09-13T13:09:00+00:00\" \/>\n<meta property=\"og:image\" content=\"https:\/\/instituciones.gtm.sld.cu\/electromedicina\/wp-content\/uploads\/sites\/26\/2019\/09\/segunda-comparecencia-especial-de-diaz-canel-en-la-mesa-situacion-energetica-580x321.jpg\" \/>\n\t<meta property=\"og:image:width\" content=\"580\" \/>\n\t<meta property=\"og:image:height\" content=\"321\" \/>\n\t<meta property=\"og:image:type\" content=\"image\/jpeg\" \/>\n<meta name=\"author\" content=\"electromedicina\" \/>\n<meta name=\"twitter:card\" content=\"summary_large_image\" \/>\n<meta name=\"twitter:label1\" content=\"Escrito por\" \/>\n\t<meta name=\"twitter:data1\" content=\"electromedicina\" \/>\n<script type=\"application\/ld+json\" class=\"yoast-schema-graph\">{\"@context\":\"https:\/\/schema.org\",\"@graph\":[{\"@type\":\"WebPage\",\"@id\":\"https:\/\/instituciones.gtm.sld.cu\/electromedicina\/aqui-no-se-rinde-nadie\/\",\"url\":\"https:\/\/instituciones.gtm.sld.cu\/electromedicina\/aqui-no-se-rinde-nadie\/\",\"name\":\"\u00a1AQU\u00cd NO SE RINDE NADIE! - Centro Provincial de Electromedicina\",\"isPartOf\":{\"@id\":\"https:\/\/instituciones.gtm.sld.cu\/electromedicina\/#website\"},\"datePublished\":\"2019-09-13T13:05:55+00:00\",\"dateModified\":\"2019-09-13T13:09:00+00:00\",\"author\":{\"@id\":\"https:\/\/instituciones.gtm.sld.cu\/electromedicina\/#\/schema\/person\/cbe4a3eef397d999dfc3c1c726a991ef\"},\"breadcrumb\":{\"@id\":\"https:\/\/instituciones.gtm.sld.cu\/electromedicina\/aqui-no-se-rinde-nadie\/#breadcrumb\"},\"inLanguage\":\"es\",\"potentialAction\":[{\"@type\":\"ReadAction\",\"target\":[\"https:\/\/instituciones.gtm.sld.cu\/electromedicina\/aqui-no-se-rinde-nadie\/\"]}]},{\"@type\":\"BreadcrumbList\",\"@id\":\"https:\/\/instituciones.gtm.sld.cu\/electromedicina\/aqui-no-se-rinde-nadie\/#breadcrumb\",\"itemListElement\":[{\"@type\":\"ListItem\",\"position\":1,\"name\":\"Inicio\",\"item\":\"https:\/\/instituciones.gtm.sld.cu\/electromedicina\/\"},{\"@type\":\"ListItem\",\"position\":2,\"name\":\"Internacional\",\"item\":\"https:\/\/instituciones.gtm.sld.cu\/electromedicina\/category\/internacional\/\"},{\"@type\":\"ListItem\",\"position\":3,\"name\":\"\u00a1AQU\u00cd NO SE RINDE NADIE!\"}]},{\"@type\":\"WebSite\",\"@id\":\"https:\/\/instituciones.gtm.sld.cu\/electromedicina\/#website\",\"url\":\"https:\/\/instituciones.gtm.sld.cu\/electromedicina\/\",\"name\":\"Centro Provincial de Electromedicina\",\"description\":\"Guant\u00e1namo\",\"potentialAction\":[{\"@type\":\"SearchAction\",\"target\":{\"@type\":\"EntryPoint\",\"urlTemplate\":\"https:\/\/instituciones.gtm.sld.cu\/electromedicina\/?s={search_term_string}\"},\"query-input\":\"required name=search_term_string\"}],\"inLanguage\":\"es\"},{\"@type\":\"Person\",\"@id\":\"https:\/\/instituciones.gtm.sld.cu\/electromedicina\/#\/schema\/person\/cbe4a3eef397d999dfc3c1c726a991ef\",\"name\":\"electromedicina\",\"url\":\"https:\/\/instituciones.gtm.sld.cu\/electromedicina\/author\/electromedicina\/\"}]}<\/script>\n<!-- \/ Yoast SEO plugin. -->","yoast_head_json":{"title":"\u00a1AQU\u00cd NO SE RINDE NADIE! - Centro Provincial de Electromedicina","robots":{"index":"index","follow":"follow","max-snippet":"max-snippet:-1","max-image-preview":"max-image-preview:large","max-video-preview":"max-video-preview:-1"},"canonical":"https:\/\/instituciones.gtm.sld.cu\/electromedicina\/aqui-no-se-rinde-nadie\/","og_locale":"es_ES","og_type":"article","og_title":"\u00a1AQU\u00cd NO SE RINDE NADIE! - Centro Provincial de Electromedicina","og_description":"Por segundo d\u00eda consecutivo, el presidente de los Consejos de Estado y de Ministros, Miguel D\u00edaz-Canel, comparece en la Mesa Redonda para explicarle al pueblo las medidas aprobadas por el Gobierno ante los problemas en la disponibilidad de algunos combustibles.","og_url":"https:\/\/instituciones.gtm.sld.cu\/electromedicina\/aqui-no-se-rinde-nadie\/","og_site_name":"Centro Provincial de Electromedicina","article_published_time":"2019-09-13T13:05:55+00:00","article_modified_time":"2019-09-13T13:09:00+00:00","og_image":[{"width":580,"height":321,"url":"https:\/\/instituciones.gtm.sld.cu\/electromedicina\/wp-content\/uploads\/sites\/26\/2019\/09\/segunda-comparecencia-especial-de-diaz-canel-en-la-mesa-situacion-energetica-580x321.jpg","type":"image\/jpeg"}],"author":"electromedicina","twitter_card":"summary_large_image","twitter_misc":{"Escrito por":"electromedicina"},"schema":{"@context":"https:\/\/schema.org","@graph":[{"@type":"WebPage","@id":"https:\/\/instituciones.gtm.sld.cu\/electromedicina\/aqui-no-se-rinde-nadie\/","url":"https:\/\/instituciones.gtm.sld.cu\/electromedicina\/aqui-no-se-rinde-nadie\/","name":"\u00a1AQU\u00cd NO SE RINDE NADIE! - Centro Provincial de Electromedicina","isPartOf":{"@id":"https:\/\/instituciones.gtm.sld.cu\/electromedicina\/#website"},"datePublished":"2019-09-13T13:05:55+00:00","dateModified":"2019-09-13T13:09:00+00:00","author":{"@id":"https:\/\/instituciones.gtm.sld.cu\/electromedicina\/#\/schema\/person\/cbe4a3eef397d999dfc3c1c726a991ef"},"breadcrumb":{"@id":"https:\/\/instituciones.gtm.sld.cu\/electromedicina\/aqui-no-se-rinde-nadie\/#breadcrumb"},"inLanguage":"es","potentialAction":[{"@type":"ReadAction","target":["https:\/\/instituciones.gtm.sld.cu\/electromedicina\/aqui-no-se-rinde-nadie\/"]}]},{"@type":"BreadcrumbList","@id":"https:\/\/instituciones.gtm.sld.cu\/electromedicina\/aqui-no-se-rinde-nadie\/#breadcrumb","itemListElement":[{"@type":"ListItem","position":1,"name":"Inicio","item":"https:\/\/instituciones.gtm.sld.cu\/electromedicina\/"},{"@type":"ListItem","position":2,"name":"Internacional","item":"https:\/\/instituciones.gtm.sld.cu\/electromedicina\/category\/internacional\/"},{"@type":"ListItem","position":3,"name":"\u00a1AQU\u00cd NO SE RINDE NADIE!"}]},{"@type":"WebSite","@id":"https:\/\/instituciones.gtm.sld.cu\/electromedicina\/#website","url":"https:\/\/instituciones.gtm.sld.cu\/electromedicina\/","name":"Centro Provincial de Electromedicina","description":"Guant\u00e1namo","potentialAction":[{"@type":"SearchAction","target":{"@type":"EntryPoint","urlTemplate":"https:\/\/instituciones.gtm.sld.cu\/electromedicina\/?s={search_term_string}"},"query-input":"required name=search_term_string"}],"inLanguage":"es"},{"@type":"Person","@id":"https:\/\/instituciones.gtm.sld.cu\/electromedicina\/#\/schema\/person\/cbe4a3eef397d999dfc3c1c726a991ef","name":"electromedicina","url":"https:\/\/instituciones.gtm.sld.cu\/electromedicina\/author\/electromedicina\/"}]}},"jetpack_featured_media_url":"https:\/\/instituciones.gtm.sld.cu\/electromedicina\/wp-content\/uploads\/sites\/26\/2019\/09\/segunda-comparecencia-especial-de-diaz-canel-en-la-mesa-situacion-energetica-580x321.jpg","_links":{"self":[{"href":"https:\/\/instituciones.gtm.sld.cu\/electromedicina\/wp-json\/wp\/v2\/posts\/2275"}],"collection":[{"href":"https:\/\/instituciones.gtm.sld.cu\/electromedicina\/wp-json\/wp\/v2\/posts"}],"about":[{"href":"https:\/\/instituciones.gtm.sld.cu\/electromedicina\/wp-json\/wp\/v2\/types\/post"}],"author":[{"embeddable":true,"href":"https:\/\/instituciones.gtm.sld.cu\/electromedicina\/wp-json\/wp\/v2\/users\/37"}],"replies":[{"embeddable":true,"href":"https:\/\/instituciones.gtm.sld.cu\/electromedicina\/wp-json\/wp\/v2\/comments?post=2275"}],"version-history":[{"count":2,"href":"https:\/\/instituciones.gtm.sld.cu\/electromedicina\/wp-json\/wp\/v2\/posts\/2275\/revisions"}],"predecessor-version":[{"id":2278,"href":"https:\/\/instituciones.gtm.sld.cu\/electromedicina\/wp-json\/wp\/v2\/posts\/2275\/revisions\/2278"}],"wp:featuredmedia":[{"embeddable":true,"href":"https:\/\/instituciones.gtm.sld.cu\/electromedicina\/wp-json\/wp\/v2\/media\/2276"}],"wp:attachment":[{"href":"https:\/\/instituciones.gtm.sld.cu\/electromedicina\/wp-json\/wp\/v2\/media?parent=2275"}],"wp:term":[{"taxonomy":"category","embeddable":true,"href":"https:\/\/instituciones.gtm.sld.cu\/electromedicina\/wp-json\/wp\/v2\/categories?post=2275"},{"taxonomy":"post_tag","embeddable":true,"href":"https:\/\/instituciones.gtm.sld.cu\/electromedicina\/wp-json\/wp\/v2\/tags?post=2275"}],"curies":[{"name":"wp","href":"https:\/\/api.w.org\/{rel}","templated":true}]}}