{"id":2286,"date":"2019-10-09T10:09:47","date_gmt":"2019-10-09T14:09:47","guid":{"rendered":"http:\/\/instituciones.gtm.sld.cu\/electromedicina\/?p=2286"},"modified":"2019-10-09T11:20:03","modified_gmt":"2019-10-09T15:20:03","slug":"centro-provincial-de-electromedicina-donde-crece-el-talento","status":"publish","type":"post","link":"https:\/\/instituciones.gtm.sld.cu\/electromedicina\/centro-provincial-de-electromedicina-donde-crece-el-talento\/","title":{"rendered":"Centro Provincial de Electromedicina, donde crece el talento"},"content":{"rendered":"\n<p class=\"ydp6e0332c3msonormal\">E<img decoding=\"async\" class=\"alignleft wp-image-2287\" title=\"Jornada del Innovador en el Centro Provincial de Electromedicina Guant\u00e1namo.\" src=\"http:\/\/instituciones.gtm.sld.cu\/electromedicina\/wp-content\/uploads\/sites\/26\/2019\/10\/Expo_ANIR_Electromedicina-area-247x350-150x150.jpg\" alt=\"\" width=\"115\" height=\"115\" srcset=\"https:\/\/instituciones.gtm.sld.cu\/electromedicina\/wp-content\/uploads\/sites\/26\/2019\/10\/Expo_ANIR_Electromedicina-area-247x350-150x150.jpg 150w, https:\/\/instituciones.gtm.sld.cu\/electromedicina\/wp-content\/uploads\/sites\/26\/2019\/10\/Expo_ANIR_Electromedicina-area-247x350-247x250.jpg 247w\" sizes=\"(max-width: 115px) 100vw, 115px\" \/>n los espacios donde se desenvuelven los hombres y mujeres del Centro provincial de Electromedicina en Guant\u00e1namo se respira ese ambiente creativo fruto del talento de quienes dedican buena parte de sus vidas a la innovaci\u00f3n ante las carencias que impone el recrudecimiento del bloqueo econ\u00f3mico, comercial y financiero de los Estados Unidos a nuestro pa\u00eds.<!--more--><\/p>\n<p>Naci\u00f3 hace un lustro el Comit\u00e9 de Innovadores y Racionalizadores (CIR) se\u00f1ala su presidenta Yoarka Chiv\u00e1s Morales: \u201cSomos 55 y en este per\u00edodo hemos realizado m\u00e1s de un centenar de trabajos , se ha trabajado fuerte para alcanzar la Condici\u00f3n&nbsp; 8 de Octubre, a la cual fueron acreedores tambi\u00e9n 9 compa\u00f1eros este a\u00f1o\u201d<\/p> <p> <a href=\"http:\/\/www.radioguantanamo.icrt.cu\/noticias\/guantanamo\/8954-centro-provincial-de-electromedicina-donde-crece-el-talento\">Seguir Leyeno:<\/a><\/p>\n\n\n<p>Fuente: Sitio Web <a href=\"http:\/\/www.radioguantanamo.icrt.cu\/\">Radio Guant\u00e1namo.<\/a><\/p>\n","protected":false},"excerpt":{"rendered":"<p>En los espacios donde se desenvuelven los hombres y mujeres del Centro provincial de Electromedicina en Guant\u00e1namo se respira ese ambiente creativo fruto del talento de quienes dedican buena parte de sus vidas a la innovaci\u00f3n ante las carencias que impone el recrudecimiento del bloqueo econ\u00f3mico, comercial y financiero de los Estados Unidos a nuestro &hellip; <\/p>\n<p><a class=\"more-link btn\" href=\"https:\/\/instituciones.gtm.sld.cu\/electromedicina\/centro-provincial-de-electromedicina-donde-crece-el-talento\/\">Seguir leyendo<\/a><\/p>\n","protected":false},"author":37,"featured_media":2287,"comment_status":"open","ping_status":"open","sticky":false,"template":"","format":"standard","meta":{"ngg_post_thumbnail":0},"categories":[2,3,38,17,5],"tags":[29,30,35,19,39,11,36,18],"yoast_head":"<!-- This site is optimized with the Yoast SEO plugin v21.8 - https:\/\/yoast.com\/wordpress\/plugins\/seo\/ -->\n<title>Centro Provincial de Electromedicina, donde crece el talento - Centro Provincial de Electromedicina<\/title>\n<meta name=\"robots\" content=\"index, follow, max-snippet:-1, max-image-preview:large, max-video-preview:-1\" \/>\n<link rel=\"canonical\" href=\"https:\/\/instituciones.gtm.sld.cu\/electromedicina\/centro-provincial-de-electromedicina-donde-crece-el-talento\/\" \/>\n<meta property=\"og:locale\" content=\"es_ES\" \/>\n<meta property=\"og:type\" content=\"article\" \/>\n<meta property=\"og:title\" content=\"Centro Provincial de Electromedicina, donde crece el talento - Centro Provincial de Electromedicina\" \/>\n<meta property=\"og:description\" content=\"En los espacios donde se desenvuelven los hombres y mujeres del Centro provincial de Electromedicina en Guant\u00e1namo se respira ese ambiente creativo fruto del talento de quienes dedican buena parte de sus vidas a la innovaci\u00f3n ante las carencias que impone el recrudecimiento del bloqueo econ\u00f3mico, comercial y financiero de los Estados Unidos a nuestro &hellip; Seguir leyendo\" \/>\n<meta property=\"og:url\" content=\"https:\/\/instituciones.gtm.sld.cu\/electromedicina\/centro-provincial-de-electromedicina-donde-crece-el-talento\/\" \/>\n<meta property=\"og:site_name\" content=\"Centro Provincial de Electromedicina\" \/>\n<meta property=\"article:published_time\" content=\"2019-10-09T14:09:47+00:00\" \/>\n<meta property=\"article:modified_time\" content=\"2019-10-09T15:20:03+00:00\" \/>\n<meta property=\"og:image\" content=\"https:\/\/instituciones.gtm.sld.cu\/electromedicina\/wp-content\/uploads\/sites\/26\/2019\/10\/Expo_ANIR_Electromedicina-area-247x350.jpg\" \/>\n\t<meta property=\"og:image:width\" content=\"247\" \/>\n\t<meta property=\"og:image:height\" content=\"350\" \/>\n\t<meta property=\"og:image:type\" content=\"image\/jpeg\" \/>\n<meta name=\"author\" content=\"electromedicina\" \/>\n<meta name=\"twitter:card\" content=\"summary_large_image\" \/>\n<meta name=\"twitter:label1\" content=\"Escrito por\" \/>\n\t<meta name=\"twitter:data1\" content=\"electromedicina\" \/>\n\t<meta name=\"twitter:label2\" content=\"Tiempo de lectura\" \/>\n\t<meta name=\"twitter:data2\" content=\"1 minuto\" \/>\n<script type=\"application\/ld+json\" class=\"yoast-schema-graph\">{\"@context\":\"https:\/\/schema.org\",\"@graph\":[{\"@type\":\"WebPage\",\"@id\":\"https:\/\/instituciones.gtm.sld.cu\/electromedicina\/centro-provincial-de-electromedicina-donde-crece-el-talento\/\",\"url\":\"https:\/\/instituciones.gtm.sld.cu\/electromedicina\/centro-provincial-de-electromedicina-donde-crece-el-talento\/\",\"name\":\"Centro Provincial de Electromedicina, donde crece el talento - Centro Provincial de Electromedicina\",\"isPartOf\":{\"@id\":\"https:\/\/instituciones.gtm.sld.cu\/electromedicina\/#website\"},\"datePublished\":\"2019-10-09T14:09:47+00:00\",\"dateModified\":\"2019-10-09T15:20:03+00:00\",\"author\":{\"@id\":\"https:\/\/instituciones.gtm.sld.cu\/electromedicina\/#\/schema\/person\/cbe4a3eef397d999dfc3c1c726a991ef\"},\"breadcrumb\":{\"@id\":\"https:\/\/instituciones.gtm.sld.cu\/electromedicina\/centro-provincial-de-electromedicina-donde-crece-el-talento\/#breadcrumb\"},\"inLanguage\":\"es\",\"potentialAction\":[{\"@type\":\"ReadAction\",\"target\":[\"https:\/\/instituciones.gtm.sld.cu\/electromedicina\/centro-provincial-de-electromedicina-donde-crece-el-talento\/\"]}]},{\"@type\":\"BreadcrumbList\",\"@id\":\"https:\/\/instituciones.gtm.sld.cu\/electromedicina\/centro-provincial-de-electromedicina-donde-crece-el-talento\/#breadcrumb\",\"itemListElement\":[{\"@type\":\"ListItem\",\"position\":1,\"name\":\"Inicio\",\"item\":\"https:\/\/instituciones.gtm.sld.cu\/electromedicina\/\"},{\"@type\":\"ListItem\",\"position\":2,\"name\":\"ANIR\",\"item\":\"https:\/\/instituciones.gtm.sld.cu\/electromedicina\/category\/anir\/\"},{\"@type\":\"ListItem\",\"position\":3,\"name\":\"Centro Provincial de Electromedicina, donde crece el talento\"}]},{\"@type\":\"WebSite\",\"@id\":\"https:\/\/instituciones.gtm.sld.cu\/electromedicina\/#website\",\"url\":\"https:\/\/instituciones.gtm.sld.cu\/electromedicina\/\",\"name\":\"Centro Provincial de Electromedicina\",\"description\":\"Guant\u00e1namo\",\"potentialAction\":[{\"@type\":\"SearchAction\",\"target\":{\"@type\":\"EntryPoint\",\"urlTemplate\":\"https:\/\/instituciones.gtm.sld.cu\/electromedicina\/?s={search_term_string}\"},\"query-input\":\"required name=search_term_string\"}],\"inLanguage\":\"es\"},{\"@type\":\"Person\",\"@id\":\"https:\/\/instituciones.gtm.sld.cu\/electromedicina\/#\/schema\/person\/cbe4a3eef397d999dfc3c1c726a991ef\",\"name\":\"electromedicina\",\"url\":\"https:\/\/instituciones.gtm.sld.cu\/electromedicina\/author\/electromedicina\/\"}]}<\/script>\n<!-- \/ Yoast SEO plugin. -->","yoast_head_json":{"title":"Centro Provincial de Electromedicina, donde crece el talento - Centro Provincial de Electromedicina","robots":{"index":"index","follow":"follow","max-snippet":"max-snippet:-1","max-image-preview":"max-image-preview:large","max-video-preview":"max-video-preview:-1"},"canonical":"https:\/\/instituciones.gtm.sld.cu\/electromedicina\/centro-provincial-de-electromedicina-donde-crece-el-talento\/","og_locale":"es_ES","og_type":"article","og_title":"Centro Provincial de Electromedicina, donde crece el talento - Centro Provincial de Electromedicina","og_description":"En los espacios donde se desenvuelven los hombres y mujeres del Centro provincial de Electromedicina en Guant\u00e1namo se respira ese ambiente creativo fruto del talento de quienes dedican buena parte de sus vidas a la innovaci\u00f3n ante las carencias que impone el recrudecimiento del bloqueo econ\u00f3mico, comercial y financiero de los Estados Unidos a nuestro &hellip; Seguir leyendo","og_url":"https:\/\/instituciones.gtm.sld.cu\/electromedicina\/centro-provincial-de-electromedicina-donde-crece-el-talento\/","og_site_name":"Centro Provincial de Electromedicina","article_published_time":"2019-10-09T14:09:47+00:00","article_modified_time":"2019-10-09T15:20:03+00:00","og_image":[{"width":247,"height":350,"url":"https:\/\/instituciones.gtm.sld.cu\/electromedicina\/wp-content\/uploads\/sites\/26\/2019\/10\/Expo_ANIR_Electromedicina-area-247x350.jpg","type":"image\/jpeg"}],"author":"electromedicina","twitter_card":"summary_large_image","twitter_misc":{"Escrito por":"electromedicina","Tiempo de lectura":"1 minuto"},"schema":{"@context":"https:\/\/schema.org","@graph":[{"@type":"WebPage","@id":"https:\/\/instituciones.gtm.sld.cu\/electromedicina\/centro-provincial-de-electromedicina-donde-crece-el-talento\/","url":"https:\/\/instituciones.gtm.sld.cu\/electromedicina\/centro-provincial-de-electromedicina-donde-crece-el-talento\/","name":"Centro Provincial de Electromedicina, donde crece el talento - Centro Provincial de Electromedicina","isPartOf":{"@id":"https:\/\/instituciones.gtm.sld.cu\/electromedicina\/#website"},"datePublished":"2019-10-09T14:09:47+00:00","dateModified":"2019-10-09T15:20:03+00:00","author":{"@id":"https:\/\/instituciones.gtm.sld.cu\/electromedicina\/#\/schema\/person\/cbe4a3eef397d999dfc3c1c726a991ef"},"breadcrumb":{"@id":"https:\/\/instituciones.gtm.sld.cu\/electromedicina\/centro-provincial-de-electromedicina-donde-crece-el-talento\/#breadcrumb"},"inLanguage":"es","potentialAction":[{"@type":"ReadAction","target":["https:\/\/instituciones.gtm.sld.cu\/electromedicina\/centro-provincial-de-electromedicina-donde-crece-el-talento\/"]}]},{"@type":"BreadcrumbList","@id":"https:\/\/instituciones.gtm.sld.cu\/electromedicina\/centro-provincial-de-electromedicina-donde-crece-el-talento\/#breadcrumb","itemListElement":[{"@type":"ListItem","position":1,"name":"Inicio","item":"https:\/\/instituciones.gtm.sld.cu\/electromedicina\/"},{"@type":"ListItem","position":2,"name":"ANIR","item":"https:\/\/instituciones.gtm.sld.cu\/electromedicina\/category\/anir\/"},{"@type":"ListItem","position":3,"name":"Centro Provincial de Electromedicina, donde crece el talento"}]},{"@type":"WebSite","@id":"https:\/\/instituciones.gtm.sld.cu\/electromedicina\/#website","url":"https:\/\/instituciones.gtm.sld.cu\/electromedicina\/","name":"Centro Provincial de Electromedicina","description":"Guant\u00e1namo","potentialAction":[{"@type":"SearchAction","target":{"@type":"EntryPoint","urlTemplate":"https:\/\/instituciones.gtm.sld.cu\/electromedicina\/?s={search_term_string}"},"query-input":"required name=search_term_string"}],"inLanguage":"es"},{"@type":"Person","@id":"https:\/\/instituciones.gtm.sld.cu\/electromedicina\/#\/schema\/person\/cbe4a3eef397d999dfc3c1c726a991ef","name":"electromedicina","url":"https:\/\/instituciones.gtm.sld.cu\/electromedicina\/author\/electromedicina\/"}]}},"jetpack_featured_media_url":"https:\/\/instituciones.gtm.sld.cu\/electromedicina\/wp-content\/uploads\/sites\/26\/2019\/10\/Expo_ANIR_Electromedicina-area-247x350.jpg","_links":{"self":[{"href":"https:\/\/instituciones.gtm.sld.cu\/electromedicina\/wp-json\/wp\/v2\/posts\/2286"}],"collection":[{"href":"https:\/\/instituciones.gtm.sld.cu\/electromedicina\/wp-json\/wp\/v2\/posts"}],"about":[{"href":"https:\/\/instituciones.gtm.sld.cu\/electromedicina\/wp-json\/wp\/v2\/types\/post"}],"author":[{"embeddable":true,"href":"https:\/\/instituciones.gtm.sld.cu\/electromedicina\/wp-json\/wp\/v2\/users\/37"}],"replies":[{"embeddable":true,"href":"https:\/\/instituciones.gtm.sld.cu\/electromedicina\/wp-json\/wp\/v2\/comments?post=2286"}],"version-history":[{"count":4,"href":"https:\/\/instituciones.gtm.sld.cu\/electromedicina\/wp-json\/wp\/v2\/posts\/2286\/revisions"}],"predecessor-version":[{"id":2304,"href":"https:\/\/instituciones.gtm.sld.cu\/electromedicina\/wp-json\/wp\/v2\/posts\/2286\/revisions\/2304"}],"wp:featuredmedia":[{"embeddable":true,"href":"https:\/\/instituciones.gtm.sld.cu\/electromedicina\/wp-json\/wp\/v2\/media\/2287"}],"wp:attachment":[{"href":"https:\/\/instituciones.gtm.sld.cu\/electromedicina\/wp-json\/wp\/v2\/media?parent=2286"}],"wp:term":[{"taxonomy":"category","embeddable":true,"href":"https:\/\/instituciones.gtm.sld.cu\/electromedicina\/wp-json\/wp\/v2\/categories?post=2286"},{"taxonomy":"post_tag","embeddable":true,"href":"https:\/\/instituciones.gtm.sld.cu\/electromedicina\/wp-json\/wp\/v2\/tags?post=2286"}],"curies":[{"name":"wp","href":"https:\/\/api.w.org\/{rel}","templated":true}]}}