{"id":2316,"date":"2019-11-18T08:18:12","date_gmt":"2019-11-18T13:18:12","guid":{"rendered":"http:\/\/instituciones.gtm.sld.cu\/electromedicina\/?p=2316"},"modified":"2019-11-18T08:18:15","modified_gmt":"2019-11-18T13:18:15","slug":"regresan-a-la-patria-nuestros-dos-colaboradores-en-bolivia","status":"publish","type":"post","link":"https:\/\/instituciones.gtm.sld.cu\/electromedicina\/regresan-a-la-patria-nuestros-dos-colaboradores-en-bolivia\/","title":{"rendered":"Regresan a la Patria Nuestros dos colaboradores en Bolivia"},"content":{"rendered":"<p><img decoding=\"async\" class=\"alignleft wp-image-2327 \" title=\" Regresan Colaboradores del Centro Provincial de Electromedicina que se encontraban Cumpliendo Misi\u00f3n Internacionalista en Bolivia.\" src=\"http:\/\/instituciones.gtm.sld.cu\/electromedicina\/wp-content\/uploads\/sites\/26\/2019\/11\/20191117_124315-2-150x150.jpg\" alt=\"\" width=\"128\" height=\"128\"><br \/>\nEn el d\u00eda de ayer arribaron a nuestra provincia los dos colaboradores del Centro Provincial de Electromedicina que cumpl\u00edan misi\u00f3n internacionalista en la hermana Bolivia. Fueron recibidos por el Primer Secretario del PCC en la provincia y Miembro del Comit\u00e9 Central del Partido Comunista de Cuba, Rafael P\u00e9rez, por el Director de Salud P\u00fablica en la Provincia, Dr. Roilder Romero, as\u00ed como dem\u00e1s directivos, en <!--more-->representaci\u00f3n del Centro Provincial de Electromedicina, el Director del mismo Ing. Miguel Angel Garz\u00f3n, la representante de colaboraci\u00f3n Yovexy Ray Marcilli, por el Bur\u00f3 Sindical del Centro estuvo Yodarka Chibas Morales y otros funcionarios y representaciones de las distintas organizaciones de la entidad. Bienvenidos a la Patria Hermanos, sin dudas ella Los Contempla Orgullosa.<\/p>\n<p>Fuente: Colaboraci\u00f3n M\u00e9dica Electromedicina.<\/p>\n","protected":false},"excerpt":{"rendered":"<p>En el d\u00eda de ayer arribaron a nuestra provincia los dos colaboradores del Centro Provincial de Electromedicina que cumpl\u00edan misi\u00f3n internacionalista en la hermana Bolivia. Fueron recibidos por el Primer Secretario del PCC en la provincia y Miembro del Comit\u00e9 Central del Partido Comunista de Cuba, Rafael P\u00e9rez, por el Director de Salud P\u00fablica en &hellip; <\/p>\n<p><a class=\"more-link btn\" href=\"https:\/\/instituciones.gtm.sld.cu\/electromedicina\/regresan-a-la-patria-nuestros-dos-colaboradores-en-bolivia\/\">Seguir leyendo<\/a><\/p>\n","protected":false},"author":37,"featured_media":0,"comment_status":"open","ping_status":"open","sticky":false,"template":"","format":"standard","meta":{"ngg_post_thumbnail":0},"categories":[38,4,17,5,6],"tags":[28,35,11,18],"yoast_head":"<!-- This site is optimized with the Yoast SEO plugin v21.8 - https:\/\/yoast.com\/wordpress\/plugins\/seo\/ -->\n<title>Regresan a la Patria Nuestros dos colaboradores en Bolivia - Centro Provincial de Electromedicina<\/title>\n<meta name=\"robots\" content=\"index, follow, max-snippet:-1, max-image-preview:large, max-video-preview:-1\" \/>\n<link rel=\"canonical\" href=\"https:\/\/instituciones.gtm.sld.cu\/electromedicina\/regresan-a-la-patria-nuestros-dos-colaboradores-en-bolivia\/\" \/>\n<meta property=\"og:locale\" content=\"es_ES\" \/>\n<meta property=\"og:type\" content=\"article\" \/>\n<meta property=\"og:title\" content=\"Regresan a la Patria Nuestros dos colaboradores en Bolivia - Centro Provincial de Electromedicina\" \/>\n<meta property=\"og:description\" content=\"En el d\u00eda de ayer arribaron a nuestra provincia los dos colaboradores del Centro Provincial de Electromedicina que cumpl\u00edan misi\u00f3n internacionalista en la hermana Bolivia. Fueron recibidos por el Primer Secretario del PCC en la provincia y Miembro del Comit\u00e9 Central del Partido Comunista de Cuba, Rafael P\u00e9rez, por el Director de Salud P\u00fablica en &hellip; Seguir leyendo\" \/>\n<meta property=\"og:url\" content=\"https:\/\/instituciones.gtm.sld.cu\/electromedicina\/regresan-a-la-patria-nuestros-dos-colaboradores-en-bolivia\/\" \/>\n<meta property=\"og:site_name\" content=\"Centro Provincial de Electromedicina\" \/>\n<meta property=\"article:published_time\" content=\"2019-11-18T13:18:12+00:00\" \/>\n<meta property=\"article:modified_time\" content=\"2019-11-18T13:18:15+00:00\" \/>\n<meta property=\"og:image\" content=\"http:\/\/instituciones.gtm.sld.cu\/electromedicina\/wp-content\/uploads\/sites\/26\/2019\/11\/20191117_124315-2-150x150.jpg\" \/>\n<meta name=\"author\" content=\"electromedicina\" \/>\n<meta name=\"twitter:card\" content=\"summary_large_image\" \/>\n<meta name=\"twitter:label1\" content=\"Escrito por\" \/>\n\t<meta name=\"twitter:data1\" content=\"electromedicina\" \/>\n\t<meta name=\"twitter:label2\" content=\"Tiempo de lectura\" \/>\n\t<meta name=\"twitter:data2\" content=\"1 minuto\" \/>\n<script type=\"application\/ld+json\" class=\"yoast-schema-graph\">{\"@context\":\"https:\/\/schema.org\",\"@graph\":[{\"@type\":\"WebPage\",\"@id\":\"https:\/\/instituciones.gtm.sld.cu\/electromedicina\/regresan-a-la-patria-nuestros-dos-colaboradores-en-bolivia\/\",\"url\":\"https:\/\/instituciones.gtm.sld.cu\/electromedicina\/regresan-a-la-patria-nuestros-dos-colaboradores-en-bolivia\/\",\"name\":\"Regresan a la Patria Nuestros dos colaboradores en Bolivia - Centro Provincial de Electromedicina\",\"isPartOf\":{\"@id\":\"https:\/\/instituciones.gtm.sld.cu\/electromedicina\/#website\"},\"datePublished\":\"2019-11-18T13:18:12+00:00\",\"dateModified\":\"2019-11-18T13:18:15+00:00\",\"author\":{\"@id\":\"https:\/\/instituciones.gtm.sld.cu\/electromedicina\/#\/schema\/person\/cbe4a3eef397d999dfc3c1c726a991ef\"},\"breadcrumb\":{\"@id\":\"https:\/\/instituciones.gtm.sld.cu\/electromedicina\/regresan-a-la-patria-nuestros-dos-colaboradores-en-bolivia\/#breadcrumb\"},\"inLanguage\":\"es\",\"potentialAction\":[{\"@type\":\"ReadAction\",\"target\":[\"https:\/\/instituciones.gtm.sld.cu\/electromedicina\/regresan-a-la-patria-nuestros-dos-colaboradores-en-bolivia\/\"]}]},{\"@type\":\"BreadcrumbList\",\"@id\":\"https:\/\/instituciones.gtm.sld.cu\/electromedicina\/regresan-a-la-patria-nuestros-dos-colaboradores-en-bolivia\/#breadcrumb\",\"itemListElement\":[{\"@type\":\"ListItem\",\"position\":1,\"name\":\"Inicio\",\"item\":\"https:\/\/instituciones.gtm.sld.cu\/electromedicina\/\"},{\"@type\":\"ListItem\",\"position\":2,\"name\":\"Electromedicina Guant\u00e1namo\",\"item\":\"https:\/\/instituciones.gtm.sld.cu\/electromedicina\/category\/electromedicina-guantanamo\/\"},{\"@type\":\"ListItem\",\"position\":3,\"name\":\"Regresan a la Patria Nuestros dos colaboradores en Bolivia\"}]},{\"@type\":\"WebSite\",\"@id\":\"https:\/\/instituciones.gtm.sld.cu\/electromedicina\/#website\",\"url\":\"https:\/\/instituciones.gtm.sld.cu\/electromedicina\/\",\"name\":\"Centro Provincial de Electromedicina\",\"description\":\"Guant\u00e1namo\",\"potentialAction\":[{\"@type\":\"SearchAction\",\"target\":{\"@type\":\"EntryPoint\",\"urlTemplate\":\"https:\/\/instituciones.gtm.sld.cu\/electromedicina\/?s={search_term_string}\"},\"query-input\":\"required name=search_term_string\"}],\"inLanguage\":\"es\"},{\"@type\":\"Person\",\"@id\":\"https:\/\/instituciones.gtm.sld.cu\/electromedicina\/#\/schema\/person\/cbe4a3eef397d999dfc3c1c726a991ef\",\"name\":\"electromedicina\",\"url\":\"https:\/\/instituciones.gtm.sld.cu\/electromedicina\/author\/electromedicina\/\"}]}<\/script>\n<!-- \/ Yoast SEO plugin. -->","yoast_head_json":{"title":"Regresan a la Patria Nuestros dos colaboradores en Bolivia - Centro Provincial de Electromedicina","robots":{"index":"index","follow":"follow","max-snippet":"max-snippet:-1","max-image-preview":"max-image-preview:large","max-video-preview":"max-video-preview:-1"},"canonical":"https:\/\/instituciones.gtm.sld.cu\/electromedicina\/regresan-a-la-patria-nuestros-dos-colaboradores-en-bolivia\/","og_locale":"es_ES","og_type":"article","og_title":"Regresan a la Patria Nuestros dos colaboradores en Bolivia - Centro Provincial de Electromedicina","og_description":"En el d\u00eda de ayer arribaron a nuestra provincia los dos colaboradores del Centro Provincial de Electromedicina que cumpl\u00edan misi\u00f3n internacionalista en la hermana Bolivia. Fueron recibidos por el Primer Secretario del PCC en la provincia y Miembro del Comit\u00e9 Central del Partido Comunista de Cuba, Rafael P\u00e9rez, por el Director de Salud P\u00fablica en &hellip; Seguir leyendo","og_url":"https:\/\/instituciones.gtm.sld.cu\/electromedicina\/regresan-a-la-patria-nuestros-dos-colaboradores-en-bolivia\/","og_site_name":"Centro Provincial de Electromedicina","article_published_time":"2019-11-18T13:18:12+00:00","article_modified_time":"2019-11-18T13:18:15+00:00","og_image":[{"url":"http:\/\/instituciones.gtm.sld.cu\/electromedicina\/wp-content\/uploads\/sites\/26\/2019\/11\/20191117_124315-2-150x150.jpg"}],"author":"electromedicina","twitter_card":"summary_large_image","twitter_misc":{"Escrito por":"electromedicina","Tiempo de lectura":"1 minuto"},"schema":{"@context":"https:\/\/schema.org","@graph":[{"@type":"WebPage","@id":"https:\/\/instituciones.gtm.sld.cu\/electromedicina\/regresan-a-la-patria-nuestros-dos-colaboradores-en-bolivia\/","url":"https:\/\/instituciones.gtm.sld.cu\/electromedicina\/regresan-a-la-patria-nuestros-dos-colaboradores-en-bolivia\/","name":"Regresan a la Patria Nuestros dos colaboradores en Bolivia - Centro Provincial de Electromedicina","isPartOf":{"@id":"https:\/\/instituciones.gtm.sld.cu\/electromedicina\/#website"},"datePublished":"2019-11-18T13:18:12+00:00","dateModified":"2019-11-18T13:18:15+00:00","author":{"@id":"https:\/\/instituciones.gtm.sld.cu\/electromedicina\/#\/schema\/person\/cbe4a3eef397d999dfc3c1c726a991ef"},"breadcrumb":{"@id":"https:\/\/instituciones.gtm.sld.cu\/electromedicina\/regresan-a-la-patria-nuestros-dos-colaboradores-en-bolivia\/#breadcrumb"},"inLanguage":"es","potentialAction":[{"@type":"ReadAction","target":["https:\/\/instituciones.gtm.sld.cu\/electromedicina\/regresan-a-la-patria-nuestros-dos-colaboradores-en-bolivia\/"]}]},{"@type":"BreadcrumbList","@id":"https:\/\/instituciones.gtm.sld.cu\/electromedicina\/regresan-a-la-patria-nuestros-dos-colaboradores-en-bolivia\/#breadcrumb","itemListElement":[{"@type":"ListItem","position":1,"name":"Inicio","item":"https:\/\/instituciones.gtm.sld.cu\/electromedicina\/"},{"@type":"ListItem","position":2,"name":"Electromedicina Guant\u00e1namo","item":"https:\/\/instituciones.gtm.sld.cu\/electromedicina\/category\/electromedicina-guantanamo\/"},{"@type":"ListItem","position":3,"name":"Regresan a la Patria Nuestros dos colaboradores en Bolivia"}]},{"@type":"WebSite","@id":"https:\/\/instituciones.gtm.sld.cu\/electromedicina\/#website","url":"https:\/\/instituciones.gtm.sld.cu\/electromedicina\/","name":"Centro Provincial de Electromedicina","description":"Guant\u00e1namo","potentialAction":[{"@type":"SearchAction","target":{"@type":"EntryPoint","urlTemplate":"https:\/\/instituciones.gtm.sld.cu\/electromedicina\/?s={search_term_string}"},"query-input":"required name=search_term_string"}],"inLanguage":"es"},{"@type":"Person","@id":"https:\/\/instituciones.gtm.sld.cu\/electromedicina\/#\/schema\/person\/cbe4a3eef397d999dfc3c1c726a991ef","name":"electromedicina","url":"https:\/\/instituciones.gtm.sld.cu\/electromedicina\/author\/electromedicina\/"}]}},"jetpack_featured_media_url":"","_links":{"self":[{"href":"https:\/\/instituciones.gtm.sld.cu\/electromedicina\/wp-json\/wp\/v2\/posts\/2316"}],"collection":[{"href":"https:\/\/instituciones.gtm.sld.cu\/electromedicina\/wp-json\/wp\/v2\/posts"}],"about":[{"href":"https:\/\/instituciones.gtm.sld.cu\/electromedicina\/wp-json\/wp\/v2\/types\/post"}],"author":[{"embeddable":true,"href":"https:\/\/instituciones.gtm.sld.cu\/electromedicina\/wp-json\/wp\/v2\/users\/37"}],"replies":[{"embeddable":true,"href":"https:\/\/instituciones.gtm.sld.cu\/electromedicina\/wp-json\/wp\/v2\/comments?post=2316"}],"version-history":[{"count":3,"href":"https:\/\/instituciones.gtm.sld.cu\/electromedicina\/wp-json\/wp\/v2\/posts\/2316\/revisions"}],"predecessor-version":[{"id":2330,"href":"https:\/\/instituciones.gtm.sld.cu\/electromedicina\/wp-json\/wp\/v2\/posts\/2316\/revisions\/2330"}],"wp:attachment":[{"href":"https:\/\/instituciones.gtm.sld.cu\/electromedicina\/wp-json\/wp\/v2\/media?parent=2316"}],"wp:term":[{"taxonomy":"category","embeddable":true,"href":"https:\/\/instituciones.gtm.sld.cu\/electromedicina\/wp-json\/wp\/v2\/categories?post=2316"},{"taxonomy":"post_tag","embeddable":true,"href":"https:\/\/instituciones.gtm.sld.cu\/electromedicina\/wp-json\/wp\/v2\/tags?post=2316"}],"curies":[{"name":"wp","href":"https:\/\/api.w.org\/{rel}","templated":true}]}}