{"id":2337,"date":"2019-11-20T08:19:27","date_gmt":"2019-11-20T13:19:27","guid":{"rendered":"http:\/\/instituciones.gtm.sld.cu\/electromedicina\/?p=2337"},"modified":"2019-11-20T08:19:27","modified_gmt":"2019-11-20T13:19:27","slug":"novedades-imagenologicas-en-guantanamo","status":"publish","type":"post","link":"https:\/\/instituciones.gtm.sld.cu\/electromedicina\/novedades-imagenologicas-en-guantanamo\/","title":{"rendered":"Novedades imagenol\u00f3gicas en Guant\u00e1namo"},"content":{"rendered":"<div id=\"attachment_2338\" style=\"width: 119px\" class=\"wp-caption alignleft\"><img aria-describedby=\"caption-attachment-2338\" decoding=\"async\" class=\"wp-image-2338 \" title=\"Informatizando la Radiolog\u00eda en Guant\u00e1namo\" src=\"http:\/\/instituciones.gtm.sld.cu\/electromedicina\/wp-content\/uploads\/sites\/26\/2019\/11\/Imageneolog\u00eda_1-150x150.jpg\" alt=\"\" width=\"119\" height=\"119\"><p id=\"caption-attachment-2338\" class=\"wp-caption-text\">&nbsp;<\/p><\/div>\n<p>La reciente conexi\u00f3n a la red Infomed de los servidores IMEDIG del Hospital General Docente Doctor Agostinho Neto, el Pedi\u00e1trico Pedro Agust\u00edn P\u00e9rez y el Octavio de la Concepci\u00f3n y de la Pedraja (Baracoa) constituye un paso trascendental en el proyecto de informatizaci\u00f3n de los servicios de Salud en la provincia de <a href=\"https:\/\/www.ecured.cu\/Provincia_de_Guant%C3%A1namo_(Cuba)\">Guant\u00e1namo<\/a>.<!--more--><\/p>\n<p>IMEDIG es un sistema para teleradiolog\u00eda que conecta un equipo de adquisici\u00f3n de im\u00e1genes con un radi\u00f3logo ubicado remotamente, quien obtiene de forma r\u00e1pida y efectiva los estudios realizados a sus pacientes, los cuales quedan almacenados en la nube de un servidor y pueden ser consultados por el m\u00e9dico en cualquier momento.<\/p>\n<p>Yasser P\u00e9rez Fontanet, subdirector del Centro provincial de Electromedicina, explic\u00f3 que \u201cesos equipos inform\u00e1ticos disponen de una interfaz web para que las im\u00e1genes m\u00e9dicas almacenadas en las bases de datos puedan ser descargadas, revisadas y diagnosticadas desde cualquier instituci\u00f3n del pa\u00eds conectada a la red del Centro Nacional de Informaci\u00f3n en Ciencias M\u00e9dicas.<\/p>\n<p>\u201cSi a un paciente en Baracoa se le realiza una radiograf\u00eda digital y es remitido hacia el hospital provincial, desde Guant\u00e1namo el m\u00e9dico puede acceder al estudio, interpretarlo y llegar a una conclusi\u00f3n y diagn\u00f3stico. Ello evita someter nuevamente al enfermo a innecesarias radiaciones ionizantes da\u00f1inas a la salud\u201d, subray\u00f3 el directivo. <span style=\"color: #008000\"><a style=\"color: #008000\" href=\"http:\/\/www.venceremos.cu\/guantanamo-noticias\/19498-novedades-imagenologicas\" target=\"_blank\" rel=\"noopener noreferrer\">Continuar Leyendo.<\/a><\/span><\/p>\n<p>&nbsp;<\/p>\n<p>Fuente: <span style=\"color: #99cc00\"><a style=\"color: #99cc00\" href=\"http:\/\/www.venceremos.cu\/guantanamo-noticias\/19498-novedades-imagenologicas\" target=\"_blank\" rel=\"noopener noreferrer\"><span style=\"color: #008000\">Diario Digital Venceremos.<\/span><\/a><\/span><\/p>\n","protected":false},"excerpt":{"rendered":"<p>La reciente conexi\u00f3n a la red Infomed de los servidores IMEDIG del Hospital General Docente Doctor Agostinho Neto, el Pedi\u00e1trico Pedro Agust\u00edn P\u00e9rez y el Octavio de la Concepci\u00f3n y de la Pedraja (Baracoa) constituye un paso trascendental en el proyecto de informatizaci\u00f3n de los servicios de Salud en la provincia de Guant\u00e1namo.<\/p><p><a class=\"more-link btn\" href=\"https:\/\/instituciones.gtm.sld.cu\/electromedicina\/novedades-imagenologicas-en-guantanamo\/\">Seguir leyendo<\/a><\/p>\n","protected":false},"author":37,"featured_media":2338,"comment_status":"open","ping_status":"open","sticky":false,"template":"","format":"standard","meta":{"ngg_post_thumbnail":0},"categories":[3,38,17,5,6],"tags":[29,20,35,27,11,33,18],"yoast_head":"<!-- This site is optimized with the Yoast SEO plugin v21.8 - https:\/\/yoast.com\/wordpress\/plugins\/seo\/ -->\n<title>Novedades imagenol\u00f3gicas en Guant\u00e1namo - Centro Provincial de Electromedicina<\/title>\n<meta name=\"robots\" content=\"index, follow, max-snippet:-1, max-image-preview:large, max-video-preview:-1\" \/>\n<link rel=\"canonical\" href=\"https:\/\/instituciones.gtm.sld.cu\/electromedicina\/novedades-imagenologicas-en-guantanamo\/\" \/>\n<meta property=\"og:locale\" content=\"es_ES\" \/>\n<meta property=\"og:type\" content=\"article\" \/>\n<meta property=\"og:title\" content=\"Novedades imagenol\u00f3gicas en Guant\u00e1namo - Centro Provincial de Electromedicina\" \/>\n<meta property=\"og:description\" content=\"La reciente conexi\u00f3n a la red Infomed de los servidores IMEDIG del Hospital General Docente Doctor Agostinho Neto, el Pedi\u00e1trico Pedro Agust\u00edn P\u00e9rez y el Octavio de la Concepci\u00f3n y de la Pedraja (Baracoa) constituye un paso trascendental en el proyecto de informatizaci\u00f3n de los servicios de Salud en la provincia de Guant\u00e1namo.\" \/>\n<meta property=\"og:url\" content=\"https:\/\/instituciones.gtm.sld.cu\/electromedicina\/novedades-imagenologicas-en-guantanamo\/\" \/>\n<meta property=\"og:site_name\" content=\"Centro Provincial de Electromedicina\" \/>\n<meta property=\"article:published_time\" content=\"2019-11-20T13:19:27+00:00\" \/>\n<meta property=\"og:image\" content=\"https:\/\/instituciones.gtm.sld.cu\/electromedicina\/wp-content\/uploads\/sites\/26\/2019\/11\/Imageneolog\u00eda_1.jpg\" \/>\n\t<meta property=\"og:image:width\" content=\"656\" \/>\n\t<meta property=\"og:image:height\" content=\"600\" \/>\n\t<meta property=\"og:image:type\" content=\"image\/jpeg\" \/>\n<meta name=\"author\" content=\"electromedicina\" \/>\n<meta name=\"twitter:card\" content=\"summary_large_image\" \/>\n<meta name=\"twitter:label1\" content=\"Escrito por\" \/>\n\t<meta name=\"twitter:data1\" content=\"electromedicina\" \/>\n\t<meta name=\"twitter:label2\" content=\"Tiempo de lectura\" \/>\n\t<meta name=\"twitter:data2\" content=\"1 minuto\" \/>\n<script type=\"application\/ld+json\" class=\"yoast-schema-graph\">{\"@context\":\"https:\/\/schema.org\",\"@graph\":[{\"@type\":\"WebPage\",\"@id\":\"https:\/\/instituciones.gtm.sld.cu\/electromedicina\/novedades-imagenologicas-en-guantanamo\/\",\"url\":\"https:\/\/instituciones.gtm.sld.cu\/electromedicina\/novedades-imagenologicas-en-guantanamo\/\",\"name\":\"Novedades imagenol\u00f3gicas en Guant\u00e1namo - Centro Provincial de Electromedicina\",\"isPartOf\":{\"@id\":\"https:\/\/instituciones.gtm.sld.cu\/electromedicina\/#website\"},\"datePublished\":\"2019-11-20T13:19:27+00:00\",\"dateModified\":\"2019-11-20T13:19:27+00:00\",\"author\":{\"@id\":\"https:\/\/instituciones.gtm.sld.cu\/electromedicina\/#\/schema\/person\/cbe4a3eef397d999dfc3c1c726a991ef\"},\"breadcrumb\":{\"@id\":\"https:\/\/instituciones.gtm.sld.cu\/electromedicina\/novedades-imagenologicas-en-guantanamo\/#breadcrumb\"},\"inLanguage\":\"es\",\"potentialAction\":[{\"@type\":\"ReadAction\",\"target\":[\"https:\/\/instituciones.gtm.sld.cu\/electromedicina\/novedades-imagenologicas-en-guantanamo\/\"]}]},{\"@type\":\"BreadcrumbList\",\"@id\":\"https:\/\/instituciones.gtm.sld.cu\/electromedicina\/novedades-imagenologicas-en-guantanamo\/#breadcrumb\",\"itemListElement\":[{\"@type\":\"ListItem\",\"position\":1,\"name\":\"Inicio\",\"item\":\"https:\/\/instituciones.gtm.sld.cu\/electromedicina\/\"},{\"@type\":\"ListItem\",\"position\":2,\"name\":\"Ciencia\",\"item\":\"https:\/\/instituciones.gtm.sld.cu\/electromedicina\/category\/ciencia\/\"},{\"@type\":\"ListItem\",\"position\":3,\"name\":\"Novedades imagenol\u00f3gicas en Guant\u00e1namo\"}]},{\"@type\":\"WebSite\",\"@id\":\"https:\/\/instituciones.gtm.sld.cu\/electromedicina\/#website\",\"url\":\"https:\/\/instituciones.gtm.sld.cu\/electromedicina\/\",\"name\":\"Centro Provincial de Electromedicina\",\"description\":\"Guant\u00e1namo\",\"potentialAction\":[{\"@type\":\"SearchAction\",\"target\":{\"@type\":\"EntryPoint\",\"urlTemplate\":\"https:\/\/instituciones.gtm.sld.cu\/electromedicina\/?s={search_term_string}\"},\"query-input\":\"required name=search_term_string\"}],\"inLanguage\":\"es\"},{\"@type\":\"Person\",\"@id\":\"https:\/\/instituciones.gtm.sld.cu\/electromedicina\/#\/schema\/person\/cbe4a3eef397d999dfc3c1c726a991ef\",\"name\":\"electromedicina\",\"url\":\"https:\/\/instituciones.gtm.sld.cu\/electromedicina\/author\/electromedicina\/\"}]}<\/script>\n<!-- \/ Yoast SEO plugin. -->","yoast_head_json":{"title":"Novedades imagenol\u00f3gicas en Guant\u00e1namo - Centro Provincial de Electromedicina","robots":{"index":"index","follow":"follow","max-snippet":"max-snippet:-1","max-image-preview":"max-image-preview:large","max-video-preview":"max-video-preview:-1"},"canonical":"https:\/\/instituciones.gtm.sld.cu\/electromedicina\/novedades-imagenologicas-en-guantanamo\/","og_locale":"es_ES","og_type":"article","og_title":"Novedades imagenol\u00f3gicas en Guant\u00e1namo - Centro Provincial de Electromedicina","og_description":"La reciente conexi\u00f3n a la red Infomed de los servidores IMEDIG del Hospital General Docente Doctor Agostinho Neto, el Pedi\u00e1trico Pedro Agust\u00edn P\u00e9rez y el Octavio de la Concepci\u00f3n y de la Pedraja (Baracoa) constituye un paso trascendental en el proyecto de informatizaci\u00f3n de los servicios de Salud en la provincia de Guant\u00e1namo.","og_url":"https:\/\/instituciones.gtm.sld.cu\/electromedicina\/novedades-imagenologicas-en-guantanamo\/","og_site_name":"Centro Provincial de Electromedicina","article_published_time":"2019-11-20T13:19:27+00:00","og_image":[{"width":656,"height":600,"url":"https:\/\/instituciones.gtm.sld.cu\/electromedicina\/wp-content\/uploads\/sites\/26\/2019\/11\/Imageneolog\u00eda_1.jpg","type":"image\/jpeg"}],"author":"electromedicina","twitter_card":"summary_large_image","twitter_misc":{"Escrito por":"electromedicina","Tiempo de lectura":"1 minuto"},"schema":{"@context":"https:\/\/schema.org","@graph":[{"@type":"WebPage","@id":"https:\/\/instituciones.gtm.sld.cu\/electromedicina\/novedades-imagenologicas-en-guantanamo\/","url":"https:\/\/instituciones.gtm.sld.cu\/electromedicina\/novedades-imagenologicas-en-guantanamo\/","name":"Novedades imagenol\u00f3gicas en Guant\u00e1namo - Centro Provincial de Electromedicina","isPartOf":{"@id":"https:\/\/instituciones.gtm.sld.cu\/electromedicina\/#website"},"datePublished":"2019-11-20T13:19:27+00:00","dateModified":"2019-11-20T13:19:27+00:00","author":{"@id":"https:\/\/instituciones.gtm.sld.cu\/electromedicina\/#\/schema\/person\/cbe4a3eef397d999dfc3c1c726a991ef"},"breadcrumb":{"@id":"https:\/\/instituciones.gtm.sld.cu\/electromedicina\/novedades-imagenologicas-en-guantanamo\/#breadcrumb"},"inLanguage":"es","potentialAction":[{"@type":"ReadAction","target":["https:\/\/instituciones.gtm.sld.cu\/electromedicina\/novedades-imagenologicas-en-guantanamo\/"]}]},{"@type":"BreadcrumbList","@id":"https:\/\/instituciones.gtm.sld.cu\/electromedicina\/novedades-imagenologicas-en-guantanamo\/#breadcrumb","itemListElement":[{"@type":"ListItem","position":1,"name":"Inicio","item":"https:\/\/instituciones.gtm.sld.cu\/electromedicina\/"},{"@type":"ListItem","position":2,"name":"Ciencia","item":"https:\/\/instituciones.gtm.sld.cu\/electromedicina\/category\/ciencia\/"},{"@type":"ListItem","position":3,"name":"Novedades imagenol\u00f3gicas en Guant\u00e1namo"}]},{"@type":"WebSite","@id":"https:\/\/instituciones.gtm.sld.cu\/electromedicina\/#website","url":"https:\/\/instituciones.gtm.sld.cu\/electromedicina\/","name":"Centro Provincial de Electromedicina","description":"Guant\u00e1namo","potentialAction":[{"@type":"SearchAction","target":{"@type":"EntryPoint","urlTemplate":"https:\/\/instituciones.gtm.sld.cu\/electromedicina\/?s={search_term_string}"},"query-input":"required name=search_term_string"}],"inLanguage":"es"},{"@type":"Person","@id":"https:\/\/instituciones.gtm.sld.cu\/electromedicina\/#\/schema\/person\/cbe4a3eef397d999dfc3c1c726a991ef","name":"electromedicina","url":"https:\/\/instituciones.gtm.sld.cu\/electromedicina\/author\/electromedicina\/"}]}},"jetpack_featured_media_url":"https:\/\/instituciones.gtm.sld.cu\/electromedicina\/wp-content\/uploads\/sites\/26\/2019\/11\/Imageneolog\u00eda_1.jpg","_links":{"self":[{"href":"https:\/\/instituciones.gtm.sld.cu\/electromedicina\/wp-json\/wp\/v2\/posts\/2337"}],"collection":[{"href":"https:\/\/instituciones.gtm.sld.cu\/electromedicina\/wp-json\/wp\/v2\/posts"}],"about":[{"href":"https:\/\/instituciones.gtm.sld.cu\/electromedicina\/wp-json\/wp\/v2\/types\/post"}],"author":[{"embeddable":true,"href":"https:\/\/instituciones.gtm.sld.cu\/electromedicina\/wp-json\/wp\/v2\/users\/37"}],"replies":[{"embeddable":true,"href":"https:\/\/instituciones.gtm.sld.cu\/electromedicina\/wp-json\/wp\/v2\/comments?post=2337"}],"version-history":[{"count":1,"href":"https:\/\/instituciones.gtm.sld.cu\/electromedicina\/wp-json\/wp\/v2\/posts\/2337\/revisions"}],"predecessor-version":[{"id":2339,"href":"https:\/\/instituciones.gtm.sld.cu\/electromedicina\/wp-json\/wp\/v2\/posts\/2337\/revisions\/2339"}],"wp:featuredmedia":[{"embeddable":true,"href":"https:\/\/instituciones.gtm.sld.cu\/electromedicina\/wp-json\/wp\/v2\/media\/2338"}],"wp:attachment":[{"href":"https:\/\/instituciones.gtm.sld.cu\/electromedicina\/wp-json\/wp\/v2\/media?parent=2337"}],"wp:term":[{"taxonomy":"category","embeddable":true,"href":"https:\/\/instituciones.gtm.sld.cu\/electromedicina\/wp-json\/wp\/v2\/categories?post=2337"},{"taxonomy":"post_tag","embeddable":true,"href":"https:\/\/instituciones.gtm.sld.cu\/electromedicina\/wp-json\/wp\/v2\/tags?post=2337"}],"curies":[{"name":"wp","href":"https:\/\/api.w.org\/{rel}","templated":true}]}}