{"id":2441,"date":"2021-10-06T10:33:32","date_gmt":"2021-10-06T14:33:32","guid":{"rendered":"http:\/\/instituciones.gtm.sld.cu\/electromedicina\/?p=2441"},"modified":"2021-10-06T10:33:32","modified_gmt":"2021-10-06T14:33:32","slug":"de-las-telecomunicaciones-y-el-uso-del-espacio-radioelectrico","status":"publish","type":"post","link":"https:\/\/instituciones.gtm.sld.cu\/electromedicina\/de-las-telecomunicaciones-y-el-uso-del-espacio-radioelectrico\/","title":{"rendered":"De las telecomunicaciones y el uso del espacio radioel\u00e9ctrico"},"content":{"rendered":"<p style=\"text-align: justify\"><img decoding=\"async\" class=\"alignleft wp-image-2442\" title=\"ESPACIO RADIOELECTRICO\" src=\"http:\/\/instituciones.gtm.sld.cu\/electromedicina\/wp-content\/uploads\/sites\/26\/2021\/10\/f0212756-150x150.jpg\" alt=\"\" width=\"95\" height=\"95\">Cuba actualiza su marco jur\u00eddico en materia de telecomunicaciones con la promulgaci\u00f3n e implementaci\u00f3n en el pa\u00eds del <strong><a href=\"https:\/\/www.gacetaoficial.gob.cu\/sites\/default\/files\/goc-2021-o92.pdf\">Decreto-Ley No. 35 de las Telecomunicaciones, las Tecnolog\u00edas de la Informaci\u00f3n y la Comunicaci\u00f3n y del Uso del Espectro Radioel\u00e9ctrico<\/a>.<\/strong><!--more--><\/p>\n<p>Forman parte de ese instrumento jur\u00eddico el Decreto 42 Reglamento General de Telecomunicaciones y de las Tecnolog\u00edas de la Informaci\u00f3n y la Comunicaci\u00f3n (TIC) y el Decreto 43 Reglamento sobre el Uso del Espectro Radioel\u00e9ctrico, ambos en vigor desde el 24 de mayo de este a\u00f1o como normas complementarias, que con marcado rigor t\u00e9cnico establecen los aspectos regulatorios en los \u00e1mbitos que administra.<\/p>\n<p>Sobre el Decreto 42, Wilfredo L\u00f3pez Rodr\u00edguez, director de regulaciones del Mincom, explic\u00f3 a <em>Granma<\/em> que los servicios a los que se les aplica este reglamento tienen que ver con la telefon\u00eda b\u00e1sica, conducci\u00f3n de se\u00f1ales, transmisi\u00f3n de datos, acceso a internet, difusi\u00f3n de se\u00f1ales de audio y televisi\u00f3n por cable, televisi\u00f3n por suscripci\u00f3n, telefon\u00eda virtual, cabinas y estaciones telef\u00f3nicas p\u00fablicas, valor agregado, provisi\u00f3n de aplicaciones en entorno internet, provisi\u00f3n de infraestructura pasiva y de redes, centros de contacto y de radiocomunicaciones. Esta norma establece que el titular de una red privada, ya sea persona natural o jur\u00eddica, obtiene una licencia de operaci\u00f3n, que se otorga por el Mincom, cuando requieran conectarse a una red p\u00fablica, hacer uso del espectro radioel\u00e9ctrico o el despliegue de infraestructura propia fuera de los l\u00edmites de su propiedad. Y es que este reglamento instituye claramente los deberes y derechos de los operadores y usuarios de las Telecomunicaciones\/TIC; as\u00ed como las contravenciones por su incumplimiento. <span style=\"color: #339966\"><a style=\"color: #339966\" href=\"https:\/\/www.granma.cu\/doble-click\/2021-10-06\/de-las-telecomunicaciones-y-el-uso-del-espacio-radioelectrico-06-10-2021-00-10-13\" target=\"_blank\" rel=\"noopener noreferrer\">Seguir Leyendo.<\/a><\/span><\/p>\n<p>&nbsp;<\/p>\n<p>Fuente: Tomado de Diario Digital <span style=\"color: #339966\"><a style=\"color: #339966\" href=\"http:\/\/www.granma.cu\" target=\"_blank\" rel=\"noopener noreferrer\">Granma.<\/a><\/span><\/p>\n","protected":false},"excerpt":{"rendered":"<p>Cuba actualiza su marco jur\u00eddico en materia de telecomunicaciones con la promulgaci\u00f3n e implementaci\u00f3n en el pa\u00eds del Decreto-Ley No. 35 de las Telecomunicaciones, las Tecnolog\u00edas de la Informaci\u00f3n y la Comunicaci\u00f3n y del Uso del Espectro Radioel\u00e9ctrico.<\/p><p><a class=\"more-link btn\" href=\"https:\/\/instituciones.gtm.sld.cu\/electromedicina\/de-las-telecomunicaciones-y-el-uso-del-espacio-radioelectrico\/\">Seguir leyendo<\/a><\/p>\n","protected":false},"author":37,"featured_media":2442,"comment_status":"open","ping_status":"open","sticky":false,"template":"","format":"standard","meta":{"ngg_post_thumbnail":0},"categories":[3,40,5],"tags":[29,27,41,11],"yoast_head":"<!-- This site is optimized with the Yoast SEO plugin v21.8 - https:\/\/yoast.com\/wordpress\/plugins\/seo\/ -->\n<title>De las telecomunicaciones y el uso del espacio radioel\u00e9ctrico - Centro Provincial de Electromedicina<\/title>\n<meta name=\"robots\" content=\"index, follow, max-snippet:-1, max-image-preview:large, max-video-preview:-1\" \/>\n<link rel=\"canonical\" href=\"https:\/\/instituciones.gtm.sld.cu\/electromedicina\/de-las-telecomunicaciones-y-el-uso-del-espacio-radioelectrico\/\" \/>\n<meta property=\"og:locale\" content=\"es_ES\" \/>\n<meta property=\"og:type\" content=\"article\" \/>\n<meta property=\"og:title\" content=\"De las telecomunicaciones y el uso del espacio radioel\u00e9ctrico - Centro Provincial de Electromedicina\" \/>\n<meta property=\"og:description\" content=\"Cuba actualiza su marco jur\u00eddico en materia de telecomunicaciones con la promulgaci\u00f3n e implementaci\u00f3n en el pa\u00eds del Decreto-Ley No. 35 de las Telecomunicaciones, las Tecnolog\u00edas de la Informaci\u00f3n y la Comunicaci\u00f3n y del Uso del Espectro Radioel\u00e9ctrico.\" \/>\n<meta property=\"og:url\" content=\"https:\/\/instituciones.gtm.sld.cu\/electromedicina\/de-las-telecomunicaciones-y-el-uso-del-espacio-radioelectrico\/\" \/>\n<meta property=\"og:site_name\" content=\"Centro Provincial de Electromedicina\" \/>\n<meta property=\"article:published_time\" content=\"2021-10-06T14:33:32+00:00\" \/>\n<meta property=\"og:image\" content=\"https:\/\/instituciones.gtm.sld.cu\/electromedicina\/wp-content\/uploads\/sites\/26\/2021\/10\/f0212756.jpg\" \/>\n\t<meta property=\"og:image:width\" content=\"700\" \/>\n\t<meta property=\"og:image:height\" content=\"583\" \/>\n\t<meta property=\"og:image:type\" content=\"image\/jpeg\" \/>\n<meta name=\"author\" content=\"electromedicina\" \/>\n<meta name=\"twitter:card\" content=\"summary_large_image\" \/>\n<meta name=\"twitter:label1\" content=\"Escrito por\" \/>\n\t<meta name=\"twitter:data1\" content=\"electromedicina\" \/>\n\t<meta name=\"twitter:label2\" content=\"Tiempo de lectura\" \/>\n\t<meta name=\"twitter:data2\" content=\"2 minutos\" \/>\n<script type=\"application\/ld+json\" class=\"yoast-schema-graph\">{\"@context\":\"https:\/\/schema.org\",\"@graph\":[{\"@type\":\"WebPage\",\"@id\":\"https:\/\/instituciones.gtm.sld.cu\/electromedicina\/de-las-telecomunicaciones-y-el-uso-del-espacio-radioelectrico\/\",\"url\":\"https:\/\/instituciones.gtm.sld.cu\/electromedicina\/de-las-telecomunicaciones-y-el-uso-del-espacio-radioelectrico\/\",\"name\":\"De las telecomunicaciones y el uso del espacio radioel\u00e9ctrico - Centro Provincial de Electromedicina\",\"isPartOf\":{\"@id\":\"https:\/\/instituciones.gtm.sld.cu\/electromedicina\/#website\"},\"datePublished\":\"2021-10-06T14:33:32+00:00\",\"dateModified\":\"2021-10-06T14:33:32+00:00\",\"author\":{\"@id\":\"https:\/\/instituciones.gtm.sld.cu\/electromedicina\/#\/schema\/person\/cbe4a3eef397d999dfc3c1c726a991ef\"},\"breadcrumb\":{\"@id\":\"https:\/\/instituciones.gtm.sld.cu\/electromedicina\/de-las-telecomunicaciones-y-el-uso-del-espacio-radioelectrico\/#breadcrumb\"},\"inLanguage\":\"es\",\"potentialAction\":[{\"@type\":\"ReadAction\",\"target\":[\"https:\/\/instituciones.gtm.sld.cu\/electromedicina\/de-las-telecomunicaciones-y-el-uso-del-espacio-radioelectrico\/\"]}]},{\"@type\":\"BreadcrumbList\",\"@id\":\"https:\/\/instituciones.gtm.sld.cu\/electromedicina\/de-las-telecomunicaciones-y-el-uso-del-espacio-radioelectrico\/#breadcrumb\",\"itemListElement\":[{\"@type\":\"ListItem\",\"position\":1,\"name\":\"Inicio\",\"item\":\"https:\/\/instituciones.gtm.sld.cu\/electromedicina\/\"},{\"@type\":\"ListItem\",\"position\":2,\"name\":\"Ciencia\",\"item\":\"https:\/\/instituciones.gtm.sld.cu\/electromedicina\/category\/ciencia\/\"},{\"@type\":\"ListItem\",\"position\":3,\"name\":\"De las telecomunicaciones y el uso del espacio radioel\u00e9ctrico\"}]},{\"@type\":\"WebSite\",\"@id\":\"https:\/\/instituciones.gtm.sld.cu\/electromedicina\/#website\",\"url\":\"https:\/\/instituciones.gtm.sld.cu\/electromedicina\/\",\"name\":\"Centro Provincial de Electromedicina\",\"description\":\"Guant\u00e1namo\",\"potentialAction\":[{\"@type\":\"SearchAction\",\"target\":{\"@type\":\"EntryPoint\",\"urlTemplate\":\"https:\/\/instituciones.gtm.sld.cu\/electromedicina\/?s={search_term_string}\"},\"query-input\":\"required name=search_term_string\"}],\"inLanguage\":\"es\"},{\"@type\":\"Person\",\"@id\":\"https:\/\/instituciones.gtm.sld.cu\/electromedicina\/#\/schema\/person\/cbe4a3eef397d999dfc3c1c726a991ef\",\"name\":\"electromedicina\",\"url\":\"https:\/\/instituciones.gtm.sld.cu\/electromedicina\/author\/electromedicina\/\"}]}<\/script>\n<!-- \/ Yoast SEO plugin. -->","yoast_head_json":{"title":"De las telecomunicaciones y el uso del espacio radioel\u00e9ctrico - Centro Provincial de Electromedicina","robots":{"index":"index","follow":"follow","max-snippet":"max-snippet:-1","max-image-preview":"max-image-preview:large","max-video-preview":"max-video-preview:-1"},"canonical":"https:\/\/instituciones.gtm.sld.cu\/electromedicina\/de-las-telecomunicaciones-y-el-uso-del-espacio-radioelectrico\/","og_locale":"es_ES","og_type":"article","og_title":"De las telecomunicaciones y el uso del espacio radioel\u00e9ctrico - Centro Provincial de Electromedicina","og_description":"Cuba actualiza su marco jur\u00eddico en materia de telecomunicaciones con la promulgaci\u00f3n e implementaci\u00f3n en el pa\u00eds del Decreto-Ley No. 35 de las Telecomunicaciones, las Tecnolog\u00edas de la Informaci\u00f3n y la Comunicaci\u00f3n y del Uso del Espectro Radioel\u00e9ctrico.","og_url":"https:\/\/instituciones.gtm.sld.cu\/electromedicina\/de-las-telecomunicaciones-y-el-uso-del-espacio-radioelectrico\/","og_site_name":"Centro Provincial de Electromedicina","article_published_time":"2021-10-06T14:33:32+00:00","og_image":[{"width":700,"height":583,"url":"https:\/\/instituciones.gtm.sld.cu\/electromedicina\/wp-content\/uploads\/sites\/26\/2021\/10\/f0212756.jpg","type":"image\/jpeg"}],"author":"electromedicina","twitter_card":"summary_large_image","twitter_misc":{"Escrito por":"electromedicina","Tiempo de lectura":"2 minutos"},"schema":{"@context":"https:\/\/schema.org","@graph":[{"@type":"WebPage","@id":"https:\/\/instituciones.gtm.sld.cu\/electromedicina\/de-las-telecomunicaciones-y-el-uso-del-espacio-radioelectrico\/","url":"https:\/\/instituciones.gtm.sld.cu\/electromedicina\/de-las-telecomunicaciones-y-el-uso-del-espacio-radioelectrico\/","name":"De las telecomunicaciones y el uso del espacio radioel\u00e9ctrico - Centro Provincial de Electromedicina","isPartOf":{"@id":"https:\/\/instituciones.gtm.sld.cu\/electromedicina\/#website"},"datePublished":"2021-10-06T14:33:32+00:00","dateModified":"2021-10-06T14:33:32+00:00","author":{"@id":"https:\/\/instituciones.gtm.sld.cu\/electromedicina\/#\/schema\/person\/cbe4a3eef397d999dfc3c1c726a991ef"},"breadcrumb":{"@id":"https:\/\/instituciones.gtm.sld.cu\/electromedicina\/de-las-telecomunicaciones-y-el-uso-del-espacio-radioelectrico\/#breadcrumb"},"inLanguage":"es","potentialAction":[{"@type":"ReadAction","target":["https:\/\/instituciones.gtm.sld.cu\/electromedicina\/de-las-telecomunicaciones-y-el-uso-del-espacio-radioelectrico\/"]}]},{"@type":"BreadcrumbList","@id":"https:\/\/instituciones.gtm.sld.cu\/electromedicina\/de-las-telecomunicaciones-y-el-uso-del-espacio-radioelectrico\/#breadcrumb","itemListElement":[{"@type":"ListItem","position":1,"name":"Inicio","item":"https:\/\/instituciones.gtm.sld.cu\/electromedicina\/"},{"@type":"ListItem","position":2,"name":"Ciencia","item":"https:\/\/instituciones.gtm.sld.cu\/electromedicina\/category\/ciencia\/"},{"@type":"ListItem","position":3,"name":"De las telecomunicaciones y el uso del espacio radioel\u00e9ctrico"}]},{"@type":"WebSite","@id":"https:\/\/instituciones.gtm.sld.cu\/electromedicina\/#website","url":"https:\/\/instituciones.gtm.sld.cu\/electromedicina\/","name":"Centro Provincial de Electromedicina","description":"Guant\u00e1namo","potentialAction":[{"@type":"SearchAction","target":{"@type":"EntryPoint","urlTemplate":"https:\/\/instituciones.gtm.sld.cu\/electromedicina\/?s={search_term_string}"},"query-input":"required name=search_term_string"}],"inLanguage":"es"},{"@type":"Person","@id":"https:\/\/instituciones.gtm.sld.cu\/electromedicina\/#\/schema\/person\/cbe4a3eef397d999dfc3c1c726a991ef","name":"electromedicina","url":"https:\/\/instituciones.gtm.sld.cu\/electromedicina\/author\/electromedicina\/"}]}},"jetpack_featured_media_url":"https:\/\/instituciones.gtm.sld.cu\/electromedicina\/wp-content\/uploads\/sites\/26\/2021\/10\/f0212756.jpg","_links":{"self":[{"href":"https:\/\/instituciones.gtm.sld.cu\/electromedicina\/wp-json\/wp\/v2\/posts\/2441"}],"collection":[{"href":"https:\/\/instituciones.gtm.sld.cu\/electromedicina\/wp-json\/wp\/v2\/posts"}],"about":[{"href":"https:\/\/instituciones.gtm.sld.cu\/electromedicina\/wp-json\/wp\/v2\/types\/post"}],"author":[{"embeddable":true,"href":"https:\/\/instituciones.gtm.sld.cu\/electromedicina\/wp-json\/wp\/v2\/users\/37"}],"replies":[{"embeddable":true,"href":"https:\/\/instituciones.gtm.sld.cu\/electromedicina\/wp-json\/wp\/v2\/comments?post=2441"}],"version-history":[{"count":1,"href":"https:\/\/instituciones.gtm.sld.cu\/electromedicina\/wp-json\/wp\/v2\/posts\/2441\/revisions"}],"predecessor-version":[{"id":2443,"href":"https:\/\/instituciones.gtm.sld.cu\/electromedicina\/wp-json\/wp\/v2\/posts\/2441\/revisions\/2443"}],"wp:featuredmedia":[{"embeddable":true,"href":"https:\/\/instituciones.gtm.sld.cu\/electromedicina\/wp-json\/wp\/v2\/media\/2442"}],"wp:attachment":[{"href":"https:\/\/instituciones.gtm.sld.cu\/electromedicina\/wp-json\/wp\/v2\/media?parent=2441"}],"wp:term":[{"taxonomy":"category","embeddable":true,"href":"https:\/\/instituciones.gtm.sld.cu\/electromedicina\/wp-json\/wp\/v2\/categories?post=2441"},{"taxonomy":"post_tag","embeddable":true,"href":"https:\/\/instituciones.gtm.sld.cu\/electromedicina\/wp-json\/wp\/v2\/tags?post=2441"}],"curies":[{"name":"wp","href":"https:\/\/api.w.org\/{rel}","templated":true}]}}