{"id":2517,"date":"2022-03-28T08:27:11","date_gmt":"2022-03-28T12:27:11","guid":{"rendered":"http:\/\/instituciones.gtm.sld.cu\/electromedicina\/?p=2517"},"modified":"2022-03-28T08:27:11","modified_gmt":"2022-03-28T12:27:11","slug":"propone-transfermovil-incorporacion-de-nuevos-servicios-para-este-ano","status":"publish","type":"post","link":"https:\/\/instituciones.gtm.sld.cu\/electromedicina\/propone-transfermovil-incorporacion-de-nuevos-servicios-para-este-ano\/","title":{"rendered":"Propone TransferM\u00f3vil incorporaci\u00f3n de nuevos servicios para este a\u00f1o"},"content":{"rendered":"<p><img decoding=\"async\" class=\"wp-image-2518 size-thumbnail alignleft\" title=\"TRANSFERMOVIL\" src=\"http:\/\/instituciones.gtm.sld.cu\/electromedicina\/wp-content\/uploads\/sites\/26\/2022\/03\/f0257070-150x150.jpg\" alt=\"TRANSFERMOVIL\" width=\"150\" height=\"150\">Para este 2022, Transferm\u00f3vil tiene previsto iniciar el servicio de monedero m\u00f3vil, un proyecto complejo desde el punto de vista tecnol\u00f3gico y organizacional concebido en dos etapas, y que tiene como objetivo acelerar el proceso de desarrollo del comercio electr\u00f3nico en el pa\u00eds.<\/p>\n<p>De acuerdo con Julio Antonio Garc\u00eda Tr\u00e1paga, director de Comercio Electr\u00f3nico de Etecsa, este es un punto importante en el desarrollo del comercio por muchas razones, destacando que se dar\u00e1n facilidades a quienes a\u00fan no tengan tarjetas bancarias para realizar operaciones. <!--more--><\/p>\n<p>De igual forma, con la nueva versi\u00f3n \u2013por estrenarse pr\u00f3ximamente\u2013 se agregar\u00e1 el pago de servicio de agua a nivel nacional, y tambi\u00e9n se prev\u00e9, antes de concluir el a\u00f1o, lanzar la versi\u00f3n de la aplicaci\u00f3n para m\u00f3viles con sistema operativo ios.<\/p>\n<p>Transferm\u00f3vil cuenta con 3,1 millones de clientes activos, plataforma mediante la cual se efect\u00faan 60 millones de operaciones mensuales y se realizan 22 operaciones por segundo.<\/p>\n<p>&nbsp;<\/p>\n<p><strong>Fuente:<\/strong> Tomado de Diario Digital <span style=\"color: #339966\"><a style=\"color: #339966\" href=\"http:\/\/www.granma.cu\">Granma<\/a><\/span><\/p>\n","protected":false},"excerpt":{"rendered":"<p>Para este 2022, Transferm\u00f3vil tiene previsto iniciar el servicio de monedero m\u00f3vil, un proyecto complejo desde el punto de vista tecnol\u00f3gico y organizacional concebido en dos etapas, y que tiene como objetivo acelerar el proceso de desarrollo del comercio electr\u00f3nico en el pa\u00eds. De acuerdo con Julio Antonio Garc\u00eda Tr\u00e1paga, director de Comercio Electr\u00f3nico de &hellip; <\/p>\n<p><a class=\"more-link btn\" href=\"https:\/\/instituciones.gtm.sld.cu\/electromedicina\/propone-transfermovil-incorporacion-de-nuevos-servicios-para-este-ano\/\">Seguir leyendo<\/a><\/p>\n","protected":false},"author":37,"featured_media":2518,"comment_status":"open","ping_status":"open","sticky":false,"template":"","format":"standard","meta":{"ngg_post_thumbnail":0},"categories":[3,5],"tags":[29,27,41,11],"yoast_head":"<!-- This site is optimized with the Yoast SEO plugin v21.8 - https:\/\/yoast.com\/wordpress\/plugins\/seo\/ -->\n<title>Propone TransferM\u00f3vil incorporaci\u00f3n de nuevos servicios para este a\u00f1o - Centro Provincial de Electromedicina<\/title>\n<meta name=\"robots\" content=\"index, follow, max-snippet:-1, max-image-preview:large, max-video-preview:-1\" \/>\n<link rel=\"canonical\" href=\"https:\/\/instituciones.gtm.sld.cu\/electromedicina\/propone-transfermovil-incorporacion-de-nuevos-servicios-para-este-ano\/\" \/>\n<meta property=\"og:locale\" content=\"es_ES\" \/>\n<meta property=\"og:type\" content=\"article\" \/>\n<meta property=\"og:title\" content=\"Propone TransferM\u00f3vil incorporaci\u00f3n de nuevos servicios para este a\u00f1o - Centro Provincial de Electromedicina\" \/>\n<meta property=\"og:description\" content=\"Para este 2022, Transferm\u00f3vil tiene previsto iniciar el servicio de monedero m\u00f3vil, un proyecto complejo desde el punto de vista tecnol\u00f3gico y organizacional concebido en dos etapas, y que tiene como objetivo acelerar el proceso de desarrollo del comercio electr\u00f3nico en el pa\u00eds. De acuerdo con Julio Antonio Garc\u00eda Tr\u00e1paga, director de Comercio Electr\u00f3nico de &hellip; Seguir leyendo\" \/>\n<meta property=\"og:url\" content=\"https:\/\/instituciones.gtm.sld.cu\/electromedicina\/propone-transfermovil-incorporacion-de-nuevos-servicios-para-este-ano\/\" \/>\n<meta property=\"og:site_name\" content=\"Centro Provincial de Electromedicina\" \/>\n<meta property=\"article:published_time\" content=\"2022-03-28T12:27:11+00:00\" \/>\n<meta property=\"og:image\" content=\"https:\/\/instituciones.gtm.sld.cu\/electromedicina\/wp-content\/uploads\/sites\/26\/2022\/03\/f0257070.jpg\" \/>\n\t<meta property=\"og:image:width\" content=\"700\" \/>\n\t<meta property=\"og:image:height\" content=\"1172\" \/>\n\t<meta property=\"og:image:type\" content=\"image\/jpeg\" \/>\n<meta name=\"author\" content=\"electromedicina\" \/>\n<meta name=\"twitter:card\" content=\"summary_large_image\" \/>\n<meta name=\"twitter:label1\" content=\"Escrito por\" \/>\n\t<meta name=\"twitter:data1\" content=\"electromedicina\" \/>\n\t<meta name=\"twitter:label2\" content=\"Tiempo de lectura\" \/>\n\t<meta name=\"twitter:data2\" content=\"1 minuto\" \/>\n<script type=\"application\/ld+json\" class=\"yoast-schema-graph\">{\"@context\":\"https:\/\/schema.org\",\"@graph\":[{\"@type\":\"WebPage\",\"@id\":\"https:\/\/instituciones.gtm.sld.cu\/electromedicina\/propone-transfermovil-incorporacion-de-nuevos-servicios-para-este-ano\/\",\"url\":\"https:\/\/instituciones.gtm.sld.cu\/electromedicina\/propone-transfermovil-incorporacion-de-nuevos-servicios-para-este-ano\/\",\"name\":\"Propone TransferM\u00f3vil incorporaci\u00f3n de nuevos servicios para este a\u00f1o - Centro Provincial de Electromedicina\",\"isPartOf\":{\"@id\":\"https:\/\/instituciones.gtm.sld.cu\/electromedicina\/#website\"},\"datePublished\":\"2022-03-28T12:27:11+00:00\",\"dateModified\":\"2022-03-28T12:27:11+00:00\",\"author\":{\"@id\":\"https:\/\/instituciones.gtm.sld.cu\/electromedicina\/#\/schema\/person\/cbe4a3eef397d999dfc3c1c726a991ef\"},\"breadcrumb\":{\"@id\":\"https:\/\/instituciones.gtm.sld.cu\/electromedicina\/propone-transfermovil-incorporacion-de-nuevos-servicios-para-este-ano\/#breadcrumb\"},\"inLanguage\":\"es\",\"potentialAction\":[{\"@type\":\"ReadAction\",\"target\":[\"https:\/\/instituciones.gtm.sld.cu\/electromedicina\/propone-transfermovil-incorporacion-de-nuevos-servicios-para-este-ano\/\"]}]},{\"@type\":\"BreadcrumbList\",\"@id\":\"https:\/\/instituciones.gtm.sld.cu\/electromedicina\/propone-transfermovil-incorporacion-de-nuevos-servicios-para-este-ano\/#breadcrumb\",\"itemListElement\":[{\"@type\":\"ListItem\",\"position\":1,\"name\":\"Inicio\",\"item\":\"https:\/\/instituciones.gtm.sld.cu\/electromedicina\/\"},{\"@type\":\"ListItem\",\"position\":2,\"name\":\"Ciencia\",\"item\":\"https:\/\/instituciones.gtm.sld.cu\/electromedicina\/category\/ciencia\/\"},{\"@type\":\"ListItem\",\"position\":3,\"name\":\"Propone TransferM\u00f3vil incorporaci\u00f3n de nuevos servicios para este a\u00f1o\"}]},{\"@type\":\"WebSite\",\"@id\":\"https:\/\/instituciones.gtm.sld.cu\/electromedicina\/#website\",\"url\":\"https:\/\/instituciones.gtm.sld.cu\/electromedicina\/\",\"name\":\"Centro Provincial de Electromedicina\",\"description\":\"Guant\u00e1namo\",\"potentialAction\":[{\"@type\":\"SearchAction\",\"target\":{\"@type\":\"EntryPoint\",\"urlTemplate\":\"https:\/\/instituciones.gtm.sld.cu\/electromedicina\/?s={search_term_string}\"},\"query-input\":\"required name=search_term_string\"}],\"inLanguage\":\"es\"},{\"@type\":\"Person\",\"@id\":\"https:\/\/instituciones.gtm.sld.cu\/electromedicina\/#\/schema\/person\/cbe4a3eef397d999dfc3c1c726a991ef\",\"name\":\"electromedicina\",\"url\":\"https:\/\/instituciones.gtm.sld.cu\/electromedicina\/author\/electromedicina\/\"}]}<\/script>\n<!-- \/ Yoast SEO plugin. -->","yoast_head_json":{"title":"Propone TransferM\u00f3vil incorporaci\u00f3n de nuevos servicios para este a\u00f1o - Centro Provincial de Electromedicina","robots":{"index":"index","follow":"follow","max-snippet":"max-snippet:-1","max-image-preview":"max-image-preview:large","max-video-preview":"max-video-preview:-1"},"canonical":"https:\/\/instituciones.gtm.sld.cu\/electromedicina\/propone-transfermovil-incorporacion-de-nuevos-servicios-para-este-ano\/","og_locale":"es_ES","og_type":"article","og_title":"Propone TransferM\u00f3vil incorporaci\u00f3n de nuevos servicios para este a\u00f1o - Centro Provincial de Electromedicina","og_description":"Para este 2022, Transferm\u00f3vil tiene previsto iniciar el servicio de monedero m\u00f3vil, un proyecto complejo desde el punto de vista tecnol\u00f3gico y organizacional concebido en dos etapas, y que tiene como objetivo acelerar el proceso de desarrollo del comercio electr\u00f3nico en el pa\u00eds. De acuerdo con Julio Antonio Garc\u00eda Tr\u00e1paga, director de Comercio Electr\u00f3nico de &hellip; Seguir leyendo","og_url":"https:\/\/instituciones.gtm.sld.cu\/electromedicina\/propone-transfermovil-incorporacion-de-nuevos-servicios-para-este-ano\/","og_site_name":"Centro Provincial de Electromedicina","article_published_time":"2022-03-28T12:27:11+00:00","og_image":[{"width":700,"height":1172,"url":"https:\/\/instituciones.gtm.sld.cu\/electromedicina\/wp-content\/uploads\/sites\/26\/2022\/03\/f0257070.jpg","type":"image\/jpeg"}],"author":"electromedicina","twitter_card":"summary_large_image","twitter_misc":{"Escrito por":"electromedicina","Tiempo de lectura":"1 minuto"},"schema":{"@context":"https:\/\/schema.org","@graph":[{"@type":"WebPage","@id":"https:\/\/instituciones.gtm.sld.cu\/electromedicina\/propone-transfermovil-incorporacion-de-nuevos-servicios-para-este-ano\/","url":"https:\/\/instituciones.gtm.sld.cu\/electromedicina\/propone-transfermovil-incorporacion-de-nuevos-servicios-para-este-ano\/","name":"Propone TransferM\u00f3vil incorporaci\u00f3n de nuevos servicios para este a\u00f1o - Centro Provincial de Electromedicina","isPartOf":{"@id":"https:\/\/instituciones.gtm.sld.cu\/electromedicina\/#website"},"datePublished":"2022-03-28T12:27:11+00:00","dateModified":"2022-03-28T12:27:11+00:00","author":{"@id":"https:\/\/instituciones.gtm.sld.cu\/electromedicina\/#\/schema\/person\/cbe4a3eef397d999dfc3c1c726a991ef"},"breadcrumb":{"@id":"https:\/\/instituciones.gtm.sld.cu\/electromedicina\/propone-transfermovil-incorporacion-de-nuevos-servicios-para-este-ano\/#breadcrumb"},"inLanguage":"es","potentialAction":[{"@type":"ReadAction","target":["https:\/\/instituciones.gtm.sld.cu\/electromedicina\/propone-transfermovil-incorporacion-de-nuevos-servicios-para-este-ano\/"]}]},{"@type":"BreadcrumbList","@id":"https:\/\/instituciones.gtm.sld.cu\/electromedicina\/propone-transfermovil-incorporacion-de-nuevos-servicios-para-este-ano\/#breadcrumb","itemListElement":[{"@type":"ListItem","position":1,"name":"Inicio","item":"https:\/\/instituciones.gtm.sld.cu\/electromedicina\/"},{"@type":"ListItem","position":2,"name":"Ciencia","item":"https:\/\/instituciones.gtm.sld.cu\/electromedicina\/category\/ciencia\/"},{"@type":"ListItem","position":3,"name":"Propone TransferM\u00f3vil incorporaci\u00f3n de nuevos servicios para este a\u00f1o"}]},{"@type":"WebSite","@id":"https:\/\/instituciones.gtm.sld.cu\/electromedicina\/#website","url":"https:\/\/instituciones.gtm.sld.cu\/electromedicina\/","name":"Centro Provincial de Electromedicina","description":"Guant\u00e1namo","potentialAction":[{"@type":"SearchAction","target":{"@type":"EntryPoint","urlTemplate":"https:\/\/instituciones.gtm.sld.cu\/electromedicina\/?s={search_term_string}"},"query-input":"required name=search_term_string"}],"inLanguage":"es"},{"@type":"Person","@id":"https:\/\/instituciones.gtm.sld.cu\/electromedicina\/#\/schema\/person\/cbe4a3eef397d999dfc3c1c726a991ef","name":"electromedicina","url":"https:\/\/instituciones.gtm.sld.cu\/electromedicina\/author\/electromedicina\/"}]}},"jetpack_featured_media_url":"https:\/\/instituciones.gtm.sld.cu\/electromedicina\/wp-content\/uploads\/sites\/26\/2022\/03\/f0257070.jpg","_links":{"self":[{"href":"https:\/\/instituciones.gtm.sld.cu\/electromedicina\/wp-json\/wp\/v2\/posts\/2517"}],"collection":[{"href":"https:\/\/instituciones.gtm.sld.cu\/electromedicina\/wp-json\/wp\/v2\/posts"}],"about":[{"href":"https:\/\/instituciones.gtm.sld.cu\/electromedicina\/wp-json\/wp\/v2\/types\/post"}],"author":[{"embeddable":true,"href":"https:\/\/instituciones.gtm.sld.cu\/electromedicina\/wp-json\/wp\/v2\/users\/37"}],"replies":[{"embeddable":true,"href":"https:\/\/instituciones.gtm.sld.cu\/electromedicina\/wp-json\/wp\/v2\/comments?post=2517"}],"version-history":[{"count":1,"href":"https:\/\/instituciones.gtm.sld.cu\/electromedicina\/wp-json\/wp\/v2\/posts\/2517\/revisions"}],"predecessor-version":[{"id":2519,"href":"https:\/\/instituciones.gtm.sld.cu\/electromedicina\/wp-json\/wp\/v2\/posts\/2517\/revisions\/2519"}],"wp:featuredmedia":[{"embeddable":true,"href":"https:\/\/instituciones.gtm.sld.cu\/electromedicina\/wp-json\/wp\/v2\/media\/2518"}],"wp:attachment":[{"href":"https:\/\/instituciones.gtm.sld.cu\/electromedicina\/wp-json\/wp\/v2\/media?parent=2517"}],"wp:term":[{"taxonomy":"category","embeddable":true,"href":"https:\/\/instituciones.gtm.sld.cu\/electromedicina\/wp-json\/wp\/v2\/categories?post=2517"},{"taxonomy":"post_tag","embeddable":true,"href":"https:\/\/instituciones.gtm.sld.cu\/electromedicina\/wp-json\/wp\/v2\/tags?post=2517"}],"curies":[{"name":"wp","href":"https:\/\/api.w.org\/{rel}","templated":true}]}}