{"id":2588,"date":"2023-02-01T09:15:52","date_gmt":"2023-02-01T14:15:52","guid":{"rendered":"http:\/\/instituciones.gtm.sld.cu\/electromedicina\/?p=2588"},"modified":"2023-02-01T09:15:52","modified_gmt":"2023-02-01T14:15:52","slug":"que-pasa-con-la-conexion-etecsa-responde","status":"publish","type":"post","link":"https:\/\/instituciones.gtm.sld.cu\/electromedicina\/que-pasa-con-la-conexion-etecsa-responde\/","title":{"rendered":"\u00bfQu\u00e9 pasa con la conexi\u00f3n?: Etecsa responde"},"content":{"rendered":"<p><img decoding=\"async\" class=\"wp-image-2589 size-thumbnail alignleft\" title=\"ETECSA-CONECTIVIDAD\" src=\"http:\/\/instituciones.gtm.sld.cu\/electromedicina\/wp-content\/uploads\/sites\/26\/2023\/02\/etecsa-conectividad-problemas-150x150.png\" alt=\"ETECSA-CONECTIVIDAD\" width=\"150\" height=\"150\"><\/p>\n<p style=\"text-align: justify\">Desde hace dos meses, usuarios de <strong>Cubadebate<\/strong> refieren en sus comentarios problemas con la conectividad. Entre los se\u00f1alamientos m\u00e1s comunes est\u00e1n<strong> las bajas velocidades durante la navegaci\u00f3n por datos m\u00f3viles y la interrupci\u00f3n de los servicios de voz y datos en determinados momentos del d\u00eda.<\/strong> \u00bfQu\u00e9 est\u00e1 pasando?<\/p>\n<h3 style=\"text-align: justify\">M\u00e1s tr\u00e1fico, \u00bfm\u00e1s inversiones?<\/h3>\n<p style=\"text-align: justify\">Si tuvi\u00e9ramos que caracterizar la navegaci\u00f3n en Cuba hoy, podr\u00edamos compararla con <strong>un embudo o con una carretera cuyos carriles est\u00e1n saturados por el tr\u00e1fico<\/strong>, coment\u00f3 Tania Vel\u00e1zquez Rodr\u00edguez, presidenta ejecutiva de <span style=\"color: #339966\"><a style=\"color: #339966\" href=\"http:\/\/www.cubadebate.cu\/noticias\/2022\/12\/20\/etecsa-informa-sobre-medida-para-que-mas-usuarios-puedan-adquirir-tarjetas-usim\/\">Etecsa<\/a>.<br \/>\n<\/span><!--more--><\/p>\n<p style=\"text-align: justify\">En 2022, <strong>creci\u00f3 en m\u00e1s de un mill\u00f3n la cifra de usuarios conectados a internet v\u00eda telefon\u00eda celular, llegando a 6.7 millones de clientes habilitados para navegar.<\/strong><\/p>\n<p style=\"text-align: justify\">\u201cLa v\u00eda de mayor demanda fue la 4G, con m\u00e1s de un mill\u00f3n de nuevos usuarios\u201d, precis\u00f3.<\/p>\n<p style=\"text-align: justify\">Ese aumento <strong>se refleja en el volumen de tr\u00e1fico, el cual se increment\u00f3 un 63% en el mismo periodo, pasando de 189 000 <em>terabytes<\/em> en 2021 a 309 000 en 2022.<\/strong><\/p>\n<p style=\"text-align: justify\">\u201cEl crecimiento no solo demanda inversiones en la red de acceso, sino que nos obliga a hacer trabajos en otras capas de la red que permitan el tr\u00e1nsito sin contratiempos de esa masa de datos que demandan los clientes. Igualmente, debemos tener en cuenta la salida internacional\u201d, se\u00f1al\u00f3 Vel\u00e1zquez Rodr\u00edguez.<\/p>\n<p style=\"text-align: justify\">Seg\u00fan cifras oficiales, <strong>al cierre de 2022 hab\u00eda 274 000 hogares conectados, con un crecimiento de 22 000 servicios en comparaci\u00f3n con el a\u00f1o precedente.<\/strong><\/p>\n<p style=\"text-align: justify\">Como se puede apreciar, las tasas de crecimiento tanto v\u00eda m\u00f3vil como en los hogares tienden al alza. \u00bfTuvo esa misma ampliaci\u00f3n la infraestructura?<\/p>\n<p style=\"text-align: justify\">La presidenta ejecutiva de Etecsa afirm\u00f3 que <strong>uno de los principales problemas que percibe el cliente en la actualidad es la congesti\u00f3n del servicio a nivel de acceso<\/strong>, el cual se refleja en las radiobases.<\/p>\n<p style=\"text-align: justify\">\u201cDurante 2022 se registraron 500 000 nuevas l\u00edneas y m\u00e1s de un mill\u00f3n de nuevos usuarios demandaron internet. Esto genera <strong>un alto grado de concurrencia en la red de acceso<\/strong>, al no poder crecer con el suficiente nivel de radiobases debido a dificultades econ\u00f3micas para adquirir nuevas tecnolog\u00edas y equipos\u201d, explic\u00f3.<\/p>\n<p style=\"text-align: justify\">Se estima que <strong>entre ocho y diez de la noche, hora pico en el servicio, m\u00e1s de dos millones de usuarios concurrentes (usuarios que emplean los recursos del sistema en un mismo tiempo) hacen uso de la red.<\/strong> Es el horario en que los usuarios reportan mayores dificultades para navegar.<\/p>\n<p style=\"text-align: justify\">Vel\u00e1zquez Rodr\u00edguez tambi\u00e9n reconoci\u00f3 que <strong>hay cuellos de botella en la salida internacional, los cuales deben quedar solucionados al habilitar nuevas capacidades mediante el <a href=\"http:\/\/www.cubadebate.cu\/noticias\/2023\/01\/10\/llega-a-martinica-cable-submarino-emp-orange\/\">nuevo cable submarino internacional<\/a>.<\/strong><\/p>\n<p style=\"text-align: justify\">\u201cLas capacidades que ten\u00edamos en ALBA-1 est\u00e1n saturadas, por lo que en esos horarios de alta concurrencia la demanda no es satisfecha. <strong>El nuevo cable ofrecer\u00e1 capacidades importantes para la navegaci\u00f3n.<\/strong> De igual forma, debemos incrementar las capacidades del <em>software<\/em> que habilita esa salida para que todo fluya correctamente\u201d, dijo.<\/p>\n<p style=\"text-align: justify\">\u201cEsperamos poner en marcha el cable submarino Arimao en abril\u201d, a\u00f1adi\u00f3. <span style=\"color: #339966\"><a style=\"color: #339966\" href=\"http:\/\/www.cubadebate.cu\/noticias\/2023\/02\/01\/que-pasa-con-la-conexion-etecsa-responde\/\" target=\"_blank\" rel=\"noopener noreferrer\">Seguir Leyendo.<\/a><\/span><\/p>\n<p>&nbsp;<\/p>\n<p><strong>Fuente:<\/strong> Tomado de <span style=\"color: #339966\"><a style=\"color: #339966\" href=\"http:\/\/www.cubadebate.cu\" target=\"_blank\" rel=\"noopener noreferrer\">Cubadebate.<\/a><\/span><\/p>\n","protected":false},"excerpt":{"rendered":"<p>Desde hace dos meses, usuarios de Cubadebate refieren en sus comentarios problemas con la conectividad. Entre los se\u00f1alamientos m\u00e1s comunes est\u00e1n las bajas velocidades durante la navegaci\u00f3n por datos m\u00f3viles y la interrupci\u00f3n de los servicios de voz y datos en determinados momentos del d\u00eda. \u00bfQu\u00e9 est\u00e1 pasando? M\u00e1s tr\u00e1fico, \u00bfm\u00e1s inversiones? Si tuvi\u00e9ramos que &hellip; <\/p>\n<p><a class=\"more-link btn\" href=\"https:\/\/instituciones.gtm.sld.cu\/electromedicina\/que-pasa-con-la-conexion-etecsa-responde\/\">Seguir leyendo<\/a><\/p>\n","protected":false},"author":37,"featured_media":2589,"comment_status":"open","ping_status":"open","sticky":false,"template":"","format":"standard","meta":{"ngg_post_thumbnail":0},"categories":[3,40,5],"tags":[29,30,27,41,11],"yoast_head":"<!-- This site is optimized with the Yoast SEO plugin v21.8 - https:\/\/yoast.com\/wordpress\/plugins\/seo\/ -->\n<title>\u00bfQu\u00e9 pasa con la conexi\u00f3n?: Etecsa responde - Centro Provincial de Electromedicina<\/title>\n<meta name=\"robots\" content=\"index, follow, max-snippet:-1, max-image-preview:large, max-video-preview:-1\" \/>\n<link rel=\"canonical\" href=\"https:\/\/instituciones.gtm.sld.cu\/electromedicina\/que-pasa-con-la-conexion-etecsa-responde\/\" \/>\n<meta property=\"og:locale\" content=\"es_ES\" \/>\n<meta property=\"og:type\" content=\"article\" \/>\n<meta property=\"og:title\" content=\"\u00bfQu\u00e9 pasa con la conexi\u00f3n?: Etecsa responde - Centro Provincial de Electromedicina\" \/>\n<meta property=\"og:description\" content=\"Desde hace dos meses, usuarios de Cubadebate refieren en sus comentarios problemas con la conectividad. Entre los se\u00f1alamientos m\u00e1s comunes est\u00e1n las bajas velocidades durante la navegaci\u00f3n por datos m\u00f3viles y la interrupci\u00f3n de los servicios de voz y datos en determinados momentos del d\u00eda. \u00bfQu\u00e9 est\u00e1 pasando? M\u00e1s tr\u00e1fico, \u00bfm\u00e1s inversiones? Si tuvi\u00e9ramos que &hellip; Seguir leyendo\" \/>\n<meta property=\"og:url\" content=\"https:\/\/instituciones.gtm.sld.cu\/electromedicina\/que-pasa-con-la-conexion-etecsa-responde\/\" \/>\n<meta property=\"og:site_name\" content=\"Centro Provincial de Electromedicina\" \/>\n<meta property=\"article:published_time\" content=\"2023-02-01T14:15:52+00:00\" \/>\n<meta property=\"og:image\" content=\"https:\/\/instituciones.gtm.sld.cu\/electromedicina\/wp-content\/uploads\/sites\/26\/2023\/02\/etecsa-conectividad-problemas.png\" \/>\n\t<meta property=\"og:image:width\" content=\"940\" \/>\n\t<meta property=\"og:image:height\" content=\"520\" \/>\n\t<meta property=\"og:image:type\" content=\"image\/png\" \/>\n<meta name=\"author\" content=\"electromedicina\" \/>\n<meta name=\"twitter:card\" content=\"summary_large_image\" \/>\n<meta name=\"twitter:label1\" content=\"Escrito por\" \/>\n\t<meta name=\"twitter:data1\" content=\"electromedicina\" \/>\n\t<meta name=\"twitter:label2\" content=\"Tiempo de lectura\" \/>\n\t<meta name=\"twitter:data2\" content=\"3 minutos\" \/>\n<script type=\"application\/ld+json\" class=\"yoast-schema-graph\">{\"@context\":\"https:\/\/schema.org\",\"@graph\":[{\"@type\":\"WebPage\",\"@id\":\"https:\/\/instituciones.gtm.sld.cu\/electromedicina\/que-pasa-con-la-conexion-etecsa-responde\/\",\"url\":\"https:\/\/instituciones.gtm.sld.cu\/electromedicina\/que-pasa-con-la-conexion-etecsa-responde\/\",\"name\":\"\u00bfQu\u00e9 pasa con la conexi\u00f3n?: Etecsa responde - Centro Provincial de Electromedicina\",\"isPartOf\":{\"@id\":\"https:\/\/instituciones.gtm.sld.cu\/electromedicina\/#website\"},\"datePublished\":\"2023-02-01T14:15:52+00:00\",\"dateModified\":\"2023-02-01T14:15:52+00:00\",\"author\":{\"@id\":\"https:\/\/instituciones.gtm.sld.cu\/electromedicina\/#\/schema\/person\/cbe4a3eef397d999dfc3c1c726a991ef\"},\"breadcrumb\":{\"@id\":\"https:\/\/instituciones.gtm.sld.cu\/electromedicina\/que-pasa-con-la-conexion-etecsa-responde\/#breadcrumb\"},\"inLanguage\":\"es\",\"potentialAction\":[{\"@type\":\"ReadAction\",\"target\":[\"https:\/\/instituciones.gtm.sld.cu\/electromedicina\/que-pasa-con-la-conexion-etecsa-responde\/\"]}]},{\"@type\":\"BreadcrumbList\",\"@id\":\"https:\/\/instituciones.gtm.sld.cu\/electromedicina\/que-pasa-con-la-conexion-etecsa-responde\/#breadcrumb\",\"itemListElement\":[{\"@type\":\"ListItem\",\"position\":1,\"name\":\"Inicio\",\"item\":\"https:\/\/instituciones.gtm.sld.cu\/electromedicina\/\"},{\"@type\":\"ListItem\",\"position\":2,\"name\":\"Ciencia\",\"item\":\"https:\/\/instituciones.gtm.sld.cu\/electromedicina\/category\/ciencia\/\"},{\"@type\":\"ListItem\",\"position\":3,\"name\":\"\u00bfQu\u00e9 pasa con la conexi\u00f3n?: Etecsa responde\"}]},{\"@type\":\"WebSite\",\"@id\":\"https:\/\/instituciones.gtm.sld.cu\/electromedicina\/#website\",\"url\":\"https:\/\/instituciones.gtm.sld.cu\/electromedicina\/\",\"name\":\"Centro Provincial de Electromedicina\",\"description\":\"Guant\u00e1namo\",\"potentialAction\":[{\"@type\":\"SearchAction\",\"target\":{\"@type\":\"EntryPoint\",\"urlTemplate\":\"https:\/\/instituciones.gtm.sld.cu\/electromedicina\/?s={search_term_string}\"},\"query-input\":\"required name=search_term_string\"}],\"inLanguage\":\"es\"},{\"@type\":\"Person\",\"@id\":\"https:\/\/instituciones.gtm.sld.cu\/electromedicina\/#\/schema\/person\/cbe4a3eef397d999dfc3c1c726a991ef\",\"name\":\"electromedicina\",\"url\":\"https:\/\/instituciones.gtm.sld.cu\/electromedicina\/author\/electromedicina\/\"}]}<\/script>\n<!-- \/ Yoast SEO plugin. -->","yoast_head_json":{"title":"\u00bfQu\u00e9 pasa con la conexi\u00f3n?: Etecsa responde - Centro Provincial de Electromedicina","robots":{"index":"index","follow":"follow","max-snippet":"max-snippet:-1","max-image-preview":"max-image-preview:large","max-video-preview":"max-video-preview:-1"},"canonical":"https:\/\/instituciones.gtm.sld.cu\/electromedicina\/que-pasa-con-la-conexion-etecsa-responde\/","og_locale":"es_ES","og_type":"article","og_title":"\u00bfQu\u00e9 pasa con la conexi\u00f3n?: Etecsa responde - Centro Provincial de Electromedicina","og_description":"Desde hace dos meses, usuarios de Cubadebate refieren en sus comentarios problemas con la conectividad. Entre los se\u00f1alamientos m\u00e1s comunes est\u00e1n las bajas velocidades durante la navegaci\u00f3n por datos m\u00f3viles y la interrupci\u00f3n de los servicios de voz y datos en determinados momentos del d\u00eda. \u00bfQu\u00e9 est\u00e1 pasando? M\u00e1s tr\u00e1fico, \u00bfm\u00e1s inversiones? Si tuvi\u00e9ramos que &hellip; Seguir leyendo","og_url":"https:\/\/instituciones.gtm.sld.cu\/electromedicina\/que-pasa-con-la-conexion-etecsa-responde\/","og_site_name":"Centro Provincial de Electromedicina","article_published_time":"2023-02-01T14:15:52+00:00","og_image":[{"width":940,"height":520,"url":"https:\/\/instituciones.gtm.sld.cu\/electromedicina\/wp-content\/uploads\/sites\/26\/2023\/02\/etecsa-conectividad-problemas.png","type":"image\/png"}],"author":"electromedicina","twitter_card":"summary_large_image","twitter_misc":{"Escrito por":"electromedicina","Tiempo de lectura":"3 minutos"},"schema":{"@context":"https:\/\/schema.org","@graph":[{"@type":"WebPage","@id":"https:\/\/instituciones.gtm.sld.cu\/electromedicina\/que-pasa-con-la-conexion-etecsa-responde\/","url":"https:\/\/instituciones.gtm.sld.cu\/electromedicina\/que-pasa-con-la-conexion-etecsa-responde\/","name":"\u00bfQu\u00e9 pasa con la conexi\u00f3n?: Etecsa responde - Centro Provincial de Electromedicina","isPartOf":{"@id":"https:\/\/instituciones.gtm.sld.cu\/electromedicina\/#website"},"datePublished":"2023-02-01T14:15:52+00:00","dateModified":"2023-02-01T14:15:52+00:00","author":{"@id":"https:\/\/instituciones.gtm.sld.cu\/electromedicina\/#\/schema\/person\/cbe4a3eef397d999dfc3c1c726a991ef"},"breadcrumb":{"@id":"https:\/\/instituciones.gtm.sld.cu\/electromedicina\/que-pasa-con-la-conexion-etecsa-responde\/#breadcrumb"},"inLanguage":"es","potentialAction":[{"@type":"ReadAction","target":["https:\/\/instituciones.gtm.sld.cu\/electromedicina\/que-pasa-con-la-conexion-etecsa-responde\/"]}]},{"@type":"BreadcrumbList","@id":"https:\/\/instituciones.gtm.sld.cu\/electromedicina\/que-pasa-con-la-conexion-etecsa-responde\/#breadcrumb","itemListElement":[{"@type":"ListItem","position":1,"name":"Inicio","item":"https:\/\/instituciones.gtm.sld.cu\/electromedicina\/"},{"@type":"ListItem","position":2,"name":"Ciencia","item":"https:\/\/instituciones.gtm.sld.cu\/electromedicina\/category\/ciencia\/"},{"@type":"ListItem","position":3,"name":"\u00bfQu\u00e9 pasa con la conexi\u00f3n?: Etecsa responde"}]},{"@type":"WebSite","@id":"https:\/\/instituciones.gtm.sld.cu\/electromedicina\/#website","url":"https:\/\/instituciones.gtm.sld.cu\/electromedicina\/","name":"Centro Provincial de Electromedicina","description":"Guant\u00e1namo","potentialAction":[{"@type":"SearchAction","target":{"@type":"EntryPoint","urlTemplate":"https:\/\/instituciones.gtm.sld.cu\/electromedicina\/?s={search_term_string}"},"query-input":"required name=search_term_string"}],"inLanguage":"es"},{"@type":"Person","@id":"https:\/\/instituciones.gtm.sld.cu\/electromedicina\/#\/schema\/person\/cbe4a3eef397d999dfc3c1c726a991ef","name":"electromedicina","url":"https:\/\/instituciones.gtm.sld.cu\/electromedicina\/author\/electromedicina\/"}]}},"jetpack_featured_media_url":"https:\/\/instituciones.gtm.sld.cu\/electromedicina\/wp-content\/uploads\/sites\/26\/2023\/02\/etecsa-conectividad-problemas.png","_links":{"self":[{"href":"https:\/\/instituciones.gtm.sld.cu\/electromedicina\/wp-json\/wp\/v2\/posts\/2588"}],"collection":[{"href":"https:\/\/instituciones.gtm.sld.cu\/electromedicina\/wp-json\/wp\/v2\/posts"}],"about":[{"href":"https:\/\/instituciones.gtm.sld.cu\/electromedicina\/wp-json\/wp\/v2\/types\/post"}],"author":[{"embeddable":true,"href":"https:\/\/instituciones.gtm.sld.cu\/electromedicina\/wp-json\/wp\/v2\/users\/37"}],"replies":[{"embeddable":true,"href":"https:\/\/instituciones.gtm.sld.cu\/electromedicina\/wp-json\/wp\/v2\/comments?post=2588"}],"version-history":[{"count":1,"href":"https:\/\/instituciones.gtm.sld.cu\/electromedicina\/wp-json\/wp\/v2\/posts\/2588\/revisions"}],"predecessor-version":[{"id":2590,"href":"https:\/\/instituciones.gtm.sld.cu\/electromedicina\/wp-json\/wp\/v2\/posts\/2588\/revisions\/2590"}],"wp:featuredmedia":[{"embeddable":true,"href":"https:\/\/instituciones.gtm.sld.cu\/electromedicina\/wp-json\/wp\/v2\/media\/2589"}],"wp:attachment":[{"href":"https:\/\/instituciones.gtm.sld.cu\/electromedicina\/wp-json\/wp\/v2\/media?parent=2588"}],"wp:term":[{"taxonomy":"category","embeddable":true,"href":"https:\/\/instituciones.gtm.sld.cu\/electromedicina\/wp-json\/wp\/v2\/categories?post=2588"},{"taxonomy":"post_tag","embeddable":true,"href":"https:\/\/instituciones.gtm.sld.cu\/electromedicina\/wp-json\/wp\/v2\/tags?post=2588"}],"curies":[{"name":"wp","href":"https:\/\/api.w.org\/{rel}","templated":true}]}}