{"id":2754,"date":"2024-01-17T10:32:10","date_gmt":"2024-01-17T15:32:10","guid":{"rendered":"https:\/\/instituciones.gtm.sld.cu\/electromedicina\/?p=2754"},"modified":"2024-01-17T10:32:10","modified_gmt":"2024-01-17T15:32:10","slug":"ecured-una-poderosa-herramienta-para-la-descolonizacion-cultural-y-tecnologica","status":"publish","type":"post","link":"https:\/\/instituciones.gtm.sld.cu\/electromedicina\/ecured-una-poderosa-herramienta-para-la-descolonizacion-cultural-y-tecnologica\/","title":{"rendered":"EcuRed, una poderosa herramienta para la descolonizaci\u00f3n cultural y tecnol\u00f3gica"},"content":{"rendered":"<p><img decoding=\"async\" class=\"alignleft size-thumbnail wp-image-2755\" src=\"http:\/\/instituciones.gtm.sld.cu\/electromedicina\/wp-content\/uploads\/sites\/26\/2024\/01\/ecured-150x150.jpg\" alt=\"ECURED-CUBA\" width=\"150\" height=\"150\"><\/p>\n<p>Hace m\u00e1s de 24 a\u00f1os, el l\u00edder hist\u00f3rico de la Revoluci\u00f3n Cubana, Comandante en Jefe Fidel Castro Ruz, en mensaje enviado a los participantes en la reuni\u00f3n ministerial del Grupo de los 77, enunciaba:<\/p>\n<p>\u00abEl tema relativo al conocimiento y la tecnolog\u00eda es de especial relieve en nuestra agenda, porque en \u00e9l abordamos los problemas que deciden, en buena medida, el futuro de nuestros pa\u00edses.<!--more--><\/p>\n<p>\u00abConectarnos al conocimiento y participar en una verdadera globalizaci\u00f3n de la informaci\u00f3n que signifique compartir y no excluir, que acabe con la extendida pr\u00e1ctica del robo de cerebros, es un imperativo estrat\u00e9gico para la supervivencia de nuestras identidades culturales de cara al pr\u00f3ximo siglo\u00bb.<\/p>\n<p>En ese contexto naci\u00f3, el 14 de diciembre de 2010, la Enciclopedia Colaborativa Cubana EcuRed, que contin\u00faa mejorando su ya privilegiado posicionamiento en la web.<\/p>\n<p>Se ha desarrollado en un escenario complejo, debido a las limitaciones econ\u00f3micas, tecnol\u00f3gicas y de conectividad del pa\u00eds; sin embargo, como dijera un usuario, \u00abqui\u00e9n m\u00e1s que Cuba para hacerlo, una peque\u00f1a embarcaci\u00f3n que se niega a naufragar\u00bb. Basta citar que, en sus inicios, solo se dispon\u00eda de poco m\u00e1s de 400 megabits por segundo para el acceso a internet en todo el pa\u00eds.<\/p>\n<p>Cuando se hizo p\u00fablico, desde el Palacio Central de Computaci\u00f3n, de La Habana, no faltaron quienes auguraran el fracaso del proyecto. Para algunos la noticia no fue que Cuba pon\u00eda a disposici\u00f3n de los internautas esta red social de contenidos, sino que, a los pocos minutos de su anuncio, el sitio sali\u00f3 de servicio, debido a la cantidad de visitas.<\/p>\n<p>Luego del impacto derivado de la pandemia de la COVID-19, EcuRed ha incrementado la cantidad de visitantes, superando los 2,4 millones en 30 d\u00edas, una buena parte proveniente del posicionamiento en buscadores. Ponemos como ejemplos las respuestas a b\u00fasquedas en Google sobre Antonio Maceo (es segunda) y la Protesta de Baragu\u00e1 (tercera).<\/p>\n<p>Resulta llamativo que para la enciclopedia Wikipedia, Antonio Maceo fue solo un pol\u00edtico, militar cubano y uno de los l\u00edderes mambises. No reconoce su estatura como estratega militar, su talla como hombre integral, gran pensador y antimperialista. En esta plataforma, como dijera el destacado intelectual y periodista Iroel S\u00e1nchez, \u00abla historia de Hait\u00ed es la que han hecho prevalecer los colonizadores, como sucede con Cuba\u00bb.<\/p>\n<p>En la l\u00f3gica de las empresas capitalistas due\u00f1as de estas plataformas digitales, la mentira es m\u00e1s conveniente que la verdad, la manipulaci\u00f3n que lo aut\u00e9ntico, la ficci\u00f3n que la realidad.<\/p>\n<p>De ah\u00ed la trascendencia de proyectos como EcuRed, para preservar la historia, la identidad y la cultura nacionales, y enfrentar con \u00e9xito el prop\u00f3sito de colonizaci\u00f3n cultural dirigido desde los centros del poder global.<\/p>\n<p>Sus art\u00edculos abordan contenidos diversos en el \u00e1mbito de la cultura, la historia, las ciencias, el deporte y otras materias de Cuba y el mundo. Ha tenido una construcci\u00f3n desde la base, con una visi\u00f3n propia de los acontecimientos y de la historia, y muchos de los primeros art\u00edculos creados se refieren a hechos y personalidades de los asentamientos cubanos que no est\u00e1n registrados en ning\u00fan otro sitio en la red de redes.<\/p>\n<p>Uno de sus aportes est\u00e1 en que fomenta la formaci\u00f3n cultural de las personas y el ejercicio de un pensamiento cr\u00edtico, al generar productos genuinos desde las comunidades, al mismo tiempo que va creando una conciencia contra la colonizaci\u00f3n cultural, la manipulaci\u00f3n, las tergiversaciones y las omisiones de la historia. Construida por miles de personas desde toda la Isla y el exterior, sus contenidos se van completando y perfeccionando continuamente.<\/p>\n<p>Tambi\u00e9n hay que decir que, para ampliar su uso, se desarroll\u00f3 una versi\u00f3n port\u00e1til sin im\u00e1genes (para Windows y Linux), una con im\u00e1genes, en tanto en abril de 2013 se puso operativa una versi\u00f3n port\u00e1til para tel\u00e9fonos m\u00f3viles.<\/p>\n<p>Se accede en lo fundamental desde M\u00e9xico, Espa\u00f1a, Venezuela, Per\u00fa, Argentina, Estados Unidos, Colombia, Ecuador, adem\u00e1s de Cuba. Como se puede apreciar, es referente para muchas personas de pa\u00edses latinoamericanos y de otros continentes. <span style=\"color: #339966\"><a style=\"color: #339966\" href=\"https:\/\/www.granma.cu\/cuba\/2024-01-16\/ecured-una-poderosa-herramienta-para-la-descolonizacion-cultural-y-tecnologica-16-01-2024-23-01-43\" target=\"_blank\" rel=\"noopener\">Seguir Leyendo.<\/a><\/span><\/p>\n<p><strong>Fuente:<\/strong> Tomado de Diario Digital <a href=\"http:\/\/www.granma.cu\" target=\"_blank\" rel=\"noopener\"><span style=\"color: #339966\">Granma.<\/span><\/a><\/p>\n","protected":false},"excerpt":{"rendered":"<p>Hace m\u00e1s de 24 a\u00f1os, el l\u00edder hist\u00f3rico de la Revoluci\u00f3n Cubana, Comandante en Jefe Fidel Castro Ruz, en mensaje enviado a los participantes en la reuni\u00f3n ministerial del Grupo de los 77, enunciaba: \u00abEl tema relativo al conocimiento y la tecnolog\u00eda es de especial relieve en nuestra agenda, porque en \u00e9l abordamos los problemas &hellip; <\/p>\n<p><a class=\"more-link btn\" href=\"https:\/\/instituciones.gtm.sld.cu\/electromedicina\/ecured-una-poderosa-herramienta-para-la-descolonizacion-cultural-y-tecnologica\/\">Seguir leyendo<\/a><\/p>\n","protected":false},"author":37,"featured_media":2755,"comment_status":"open","ping_status":"open","sticky":false,"template":"","format":"standard","meta":{"ngg_post_thumbnail":0},"categories":[40,5],"tags":[29,27,41,47],"yoast_head":"<!-- This site is optimized with the Yoast SEO plugin v21.8 - https:\/\/yoast.com\/wordpress\/plugins\/seo\/ -->\n<title>EcuRed, una poderosa herramienta para la descolonizaci\u00f3n cultural y tecnol\u00f3gica - Centro Provincial de Electromedicina<\/title>\n<meta name=\"robots\" content=\"index, follow, max-snippet:-1, max-image-preview:large, max-video-preview:-1\" \/>\n<link rel=\"canonical\" href=\"https:\/\/instituciones.gtm.sld.cu\/electromedicina\/ecured-una-poderosa-herramienta-para-la-descolonizacion-cultural-y-tecnologica\/\" \/>\n<meta property=\"og:locale\" content=\"es_ES\" \/>\n<meta property=\"og:type\" content=\"article\" \/>\n<meta property=\"og:title\" content=\"EcuRed, una poderosa herramienta para la descolonizaci\u00f3n cultural y tecnol\u00f3gica - Centro Provincial de Electromedicina\" \/>\n<meta property=\"og:description\" content=\"Hace m\u00e1s de 24 a\u00f1os, el l\u00edder hist\u00f3rico de la Revoluci\u00f3n Cubana, Comandante en Jefe Fidel Castro Ruz, en mensaje enviado a los participantes en la reuni\u00f3n ministerial del Grupo de los 77, enunciaba: \u00abEl tema relativo al conocimiento y la tecnolog\u00eda es de especial relieve en nuestra agenda, porque en \u00e9l abordamos los problemas &hellip; Seguir leyendo\" \/>\n<meta property=\"og:url\" content=\"https:\/\/instituciones.gtm.sld.cu\/electromedicina\/ecured-una-poderosa-herramienta-para-la-descolonizacion-cultural-y-tecnologica\/\" \/>\n<meta property=\"og:site_name\" content=\"Centro Provincial de Electromedicina\" \/>\n<meta property=\"article:published_time\" content=\"2024-01-17T15:32:10+00:00\" \/>\n<meta property=\"og:image\" content=\"http:\/\/instituciones.gtm.sld.cu\/electromedicina\/wp-content\/uploads\/sites\/26\/2024\/01\/ecured.jpg\" \/>\n\t<meta property=\"og:image:width\" content=\"624\" \/>\n\t<meta property=\"og:image:height\" content=\"320\" \/>\n\t<meta property=\"og:image:type\" content=\"image\/jpeg\" \/>\n<meta name=\"author\" content=\"electromedicina\" \/>\n<meta name=\"twitter:card\" content=\"summary_large_image\" \/>\n<meta name=\"twitter:label1\" content=\"Escrito por\" \/>\n\t<meta name=\"twitter:data1\" content=\"electromedicina\" \/>\n\t<meta name=\"twitter:label2\" content=\"Tiempo de lectura\" \/>\n\t<meta name=\"twitter:data2\" content=\"4 minutos\" \/>\n<script type=\"application\/ld+json\" class=\"yoast-schema-graph\">{\"@context\":\"https:\/\/schema.org\",\"@graph\":[{\"@type\":\"WebPage\",\"@id\":\"https:\/\/instituciones.gtm.sld.cu\/electromedicina\/ecured-una-poderosa-herramienta-para-la-descolonizacion-cultural-y-tecnologica\/\",\"url\":\"https:\/\/instituciones.gtm.sld.cu\/electromedicina\/ecured-una-poderosa-herramienta-para-la-descolonizacion-cultural-y-tecnologica\/\",\"name\":\"EcuRed, una poderosa herramienta para la descolonizaci\u00f3n cultural y tecnol\u00f3gica - Centro Provincial de Electromedicina\",\"isPartOf\":{\"@id\":\"https:\/\/instituciones.gtm.sld.cu\/electromedicina\/#website\"},\"datePublished\":\"2024-01-17T15:32:10+00:00\",\"dateModified\":\"2024-01-17T15:32:10+00:00\",\"author\":{\"@id\":\"https:\/\/instituciones.gtm.sld.cu\/electromedicina\/#\/schema\/person\/cbe4a3eef397d999dfc3c1c726a991ef\"},\"breadcrumb\":{\"@id\":\"https:\/\/instituciones.gtm.sld.cu\/electromedicina\/ecured-una-poderosa-herramienta-para-la-descolonizacion-cultural-y-tecnologica\/#breadcrumb\"},\"inLanguage\":\"es\",\"potentialAction\":[{\"@type\":\"ReadAction\",\"target\":[\"https:\/\/instituciones.gtm.sld.cu\/electromedicina\/ecured-una-poderosa-herramienta-para-la-descolonizacion-cultural-y-tecnologica\/\"]}]},{\"@type\":\"BreadcrumbList\",\"@id\":\"https:\/\/instituciones.gtm.sld.cu\/electromedicina\/ecured-una-poderosa-herramienta-para-la-descolonizacion-cultural-y-tecnologica\/#breadcrumb\",\"itemListElement\":[{\"@type\":\"ListItem\",\"position\":1,\"name\":\"Inicio\",\"item\":\"https:\/\/instituciones.gtm.sld.cu\/electromedicina\/\"},{\"@type\":\"ListItem\",\"position\":2,\"name\":\"Internet\",\"item\":\"https:\/\/instituciones.gtm.sld.cu\/electromedicina\/category\/internet\/\"},{\"@type\":\"ListItem\",\"position\":3,\"name\":\"EcuRed, una poderosa herramienta para la descolonizaci\u00f3n cultural y tecnol\u00f3gica\"}]},{\"@type\":\"WebSite\",\"@id\":\"https:\/\/instituciones.gtm.sld.cu\/electromedicina\/#website\",\"url\":\"https:\/\/instituciones.gtm.sld.cu\/electromedicina\/\",\"name\":\"Centro Provincial de Electromedicina\",\"description\":\"Guant\u00e1namo\",\"potentialAction\":[{\"@type\":\"SearchAction\",\"target\":{\"@type\":\"EntryPoint\",\"urlTemplate\":\"https:\/\/instituciones.gtm.sld.cu\/electromedicina\/?s={search_term_string}\"},\"query-input\":\"required name=search_term_string\"}],\"inLanguage\":\"es\"},{\"@type\":\"Person\",\"@id\":\"https:\/\/instituciones.gtm.sld.cu\/electromedicina\/#\/schema\/person\/cbe4a3eef397d999dfc3c1c726a991ef\",\"name\":\"electromedicina\",\"url\":\"https:\/\/instituciones.gtm.sld.cu\/electromedicina\/author\/electromedicina\/\"}]}<\/script>\n<!-- \/ Yoast SEO plugin. -->","yoast_head_json":{"title":"EcuRed, una poderosa herramienta para la descolonizaci\u00f3n cultural y tecnol\u00f3gica - Centro Provincial de Electromedicina","robots":{"index":"index","follow":"follow","max-snippet":"max-snippet:-1","max-image-preview":"max-image-preview:large","max-video-preview":"max-video-preview:-1"},"canonical":"https:\/\/instituciones.gtm.sld.cu\/electromedicina\/ecured-una-poderosa-herramienta-para-la-descolonizacion-cultural-y-tecnologica\/","og_locale":"es_ES","og_type":"article","og_title":"EcuRed, una poderosa herramienta para la descolonizaci\u00f3n cultural y tecnol\u00f3gica - Centro Provincial de Electromedicina","og_description":"Hace m\u00e1s de 24 a\u00f1os, el l\u00edder hist\u00f3rico de la Revoluci\u00f3n Cubana, Comandante en Jefe Fidel Castro Ruz, en mensaje enviado a los participantes en la reuni\u00f3n ministerial del Grupo de los 77, enunciaba: \u00abEl tema relativo al conocimiento y la tecnolog\u00eda es de especial relieve en nuestra agenda, porque en \u00e9l abordamos los problemas &hellip; Seguir leyendo","og_url":"https:\/\/instituciones.gtm.sld.cu\/electromedicina\/ecured-una-poderosa-herramienta-para-la-descolonizacion-cultural-y-tecnologica\/","og_site_name":"Centro Provincial de Electromedicina","article_published_time":"2024-01-17T15:32:10+00:00","og_image":[{"width":624,"height":320,"url":"http:\/\/instituciones.gtm.sld.cu\/electromedicina\/wp-content\/uploads\/sites\/26\/2024\/01\/ecured.jpg","type":"image\/jpeg"}],"author":"electromedicina","twitter_card":"summary_large_image","twitter_misc":{"Escrito por":"electromedicina","Tiempo de lectura":"4 minutos"},"schema":{"@context":"https:\/\/schema.org","@graph":[{"@type":"WebPage","@id":"https:\/\/instituciones.gtm.sld.cu\/electromedicina\/ecured-una-poderosa-herramienta-para-la-descolonizacion-cultural-y-tecnologica\/","url":"https:\/\/instituciones.gtm.sld.cu\/electromedicina\/ecured-una-poderosa-herramienta-para-la-descolonizacion-cultural-y-tecnologica\/","name":"EcuRed, una poderosa herramienta para la descolonizaci\u00f3n cultural y tecnol\u00f3gica - Centro Provincial de Electromedicina","isPartOf":{"@id":"https:\/\/instituciones.gtm.sld.cu\/electromedicina\/#website"},"datePublished":"2024-01-17T15:32:10+00:00","dateModified":"2024-01-17T15:32:10+00:00","author":{"@id":"https:\/\/instituciones.gtm.sld.cu\/electromedicina\/#\/schema\/person\/cbe4a3eef397d999dfc3c1c726a991ef"},"breadcrumb":{"@id":"https:\/\/instituciones.gtm.sld.cu\/electromedicina\/ecured-una-poderosa-herramienta-para-la-descolonizacion-cultural-y-tecnologica\/#breadcrumb"},"inLanguage":"es","potentialAction":[{"@type":"ReadAction","target":["https:\/\/instituciones.gtm.sld.cu\/electromedicina\/ecured-una-poderosa-herramienta-para-la-descolonizacion-cultural-y-tecnologica\/"]}]},{"@type":"BreadcrumbList","@id":"https:\/\/instituciones.gtm.sld.cu\/electromedicina\/ecured-una-poderosa-herramienta-para-la-descolonizacion-cultural-y-tecnologica\/#breadcrumb","itemListElement":[{"@type":"ListItem","position":1,"name":"Inicio","item":"https:\/\/instituciones.gtm.sld.cu\/electromedicina\/"},{"@type":"ListItem","position":2,"name":"Internet","item":"https:\/\/instituciones.gtm.sld.cu\/electromedicina\/category\/internet\/"},{"@type":"ListItem","position":3,"name":"EcuRed, una poderosa herramienta para la descolonizaci\u00f3n cultural y tecnol\u00f3gica"}]},{"@type":"WebSite","@id":"https:\/\/instituciones.gtm.sld.cu\/electromedicina\/#website","url":"https:\/\/instituciones.gtm.sld.cu\/electromedicina\/","name":"Centro Provincial de Electromedicina","description":"Guant\u00e1namo","potentialAction":[{"@type":"SearchAction","target":{"@type":"EntryPoint","urlTemplate":"https:\/\/instituciones.gtm.sld.cu\/electromedicina\/?s={search_term_string}"},"query-input":"required name=search_term_string"}],"inLanguage":"es"},{"@type":"Person","@id":"https:\/\/instituciones.gtm.sld.cu\/electromedicina\/#\/schema\/person\/cbe4a3eef397d999dfc3c1c726a991ef","name":"electromedicina","url":"https:\/\/instituciones.gtm.sld.cu\/electromedicina\/author\/electromedicina\/"}]}},"jetpack_featured_media_url":"https:\/\/instituciones.gtm.sld.cu\/electromedicina\/wp-content\/uploads\/sites\/26\/2024\/01\/ecured.jpg","_links":{"self":[{"href":"https:\/\/instituciones.gtm.sld.cu\/electromedicina\/wp-json\/wp\/v2\/posts\/2754"}],"collection":[{"href":"https:\/\/instituciones.gtm.sld.cu\/electromedicina\/wp-json\/wp\/v2\/posts"}],"about":[{"href":"https:\/\/instituciones.gtm.sld.cu\/electromedicina\/wp-json\/wp\/v2\/types\/post"}],"author":[{"embeddable":true,"href":"https:\/\/instituciones.gtm.sld.cu\/electromedicina\/wp-json\/wp\/v2\/users\/37"}],"replies":[{"embeddable":true,"href":"https:\/\/instituciones.gtm.sld.cu\/electromedicina\/wp-json\/wp\/v2\/comments?post=2754"}],"version-history":[{"count":1,"href":"https:\/\/instituciones.gtm.sld.cu\/electromedicina\/wp-json\/wp\/v2\/posts\/2754\/revisions"}],"predecessor-version":[{"id":2756,"href":"https:\/\/instituciones.gtm.sld.cu\/electromedicina\/wp-json\/wp\/v2\/posts\/2754\/revisions\/2756"}],"wp:featuredmedia":[{"embeddable":true,"href":"https:\/\/instituciones.gtm.sld.cu\/electromedicina\/wp-json\/wp\/v2\/media\/2755"}],"wp:attachment":[{"href":"https:\/\/instituciones.gtm.sld.cu\/electromedicina\/wp-json\/wp\/v2\/media?parent=2754"}],"wp:term":[{"taxonomy":"category","embeddable":true,"href":"https:\/\/instituciones.gtm.sld.cu\/electromedicina\/wp-json\/wp\/v2\/categories?post=2754"},{"taxonomy":"post_tag","embeddable":true,"href":"https:\/\/instituciones.gtm.sld.cu\/electromedicina\/wp-json\/wp\/v2\/tags?post=2754"}],"curies":[{"name":"wp","href":"https:\/\/api.w.org\/{rel}","templated":true}]}}