{"id":1146,"date":"2024-08-21T15:20:31","date_gmt":"2024-08-21T19:20:31","guid":{"rendered":"https:\/\/instituciones.gtm.sld.cu\/emprofarma\/?p=1146"},"modified":"2024-08-21T15:21:40","modified_gmt":"2024-08-21T19:21:40","slug":"que-campanas-de-inmunizacion-se-realizan-por-estos-dias-en-el-pais","status":"publish","type":"post","link":"https:\/\/instituciones.gtm.sld.cu\/emprofarma\/2024\/08\/21\/que-campanas-de-inmunizacion-se-realizan-por-estos-dias-en-el-pais\/","title":{"rendered":"\u00bfQu\u00e9 campa\u00f1as de inmunizaci\u00f3n se realizan por estos d\u00edas en el pa\u00eds?"},"content":{"rendered":"<p style=\"text-align: justify;\"><img decoding=\"async\" loading=\"lazy\" class=\"alignleft wp-image-1147 size-medium\" title=\"vacuna\" src=\"http:\/\/instituciones.gtm.sld.cu\/emprofarma\/wp-content\/uploads\/sites\/10\/2024\/08\/neumdes-300x193.jpg\" alt=\"\" width=\"300\" height=\"193\" srcset=\"https:\/\/instituciones.gtm.sld.cu\/emprofarma\/wp-content\/uploads\/sites\/10\/2024\/08\/neumdes-300x193.jpg 300w, https:\/\/instituciones.gtm.sld.cu\/emprofarma\/wp-content\/uploads\/sites\/10\/2024\/08\/neumdes-750x482.jpg 750w, https:\/\/instituciones.gtm.sld.cu\/emprofarma\/wp-content\/uploads\/sites\/10\/2024\/08\/neumdes.jpg 760w\" sizes=\"(max-width: 300px) 100vw, 300px\" \/>El pr\u00f3ximo 9 de septiembre comenzar\u00e1 la aplicaci\u00f3n de la vacuna antineumoc\u00f3cica Pneumosil-10, dirigida a la protecci\u00f3n de los ni\u00f1os menores de un a\u00f1o, nacidos en 2024, contra diez serotipos de neumococo, afirm\u00f3 ayer Jos\u00e9 Angel Portal Miranda, ministro de Salud P\u00fablica, en el XVIII Curso Internacional de Dengue y otros arbovirus<!--more--> emergentes.<\/p>\n<p style=\"text-align: justify;\">A\u00f1adi\u00f3 que, como parte del esquema nacional de inmunizaci\u00f3n, cuando se disponga de la vacuna antineumoc\u00f3cica Quimi-Vio \u2013desarrollada por el Instituto Finlay de Vacunas y actualmente en producci\u00f3n en el Centro Nacional de Biopreparados\u2013, se aplicar\u00e1 a los ni\u00f1os de dos a\u00f1os de edad, nacidos en 2022.<\/p>\n<p style=\"text-align: justify;\">Sobre las campa\u00f1as de inmunizaci\u00f3n en el pa\u00eds, el doctor Francisco Dur\u00e1n Garc\u00eda, director nacional de Epidemiolog\u00eda del Minsap, explic\u00f3 a Granma que en el mes de agosto comenz\u00f3 la aplicaci\u00f3n de la vacuna antigripal, la cual previene el virus de influenza causante de cuadros respiratorios.<\/p>\n<p style=\"text-align: justify;\">Detall\u00f3 que se est\u00e1 aplicando a la poblaci\u00f3n infantil de dos a\u00f1os, y para los adultos debe comenzar en el mes de septiembre o inicios de octubre, con \u00e9nfasis en los grupos de riesgo, es decir, mayores de 60 a\u00f1os de edad, personas con enfermedad pulmonar obstructiva cr\u00f3nica, asm\u00e1ticos y diab\u00e9ticos, entre otros.<\/p>\n<p style=\"text-align: justify;\">Dur\u00e1n Garc\u00eda precis\u00f3 que, a inicios de 2025, deben comenzar a aplicar la vacuna contra el virus del papiloma humano, una infecci\u00f3n de transmisi\u00f3n sexual que provoca, como complicaciones fundamentales, el c\u00e1ncer c\u00e9rvicouterino en las mujeres y el c\u00e1ncer anorrectal.<\/p>\n<p style=\"text-align: justify;\">Ampli\u00f3 que esta vacuna se aplicar\u00e1 por primera vez en nuestro pa\u00eds a las ni\u00f1as de nueve a\u00f1os de edad, y luego, cuando se adquieran m\u00e1s dosis, se extender\u00e1 a la poblaci\u00f3n femenina hasta los 14 a\u00f1os. Su aplicaci\u00f3n repercutir\u00e1 en una disminuci\u00f3n de estas formas de c\u00e1ncer.&nbsp;<\/p>\n<p style=\"text-align: justify;\">En el caso de las vacunas contra la COVID\u201319, precis\u00f3 que se contin\u00faa aplicando un refuerzo para los grupos de riesgo, que debe concluir en el presente a\u00f1o.<\/p>\n<p>Tomado de: <a href=\"https:\/\/www.granma.cu\/cuba\/2024-08-20\/que-campanas-de-inmunizacion-se-realizan-por-estos-dias-en-el-pais-20-08-2024-00-08-19\" target=\"_blank\" rel=\"noopener\">Granma<\/a><\/p>\n","protected":false},"excerpt":{"rendered":"<div class='heateorSssClear'><\/div><div  class='heateor_sss_sharing_container heateor_sss_horizontal_sharing' data-heateor-sss-href='https:\/\/instituciones.gtm.sld.cu\/emprofarma\/2024\/08\/21\/que-campanas-de-inmunizacion-se-realizan-por-estos-dias-en-el-pais\/'><div class='heateor_sss_sharing_title' style=\"font-weight:bold\" >Comparte si te a gustado:<\/div><div class=\"heateor_sss_sharing_ul\"><a aria-label=\"Facebook\" class=\"heateor_sss_facebook\" href=\"https:\/\/www.facebook.com\/sharer\/sharer.php?u=https%3A%2F%2Finstituciones.gtm.sld.cu%2Femprofarma%2F2024%2F08%2F21%2Fque-campanas-de-inmunizacion-se-realizan-por-estos-dias-en-el-pais%2F\" title=\"Facebook\" rel=\"nofollow noopener\" target=\"_blank\" style=\"font-size:32px!important;box-shadow:none;display:inline-block;vertical-align:middle\"><span class=\"heateor_sss_svg\" style=\"background-color:#0765FE;width:25px;height:25px;border-radius:999px;display:inline-block;opacity:1;float:left;font-size:32px;box-shadow:none;display:inline-block;font-size:16px;padding:0 4px;vertical-align:middle;background-repeat:repeat;overflow:hidden;padding:0;cursor:pointer;box-sizing:content-box\"><svg style=\"display:block;border-radius:999px;\" focusable=\"false\" aria-hidden=\"true\" xmlns=\"http:\/\/www.w3.org\/2000\/svg\" width=\"100%\" height=\"100%\" viewBox=\"0 0 32 32\"><path fill=\"#fff\" d=\"M28 16c0-6.627-5.373-12-12-12S4 9.373 4 16c0 5.628 3.875 10.35 9.101 11.647v-7.98h-2.474V16H13.1v-1.58c0-4.085 1.849-5.978 5.859-5.978.76 0 2.072.15 2.608.298v3.325c-.283-.03-.775-.045-1.386-.045-1.967 0-2.728.745-2.728 2.683V16h3.92l-.673 3.667h-3.247v8.245C23.395 27.195 28 22.135 28 16Z\"><\/path><\/svg><\/span><\/a><a aria-label=\"Whatsapp\" class=\"heateor_sss_whatsapp\" href=\"https:\/\/api.whatsapp.com\/send?text=%C2%BFQu%C3%A9%20campa%C3%B1as%20de%20inmunizaci%C3%B3n%20se%20realizan%20por%20estos%20d%C3%ADas%20en%20el%20pa%C3%ADs%3F%20https%3A%2F%2Finstituciones.gtm.sld.cu%2Femprofarma%2F2024%2F08%2F21%2Fque-campanas-de-inmunizacion-se-realizan-por-estos-dias-en-el-pais%2F\" title=\"Whatsapp\" rel=\"nofollow noopener\" target=\"_blank\" style=\"font-size:32px!important;box-shadow:none;display:inline-block;vertical-align:middle\"><span class=\"heateor_sss_svg\" style=\"background-color:#55eb4c;width:25px;height:25px;border-radius:999px;display:inline-block;opacity:1;float:left;font-size:32px;box-shadow:none;display:inline-block;font-size:16px;padding:0 4px;vertical-align:middle;background-repeat:repeat;overflow:hidden;padding:0;cursor:pointer;box-sizing:content-box\"><svg style=\"display:block;border-radius:999px;\" focusable=\"false\" aria-hidden=\"true\" xmlns=\"http:\/\/www.w3.org\/2000\/svg\" width=\"100%\" height=\"100%\" viewBox=\"-6 -5 40 40\"><path class=\"heateor_sss_svg_stroke heateor_sss_no_fill\" stroke=\"#fff\" stroke-width=\"2\" fill=\"none\" d=\"M 11.579798566743314 24.396926207859085 A 10 10 0 1 0 6.808479557110079 20.73576436351046\"><\/path><path d=\"M 7 19 l -1 6 l 6 -1\" class=\"heateor_sss_no_fill heateor_sss_svg_stroke\" stroke=\"#fff\" stroke-width=\"2\" fill=\"none\"><\/path><path d=\"M 10 10 q -1 8 8 11 c 5 -1 0 -6 -1 -3 q -4 -3 -5 -5 c 4 -2 -1 -5 -1 -4\" fill=\"#fff\"><\/path><\/svg><\/span><\/a><a aria-label=\"Telegram\" class=\"heateor_sss_button_telegram\" href=\"https:\/\/telegram.me\/share\/url?url=https%3A%2F%2Finstituciones.gtm.sld.cu%2Femprofarma%2F2024%2F08%2F21%2Fque-campanas-de-inmunizacion-se-realizan-por-estos-dias-en-el-pais%2F&text=%C2%BFQu%C3%A9%20campa%C3%B1as%20de%20inmunizaci%C3%B3n%20se%20realizan%20por%20estos%20d%C3%ADas%20en%20el%20pa%C3%ADs%3F\" title=\"Telegram\" rel=\"nofollow noopener\" target=\"_blank\" style=\"font-size:32px!important;box-shadow:none;display:inline-block;vertical-align:middle\"><span class=\"heateor_sss_svg heateor_sss_s__default heateor_sss_s_telegram\" style=\"background-color:#3da5f1;width:25px;height:25px;border-radius:999px;display:inline-block;opacity:1;float:left;font-size:32px;box-shadow:none;display:inline-block;font-size:16px;padding:0 4px;vertical-align:middle;background-repeat:repeat;overflow:hidden;padding:0;cursor:pointer;box-sizing:content-box\"><svg style=\"display:block;border-radius:999px;\" focusable=\"false\" aria-hidden=\"true\" xmlns=\"http:\/\/www.w3.org\/2000\/svg\" width=\"100%\" height=\"100%\" viewBox=\"0 0 32 32\"><path fill=\"#fff\" d=\"M25.515 6.896L6.027 14.41c-1.33.534-1.322 1.276-.243 1.606l5 1.56 1.72 5.66c.226.625.115.873.77.873.506 0 .73-.235 1.012-.51l2.43-2.363 5.056 3.734c.93.514 1.602.25 1.834-.863l3.32-15.638c.338-1.363-.52-1.98-1.41-1.577z\"><\/path><\/svg><\/span><\/a><a aria-label=\"X\" class=\"heateor_sss_button_x\" href=\"https:\/\/twitter.com\/intent\/tweet?text=%C2%BFQu%C3%A9%20campa%C3%B1as%20de%20inmunizaci%C3%B3n%20se%20realizan%20por%20estos%20d%C3%ADas%20en%20el%20pa%C3%ADs%3F&url=https%3A%2F%2Finstituciones.gtm.sld.cu%2Femprofarma%2F2024%2F08%2F21%2Fque-campanas-de-inmunizacion-se-realizan-por-estos-dias-en-el-pais%2F\" title=\"X\" rel=\"nofollow noopener\" target=\"_blank\" style=\"font-size:32px!important;box-shadow:none;display:inline-block;vertical-align:middle\"><span class=\"heateor_sss_svg heateor_sss_s__default heateor_sss_s_x\" style=\"background-color:#2a2a2a;width:25px;height:25px;border-radius:999px;display:inline-block;opacity:1;float:left;font-size:32px;box-shadow:none;display:inline-block;font-size:16px;padding:0 4px;vertical-align:middle;background-repeat:repeat;overflow:hidden;padding:0;cursor:pointer;box-sizing:content-box\"><svg width=\"100%\" height=\"100%\" style=\"display:block;border-radius:999px;\" focusable=\"false\" aria-hidden=\"true\" xmlns=\"http:\/\/www.w3.org\/2000\/svg\" viewBox=\"0 0 32 32\"><path fill=\"#fff\" d=\"M21.751 7h3.067l-6.7 7.658L26 25.078h-6.172l-4.833-6.32-5.531 6.32h-3.07l7.167-8.19L6 7h6.328l4.37 5.777L21.75 7Zm-1.076 16.242h1.7L11.404 8.74H9.58l11.094 14.503Z\"><\/path><\/svg><\/span><\/a><\/div><div class=\"heateorSssClear\"><\/div><\/div><div class='heateorSssClear'><\/div><p>El pr\u00f3ximo 9 de septiembre comenzar\u00e1 la aplicaci\u00f3n de la vacuna antineumoc\u00f3cica Pneumosil-10, dirigida a la protecci\u00f3n de los ni\u00f1os menores de un a\u00f1o, nacidos en 2024, contra diez serotipos de neumococo, afirm\u00f3 ayer Jos\u00e9 Angel Portal Miranda, ministro de Salud P\u00fablica, en el XVIII Curso Internacional de Dengue y otros arbovirus<\/p><p><a class=\"more-link btn\" href=\"https:\/\/instituciones.gtm.sld.cu\/emprofarma\/2024\/08\/21\/que-campanas-de-inmunizacion-se-realizan-por-estos-dias-en-el-pais\/\">Seguir leyendo<\/a><\/p>\n","protected":false},"author":2,"featured_media":0,"comment_status":"closed","ping_status":"closed","sticky":false,"template":"","format":"standard","meta":{"ngg_post_thumbnail":0},"categories":[6],"tags":[49,16,22,50],"yoast_head":"<!-- This site is optimized with the Yoast SEO plugin v21.8 - https:\/\/yoast.com\/wordpress\/plugins\/seo\/ -->\n<title>\u00bfQu\u00e9 campa\u00f1as de inmunizaci\u00f3n se realizan por estos d\u00edas en el pa\u00eds? - Empresa Provincial de Farmacias y \u00d3pticas<\/title>\n<meta name=\"robots\" content=\"index, follow, max-snippet:-1, max-image-preview:large, max-video-preview:-1\" \/>\n<link rel=\"canonical\" href=\"https:\/\/instituciones.gtm.sld.cu\/emprofarma\/2024\/08\/21\/que-campanas-de-inmunizacion-se-realizan-por-estos-dias-en-el-pais\/\" \/>\n<meta property=\"og:locale\" content=\"es_ES\" \/>\n<meta property=\"og:type\" content=\"article\" \/>\n<meta property=\"og:title\" content=\"\u00bfQu\u00e9 campa\u00f1as de inmunizaci\u00f3n se realizan por estos d\u00edas en el pa\u00eds? - Empresa Provincial de Farmacias y \u00d3pticas\" \/>\n<meta property=\"og:description\" content=\"El pr\u00f3ximo 9 de septiembre comenzar\u00e1 la aplicaci\u00f3n de la vacuna antineumoc\u00f3cica Pneumosil-10, dirigida a la protecci\u00f3n de los ni\u00f1os menores de un a\u00f1o, nacidos en 2024, contra diez serotipos de neumococo, afirm\u00f3 ayer Jos\u00e9 Angel Portal Miranda, ministro de Salud P\u00fablica, en el XVIII Curso Internacional de Dengue y otros arbovirus\" \/>\n<meta property=\"og:url\" content=\"https:\/\/instituciones.gtm.sld.cu\/emprofarma\/2024\/08\/21\/que-campanas-de-inmunizacion-se-realizan-por-estos-dias-en-el-pais\/\" \/>\n<meta property=\"og:site_name\" content=\"Empresa Provincial de Farmacias y \u00d3pticas\" \/>\n<meta property=\"article:published_time\" content=\"2024-08-21T19:20:31+00:00\" \/>\n<meta property=\"article:modified_time\" content=\"2024-08-21T19:21:40+00:00\" \/>\n<meta property=\"og:image\" content=\"http:\/\/instituciones.gtm.sld.cu\/emprofarma\/wp-content\/uploads\/sites\/10\/2024\/08\/neumdes-300x193.jpg\" \/>\n<meta name=\"author\" content=\"dpsgtm\" \/>\n<meta name=\"twitter:card\" content=\"summary_large_image\" \/>\n<meta name=\"twitter:label1\" content=\"Escrito por\" \/>\n\t<meta name=\"twitter:data1\" content=\"dpsgtm\" \/>\n\t<meta name=\"twitter:label2\" content=\"Tiempo de lectura\" \/>\n\t<meta name=\"twitter:data2\" content=\"2 minutos\" \/>\n<script type=\"application\/ld+json\" class=\"yoast-schema-graph\">{\"@context\":\"https:\/\/schema.org\",\"@graph\":[{\"@type\":\"WebPage\",\"@id\":\"https:\/\/instituciones.gtm.sld.cu\/emprofarma\/2024\/08\/21\/que-campanas-de-inmunizacion-se-realizan-por-estos-dias-en-el-pais\/\",\"url\":\"https:\/\/instituciones.gtm.sld.cu\/emprofarma\/2024\/08\/21\/que-campanas-de-inmunizacion-se-realizan-por-estos-dias-en-el-pais\/\",\"name\":\"\u00bfQu\u00e9 campa\u00f1as de inmunizaci\u00f3n se realizan por estos d\u00edas en el pa\u00eds? - Empresa Provincial de Farmacias y \u00d3pticas\",\"isPartOf\":{\"@id\":\"https:\/\/instituciones.gtm.sld.cu\/emprofarma\/#website\"},\"datePublished\":\"2024-08-21T19:20:31+00:00\",\"dateModified\":\"2024-08-21T19:21:40+00:00\",\"author\":{\"@id\":\"https:\/\/instituciones.gtm.sld.cu\/emprofarma\/#\/schema\/person\/05da0d51038dbae0c4a32cb23be10699\"},\"breadcrumb\":{\"@id\":\"https:\/\/instituciones.gtm.sld.cu\/emprofarma\/2024\/08\/21\/que-campanas-de-inmunizacion-se-realizan-por-estos-dias-en-el-pais\/#breadcrumb\"},\"inLanguage\":\"es\",\"potentialAction\":[{\"@type\":\"ReadAction\",\"target\":[\"https:\/\/instituciones.gtm.sld.cu\/emprofarma\/2024\/08\/21\/que-campanas-de-inmunizacion-se-realizan-por-estos-dias-en-el-pais\/\"]}]},{\"@type\":\"BreadcrumbList\",\"@id\":\"https:\/\/instituciones.gtm.sld.cu\/emprofarma\/2024\/08\/21\/que-campanas-de-inmunizacion-se-realizan-por-estos-dias-en-el-pais\/#breadcrumb\",\"itemListElement\":[{\"@type\":\"ListItem\",\"position\":1,\"name\":\"Inicio\",\"item\":\"https:\/\/instituciones.gtm.sld.cu\/emprofarma\/\"},{\"@type\":\"ListItem\",\"position\":2,\"name\":\"\u00bfQu\u00e9 campa\u00f1as de inmunizaci\u00f3n se realizan por estos d\u00edas en el pa\u00eds?\"}]},{\"@type\":\"WebSite\",\"@id\":\"https:\/\/instituciones.gtm.sld.cu\/emprofarma\/#website\",\"url\":\"https:\/\/instituciones.gtm.sld.cu\/emprofarma\/\",\"name\":\"Empresa Provincial de Farmacias y \u00d3pticas\",\"description\":\"EMPROFARMA\",\"potentialAction\":[{\"@type\":\"SearchAction\",\"target\":{\"@type\":\"EntryPoint\",\"urlTemplate\":\"https:\/\/instituciones.gtm.sld.cu\/emprofarma\/?s={search_term_string}\"},\"query-input\":\"required name=search_term_string\"}],\"inLanguage\":\"es\"},{\"@type\":\"Person\",\"@id\":\"https:\/\/instituciones.gtm.sld.cu\/emprofarma\/#\/schema\/person\/05da0d51038dbae0c4a32cb23be10699\",\"name\":\"dpsgtm\",\"url\":\"https:\/\/instituciones.gtm.sld.cu\/emprofarma\/author\/dpsgtm\/\"}]}<\/script>\n<!-- \/ Yoast SEO plugin. -->","yoast_head_json":{"title":"\u00bfQu\u00e9 campa\u00f1as de inmunizaci\u00f3n se realizan por estos d\u00edas en el pa\u00eds? - Empresa Provincial de Farmacias y \u00d3pticas","robots":{"index":"index","follow":"follow","max-snippet":"max-snippet:-1","max-image-preview":"max-image-preview:large","max-video-preview":"max-video-preview:-1"},"canonical":"https:\/\/instituciones.gtm.sld.cu\/emprofarma\/2024\/08\/21\/que-campanas-de-inmunizacion-se-realizan-por-estos-dias-en-el-pais\/","og_locale":"es_ES","og_type":"article","og_title":"\u00bfQu\u00e9 campa\u00f1as de inmunizaci\u00f3n se realizan por estos d\u00edas en el pa\u00eds? - Empresa Provincial de Farmacias y \u00d3pticas","og_description":"El pr\u00f3ximo 9 de septiembre comenzar\u00e1 la aplicaci\u00f3n de la vacuna antineumoc\u00f3cica Pneumosil-10, dirigida a la protecci\u00f3n de los ni\u00f1os menores de un a\u00f1o, nacidos en 2024, contra diez serotipos de neumococo, afirm\u00f3 ayer Jos\u00e9 Angel Portal Miranda, ministro de Salud P\u00fablica, en el XVIII Curso Internacional de Dengue y otros arbovirus","og_url":"https:\/\/instituciones.gtm.sld.cu\/emprofarma\/2024\/08\/21\/que-campanas-de-inmunizacion-se-realizan-por-estos-dias-en-el-pais\/","og_site_name":"Empresa Provincial de Farmacias y \u00d3pticas","article_published_time":"2024-08-21T19:20:31+00:00","article_modified_time":"2024-08-21T19:21:40+00:00","og_image":[{"url":"http:\/\/instituciones.gtm.sld.cu\/emprofarma\/wp-content\/uploads\/sites\/10\/2024\/08\/neumdes-300x193.jpg"}],"author":"dpsgtm","twitter_card":"summary_large_image","twitter_misc":{"Escrito por":"dpsgtm","Tiempo de lectura":"2 minutos"},"schema":{"@context":"https:\/\/schema.org","@graph":[{"@type":"WebPage","@id":"https:\/\/instituciones.gtm.sld.cu\/emprofarma\/2024\/08\/21\/que-campanas-de-inmunizacion-se-realizan-por-estos-dias-en-el-pais\/","url":"https:\/\/instituciones.gtm.sld.cu\/emprofarma\/2024\/08\/21\/que-campanas-de-inmunizacion-se-realizan-por-estos-dias-en-el-pais\/","name":"\u00bfQu\u00e9 campa\u00f1as de inmunizaci\u00f3n se realizan por estos d\u00edas en el pa\u00eds? - Empresa Provincial de Farmacias y \u00d3pticas","isPartOf":{"@id":"https:\/\/instituciones.gtm.sld.cu\/emprofarma\/#website"},"datePublished":"2024-08-21T19:20:31+00:00","dateModified":"2024-08-21T19:21:40+00:00","author":{"@id":"https:\/\/instituciones.gtm.sld.cu\/emprofarma\/#\/schema\/person\/05da0d51038dbae0c4a32cb23be10699"},"breadcrumb":{"@id":"https:\/\/instituciones.gtm.sld.cu\/emprofarma\/2024\/08\/21\/que-campanas-de-inmunizacion-se-realizan-por-estos-dias-en-el-pais\/#breadcrumb"},"inLanguage":"es","potentialAction":[{"@type":"ReadAction","target":["https:\/\/instituciones.gtm.sld.cu\/emprofarma\/2024\/08\/21\/que-campanas-de-inmunizacion-se-realizan-por-estos-dias-en-el-pais\/"]}]},{"@type":"BreadcrumbList","@id":"https:\/\/instituciones.gtm.sld.cu\/emprofarma\/2024\/08\/21\/que-campanas-de-inmunizacion-se-realizan-por-estos-dias-en-el-pais\/#breadcrumb","itemListElement":[{"@type":"ListItem","position":1,"name":"Inicio","item":"https:\/\/instituciones.gtm.sld.cu\/emprofarma\/"},{"@type":"ListItem","position":2,"name":"\u00bfQu\u00e9 campa\u00f1as de inmunizaci\u00f3n se realizan por estos d\u00edas en el pa\u00eds?"}]},{"@type":"WebSite","@id":"https:\/\/instituciones.gtm.sld.cu\/emprofarma\/#website","url":"https:\/\/instituciones.gtm.sld.cu\/emprofarma\/","name":"Empresa Provincial de Farmacias y \u00d3pticas","description":"EMPROFARMA","potentialAction":[{"@type":"SearchAction","target":{"@type":"EntryPoint","urlTemplate":"https:\/\/instituciones.gtm.sld.cu\/emprofarma\/?s={search_term_string}"},"query-input":"required name=search_term_string"}],"inLanguage":"es"},{"@type":"Person","@id":"https:\/\/instituciones.gtm.sld.cu\/emprofarma\/#\/schema\/person\/05da0d51038dbae0c4a32cb23be10699","name":"dpsgtm","url":"https:\/\/instituciones.gtm.sld.cu\/emprofarma\/author\/dpsgtm\/"}]}},"_links":{"self":[{"href":"https:\/\/instituciones.gtm.sld.cu\/emprofarma\/wp-json\/wp\/v2\/posts\/1146"}],"collection":[{"href":"https:\/\/instituciones.gtm.sld.cu\/emprofarma\/wp-json\/wp\/v2\/posts"}],"about":[{"href":"https:\/\/instituciones.gtm.sld.cu\/emprofarma\/wp-json\/wp\/v2\/types\/post"}],"author":[{"embeddable":true,"href":"https:\/\/instituciones.gtm.sld.cu\/emprofarma\/wp-json\/wp\/v2\/users\/2"}],"replies":[{"embeddable":true,"href":"https:\/\/instituciones.gtm.sld.cu\/emprofarma\/wp-json\/wp\/v2\/comments?post=1146"}],"version-history":[{"count":2,"href":"https:\/\/instituciones.gtm.sld.cu\/emprofarma\/wp-json\/wp\/v2\/posts\/1146\/revisions"}],"predecessor-version":[{"id":1149,"href":"https:\/\/instituciones.gtm.sld.cu\/emprofarma\/wp-json\/wp\/v2\/posts\/1146\/revisions\/1149"}],"wp:attachment":[{"href":"https:\/\/instituciones.gtm.sld.cu\/emprofarma\/wp-json\/wp\/v2\/media?parent=1146"}],"wp:term":[{"taxonomy":"category","embeddable":true,"href":"https:\/\/instituciones.gtm.sld.cu\/emprofarma\/wp-json\/wp\/v2\/categories?post=1146"},{"taxonomy":"post_tag","embeddable":true,"href":"https:\/\/instituciones.gtm.sld.cu\/emprofarma\/wp-json\/wp\/v2\/tags?post=1146"}],"curies":[{"name":"wp","href":"https:\/\/api.w.org\/{rel}","templated":true}]}}