{"id":1229,"date":"2025-04-14T09:10:00","date_gmt":"2025-04-14T13:10:00","guid":{"rendered":"https:\/\/instituciones.gtm.sld.cu\/emprofarma\/?p=1229"},"modified":"2025-04-14T09:10:00","modified_gmt":"2025-04-14T13:10:00","slug":"agradece-cuba-donativo-de-vacunas-provenientes-de-venezuela","status":"publish","type":"post","link":"https:\/\/instituciones.gtm.sld.cu\/emprofarma\/2025\/04\/14\/agradece-cuba-donativo-de-vacunas-provenientes-de-venezuela\/","title":{"rendered":"Agradece Cuba donativo de vacunas provenientes de Venezuela"},"content":{"rendered":"<p style=\"text-align: justify;\"><img decoding=\"async\" loading=\"lazy\" class=\"size-medium wp-image-1230 alignleft\" src=\"http:\/\/instituciones.gtm.sld.cu\/emprofarma\/wp-content\/uploads\/sites\/10\/2025\/04\/Happy-Wedding-13-300x138.jpg\" alt=\"\" width=\"300\" height=\"138\" srcset=\"https:\/\/instituciones.gtm.sld.cu\/emprofarma\/wp-content\/uploads\/sites\/10\/2025\/04\/Happy-Wedding-13-300x138.jpg 300w, https:\/\/instituciones.gtm.sld.cu\/emprofarma\/wp-content\/uploads\/sites\/10\/2025\/04\/Happy-Wedding-13-768x353.jpg 768w, https:\/\/instituciones.gtm.sld.cu\/emprofarma\/wp-content\/uploads\/sites\/10\/2025\/04\/Happy-Wedding-13-750x344.jpg 750w, https:\/\/instituciones.gtm.sld.cu\/emprofarma\/wp-content\/uploads\/sites\/10\/2025\/04\/Happy-Wedding-13.jpg 980w\" sizes=\"(max-width: 300px) 100vw, 300px\" \/>El Ministerio de Salud P\u00fablica de Cuba (Minsap) agradece al Gobierno de la Rep\u00fablica Bolivariana de Venezuela el donativo de 90 mil dosis de vacuna duple bacteriana; que protege contra la difteria y el t\u00e9tanos (ambas enfermedades eliminadas en la Mayor de las Antillas).<!--more--><\/p>\n<p style=\"text-align: justify;\">Esta vacuna forma parte del esquema establecido en el Programa Nacional de Inmunizaci\u00f3n y es administrada a los ni\u00f1os que cursan el primer grado de escolaridad en todo el pa\u00eds.<br \/>\nCon acciones como estas, la solidaridad entre nuestros pueblos se fortalece cada d\u00eda m\u00e1s, ante la hostilidad del imperialismo y el cruel bloqueo que nos impone el gobierno de los Estados Unidos.<\/p>\n<p style=\"text-align: justify;\">La alianza entre Cuba y Venezuela ha sido un ejemplo destacado de cooperaci\u00f3n internacional, basada en principios de solidaridad, hermandad y complementariedad.<\/p>\n<p>Tomado de: <a href=\"https:\/\/salud.msp.gob.cu\/?p=42885\" target=\"_blank\" rel=\"noopener\">MINSAP<\/a><\/p>\n","protected":false},"excerpt":{"rendered":"<div class='heateorSssClear'><\/div><div  class='heateor_sss_sharing_container heateor_sss_horizontal_sharing' data-heateor-sss-href='https:\/\/instituciones.gtm.sld.cu\/emprofarma\/2025\/04\/14\/agradece-cuba-donativo-de-vacunas-provenientes-de-venezuela\/'><div class='heateor_sss_sharing_title' style=\"font-weight:bold\" >Comparte si te a gustado:<\/div><div class=\"heateor_sss_sharing_ul\"><a aria-label=\"Facebook\" class=\"heateor_sss_facebook\" href=\"https:\/\/www.facebook.com\/sharer\/sharer.php?u=https%3A%2F%2Finstituciones.gtm.sld.cu%2Femprofarma%2F2025%2F04%2F14%2Fagradece-cuba-donativo-de-vacunas-provenientes-de-venezuela%2F\" title=\"Facebook\" rel=\"nofollow noopener\" target=\"_blank\" style=\"font-size:32px!important;box-shadow:none;display:inline-block;vertical-align:middle\"><span class=\"heateor_sss_svg\" style=\"background-color:#0765FE;width:25px;height:25px;border-radius:999px;display:inline-block;opacity:1;float:left;font-size:32px;box-shadow:none;display:inline-block;font-size:16px;padding:0 4px;vertical-align:middle;background-repeat:repeat;overflow:hidden;padding:0;cursor:pointer;box-sizing:content-box\"><svg style=\"display:block;border-radius:999px;\" focusable=\"false\" aria-hidden=\"true\" xmlns=\"http:\/\/www.w3.org\/2000\/svg\" width=\"100%\" height=\"100%\" viewBox=\"0 0 32 32\"><path fill=\"#fff\" d=\"M28 16c0-6.627-5.373-12-12-12S4 9.373 4 16c0 5.628 3.875 10.35 9.101 11.647v-7.98h-2.474V16H13.1v-1.58c0-4.085 1.849-5.978 5.859-5.978.76 0 2.072.15 2.608.298v3.325c-.283-.03-.775-.045-1.386-.045-1.967 0-2.728.745-2.728 2.683V16h3.92l-.673 3.667h-3.247v8.245C23.395 27.195 28 22.135 28 16Z\"><\/path><\/svg><\/span><\/a><a aria-label=\"Whatsapp\" class=\"heateor_sss_whatsapp\" href=\"https:\/\/api.whatsapp.com\/send?text=Agradece%20Cuba%20donativo%20de%20vacunas%20provenientes%20de%20Venezuela%20https%3A%2F%2Finstituciones.gtm.sld.cu%2Femprofarma%2F2025%2F04%2F14%2Fagradece-cuba-donativo-de-vacunas-provenientes-de-venezuela%2F\" title=\"Whatsapp\" rel=\"nofollow noopener\" target=\"_blank\" style=\"font-size:32px!important;box-shadow:none;display:inline-block;vertical-align:middle\"><span class=\"heateor_sss_svg\" style=\"background-color:#55eb4c;width:25px;height:25px;border-radius:999px;display:inline-block;opacity:1;float:left;font-size:32px;box-shadow:none;display:inline-block;font-size:16px;padding:0 4px;vertical-align:middle;background-repeat:repeat;overflow:hidden;padding:0;cursor:pointer;box-sizing:content-box\"><svg style=\"display:block;border-radius:999px;\" focusable=\"false\" aria-hidden=\"true\" xmlns=\"http:\/\/www.w3.org\/2000\/svg\" width=\"100%\" height=\"100%\" viewBox=\"-6 -5 40 40\"><path class=\"heateor_sss_svg_stroke heateor_sss_no_fill\" stroke=\"#fff\" stroke-width=\"2\" fill=\"none\" d=\"M 11.579798566743314 24.396926207859085 A 10 10 0 1 0 6.808479557110079 20.73576436351046\"><\/path><path d=\"M 7 19 l -1 6 l 6 -1\" class=\"heateor_sss_no_fill heateor_sss_svg_stroke\" stroke=\"#fff\" stroke-width=\"2\" fill=\"none\"><\/path><path d=\"M 10 10 q -1 8 8 11 c 5 -1 0 -6 -1 -3 q -4 -3 -5 -5 c 4 -2 -1 -5 -1 -4\" fill=\"#fff\"><\/path><\/svg><\/span><\/a><a aria-label=\"Telegram\" class=\"heateor_sss_button_telegram\" href=\"https:\/\/telegram.me\/share\/url?url=https%3A%2F%2Finstituciones.gtm.sld.cu%2Femprofarma%2F2025%2F04%2F14%2Fagradece-cuba-donativo-de-vacunas-provenientes-de-venezuela%2F&text=Agradece%20Cuba%20donativo%20de%20vacunas%20provenientes%20de%20Venezuela\" title=\"Telegram\" rel=\"nofollow noopener\" target=\"_blank\" style=\"font-size:32px!important;box-shadow:none;display:inline-block;vertical-align:middle\"><span class=\"heateor_sss_svg heateor_sss_s__default heateor_sss_s_telegram\" style=\"background-color:#3da5f1;width:25px;height:25px;border-radius:999px;display:inline-block;opacity:1;float:left;font-size:32px;box-shadow:none;display:inline-block;font-size:16px;padding:0 4px;vertical-align:middle;background-repeat:repeat;overflow:hidden;padding:0;cursor:pointer;box-sizing:content-box\"><svg style=\"display:block;border-radius:999px;\" focusable=\"false\" aria-hidden=\"true\" xmlns=\"http:\/\/www.w3.org\/2000\/svg\" width=\"100%\" height=\"100%\" viewBox=\"0 0 32 32\"><path fill=\"#fff\" d=\"M25.515 6.896L6.027 14.41c-1.33.534-1.322 1.276-.243 1.606l5 1.56 1.72 5.66c.226.625.115.873.77.873.506 0 .73-.235 1.012-.51l2.43-2.363 5.056 3.734c.93.514 1.602.25 1.834-.863l3.32-15.638c.338-1.363-.52-1.98-1.41-1.577z\"><\/path><\/svg><\/span><\/a><a aria-label=\"X\" class=\"heateor_sss_button_x\" href=\"https:\/\/twitter.com\/intent\/tweet?text=Agradece%20Cuba%20donativo%20de%20vacunas%20provenientes%20de%20Venezuela&url=https%3A%2F%2Finstituciones.gtm.sld.cu%2Femprofarma%2F2025%2F04%2F14%2Fagradece-cuba-donativo-de-vacunas-provenientes-de-venezuela%2F\" title=\"X\" rel=\"nofollow noopener\" target=\"_blank\" style=\"font-size:32px!important;box-shadow:none;display:inline-block;vertical-align:middle\"><span class=\"heateor_sss_svg heateor_sss_s__default heateor_sss_s_x\" style=\"background-color:#2a2a2a;width:25px;height:25px;border-radius:999px;display:inline-block;opacity:1;float:left;font-size:32px;box-shadow:none;display:inline-block;font-size:16px;padding:0 4px;vertical-align:middle;background-repeat:repeat;overflow:hidden;padding:0;cursor:pointer;box-sizing:content-box\"><svg width=\"100%\" height=\"100%\" style=\"display:block;border-radius:999px;\" focusable=\"false\" aria-hidden=\"true\" xmlns=\"http:\/\/www.w3.org\/2000\/svg\" viewBox=\"0 0 32 32\"><path fill=\"#fff\" d=\"M21.751 7h3.067l-6.7 7.658L26 25.078h-6.172l-4.833-6.32-5.531 6.32h-3.07l7.167-8.19L6 7h6.328l4.37 5.777L21.75 7Zm-1.076 16.242h1.7L11.404 8.74H9.58l11.094 14.503Z\"><\/path><\/svg><\/span><\/a><\/div><div class=\"heateorSssClear\"><\/div><\/div><div class='heateorSssClear'><\/div><p>El Ministerio de Salud P\u00fablica de Cuba (Minsap) agradece al Gobierno de la Rep\u00fablica Bolivariana de Venezuela el donativo de 90 mil dosis de vacuna duple bacteriana; que protege contra la difteria y el t\u00e9tanos (ambas enfermedades eliminadas en la Mayor de las Antillas).<\/p><p><a class=\"more-link btn\" href=\"https:\/\/instituciones.gtm.sld.cu\/emprofarma\/2025\/04\/14\/agradece-cuba-donativo-de-vacunas-provenientes-de-venezuela\/\">Seguir leyendo<\/a><\/p>\n","protected":false},"author":2,"featured_media":0,"comment_status":"closed","ping_status":"closed","sticky":false,"template":"","format":"standard","meta":{"ngg_post_thumbnail":0},"categories":[6],"tags":[37,68,22,67],"yoast_head":"<!-- This site is optimized with the Yoast SEO plugin v21.8 - https:\/\/yoast.com\/wordpress\/plugins\/seo\/ -->\n<title>Agradece Cuba donativo de vacunas provenientes de Venezuela - Empresa Provincial de Farmacias y \u00d3pticas<\/title>\n<meta name=\"robots\" content=\"index, follow, max-snippet:-1, max-image-preview:large, max-video-preview:-1\" \/>\n<link rel=\"canonical\" href=\"https:\/\/instituciones.gtm.sld.cu\/emprofarma\/2025\/04\/14\/agradece-cuba-donativo-de-vacunas-provenientes-de-venezuela\/\" \/>\n<meta property=\"og:locale\" content=\"es_ES\" \/>\n<meta property=\"og:type\" content=\"article\" \/>\n<meta property=\"og:title\" content=\"Agradece Cuba donativo de vacunas provenientes de Venezuela - Empresa Provincial de Farmacias y \u00d3pticas\" \/>\n<meta property=\"og:description\" content=\"El Ministerio de Salud P\u00fablica de Cuba (Minsap) agradece al Gobierno de la Rep\u00fablica Bolivariana de Venezuela el donativo de 90 mil dosis de vacuna duple bacteriana; que protege contra la difteria y el t\u00e9tanos (ambas enfermedades eliminadas en la Mayor de las Antillas).\" \/>\n<meta property=\"og:url\" content=\"https:\/\/instituciones.gtm.sld.cu\/emprofarma\/2025\/04\/14\/agradece-cuba-donativo-de-vacunas-provenientes-de-venezuela\/\" \/>\n<meta property=\"og:site_name\" content=\"Empresa Provincial de Farmacias y \u00d3pticas\" \/>\n<meta property=\"article:published_time\" content=\"2025-04-14T13:10:00+00:00\" \/>\n<meta property=\"og:image\" content=\"http:\/\/instituciones.gtm.sld.cu\/emprofarma\/wp-content\/uploads\/sites\/10\/2025\/04\/Happy-Wedding-13-300x138.jpg\" \/>\n<meta name=\"author\" content=\"dpsgtm\" \/>\n<meta name=\"twitter:card\" content=\"summary_large_image\" \/>\n<meta name=\"twitter:label1\" content=\"Escrito por\" \/>\n\t<meta name=\"twitter:data1\" content=\"dpsgtm\" \/>\n\t<meta name=\"twitter:label2\" content=\"Tiempo de lectura\" \/>\n\t<meta name=\"twitter:data2\" content=\"1 minuto\" \/>\n<script type=\"application\/ld+json\" class=\"yoast-schema-graph\">{\"@context\":\"https:\/\/schema.org\",\"@graph\":[{\"@type\":\"WebPage\",\"@id\":\"https:\/\/instituciones.gtm.sld.cu\/emprofarma\/2025\/04\/14\/agradece-cuba-donativo-de-vacunas-provenientes-de-venezuela\/\",\"url\":\"https:\/\/instituciones.gtm.sld.cu\/emprofarma\/2025\/04\/14\/agradece-cuba-donativo-de-vacunas-provenientes-de-venezuela\/\",\"name\":\"Agradece Cuba donativo de vacunas provenientes de Venezuela - Empresa Provincial de Farmacias y \u00d3pticas\",\"isPartOf\":{\"@id\":\"https:\/\/instituciones.gtm.sld.cu\/emprofarma\/#website\"},\"datePublished\":\"2025-04-14T13:10:00+00:00\",\"dateModified\":\"2025-04-14T13:10:00+00:00\",\"author\":{\"@id\":\"https:\/\/instituciones.gtm.sld.cu\/emprofarma\/#\/schema\/person\/05da0d51038dbae0c4a32cb23be10699\"},\"breadcrumb\":{\"@id\":\"https:\/\/instituciones.gtm.sld.cu\/emprofarma\/2025\/04\/14\/agradece-cuba-donativo-de-vacunas-provenientes-de-venezuela\/#breadcrumb\"},\"inLanguage\":\"es\",\"potentialAction\":[{\"@type\":\"ReadAction\",\"target\":[\"https:\/\/instituciones.gtm.sld.cu\/emprofarma\/2025\/04\/14\/agradece-cuba-donativo-de-vacunas-provenientes-de-venezuela\/\"]}]},{\"@type\":\"BreadcrumbList\",\"@id\":\"https:\/\/instituciones.gtm.sld.cu\/emprofarma\/2025\/04\/14\/agradece-cuba-donativo-de-vacunas-provenientes-de-venezuela\/#breadcrumb\",\"itemListElement\":[{\"@type\":\"ListItem\",\"position\":1,\"name\":\"Inicio\",\"item\":\"https:\/\/instituciones.gtm.sld.cu\/emprofarma\/\"},{\"@type\":\"ListItem\",\"position\":2,\"name\":\"Agradece Cuba donativo de vacunas provenientes de Venezuela\"}]},{\"@type\":\"WebSite\",\"@id\":\"https:\/\/instituciones.gtm.sld.cu\/emprofarma\/#website\",\"url\":\"https:\/\/instituciones.gtm.sld.cu\/emprofarma\/\",\"name\":\"Empresa Provincial de Farmacias y \u00d3pticas\",\"description\":\"EMPROFARMA\",\"potentialAction\":[{\"@type\":\"SearchAction\",\"target\":{\"@type\":\"EntryPoint\",\"urlTemplate\":\"https:\/\/instituciones.gtm.sld.cu\/emprofarma\/?s={search_term_string}\"},\"query-input\":\"required name=search_term_string\"}],\"inLanguage\":\"es\"},{\"@type\":\"Person\",\"@id\":\"https:\/\/instituciones.gtm.sld.cu\/emprofarma\/#\/schema\/person\/05da0d51038dbae0c4a32cb23be10699\",\"name\":\"dpsgtm\",\"url\":\"https:\/\/instituciones.gtm.sld.cu\/emprofarma\/author\/dpsgtm\/\"}]}<\/script>\n<!-- \/ Yoast SEO plugin. -->","yoast_head_json":{"title":"Agradece Cuba donativo de vacunas provenientes de Venezuela - Empresa Provincial de Farmacias y \u00d3pticas","robots":{"index":"index","follow":"follow","max-snippet":"max-snippet:-1","max-image-preview":"max-image-preview:large","max-video-preview":"max-video-preview:-1"},"canonical":"https:\/\/instituciones.gtm.sld.cu\/emprofarma\/2025\/04\/14\/agradece-cuba-donativo-de-vacunas-provenientes-de-venezuela\/","og_locale":"es_ES","og_type":"article","og_title":"Agradece Cuba donativo de vacunas provenientes de Venezuela - Empresa Provincial de Farmacias y \u00d3pticas","og_description":"El Ministerio de Salud P\u00fablica de Cuba (Minsap) agradece al Gobierno de la Rep\u00fablica Bolivariana de Venezuela el donativo de 90 mil dosis de vacuna duple bacteriana; que protege contra la difteria y el t\u00e9tanos (ambas enfermedades eliminadas en la Mayor de las Antillas).","og_url":"https:\/\/instituciones.gtm.sld.cu\/emprofarma\/2025\/04\/14\/agradece-cuba-donativo-de-vacunas-provenientes-de-venezuela\/","og_site_name":"Empresa Provincial de Farmacias y \u00d3pticas","article_published_time":"2025-04-14T13:10:00+00:00","og_image":[{"url":"http:\/\/instituciones.gtm.sld.cu\/emprofarma\/wp-content\/uploads\/sites\/10\/2025\/04\/Happy-Wedding-13-300x138.jpg"}],"author":"dpsgtm","twitter_card":"summary_large_image","twitter_misc":{"Escrito por":"dpsgtm","Tiempo de lectura":"1 minuto"},"schema":{"@context":"https:\/\/schema.org","@graph":[{"@type":"WebPage","@id":"https:\/\/instituciones.gtm.sld.cu\/emprofarma\/2025\/04\/14\/agradece-cuba-donativo-de-vacunas-provenientes-de-venezuela\/","url":"https:\/\/instituciones.gtm.sld.cu\/emprofarma\/2025\/04\/14\/agradece-cuba-donativo-de-vacunas-provenientes-de-venezuela\/","name":"Agradece Cuba donativo de vacunas provenientes de Venezuela - Empresa Provincial de Farmacias y \u00d3pticas","isPartOf":{"@id":"https:\/\/instituciones.gtm.sld.cu\/emprofarma\/#website"},"datePublished":"2025-04-14T13:10:00+00:00","dateModified":"2025-04-14T13:10:00+00:00","author":{"@id":"https:\/\/instituciones.gtm.sld.cu\/emprofarma\/#\/schema\/person\/05da0d51038dbae0c4a32cb23be10699"},"breadcrumb":{"@id":"https:\/\/instituciones.gtm.sld.cu\/emprofarma\/2025\/04\/14\/agradece-cuba-donativo-de-vacunas-provenientes-de-venezuela\/#breadcrumb"},"inLanguage":"es","potentialAction":[{"@type":"ReadAction","target":["https:\/\/instituciones.gtm.sld.cu\/emprofarma\/2025\/04\/14\/agradece-cuba-donativo-de-vacunas-provenientes-de-venezuela\/"]}]},{"@type":"BreadcrumbList","@id":"https:\/\/instituciones.gtm.sld.cu\/emprofarma\/2025\/04\/14\/agradece-cuba-donativo-de-vacunas-provenientes-de-venezuela\/#breadcrumb","itemListElement":[{"@type":"ListItem","position":1,"name":"Inicio","item":"https:\/\/instituciones.gtm.sld.cu\/emprofarma\/"},{"@type":"ListItem","position":2,"name":"Agradece Cuba donativo de vacunas provenientes de Venezuela"}]},{"@type":"WebSite","@id":"https:\/\/instituciones.gtm.sld.cu\/emprofarma\/#website","url":"https:\/\/instituciones.gtm.sld.cu\/emprofarma\/","name":"Empresa Provincial de Farmacias y \u00d3pticas","description":"EMPROFARMA","potentialAction":[{"@type":"SearchAction","target":{"@type":"EntryPoint","urlTemplate":"https:\/\/instituciones.gtm.sld.cu\/emprofarma\/?s={search_term_string}"},"query-input":"required name=search_term_string"}],"inLanguage":"es"},{"@type":"Person","@id":"https:\/\/instituciones.gtm.sld.cu\/emprofarma\/#\/schema\/person\/05da0d51038dbae0c4a32cb23be10699","name":"dpsgtm","url":"https:\/\/instituciones.gtm.sld.cu\/emprofarma\/author\/dpsgtm\/"}]}},"_links":{"self":[{"href":"https:\/\/instituciones.gtm.sld.cu\/emprofarma\/wp-json\/wp\/v2\/posts\/1229"}],"collection":[{"href":"https:\/\/instituciones.gtm.sld.cu\/emprofarma\/wp-json\/wp\/v2\/posts"}],"about":[{"href":"https:\/\/instituciones.gtm.sld.cu\/emprofarma\/wp-json\/wp\/v2\/types\/post"}],"author":[{"embeddable":true,"href":"https:\/\/instituciones.gtm.sld.cu\/emprofarma\/wp-json\/wp\/v2\/users\/2"}],"replies":[{"embeddable":true,"href":"https:\/\/instituciones.gtm.sld.cu\/emprofarma\/wp-json\/wp\/v2\/comments?post=1229"}],"version-history":[{"count":2,"href":"https:\/\/instituciones.gtm.sld.cu\/emprofarma\/wp-json\/wp\/v2\/posts\/1229\/revisions"}],"predecessor-version":[{"id":1232,"href":"https:\/\/instituciones.gtm.sld.cu\/emprofarma\/wp-json\/wp\/v2\/posts\/1229\/revisions\/1232"}],"wp:attachment":[{"href":"https:\/\/instituciones.gtm.sld.cu\/emprofarma\/wp-json\/wp\/v2\/media?parent=1229"}],"wp:term":[{"taxonomy":"category","embeddable":true,"href":"https:\/\/instituciones.gtm.sld.cu\/emprofarma\/wp-json\/wp\/v2\/categories?post=1229"},{"taxonomy":"post_tag","embeddable":true,"href":"https:\/\/instituciones.gtm.sld.cu\/emprofarma\/wp-json\/wp\/v2\/tags?post=1229"}],"curies":[{"name":"wp","href":"https:\/\/api.w.org\/{rel}","templated":true}]}}