{"id":1373,"date":"2019-02-13T17:56:28","date_gmt":"2019-02-13T22:56:28","guid":{"rendered":"http:\/\/instituciones.gtm.sld.cu\/hgdan\/?p=1373"},"modified":"2019-11-13T11:49:33","modified_gmt":"2019-11-13T16:49:33","slug":"curso-pre-congreso-internacional-urgrav-2019-muerte-subita-actualidad-retos-y-perspectivas","status":"publish","type":"post","link":"https:\/\/instituciones.gtm.sld.cu\/hgdan\/curso-pre-congreso-internacional-urgrav-2019-muerte-subita-actualidad-retos-y-perspectivas\/","title":{"rendered":"Cursos pre-congreso internacional URGRAV 2019."},"content":{"rendered":"\n<ol><li> <a rel=\"noreferrer noopener\" href=\"http:\/\/instituciones.gtm.sld.cu\/hgdan\/wp-content\/uploads\/sites\/5\/2019\/02\/Curso-Muerte-s\u00fabitaActualidad-retos-y-perspectivas.pdf\" target=\"_blank\">T\u00edtulo: Muerte s\u00fabita: Actualidad, retos y perspectivas.<\/a> <\/li><li> <a rel=\"noreferrer noopener\" href=\"http:\/\/instituciones.gtm.sld.cu\/hgdan\/wp-content\/uploads\/sites\/5\/2019\/02\/Curso-Dilemas-m\u00e9dicos-en-el-manejo-integral-del-Ictus.pdf\" target=\"_blank\">T\u00edtulo: Dilemas m\u00e9dicos en el manejo integral del Ictus<\/a>. <\/li><li> <a rel=\"noreferrer noopener\" href=\"http:\/\/instituciones.gtm.sld.cu\/hgdan\/wp-content\/uploads\/sites\/5\/2019\/02\/Curso-Nutrici\u00f3n-enteral-y-parenteral-en-el-paciente-cr\u00edtico.pdf\" target=\"_blank\">T\u00edtulo: Nutrici\u00f3n enteral y parenteral en el paciente cr\u00edtico.<\/a> <\/li><\/ol>\n\n\n\n<p><a rel=\"noopener noreferrer\" href=\"http:\/\/instituciones.gtm.sld.cu\/hgdan\/wp-content\/uploads\/sites\/5\/2019\/02\/Curso-Nutrici\u00f3n-enteral-y-parenteral-en-el-paciente-cr\u00edtico.pdf\" target=\"_blank\"><span style=\"font-family: Arial, sans-serif\"><span style=\"font-size: large\"><span lang=\"es-MX\"><\/span><\/span><\/span><\/a><\/p>\n","protected":false},"excerpt":{"rendered":"<p>T\u00edtulo: Muerte s\u00fabita: Actualidad, retos y perspectivas. T\u00edtulo: Dilemas m\u00e9dicos en el manejo integral del Ictus. T\u00edtulo: Nutrici\u00f3n enteral y parenteral en el paciente cr\u00edtico.<\/p>\n","protected":false},"author":4,"featured_media":1372,"comment_status":"open","ping_status":"closed","sticky":false,"template":"","format":"standard","meta":{"ngg_post_thumbnail":0},"categories":[1],"tags":[],"yoast_head":"<!-- This site is optimized with the Yoast SEO plugin v21.8 - https:\/\/yoast.com\/wordpress\/plugins\/seo\/ -->\n<title>Cursos pre-congreso internacional URGRAV 2019. - Hospital General Docente \u201cDr. Agostinho Neto\u201d<\/title>\n<meta name=\"robots\" content=\"index, follow, max-snippet:-1, max-image-preview:large, max-video-preview:-1\" \/>\n<link rel=\"canonical\" href=\"https:\/\/instituciones.gtm.sld.cu\/hgdan\/curso-pre-congreso-internacional-urgrav-2019-muerte-subita-actualidad-retos-y-perspectivas\/\" \/>\n<meta property=\"og:locale\" content=\"es_ES\" \/>\n<meta property=\"og:type\" content=\"article\" \/>\n<meta property=\"og:title\" content=\"Cursos pre-congreso internacional URGRAV 2019. - Hospital General Docente \u201cDr. Agostinho Neto\u201d\" \/>\n<meta property=\"og:description\" content=\"T\u00edtulo: Muerte s\u00fabita: Actualidad, retos y perspectivas. T\u00edtulo: Dilemas m\u00e9dicos en el manejo integral del Ictus. T\u00edtulo: Nutrici\u00f3n enteral y parenteral en el paciente cr\u00edtico.\" \/>\n<meta property=\"og:url\" content=\"https:\/\/instituciones.gtm.sld.cu\/hgdan\/curso-pre-congreso-internacional-urgrav-2019-muerte-subita-actualidad-retos-y-perspectivas\/\" \/>\n<meta property=\"og:site_name\" content=\"Hospital General Docente \u201cDr. Agostinho Neto\u201d\" \/>\n<meta property=\"article:published_time\" content=\"2019-02-13T22:56:28+00:00\" \/>\n<meta property=\"article:modified_time\" content=\"2019-11-13T16:49:33+00:00\" \/>\n<meta property=\"og:image\" content=\"https:\/\/instituciones.gtm.sld.cu\/hgdan\/wp-content\/uploads\/sites\/33\/2019\/02\/1cursos-e1573663530774.png\" \/>\n\t<meta property=\"og:image:width\" content=\"150\" \/>\n\t<meta property=\"og:image:height\" content=\"122\" \/>\n\t<meta property=\"og:image:type\" content=\"image\/png\" \/>\n<meta name=\"twitter:card\" content=\"summary_large_image\" \/>\n<meta name=\"twitter:label1\" content=\"Escrito por\" \/>\n\t<meta name=\"twitter:data1\" content=\"\" \/>\n<script type=\"application\/ld+json\" class=\"yoast-schema-graph\">{\"@context\":\"https:\/\/schema.org\",\"@graph\":[{\"@type\":\"WebPage\",\"@id\":\"https:\/\/instituciones.gtm.sld.cu\/hgdan\/curso-pre-congreso-internacional-urgrav-2019-muerte-subita-actualidad-retos-y-perspectivas\/\",\"url\":\"https:\/\/instituciones.gtm.sld.cu\/hgdan\/curso-pre-congreso-internacional-urgrav-2019-muerte-subita-actualidad-retos-y-perspectivas\/\",\"name\":\"Cursos pre-congreso internacional URGRAV 2019. - Hospital General Docente \u201cDr. Agostinho Neto\u201d\",\"isPartOf\":{\"@id\":\"https:\/\/instituciones.gtm.sld.cu\/hgdan\/#website\"},\"datePublished\":\"2019-02-13T22:56:28+00:00\",\"dateModified\":\"2019-11-13T16:49:33+00:00\",\"author\":{\"@id\":\"\"},\"breadcrumb\":{\"@id\":\"https:\/\/instituciones.gtm.sld.cu\/hgdan\/curso-pre-congreso-internacional-urgrav-2019-muerte-subita-actualidad-retos-y-perspectivas\/#breadcrumb\"},\"inLanguage\":\"es\",\"potentialAction\":[{\"@type\":\"ReadAction\",\"target\":[\"https:\/\/instituciones.gtm.sld.cu\/hgdan\/curso-pre-congreso-internacional-urgrav-2019-muerte-subita-actualidad-retos-y-perspectivas\/\"]}]},{\"@type\":\"BreadcrumbList\",\"@id\":\"https:\/\/instituciones.gtm.sld.cu\/hgdan\/curso-pre-congreso-internacional-urgrav-2019-muerte-subita-actualidad-retos-y-perspectivas\/#breadcrumb\",\"itemListElement\":[{\"@type\":\"ListItem\",\"position\":1,\"name\":\"Portada\",\"item\":\"https:\/\/instituciones.gtm.sld.cu\/hgdan\/\"},{\"@type\":\"ListItem\",\"position\":2,\"name\":\"Cursos pre-congreso internacional URGRAV 2019.\"}]},{\"@type\":\"WebSite\",\"@id\":\"https:\/\/instituciones.gtm.sld.cu\/hgdan\/#website\",\"url\":\"https:\/\/instituciones.gtm.sld.cu\/hgdan\/\",\"name\":\"Hospital General Docente \u201cDr. Agostinho Neto\u201d\",\"description\":\"Hospital General Docente \u201cDr. Agostinho Neto\u201d\",\"potentialAction\":[{\"@type\":\"SearchAction\",\"target\":{\"@type\":\"EntryPoint\",\"urlTemplate\":\"https:\/\/instituciones.gtm.sld.cu\/hgdan\/?s={search_term_string}\"},\"query-input\":\"required name=search_term_string\"}],\"inLanguage\":\"es\"},{\"@type\":\"Person\",\"@id\":\"\",\"url\":\"https:\/\/instituciones.gtm.sld.cu\/hgdan\/author\/\"}]}<\/script>\n<!-- \/ Yoast SEO plugin. -->","yoast_head_json":{"title":"Cursos pre-congreso internacional URGRAV 2019. - Hospital General Docente \u201cDr. Agostinho Neto\u201d","robots":{"index":"index","follow":"follow","max-snippet":"max-snippet:-1","max-image-preview":"max-image-preview:large","max-video-preview":"max-video-preview:-1"},"canonical":"https:\/\/instituciones.gtm.sld.cu\/hgdan\/curso-pre-congreso-internacional-urgrav-2019-muerte-subita-actualidad-retos-y-perspectivas\/","og_locale":"es_ES","og_type":"article","og_title":"Cursos pre-congreso internacional URGRAV 2019. - Hospital General Docente \u201cDr. Agostinho Neto\u201d","og_description":"T\u00edtulo: Muerte s\u00fabita: Actualidad, retos y perspectivas. T\u00edtulo: Dilemas m\u00e9dicos en el manejo integral del Ictus. T\u00edtulo: Nutrici\u00f3n enteral y parenteral en el paciente cr\u00edtico.","og_url":"https:\/\/instituciones.gtm.sld.cu\/hgdan\/curso-pre-congreso-internacional-urgrav-2019-muerte-subita-actualidad-retos-y-perspectivas\/","og_site_name":"Hospital General Docente \u201cDr. Agostinho Neto\u201d","article_published_time":"2019-02-13T22:56:28+00:00","article_modified_time":"2019-11-13T16:49:33+00:00","og_image":[{"width":150,"height":122,"url":"https:\/\/instituciones.gtm.sld.cu\/hgdan\/wp-content\/uploads\/sites\/33\/2019\/02\/1cursos-e1573663530774.png","type":"image\/png"}],"twitter_card":"summary_large_image","twitter_misc":{"Escrito por":""},"schema":{"@context":"https:\/\/schema.org","@graph":[{"@type":"WebPage","@id":"https:\/\/instituciones.gtm.sld.cu\/hgdan\/curso-pre-congreso-internacional-urgrav-2019-muerte-subita-actualidad-retos-y-perspectivas\/","url":"https:\/\/instituciones.gtm.sld.cu\/hgdan\/curso-pre-congreso-internacional-urgrav-2019-muerte-subita-actualidad-retos-y-perspectivas\/","name":"Cursos pre-congreso internacional URGRAV 2019. - Hospital General Docente \u201cDr. Agostinho Neto\u201d","isPartOf":{"@id":"https:\/\/instituciones.gtm.sld.cu\/hgdan\/#website"},"datePublished":"2019-02-13T22:56:28+00:00","dateModified":"2019-11-13T16:49:33+00:00","author":{"@id":""},"breadcrumb":{"@id":"https:\/\/instituciones.gtm.sld.cu\/hgdan\/curso-pre-congreso-internacional-urgrav-2019-muerte-subita-actualidad-retos-y-perspectivas\/#breadcrumb"},"inLanguage":"es","potentialAction":[{"@type":"ReadAction","target":["https:\/\/instituciones.gtm.sld.cu\/hgdan\/curso-pre-congreso-internacional-urgrav-2019-muerte-subita-actualidad-retos-y-perspectivas\/"]}]},{"@type":"BreadcrumbList","@id":"https:\/\/instituciones.gtm.sld.cu\/hgdan\/curso-pre-congreso-internacional-urgrav-2019-muerte-subita-actualidad-retos-y-perspectivas\/#breadcrumb","itemListElement":[{"@type":"ListItem","position":1,"name":"Portada","item":"https:\/\/instituciones.gtm.sld.cu\/hgdan\/"},{"@type":"ListItem","position":2,"name":"Cursos pre-congreso internacional URGRAV 2019."}]},{"@type":"WebSite","@id":"https:\/\/instituciones.gtm.sld.cu\/hgdan\/#website","url":"https:\/\/instituciones.gtm.sld.cu\/hgdan\/","name":"Hospital General Docente \u201cDr. Agostinho Neto\u201d","description":"Hospital General Docente \u201cDr. Agostinho Neto\u201d","potentialAction":[{"@type":"SearchAction","target":{"@type":"EntryPoint","urlTemplate":"https:\/\/instituciones.gtm.sld.cu\/hgdan\/?s={search_term_string}"},"query-input":"required name=search_term_string"}],"inLanguage":"es"},{"@type":"Person","@id":"","url":"https:\/\/instituciones.gtm.sld.cu\/hgdan\/author\/"}]}},"jetpack_featured_media_url":"https:\/\/instituciones.gtm.sld.cu\/hgdan\/wp-content\/uploads\/sites\/33\/2019\/02\/1cursos-e1573663530774.png","_links":{"self":[{"href":"https:\/\/instituciones.gtm.sld.cu\/hgdan\/wp-json\/wp\/v2\/posts\/1373"}],"collection":[{"href":"https:\/\/instituciones.gtm.sld.cu\/hgdan\/wp-json\/wp\/v2\/posts"}],"about":[{"href":"https:\/\/instituciones.gtm.sld.cu\/hgdan\/wp-json\/wp\/v2\/types\/post"}],"author":[{"embeddable":true,"href":"https:\/\/instituciones.gtm.sld.cu\/hgdan\/wp-json\/wp\/v2\/users\/4"}],"replies":[{"embeddable":true,"href":"https:\/\/instituciones.gtm.sld.cu\/hgdan\/wp-json\/wp\/v2\/comments?post=1373"}],"version-history":[{"count":4,"href":"https:\/\/instituciones.gtm.sld.cu\/hgdan\/wp-json\/wp\/v2\/posts\/1373\/revisions"}],"predecessor-version":[{"id":2072,"href":"https:\/\/instituciones.gtm.sld.cu\/hgdan\/wp-json\/wp\/v2\/posts\/1373\/revisions\/2072"}],"wp:featuredmedia":[{"embeddable":true,"href":"https:\/\/instituciones.gtm.sld.cu\/hgdan\/wp-json\/wp\/v2\/media\/1372"}],"wp:attachment":[{"href":"https:\/\/instituciones.gtm.sld.cu\/hgdan\/wp-json\/wp\/v2\/media?parent=1373"}],"wp:term":[{"taxonomy":"category","embeddable":true,"href":"https:\/\/instituciones.gtm.sld.cu\/hgdan\/wp-json\/wp\/v2\/categories?post=1373"},{"taxonomy":"post_tag","embeddable":true,"href":"https:\/\/instituciones.gtm.sld.cu\/hgdan\/wp-json\/wp\/v2\/tags?post=1373"}],"curies":[{"name":"wp","href":"https:\/\/api.w.org\/{rel}","templated":true}]}}