{"id":1479,"date":"2019-03-16T14:18:49","date_gmt":"2019-03-16T18:18:49","guid":{"rendered":"http:\/\/instituciones.gtm.sld.cu\/hgdan\/?p=1479"},"modified":"2019-11-11T16:32:45","modified_gmt":"2019-11-11T21:32:45","slug":"entra-en-funcionamiento-mamografo-digital-computarizado-en-hospital-general-docente-de-guantanamo-video","status":"publish","type":"post","link":"https:\/\/instituciones.gtm.sld.cu\/hgdan\/entra-en-funcionamiento-mamografo-digital-computarizado-en-hospital-general-docente-de-guantanamo-video\/","title":{"rendered":"Entra en funcionamiento mam\u00f3grafo digital computarizado en Hospital General Docente de Guant\u00e1namo (+ Video)"},"content":{"rendered":"\n<h1 class=\"wp-block-heading\" style=\"text-align:center\"><\/h1>\n\n\n\n<div class=\"wp-block-image\"><figure class=\"alignleft is-resized\"><img decoding=\"async\" loading=\"lazy\" src=\"http:\/\/www.solvision.cu\/images\/mamografo-digital02.jpg\" alt=\"Entra en funcionamiento mam\u00f3grafo digital computarizado en Hospital General Docente de Guant\u00e1namo \" width=\"247\" height=\"147\" \/><\/figure><\/div>\n\n\n\n<p>Guant\u00e1namo.- Un novedoso medio diagn\u00f3stico se incorpora al Servicio de Imagenolog\u00eda de la mayor instituci\u00f3n hospitalaria de <a href=\"https:\/\/www.ecured.cu\/Provincia_de_Guant%C3%A1namo_(Cuba)\">Guant\u00e1namo<\/a>; el mam\u00f3grafo digital computarizado.<\/p>\n\n\n\n<!--more-->\n\n\n\n<p>Con la entrada en funcionamiento del equipo, se abren nuevos horizontes en la lucha contra una de las principales causas de muerte de la poblaci\u00f3n femenina en la provincia; el c\u00e1ncer de mama.<br><\/p>\n\n\n\n<figure class=\"wp-block-video\"><video controls src=\"http:\/\/instituciones.gtm.sld.cu\/hgdan\/wp-content\/uploads\/sites\/5\/2019\/03\/Entra_en_funcionamiento_mamgrafo_digital_computarizado_en_Hospital_General_Docente_de_Guantnamoyoutube.com_.mp4\"><\/video><\/figure>\n","protected":false},"excerpt":{"rendered":"<p>Guant\u00e1namo.- Un novedoso medio diagn\u00f3stico se incorpora al Servicio de Imagenolog\u00eda de la mayor instituci\u00f3n hospitalaria de Guant\u00e1namo; el mam\u00f3grafo digital computarizado.<\/p><p><a class=\"more-link btn\" href=\"https:\/\/instituciones.gtm.sld.cu\/hgdan\/entra-en-funcionamiento-mamografo-digital-computarizado-en-hospital-general-docente-de-guantanamo-video\/\">Seguir leyendo<\/a><\/p>\n","protected":false},"author":4,"featured_media":2050,"comment_status":"open","ping_status":"closed","sticky":false,"template":"","format":"standard","meta":{"ngg_post_thumbnail":0},"categories":[1],"tags":[],"yoast_head":"<!-- This site is optimized with the Yoast SEO plugin v21.8 - https:\/\/yoast.com\/wordpress\/plugins\/seo\/ -->\n<title>Entra en funcionamiento mam\u00f3grafo digital computarizado en Hospital General Docente de Guant\u00e1namo (+ Video) - Hospital General Docente \u201cDr. Agostinho Neto\u201d<\/title>\n<meta name=\"robots\" content=\"index, follow, max-snippet:-1, max-image-preview:large, max-video-preview:-1\" \/>\n<link rel=\"canonical\" href=\"https:\/\/instituciones.gtm.sld.cu\/hgdan\/entra-en-funcionamiento-mamografo-digital-computarizado-en-hospital-general-docente-de-guantanamo-video\/\" \/>\n<meta property=\"og:locale\" content=\"es_ES\" \/>\n<meta property=\"og:type\" content=\"article\" \/>\n<meta property=\"og:title\" content=\"Entra en funcionamiento mam\u00f3grafo digital computarizado en Hospital General Docente de Guant\u00e1namo (+ Video) - Hospital General Docente \u201cDr. Agostinho Neto\u201d\" \/>\n<meta property=\"og:description\" content=\"Guant\u00e1namo.- Un novedoso medio diagn\u00f3stico se incorpora al Servicio de Imagenolog\u00eda de la mayor instituci\u00f3n hospitalaria de Guant\u00e1namo; el mam\u00f3grafo digital computarizado.\" \/>\n<meta property=\"og:url\" content=\"https:\/\/instituciones.gtm.sld.cu\/hgdan\/entra-en-funcionamiento-mamografo-digital-computarizado-en-hospital-general-docente-de-guantanamo-video\/\" \/>\n<meta property=\"og:site_name\" content=\"Hospital General Docente \u201cDr. Agostinho Neto\u201d\" \/>\n<meta property=\"article:published_time\" content=\"2019-03-16T18:18:49+00:00\" \/>\n<meta property=\"article:modified_time\" content=\"2019-11-11T21:32:45+00:00\" \/>\n<meta property=\"og:image\" content=\"https:\/\/instituciones.gtm.sld.cu\/hgdan\/wp-content\/uploads\/sites\/33\/2019\/03\/mamografia-icono.png\" \/>\n\t<meta property=\"og:image:width\" content=\"150\" \/>\n\t<meta property=\"og:image:height\" content=\"125\" \/>\n\t<meta property=\"og:image:type\" content=\"image\/png\" \/>\n<meta name=\"twitter:card\" content=\"summary_large_image\" \/>\n<meta name=\"twitter:label1\" content=\"Escrito por\" \/>\n\t<meta name=\"twitter:data1\" content=\"\" \/>\n<script type=\"application\/ld+json\" class=\"yoast-schema-graph\">{\"@context\":\"https:\/\/schema.org\",\"@graph\":[{\"@type\":\"WebPage\",\"@id\":\"https:\/\/instituciones.gtm.sld.cu\/hgdan\/entra-en-funcionamiento-mamografo-digital-computarizado-en-hospital-general-docente-de-guantanamo-video\/\",\"url\":\"https:\/\/instituciones.gtm.sld.cu\/hgdan\/entra-en-funcionamiento-mamografo-digital-computarizado-en-hospital-general-docente-de-guantanamo-video\/\",\"name\":\"Entra en funcionamiento mam\u00f3grafo digital computarizado en Hospital General Docente de Guant\u00e1namo (+ Video) - Hospital General Docente \u201cDr. Agostinho Neto\u201d\",\"isPartOf\":{\"@id\":\"https:\/\/instituciones.gtm.sld.cu\/hgdan\/#website\"},\"datePublished\":\"2019-03-16T18:18:49+00:00\",\"dateModified\":\"2019-11-11T21:32:45+00:00\",\"author\":{\"@id\":\"\"},\"breadcrumb\":{\"@id\":\"https:\/\/instituciones.gtm.sld.cu\/hgdan\/entra-en-funcionamiento-mamografo-digital-computarizado-en-hospital-general-docente-de-guantanamo-video\/#breadcrumb\"},\"inLanguage\":\"es\",\"potentialAction\":[{\"@type\":\"ReadAction\",\"target\":[\"https:\/\/instituciones.gtm.sld.cu\/hgdan\/entra-en-funcionamiento-mamografo-digital-computarizado-en-hospital-general-docente-de-guantanamo-video\/\"]}]},{\"@type\":\"BreadcrumbList\",\"@id\":\"https:\/\/instituciones.gtm.sld.cu\/hgdan\/entra-en-funcionamiento-mamografo-digital-computarizado-en-hospital-general-docente-de-guantanamo-video\/#breadcrumb\",\"itemListElement\":[{\"@type\":\"ListItem\",\"position\":1,\"name\":\"Portada\",\"item\":\"https:\/\/instituciones.gtm.sld.cu\/hgdan\/\"},{\"@type\":\"ListItem\",\"position\":2,\"name\":\"Entra en funcionamiento mam\u00f3grafo digital computarizado en Hospital General Docente de Guant\u00e1namo (+ Video)\"}]},{\"@type\":\"WebSite\",\"@id\":\"https:\/\/instituciones.gtm.sld.cu\/hgdan\/#website\",\"url\":\"https:\/\/instituciones.gtm.sld.cu\/hgdan\/\",\"name\":\"Hospital General Docente \u201cDr. Agostinho Neto\u201d\",\"description\":\"Hospital General Docente \u201cDr. Agostinho Neto\u201d\",\"potentialAction\":[{\"@type\":\"SearchAction\",\"target\":{\"@type\":\"EntryPoint\",\"urlTemplate\":\"https:\/\/instituciones.gtm.sld.cu\/hgdan\/?s={search_term_string}\"},\"query-input\":\"required name=search_term_string\"}],\"inLanguage\":\"es\"},{\"@type\":\"Person\",\"@id\":\"\",\"url\":\"https:\/\/instituciones.gtm.sld.cu\/hgdan\/author\/\"}]}<\/script>\n<!-- \/ Yoast SEO plugin. -->","yoast_head_json":{"title":"Entra en funcionamiento mam\u00f3grafo digital computarizado en Hospital General Docente de Guant\u00e1namo (+ Video) - Hospital General Docente \u201cDr. Agostinho Neto\u201d","robots":{"index":"index","follow":"follow","max-snippet":"max-snippet:-1","max-image-preview":"max-image-preview:large","max-video-preview":"max-video-preview:-1"},"canonical":"https:\/\/instituciones.gtm.sld.cu\/hgdan\/entra-en-funcionamiento-mamografo-digital-computarizado-en-hospital-general-docente-de-guantanamo-video\/","og_locale":"es_ES","og_type":"article","og_title":"Entra en funcionamiento mam\u00f3grafo digital computarizado en Hospital General Docente de Guant\u00e1namo (+ Video) - Hospital General Docente \u201cDr. Agostinho Neto\u201d","og_description":"Guant\u00e1namo.- Un novedoso medio diagn\u00f3stico se incorpora al Servicio de Imagenolog\u00eda de la mayor instituci\u00f3n hospitalaria de Guant\u00e1namo; el mam\u00f3grafo digital computarizado.","og_url":"https:\/\/instituciones.gtm.sld.cu\/hgdan\/entra-en-funcionamiento-mamografo-digital-computarizado-en-hospital-general-docente-de-guantanamo-video\/","og_site_name":"Hospital General Docente \u201cDr. Agostinho Neto\u201d","article_published_time":"2019-03-16T18:18:49+00:00","article_modified_time":"2019-11-11T21:32:45+00:00","og_image":[{"width":150,"height":125,"url":"https:\/\/instituciones.gtm.sld.cu\/hgdan\/wp-content\/uploads\/sites\/33\/2019\/03\/mamografia-icono.png","type":"image\/png"}],"twitter_card":"summary_large_image","twitter_misc":{"Escrito por":""},"schema":{"@context":"https:\/\/schema.org","@graph":[{"@type":"WebPage","@id":"https:\/\/instituciones.gtm.sld.cu\/hgdan\/entra-en-funcionamiento-mamografo-digital-computarizado-en-hospital-general-docente-de-guantanamo-video\/","url":"https:\/\/instituciones.gtm.sld.cu\/hgdan\/entra-en-funcionamiento-mamografo-digital-computarizado-en-hospital-general-docente-de-guantanamo-video\/","name":"Entra en funcionamiento mam\u00f3grafo digital computarizado en Hospital General Docente de Guant\u00e1namo (+ Video) - Hospital General Docente \u201cDr. Agostinho Neto\u201d","isPartOf":{"@id":"https:\/\/instituciones.gtm.sld.cu\/hgdan\/#website"},"datePublished":"2019-03-16T18:18:49+00:00","dateModified":"2019-11-11T21:32:45+00:00","author":{"@id":""},"breadcrumb":{"@id":"https:\/\/instituciones.gtm.sld.cu\/hgdan\/entra-en-funcionamiento-mamografo-digital-computarizado-en-hospital-general-docente-de-guantanamo-video\/#breadcrumb"},"inLanguage":"es","potentialAction":[{"@type":"ReadAction","target":["https:\/\/instituciones.gtm.sld.cu\/hgdan\/entra-en-funcionamiento-mamografo-digital-computarizado-en-hospital-general-docente-de-guantanamo-video\/"]}]},{"@type":"BreadcrumbList","@id":"https:\/\/instituciones.gtm.sld.cu\/hgdan\/entra-en-funcionamiento-mamografo-digital-computarizado-en-hospital-general-docente-de-guantanamo-video\/#breadcrumb","itemListElement":[{"@type":"ListItem","position":1,"name":"Portada","item":"https:\/\/instituciones.gtm.sld.cu\/hgdan\/"},{"@type":"ListItem","position":2,"name":"Entra en funcionamiento mam\u00f3grafo digital computarizado en Hospital General Docente de Guant\u00e1namo (+ Video)"}]},{"@type":"WebSite","@id":"https:\/\/instituciones.gtm.sld.cu\/hgdan\/#website","url":"https:\/\/instituciones.gtm.sld.cu\/hgdan\/","name":"Hospital General Docente \u201cDr. Agostinho Neto\u201d","description":"Hospital General Docente \u201cDr. Agostinho Neto\u201d","potentialAction":[{"@type":"SearchAction","target":{"@type":"EntryPoint","urlTemplate":"https:\/\/instituciones.gtm.sld.cu\/hgdan\/?s={search_term_string}"},"query-input":"required name=search_term_string"}],"inLanguage":"es"},{"@type":"Person","@id":"","url":"https:\/\/instituciones.gtm.sld.cu\/hgdan\/author\/"}]}},"jetpack_featured_media_url":"https:\/\/instituciones.gtm.sld.cu\/hgdan\/wp-content\/uploads\/sites\/33\/2019\/03\/mamografia-icono.png","_links":{"self":[{"href":"https:\/\/instituciones.gtm.sld.cu\/hgdan\/wp-json\/wp\/v2\/posts\/1479"}],"collection":[{"href":"https:\/\/instituciones.gtm.sld.cu\/hgdan\/wp-json\/wp\/v2\/posts"}],"about":[{"href":"https:\/\/instituciones.gtm.sld.cu\/hgdan\/wp-json\/wp\/v2\/types\/post"}],"author":[{"embeddable":true,"href":"https:\/\/instituciones.gtm.sld.cu\/hgdan\/wp-json\/wp\/v2\/users\/4"}],"replies":[{"embeddable":true,"href":"https:\/\/instituciones.gtm.sld.cu\/hgdan\/wp-json\/wp\/v2\/comments?post=1479"}],"version-history":[{"count":1,"href":"https:\/\/instituciones.gtm.sld.cu\/hgdan\/wp-json\/wp\/v2\/posts\/1479\/revisions"}],"predecessor-version":[{"id":2051,"href":"https:\/\/instituciones.gtm.sld.cu\/hgdan\/wp-json\/wp\/v2\/posts\/1479\/revisions\/2051"}],"wp:featuredmedia":[{"embeddable":true,"href":"https:\/\/instituciones.gtm.sld.cu\/hgdan\/wp-json\/wp\/v2\/media\/2050"}],"wp:attachment":[{"href":"https:\/\/instituciones.gtm.sld.cu\/hgdan\/wp-json\/wp\/v2\/media?parent=1479"}],"wp:term":[{"taxonomy":"category","embeddable":true,"href":"https:\/\/instituciones.gtm.sld.cu\/hgdan\/wp-json\/wp\/v2\/categories?post=1479"},{"taxonomy":"post_tag","embeddable":true,"href":"https:\/\/instituciones.gtm.sld.cu\/hgdan\/wp-json\/wp\/v2\/tags?post=1479"}],"curies":[{"name":"wp","href":"https:\/\/api.w.org\/{rel}","templated":true}]}}