{"id":1549,"date":"2019-03-28T13:51:05","date_gmt":"2019-03-28T17:51:05","guid":{"rendered":"http:\/\/instituciones.gtm.sld.cu\/hgdan\/?p=1549"},"modified":"2019-11-13T13:20:01","modified_gmt":"2019-11-13T18:20:01","slug":"conferencia-sobre-la-etica-medica-impartida-a-trabajadores-del-hospital-general-docente-dr-agostinho-neto","status":"publish","type":"post","link":"https:\/\/instituciones.gtm.sld.cu\/hgdan\/conferencia-sobre-la-etica-medica-impartida-a-trabajadores-del-hospital-general-docente-dr-agostinho-neto\/","title":{"rendered":"Conferencia sobre la \u00e9tica m\u00e9dica impartida a trabajadores del Hospital General Docente Dr. Agostinho Neto"},"content":{"rendered":"\n<p> <\/p>\n\n\n\n<div class=\"wp-block-image\"><figure class=\"aligncenter is-resized\"><img decoding=\"async\" loading=\"lazy\" src=\"http:\/\/instituciones.gtm.sld.cu\/hgdan\/wp-content\/uploads\/sites\/5\/2019\/03\/20190328_131050-1024x768.jpg\" alt=\"\" class=\"wp-image-1550\" width=\"496\" height=\"371\" \/><figcaption>Conferencia \u00e9tica m\u00e9dica<\/figcaption><\/figure><\/div>\n\n\n\n<p>Una adecuada comunicaci\u00f3n y un ambiente de c\u00e1lidas relaciones humanas entre personal de salud,pacientes y familiares, es la condici\u00f3n de \u00e9xito. Por lo antes dicho en estos momento se est\u00e1 impartiendo una conferencia en nuestro centro.<\/p>\n\n\n\n<p>Por parte del Doctor Ernesto D\u00edaz Trujillo y el\nDoctor Ernesto Rodr\u00edguez S\u00e1nchez acerca de la comunicaci\u00f3n en la pr\u00e1ctica m\u00e9dica\ny como dar malas noticias en el \u00e1mbito del contexto medico, todo esto como\ncomplemento de nuestro centro en aras de alcanzar un mayor grado de satisfacci\u00f3n\nde atenci\u00f3n a la poblaci\u00f3n de nuestra provincia ya que esto es el mayor\nindicador de calidad de asistencia m\u00e9dica prestada y para continuar fomentando\nla profesionalidad y aumentando el nivel de \u00e9tica m\u00e9dica del personal de\nnuestro prestigioso Hospital General Docente Dr. Antonio Agostinho Neto.<\/p>\n\n\n\n<p>En dicha actividad han sido convocados todo el\npersonal que brinda asistencia m\u00e9dica directa como Especialistas, Residentes y\npersonal de Enfermer\u00eda de las Vicedirecciones de Cl\u00ednico \u2013 Quir\u00fargica, Medios\nDiagn\u00f3sticos y Centro de Urgencias, Emergencias y Atenci\u00f3n al Grave, as\u00ed como\nla participaci\u00f3n diferenciada de nuestros docentes perteneciente a las\ndiferentes especialidades. Posteriormente se continuara con esta actividad al\nresto del personal de nuestro centro de acuerdo con planificaci\u00f3n por docencia.<\/p>\n\n\n\n<p>Fuente: Vice-Director Quir\u00fargico. Dr Yondris Reyes Dom\u00ednguez<\/p>\n","protected":false},"excerpt":{"rendered":"<p>Por parte del Doctor Ernesto D\u00edaz Trujillo y el Doctor Ernesto Rodr\u00edguez S\u00e1nchez acerca de la comunicaci\u00f3n en la pr\u00e1ctica m\u00e9dica y como dar malas noticias en el \u00e1mbito del contexto medico, todo esto como complemento de nuestro centro en aras de alcanzar un mayor grado de satisfacci\u00f3n de atenci\u00f3n a la poblaci\u00f3n de nuestra provincia<\/p><p><a class=\"more-link btn\" href=\"https:\/\/instituciones.gtm.sld.cu\/hgdan\/conferencia-sobre-la-etica-medica-impartida-a-trabajadores-del-hospital-general-docente-dr-agostinho-neto\/\">Seguir leyendo<\/a><\/p>\n","protected":false},"author":4,"featured_media":2106,"comment_status":"open","ping_status":"closed","sticky":false,"template":"","format":"standard","meta":{"ngg_post_thumbnail":0},"categories":[1],"tags":[],"yoast_head":"<!-- This site is optimized with the Yoast SEO plugin v21.8 - https:\/\/yoast.com\/wordpress\/plugins\/seo\/ -->\n<title>Conferencia sobre la \u00e9tica m\u00e9dica impartida a trabajadores del Hospital General Docente Dr. Agostinho Neto - Hospital General Docente \u201cDr. Agostinho Neto\u201d<\/title>\n<meta name=\"robots\" content=\"index, follow, max-snippet:-1, max-image-preview:large, max-video-preview:-1\" \/>\n<link rel=\"canonical\" href=\"https:\/\/instituciones.gtm.sld.cu\/hgdan\/conferencia-sobre-la-etica-medica-impartida-a-trabajadores-del-hospital-general-docente-dr-agostinho-neto\/\" \/>\n<meta property=\"og:locale\" content=\"es_ES\" \/>\n<meta property=\"og:type\" content=\"article\" \/>\n<meta property=\"og:title\" content=\"Conferencia sobre la \u00e9tica m\u00e9dica impartida a trabajadores del Hospital General Docente Dr. Agostinho Neto - Hospital General Docente \u201cDr. Agostinho Neto\u201d\" \/>\n<meta property=\"og:description\" content=\"Por parte del Doctor Ernesto D\u00edaz Trujillo y el Doctor Ernesto Rodr\u00edguez S\u00e1nchez acerca de la comunicaci\u00f3n en la pr\u00e1ctica m\u00e9dica y como dar malas noticias en el \u00e1mbito del contexto medico, todo esto como complemento de nuestro centro en aras de alcanzar un mayor grado de satisfacci\u00f3n de atenci\u00f3n a la poblaci\u00f3n de nuestra provincia\" \/>\n<meta property=\"og:url\" content=\"https:\/\/instituciones.gtm.sld.cu\/hgdan\/conferencia-sobre-la-etica-medica-impartida-a-trabajadores-del-hospital-general-docente-dr-agostinho-neto\/\" \/>\n<meta property=\"og:site_name\" content=\"Hospital General Docente \u201cDr. Agostinho Neto\u201d\" \/>\n<meta property=\"article:published_time\" content=\"2019-03-28T17:51:05+00:00\" \/>\n<meta property=\"article:modified_time\" content=\"2019-11-13T18:20:01+00:00\" \/>\n<meta property=\"og:image\" content=\"https:\/\/instituciones.gtm.sld.cu\/hgdan\/wp-content\/uploads\/sites\/33\/2019\/03\/etica-medica-icono.jpg\" \/>\n\t<meta property=\"og:image:width\" content=\"150\" \/>\n\t<meta property=\"og:image:height\" content=\"125\" \/>\n\t<meta property=\"og:image:type\" content=\"image\/jpeg\" \/>\n<meta name=\"twitter:card\" content=\"summary_large_image\" \/>\n<meta name=\"twitter:label1\" content=\"Escrito por\" \/>\n\t<meta name=\"twitter:data1\" content=\"\" \/>\n\t<meta name=\"twitter:label2\" content=\"Tiempo de lectura\" \/>\n\t<meta name=\"twitter:data2\" content=\"1 minuto\" \/>\n<script type=\"application\/ld+json\" class=\"yoast-schema-graph\">{\"@context\":\"https:\/\/schema.org\",\"@graph\":[{\"@type\":\"WebPage\",\"@id\":\"https:\/\/instituciones.gtm.sld.cu\/hgdan\/conferencia-sobre-la-etica-medica-impartida-a-trabajadores-del-hospital-general-docente-dr-agostinho-neto\/\",\"url\":\"https:\/\/instituciones.gtm.sld.cu\/hgdan\/conferencia-sobre-la-etica-medica-impartida-a-trabajadores-del-hospital-general-docente-dr-agostinho-neto\/\",\"name\":\"Conferencia sobre la \u00e9tica m\u00e9dica impartida a trabajadores del Hospital General Docente Dr. Agostinho Neto - Hospital General Docente \u201cDr. Agostinho Neto\u201d\",\"isPartOf\":{\"@id\":\"https:\/\/instituciones.gtm.sld.cu\/hgdan\/#website\"},\"datePublished\":\"2019-03-28T17:51:05+00:00\",\"dateModified\":\"2019-11-13T18:20:01+00:00\",\"author\":{\"@id\":\"\"},\"breadcrumb\":{\"@id\":\"https:\/\/instituciones.gtm.sld.cu\/hgdan\/conferencia-sobre-la-etica-medica-impartida-a-trabajadores-del-hospital-general-docente-dr-agostinho-neto\/#breadcrumb\"},\"inLanguage\":\"es\",\"potentialAction\":[{\"@type\":\"ReadAction\",\"target\":[\"https:\/\/instituciones.gtm.sld.cu\/hgdan\/conferencia-sobre-la-etica-medica-impartida-a-trabajadores-del-hospital-general-docente-dr-agostinho-neto\/\"]}]},{\"@type\":\"BreadcrumbList\",\"@id\":\"https:\/\/instituciones.gtm.sld.cu\/hgdan\/conferencia-sobre-la-etica-medica-impartida-a-trabajadores-del-hospital-general-docente-dr-agostinho-neto\/#breadcrumb\",\"itemListElement\":[{\"@type\":\"ListItem\",\"position\":1,\"name\":\"Portada\",\"item\":\"https:\/\/instituciones.gtm.sld.cu\/hgdan\/\"},{\"@type\":\"ListItem\",\"position\":2,\"name\":\"Conferencia sobre la \u00e9tica m\u00e9dica impartida a trabajadores del Hospital General Docente Dr. Agostinho Neto\"}]},{\"@type\":\"WebSite\",\"@id\":\"https:\/\/instituciones.gtm.sld.cu\/hgdan\/#website\",\"url\":\"https:\/\/instituciones.gtm.sld.cu\/hgdan\/\",\"name\":\"Hospital General Docente \u201cDr. Agostinho Neto\u201d\",\"description\":\"Hospital General Docente \u201cDr. Agostinho Neto\u201d\",\"potentialAction\":[{\"@type\":\"SearchAction\",\"target\":{\"@type\":\"EntryPoint\",\"urlTemplate\":\"https:\/\/instituciones.gtm.sld.cu\/hgdan\/?s={search_term_string}\"},\"query-input\":\"required name=search_term_string\"}],\"inLanguage\":\"es\"},{\"@type\":\"Person\",\"@id\":\"\",\"url\":\"https:\/\/instituciones.gtm.sld.cu\/hgdan\/author\/\"}]}<\/script>\n<!-- \/ Yoast SEO plugin. -->","yoast_head_json":{"title":"Conferencia sobre la \u00e9tica m\u00e9dica impartida a trabajadores del Hospital General Docente Dr. Agostinho Neto - Hospital General Docente \u201cDr. Agostinho Neto\u201d","robots":{"index":"index","follow":"follow","max-snippet":"max-snippet:-1","max-image-preview":"max-image-preview:large","max-video-preview":"max-video-preview:-1"},"canonical":"https:\/\/instituciones.gtm.sld.cu\/hgdan\/conferencia-sobre-la-etica-medica-impartida-a-trabajadores-del-hospital-general-docente-dr-agostinho-neto\/","og_locale":"es_ES","og_type":"article","og_title":"Conferencia sobre la \u00e9tica m\u00e9dica impartida a trabajadores del Hospital General Docente Dr. Agostinho Neto - Hospital General Docente \u201cDr. Agostinho Neto\u201d","og_description":"Por parte del Doctor Ernesto D\u00edaz Trujillo y el Doctor Ernesto Rodr\u00edguez S\u00e1nchez acerca de la comunicaci\u00f3n en la pr\u00e1ctica m\u00e9dica y como dar malas noticias en el \u00e1mbito del contexto medico, todo esto como complemento de nuestro centro en aras de alcanzar un mayor grado de satisfacci\u00f3n de atenci\u00f3n a la poblaci\u00f3n de nuestra provincia","og_url":"https:\/\/instituciones.gtm.sld.cu\/hgdan\/conferencia-sobre-la-etica-medica-impartida-a-trabajadores-del-hospital-general-docente-dr-agostinho-neto\/","og_site_name":"Hospital General Docente \u201cDr. Agostinho Neto\u201d","article_published_time":"2019-03-28T17:51:05+00:00","article_modified_time":"2019-11-13T18:20:01+00:00","og_image":[{"width":150,"height":125,"url":"https:\/\/instituciones.gtm.sld.cu\/hgdan\/wp-content\/uploads\/sites\/33\/2019\/03\/etica-medica-icono.jpg","type":"image\/jpeg"}],"twitter_card":"summary_large_image","twitter_misc":{"Escrito por":"","Tiempo de lectura":"1 minuto"},"schema":{"@context":"https:\/\/schema.org","@graph":[{"@type":"WebPage","@id":"https:\/\/instituciones.gtm.sld.cu\/hgdan\/conferencia-sobre-la-etica-medica-impartida-a-trabajadores-del-hospital-general-docente-dr-agostinho-neto\/","url":"https:\/\/instituciones.gtm.sld.cu\/hgdan\/conferencia-sobre-la-etica-medica-impartida-a-trabajadores-del-hospital-general-docente-dr-agostinho-neto\/","name":"Conferencia sobre la \u00e9tica m\u00e9dica impartida a trabajadores del Hospital General Docente Dr. Agostinho Neto - Hospital General Docente \u201cDr. Agostinho Neto\u201d","isPartOf":{"@id":"https:\/\/instituciones.gtm.sld.cu\/hgdan\/#website"},"datePublished":"2019-03-28T17:51:05+00:00","dateModified":"2019-11-13T18:20:01+00:00","author":{"@id":""},"breadcrumb":{"@id":"https:\/\/instituciones.gtm.sld.cu\/hgdan\/conferencia-sobre-la-etica-medica-impartida-a-trabajadores-del-hospital-general-docente-dr-agostinho-neto\/#breadcrumb"},"inLanguage":"es","potentialAction":[{"@type":"ReadAction","target":["https:\/\/instituciones.gtm.sld.cu\/hgdan\/conferencia-sobre-la-etica-medica-impartida-a-trabajadores-del-hospital-general-docente-dr-agostinho-neto\/"]}]},{"@type":"BreadcrumbList","@id":"https:\/\/instituciones.gtm.sld.cu\/hgdan\/conferencia-sobre-la-etica-medica-impartida-a-trabajadores-del-hospital-general-docente-dr-agostinho-neto\/#breadcrumb","itemListElement":[{"@type":"ListItem","position":1,"name":"Portada","item":"https:\/\/instituciones.gtm.sld.cu\/hgdan\/"},{"@type":"ListItem","position":2,"name":"Conferencia sobre la \u00e9tica m\u00e9dica impartida a trabajadores del Hospital General Docente Dr. Agostinho Neto"}]},{"@type":"WebSite","@id":"https:\/\/instituciones.gtm.sld.cu\/hgdan\/#website","url":"https:\/\/instituciones.gtm.sld.cu\/hgdan\/","name":"Hospital General Docente \u201cDr. Agostinho Neto\u201d","description":"Hospital General Docente \u201cDr. Agostinho Neto\u201d","potentialAction":[{"@type":"SearchAction","target":{"@type":"EntryPoint","urlTemplate":"https:\/\/instituciones.gtm.sld.cu\/hgdan\/?s={search_term_string}"},"query-input":"required name=search_term_string"}],"inLanguage":"es"},{"@type":"Person","@id":"","url":"https:\/\/instituciones.gtm.sld.cu\/hgdan\/author\/"}]}},"jetpack_featured_media_url":"https:\/\/instituciones.gtm.sld.cu\/hgdan\/wp-content\/uploads\/sites\/33\/2019\/03\/etica-medica-icono.jpg","_links":{"self":[{"href":"https:\/\/instituciones.gtm.sld.cu\/hgdan\/wp-json\/wp\/v2\/posts\/1549"}],"collection":[{"href":"https:\/\/instituciones.gtm.sld.cu\/hgdan\/wp-json\/wp\/v2\/posts"}],"about":[{"href":"https:\/\/instituciones.gtm.sld.cu\/hgdan\/wp-json\/wp\/v2\/types\/post"}],"author":[{"embeddable":true,"href":"https:\/\/instituciones.gtm.sld.cu\/hgdan\/wp-json\/wp\/v2\/users\/4"}],"replies":[{"embeddable":true,"href":"https:\/\/instituciones.gtm.sld.cu\/hgdan\/wp-json\/wp\/v2\/comments?post=1549"}],"version-history":[{"count":2,"href":"https:\/\/instituciones.gtm.sld.cu\/hgdan\/wp-json\/wp\/v2\/posts\/1549\/revisions"}],"predecessor-version":[{"id":2107,"href":"https:\/\/instituciones.gtm.sld.cu\/hgdan\/wp-json\/wp\/v2\/posts\/1549\/revisions\/2107"}],"wp:featuredmedia":[{"embeddable":true,"href":"https:\/\/instituciones.gtm.sld.cu\/hgdan\/wp-json\/wp\/v2\/media\/2106"}],"wp:attachment":[{"href":"https:\/\/instituciones.gtm.sld.cu\/hgdan\/wp-json\/wp\/v2\/media?parent=1549"}],"wp:term":[{"taxonomy":"category","embeddable":true,"href":"https:\/\/instituciones.gtm.sld.cu\/hgdan\/wp-json\/wp\/v2\/categories?post=1549"},{"taxonomy":"post_tag","embeddable":true,"href":"https:\/\/instituciones.gtm.sld.cu\/hgdan\/wp-json\/wp\/v2\/tags?post=1549"}],"curies":[{"name":"wp","href":"https:\/\/api.w.org\/{rel}","templated":true}]}}