{"id":1712,"date":"2019-04-16T14:11:51","date_gmt":"2019-04-16T18:11:51","guid":{"rendered":"http:\/\/instituciones.gtm.sld.cu\/hgdan\/?p=1712"},"modified":"2019-11-29T13:53:45","modified_gmt":"2019-11-29T18:53:45","slug":"se-inauguro-la-unidad-de-cuidados-agudos-geriatricos","status":"publish","type":"post","link":"https:\/\/instituciones.gtm.sld.cu\/hgdan\/se-inauguro-la-unidad-de-cuidados-agudos-geriatricos\/","title":{"rendered":"Se inaugur\u00f3 la unidad de cuidados agudos geri\u00e1tricos"},"content":{"rendered":"\n<div class=\"wp-block-image\"><figure class=\"aligncenter\"><img decoding=\"async\" loading=\"lazy\" width=\"1024\" height=\"768\" src=\"http:\/\/instituciones.gtm.sld.cu\/hgdan\/wp-content\/uploads\/sites\/5\/2019\/04\/20190404_145409-1024x768.jpg\" alt=\"\" class=\"wp-image-1715\" \/><\/figure><\/div>\n\n\n\n<p>Se inaugur\u00f3 la unidad de cuidados agudos geri\u00e1tricos ubicada en la <strong>SALA 5TO E<\/strong> del Hospital General Docente Dr. Antonio  Agostinho Neto. Con la presencia de Donna Ba\u00f1os Guerra, Vicepresidenta del \u00d3rgano del Consejo de la Administraci\u00f3n en la provincia y el Consejo de Direcci\u00f3n del hospital.<\/p>\n\n\n\n<p>Con el objetivo de elevar la calidad de  la atenci\u00f3n m\u00e9dica al paciente geri\u00e1trico, lo que contribuye a  incrementar la satisfacci\u00f3n de pacientes y familiares. Adem\u00e1s de disminuir la mortalidad en este grupo de pacientes. El cub\u00edculo cuenta con equipos de cardiomonitoreo, desfibrilaci\u00f3n, oxigeno port\u00e1til as\u00ed  como los medios para el manejo de la v\u00eda a\u00e9rea, adem\u00e1s medicamentos, personal m\u00e9dico y de enfermer\u00eda entrenados en la&nbsp;atenci\u00f3n a pacientes  graves.<\/p>\n\n\n\n<p>Fuente: Dr. Enrique Cantillo.<\/p>\n\n\n\n<figure class=\"wp-block-image\"><img decoding=\"async\" loading=\"lazy\" width=\"1024\" height=\"660\" src=\"http:\/\/instituciones.gtm.sld.cu\/hgdan\/wp-content\/uploads\/sites\/5\/2019\/04\/20190404_152319-1024x660.jpg\" alt=\"\" class=\"wp-image-1721\" srcset=\"https:\/\/instituciones.gtm.sld.cu\/hgdan\/wp-content\/uploads\/sites\/33\/2019\/04\/20190404_152319-1024x660.jpg 1024w, https:\/\/instituciones.gtm.sld.cu\/hgdan\/wp-content\/uploads\/sites\/33\/2019\/04\/20190404_152319-300x193.jpg 300w, https:\/\/instituciones.gtm.sld.cu\/hgdan\/wp-content\/uploads\/sites\/33\/2019\/04\/20190404_152319-768x495.jpg 768w\" sizes=\"(max-width: 1024px) 100vw, 1024px\" \/><figcaption>Foto1-Inauguraci\u00f3n unidad de cuidados agudos geri\u00e1tricos<\/figcaption><\/figure>\n\n\n\n<figure class=\"wp-block-image\"><img decoding=\"async\" loading=\"lazy\" width=\"1024\" height=\"768\" src=\"http:\/\/instituciones.gtm.sld.cu\/hgdan\/wp-content\/uploads\/sites\/5\/2019\/04\/20190404_152303-1024x768.jpg\" alt=\"\" class=\"wp-image-1720\" srcset=\"https:\/\/instituciones.gtm.sld.cu\/hgdan\/wp-content\/uploads\/sites\/33\/2019\/04\/20190404_152303-1024x768.jpg 1024w, https:\/\/instituciones.gtm.sld.cu\/hgdan\/wp-content\/uploads\/sites\/33\/2019\/04\/20190404_152303-300x225.jpg 300w, https:\/\/instituciones.gtm.sld.cu\/hgdan\/wp-content\/uploads\/sites\/33\/2019\/04\/20190404_152303-768x576.jpg 768w\" sizes=\"(max-width: 1024px) 100vw, 1024px\" \/><figcaption>Foto2-Inauguraci\u00f3n unidad de cuidados agudos geri\u00e1tricos<\/figcaption><\/figure>\n\n\n\n<figure class=\"wp-block-image\"><img decoding=\"async\" loading=\"lazy\" width=\"1024\" height=\"768\" src=\"http:\/\/instituciones.gtm.sld.cu\/hgdan\/wp-content\/uploads\/sites\/5\/2019\/04\/20190404_152256-1024x768.jpg\" alt=\"\" class=\"wp-image-1719\" srcset=\"https:\/\/instituciones.gtm.sld.cu\/hgdan\/wp-content\/uploads\/sites\/33\/2019\/04\/20190404_152256-1024x768.jpg 1024w, https:\/\/instituciones.gtm.sld.cu\/hgdan\/wp-content\/uploads\/sites\/33\/2019\/04\/20190404_152256-300x225.jpg 300w, https:\/\/instituciones.gtm.sld.cu\/hgdan\/wp-content\/uploads\/sites\/33\/2019\/04\/20190404_152256-768x576.jpg 768w\" sizes=\"(max-width: 1024px) 100vw, 1024px\" \/><figcaption>Foto3-Inauguraci\u00f3n unidad de cuidados agudos geri\u00e1tricos<\/figcaption><\/figure>\n\n\n\n<figure class=\"wp-block-image\"><img decoding=\"async\" loading=\"lazy\" width=\"1024\" height=\"768\" src=\"http:\/\/instituciones.gtm.sld.cu\/hgdan\/wp-content\/uploads\/sites\/5\/2019\/04\/20190404_152039-1024x768.jpg\" alt=\"\" class=\"wp-image-1718\" srcset=\"https:\/\/instituciones.gtm.sld.cu\/hgdan\/wp-content\/uploads\/sites\/33\/2019\/04\/20190404_152039-1024x768.jpg 1024w, https:\/\/instituciones.gtm.sld.cu\/hgdan\/wp-content\/uploads\/sites\/33\/2019\/04\/20190404_152039-300x225.jpg 300w, https:\/\/instituciones.gtm.sld.cu\/hgdan\/wp-content\/uploads\/sites\/33\/2019\/04\/20190404_152039-768x576.jpg 768w\" sizes=\"(max-width: 1024px) 100vw, 1024px\" \/><figcaption>Foto4-Inauguraci\u00f3n unidad de cuidados agudos geri\u00e1tricos<\/figcaption><\/figure>\n\n\n\n<figure class=\"wp-block-image\"><img decoding=\"async\" loading=\"lazy\" width=\"1024\" height=\"768\" src=\"http:\/\/instituciones.gtm.sld.cu\/hgdan\/wp-content\/uploads\/sites\/5\/2019\/04\/20190404_151953-1024x768.jpg\" alt=\"\" class=\"wp-image-1717\" srcset=\"https:\/\/instituciones.gtm.sld.cu\/hgdan\/wp-content\/uploads\/sites\/33\/2019\/04\/20190404_151953-1024x768.jpg 1024w, https:\/\/instituciones.gtm.sld.cu\/hgdan\/wp-content\/uploads\/sites\/33\/2019\/04\/20190404_151953-300x225.jpg 300w, https:\/\/instituciones.gtm.sld.cu\/hgdan\/wp-content\/uploads\/sites\/33\/2019\/04\/20190404_151953-768x576.jpg 768w\" sizes=\"(max-width: 1024px) 100vw, 1024px\" \/><figcaption>Foto5-Inauguraci\u00f3n unidad de cuidados agudos geri\u00e1tricos<\/figcaption><\/figure>\n\n\n\n<figure class=\"wp-block-image\"><img decoding=\"async\" loading=\"lazy\" width=\"1024\" height=\"768\" src=\"http:\/\/instituciones.gtm.sld.cu\/hgdan\/wp-content\/uploads\/sites\/5\/2019\/04\/20190404_151903-1024x768.jpg\" alt=\"\" class=\"wp-image-1716\" srcset=\"https:\/\/instituciones.gtm.sld.cu\/hgdan\/wp-content\/uploads\/sites\/33\/2019\/04\/20190404_151903-1024x768.jpg 1024w, https:\/\/instituciones.gtm.sld.cu\/hgdan\/wp-content\/uploads\/sites\/33\/2019\/04\/20190404_151903-300x225.jpg 300w, https:\/\/instituciones.gtm.sld.cu\/hgdan\/wp-content\/uploads\/sites\/33\/2019\/04\/20190404_151903-768x576.jpg 768w\" sizes=\"(max-width: 1024px) 100vw, 1024px\" \/><figcaption>Foto6-Inauguraci\u00f3n unidad de cuidados agudos geri\u00e1tricos<\/figcaption><\/figure>\n","protected":false},"excerpt":{"rendered":"<p>Se inaugur\u00f3 la unidad de cuidados agudos geri\u00e1tricos ubicada en la SALA 5TO E del Hospital General Docente Dr. Antonio  Agostinho Neto. Con la presencia de Donna Ba\u00f1os Guerra, Vicepresidenta del \u00d3rgano del Consejo de la Administraci\u00f3n en la provincia y el Consejo de Direcci\u00f3n del hospital.<\/p><p><a class=\"more-link btn\" href=\"https:\/\/instituciones.gtm.sld.cu\/hgdan\/se-inauguro-la-unidad-de-cuidados-agudos-geriatricos\/\">Seguir leyendo<\/a><\/p>\n","protected":false},"author":4,"featured_media":2059,"comment_status":"open","ping_status":"closed","sticky":false,"template":"","format":"standard","meta":{"ngg_post_thumbnail":0},"categories":[2],"tags":[],"yoast_head":"<!-- This site is optimized with the Yoast SEO plugin v21.8 - https:\/\/yoast.com\/wordpress\/plugins\/seo\/ -->\n<title>Se inaugur\u00f3 la unidad de cuidados agudos geri\u00e1tricos - Hospital General Docente \u201cDr. Agostinho Neto\u201d<\/title>\n<meta name=\"robots\" content=\"index, follow, max-snippet:-1, max-image-preview:large, max-video-preview:-1\" \/>\n<link rel=\"canonical\" href=\"https:\/\/instituciones.gtm.sld.cu\/hgdan\/se-inauguro-la-unidad-de-cuidados-agudos-geriatricos\/\" \/>\n<meta property=\"og:locale\" content=\"es_ES\" \/>\n<meta property=\"og:type\" content=\"article\" \/>\n<meta property=\"og:title\" content=\"Se inaugur\u00f3 la unidad de cuidados agudos geri\u00e1tricos - Hospital General Docente \u201cDr. Agostinho Neto\u201d\" \/>\n<meta property=\"og:description\" content=\"Se inaugur\u00f3 la unidad de cuidados agudos geri\u00e1tricos ubicada en la SALA 5TO E del Hospital General Docente Dr. Antonio Agostinho Neto. Con la presencia de Donna Ba\u00f1os Guerra, Vicepresidenta del \u00d3rgano del Consejo de la Administraci\u00f3n en la provincia y el Consejo de Direcci\u00f3n del hospital.\" \/>\n<meta property=\"og:url\" content=\"https:\/\/instituciones.gtm.sld.cu\/hgdan\/se-inauguro-la-unidad-de-cuidados-agudos-geriatricos\/\" \/>\n<meta property=\"og:site_name\" content=\"Hospital General Docente \u201cDr. Agostinho Neto\u201d\" \/>\n<meta property=\"article:published_time\" content=\"2019-04-16T18:11:51+00:00\" \/>\n<meta property=\"article:modified_time\" content=\"2019-11-29T18:53:45+00:00\" \/>\n<meta property=\"og:image\" content=\"https:\/\/instituciones.gtm.sld.cu\/hgdan\/wp-content\/uploads\/sites\/33\/2019\/01\/lesion-icono.jpg\" \/>\n\t<meta property=\"og:image:width\" content=\"150\" \/>\n\t<meta property=\"og:image:height\" content=\"125\" \/>\n\t<meta property=\"og:image:type\" content=\"image\/jpeg\" \/>\n<meta name=\"twitter:card\" content=\"summary_large_image\" \/>\n<meta name=\"twitter:label1\" content=\"Escrito por\" \/>\n\t<meta name=\"twitter:data1\" content=\"\" \/>\n\t<meta name=\"twitter:label2\" content=\"Tiempo de lectura\" \/>\n\t<meta name=\"twitter:data2\" content=\"1 minuto\" \/>\n<script type=\"application\/ld+json\" class=\"yoast-schema-graph\">{\"@context\":\"https:\/\/schema.org\",\"@graph\":[{\"@type\":\"WebPage\",\"@id\":\"https:\/\/instituciones.gtm.sld.cu\/hgdan\/se-inauguro-la-unidad-de-cuidados-agudos-geriatricos\/\",\"url\":\"https:\/\/instituciones.gtm.sld.cu\/hgdan\/se-inauguro-la-unidad-de-cuidados-agudos-geriatricos\/\",\"name\":\"Se inaugur\u00f3 la unidad de cuidados agudos geri\u00e1tricos - Hospital General Docente \u201cDr. Agostinho Neto\u201d\",\"isPartOf\":{\"@id\":\"https:\/\/instituciones.gtm.sld.cu\/hgdan\/#website\"},\"datePublished\":\"2019-04-16T18:11:51+00:00\",\"dateModified\":\"2019-11-29T18:53:45+00:00\",\"author\":{\"@id\":\"\"},\"breadcrumb\":{\"@id\":\"https:\/\/instituciones.gtm.sld.cu\/hgdan\/se-inauguro-la-unidad-de-cuidados-agudos-geriatricos\/#breadcrumb\"},\"inLanguage\":\"es\",\"potentialAction\":[{\"@type\":\"ReadAction\",\"target\":[\"https:\/\/instituciones.gtm.sld.cu\/hgdan\/se-inauguro-la-unidad-de-cuidados-agudos-geriatricos\/\"]}]},{\"@type\":\"BreadcrumbList\",\"@id\":\"https:\/\/instituciones.gtm.sld.cu\/hgdan\/se-inauguro-la-unidad-de-cuidados-agudos-geriatricos\/#breadcrumb\",\"itemListElement\":[{\"@type\":\"ListItem\",\"position\":1,\"name\":\"Portada\",\"item\":\"https:\/\/instituciones.gtm.sld.cu\/hgdan\/\"},{\"@type\":\"ListItem\",\"position\":2,\"name\":\"Se inaugur\u00f3 la unidad de cuidados agudos geri\u00e1tricos\"}]},{\"@type\":\"WebSite\",\"@id\":\"https:\/\/instituciones.gtm.sld.cu\/hgdan\/#website\",\"url\":\"https:\/\/instituciones.gtm.sld.cu\/hgdan\/\",\"name\":\"Hospital General Docente \u201cDr. Agostinho Neto\u201d\",\"description\":\"Hospital General Docente \u201cDr. Agostinho Neto\u201d\",\"potentialAction\":[{\"@type\":\"SearchAction\",\"target\":{\"@type\":\"EntryPoint\",\"urlTemplate\":\"https:\/\/instituciones.gtm.sld.cu\/hgdan\/?s={search_term_string}\"},\"query-input\":\"required name=search_term_string\"}],\"inLanguage\":\"es\"},{\"@type\":\"Person\",\"@id\":\"\",\"url\":\"https:\/\/instituciones.gtm.sld.cu\/hgdan\/author\/\"}]}<\/script>\n<!-- \/ Yoast SEO plugin. -->","yoast_head_json":{"title":"Se inaugur\u00f3 la unidad de cuidados agudos geri\u00e1tricos - Hospital General Docente \u201cDr. Agostinho Neto\u201d","robots":{"index":"index","follow":"follow","max-snippet":"max-snippet:-1","max-image-preview":"max-image-preview:large","max-video-preview":"max-video-preview:-1"},"canonical":"https:\/\/instituciones.gtm.sld.cu\/hgdan\/se-inauguro-la-unidad-de-cuidados-agudos-geriatricos\/","og_locale":"es_ES","og_type":"article","og_title":"Se inaugur\u00f3 la unidad de cuidados agudos geri\u00e1tricos - Hospital General Docente \u201cDr. Agostinho Neto\u201d","og_description":"Se inaugur\u00f3 la unidad de cuidados agudos geri\u00e1tricos ubicada en la SALA 5TO E del Hospital General Docente Dr. Antonio Agostinho Neto. Con la presencia de Donna Ba\u00f1os Guerra, Vicepresidenta del \u00d3rgano del Consejo de la Administraci\u00f3n en la provincia y el Consejo de Direcci\u00f3n del hospital.","og_url":"https:\/\/instituciones.gtm.sld.cu\/hgdan\/se-inauguro-la-unidad-de-cuidados-agudos-geriatricos\/","og_site_name":"Hospital General Docente \u201cDr. Agostinho Neto\u201d","article_published_time":"2019-04-16T18:11:51+00:00","article_modified_time":"2019-11-29T18:53:45+00:00","og_image":[{"width":150,"height":125,"url":"https:\/\/instituciones.gtm.sld.cu\/hgdan\/wp-content\/uploads\/sites\/33\/2019\/01\/lesion-icono.jpg","type":"image\/jpeg"}],"twitter_card":"summary_large_image","twitter_misc":{"Escrito por":"","Tiempo de lectura":"1 minuto"},"schema":{"@context":"https:\/\/schema.org","@graph":[{"@type":"WebPage","@id":"https:\/\/instituciones.gtm.sld.cu\/hgdan\/se-inauguro-la-unidad-de-cuidados-agudos-geriatricos\/","url":"https:\/\/instituciones.gtm.sld.cu\/hgdan\/se-inauguro-la-unidad-de-cuidados-agudos-geriatricos\/","name":"Se inaugur\u00f3 la unidad de cuidados agudos geri\u00e1tricos - Hospital General Docente \u201cDr. Agostinho Neto\u201d","isPartOf":{"@id":"https:\/\/instituciones.gtm.sld.cu\/hgdan\/#website"},"datePublished":"2019-04-16T18:11:51+00:00","dateModified":"2019-11-29T18:53:45+00:00","author":{"@id":""},"breadcrumb":{"@id":"https:\/\/instituciones.gtm.sld.cu\/hgdan\/se-inauguro-la-unidad-de-cuidados-agudos-geriatricos\/#breadcrumb"},"inLanguage":"es","potentialAction":[{"@type":"ReadAction","target":["https:\/\/instituciones.gtm.sld.cu\/hgdan\/se-inauguro-la-unidad-de-cuidados-agudos-geriatricos\/"]}]},{"@type":"BreadcrumbList","@id":"https:\/\/instituciones.gtm.sld.cu\/hgdan\/se-inauguro-la-unidad-de-cuidados-agudos-geriatricos\/#breadcrumb","itemListElement":[{"@type":"ListItem","position":1,"name":"Portada","item":"https:\/\/instituciones.gtm.sld.cu\/hgdan\/"},{"@type":"ListItem","position":2,"name":"Se inaugur\u00f3 la unidad de cuidados agudos geri\u00e1tricos"}]},{"@type":"WebSite","@id":"https:\/\/instituciones.gtm.sld.cu\/hgdan\/#website","url":"https:\/\/instituciones.gtm.sld.cu\/hgdan\/","name":"Hospital General Docente \u201cDr. Agostinho Neto\u201d","description":"Hospital General Docente \u201cDr. Agostinho Neto\u201d","potentialAction":[{"@type":"SearchAction","target":{"@type":"EntryPoint","urlTemplate":"https:\/\/instituciones.gtm.sld.cu\/hgdan\/?s={search_term_string}"},"query-input":"required name=search_term_string"}],"inLanguage":"es"},{"@type":"Person","@id":"","url":"https:\/\/instituciones.gtm.sld.cu\/hgdan\/author\/"}]}},"jetpack_featured_media_url":"https:\/\/instituciones.gtm.sld.cu\/hgdan\/wp-content\/uploads\/sites\/33\/2019\/01\/lesion-icono.jpg","_links":{"self":[{"href":"https:\/\/instituciones.gtm.sld.cu\/hgdan\/wp-json\/wp\/v2\/posts\/1712"}],"collection":[{"href":"https:\/\/instituciones.gtm.sld.cu\/hgdan\/wp-json\/wp\/v2\/posts"}],"about":[{"href":"https:\/\/instituciones.gtm.sld.cu\/hgdan\/wp-json\/wp\/v2\/types\/post"}],"author":[{"embeddable":true,"href":"https:\/\/instituciones.gtm.sld.cu\/hgdan\/wp-json\/wp\/v2\/users\/4"}],"replies":[{"embeddable":true,"href":"https:\/\/instituciones.gtm.sld.cu\/hgdan\/wp-json\/wp\/v2\/comments?post=1712"}],"version-history":[{"count":2,"href":"https:\/\/instituciones.gtm.sld.cu\/hgdan\/wp-json\/wp\/v2\/posts\/1712\/revisions"}],"predecessor-version":[{"id":2079,"href":"https:\/\/instituciones.gtm.sld.cu\/hgdan\/wp-json\/wp\/v2\/posts\/1712\/revisions\/2079"}],"wp:featuredmedia":[{"embeddable":true,"href":"https:\/\/instituciones.gtm.sld.cu\/hgdan\/wp-json\/wp\/v2\/media\/2059"}],"wp:attachment":[{"href":"https:\/\/instituciones.gtm.sld.cu\/hgdan\/wp-json\/wp\/v2\/media?parent=1712"}],"wp:term":[{"taxonomy":"category","embeddable":true,"href":"https:\/\/instituciones.gtm.sld.cu\/hgdan\/wp-json\/wp\/v2\/categories?post=1712"},{"taxonomy":"post_tag","embeddable":true,"href":"https:\/\/instituciones.gtm.sld.cu\/hgdan\/wp-json\/wp\/v2\/tags?post=1712"}],"curies":[{"name":"wp","href":"https:\/\/api.w.org\/{rel}","templated":true}]}}