{"id":1753,"date":"2019-04-16T16:28:36","date_gmt":"2019-04-16T20:28:36","guid":{"rendered":"http:\/\/instituciones.gtm.sld.cu\/hgdan\/?p=1753"},"modified":"2019-04-16T16:51:25","modified_gmt":"2019-04-16T20:51:25","slug":"se-desarrollo-en-el-hospital-general-dr-agostinho-neto-vii-simposio-agostinho-neto-vida-y-obra","status":"publish","type":"post","link":"https:\/\/instituciones.gtm.sld.cu\/hgdan\/se-desarrollo-en-el-hospital-general-dr-agostinho-neto-vii-simposio-agostinho-neto-vida-y-obra\/","title":{"rendered":"Se otorga por primera vez el S\u00edmbolo de la instituci\u00f3n en VII Simposio Agostinho Neto"},"content":{"rendered":"\n<div class=\"wp-block-image\"><figure class=\"alignleft is-resized\"><img decoding=\"async\" loading=\"lazy\" src=\"http:\/\/instituciones.gtm.sld.cu\/hgdan\/wp-content\/uploads\/sites\/5\/2019\/04\/20190412_092141.jpg\" alt=\"\" width=\"150\" height=\"154\" \/><figcaption>VII Simposio Agostinho Neto<\/figcaption><\/figure><\/div>\n\n\n\n<p>Se otorga por primera vez el S\u00edmbolo  de la instituci\u00f3n que consiste en  la figura tallada en madera preciosa de El pensador, s\u00edmbolo de la  Rep\u00fablica Popular de Angola, el Cem\u00ed, s\u00edmbolo de la provincia Guant\u00e1namo  y en la base en madera la imagen del territorio guantanamero.<\/p>\n\n\n\n<!--more-->\n\n\n\n<p>En el  desarrollo del evento, la Dr.C Zulema Matos Columbi\u00e9, don\u00f3 un ejemplar  de las Obras Completas de Agostinho Neto, para el uso de estudiantes y  trabajadores.  Referido a la interrelaci\u00f3n entre la Universidad  M\u00e9dica y la  Universidad de Guant\u00e1namo Ra\u00fal G\u00f3mez Garc\u00eda, se celebr\u00f3 en la  instituci\u00f3n insigne de la salud p\u00fablica guantanamera. VII Simposio Agostinho Neto , vida y obra.<\/p>\n\n\n\n<ul class=\"wp-block-gallery columns-3 is-cropped wp-block-gallery-1 is-layout-flex\"><li class=\"blocks-gallery-item\"><figure><img decoding=\"async\" loading=\"lazy\" width=\"973\" height=\"1024\" src=\"http:\/\/instituciones.gtm.sld.cu\/hgdan\/wp-content\/uploads\/sites\/5\/2019\/04\/20190412_092009-973x1024.jpg\" alt=\"VII Simposio Agostinho Neto\" data-id=\"1757\" data-link=\"http:\/\/instituciones.gtm.sld.cu\/hgdan\/20190412_092009\/\" class=\"wp-image-1757\" srcset=\"https:\/\/instituciones.gtm.sld.cu\/hgdan\/wp-content\/uploads\/sites\/33\/2019\/04\/20190412_092009-973x1024.jpg 973w, https:\/\/instituciones.gtm.sld.cu\/hgdan\/wp-content\/uploads\/sites\/33\/2019\/04\/20190412_092009-285x300.jpg 285w, https:\/\/instituciones.gtm.sld.cu\/hgdan\/wp-content\/uploads\/sites\/33\/2019\/04\/20190412_092009-768x808.jpg 768w\" sizes=\"(max-width: 973px) 100vw, 973px\" \/><figcaption>VII Simposio Agostinho Neto<\/figcaption><\/figure><\/li><li class=\"blocks-gallery-item\"><figure><img decoding=\"async\" loading=\"lazy\" width=\"768\" height=\"1024\" src=\"http:\/\/instituciones.gtm.sld.cu\/hgdan\/wp-content\/uploads\/sites\/5\/2019\/04\/20190412_091819-768x1024.jpg\" alt=\"VII Simposio Agostinho Neto\" data-id=\"1756\" data-link=\"http:\/\/instituciones.gtm.sld.cu\/hgdan\/20190412_091819\/\" class=\"wp-image-1756\" srcset=\"https:\/\/instituciones.gtm.sld.cu\/hgdan\/wp-content\/uploads\/sites\/33\/2019\/04\/20190412_091819-768x1024.jpg 768w, https:\/\/instituciones.gtm.sld.cu\/hgdan\/wp-content\/uploads\/sites\/33\/2019\/04\/20190412_091819-225x300.jpg 225w\" sizes=\"(max-width: 768px) 100vw, 768px\" \/><figcaption>VII Simposio Agostinho Neto<\/figcaption><\/figure><\/li><li class=\"blocks-gallery-item\"><figure><img decoding=\"async\" loading=\"lazy\" width=\"768\" height=\"1024\" src=\"http:\/\/instituciones.gtm.sld.cu\/hgdan\/wp-content\/uploads\/sites\/5\/2019\/04\/20190412_091303-768x1024.jpg\" alt=\"VII Simposio Agostinho Neto\" data-id=\"1755\" data-link=\"http:\/\/instituciones.gtm.sld.cu\/hgdan\/20190412_091303\/\" class=\"wp-image-1755\" srcset=\"https:\/\/instituciones.gtm.sld.cu\/hgdan\/wp-content\/uploads\/sites\/33\/2019\/04\/20190412_091303-768x1024.jpg 768w, https:\/\/instituciones.gtm.sld.cu\/hgdan\/wp-content\/uploads\/sites\/33\/2019\/04\/20190412_091303-225x300.jpg 225w\" sizes=\"(max-width: 768px) 100vw, 768px\" \/><figcaption>VII Simposio Agostinho Neto<\/figcaption><\/figure><\/li><\/ul>\n","protected":false},"excerpt":{"rendered":"<p>Se otorga por primera vez el S\u00edmbolo de la instituci\u00f3n que consiste en la figura tallada en madera preciosa de El pensador, s\u00edmbolo de la Rep\u00fablica Popular de Angola, el Cem\u00ed, s\u00edmbolo de la provincia Guant\u00e1namo y en la base en madera la imagen del territorio guantanamero.<\/p><p><a class=\"more-link btn\" href=\"https:\/\/instituciones.gtm.sld.cu\/hgdan\/se-desarrollo-en-el-hospital-general-dr-agostinho-neto-vii-simposio-agostinho-neto-vida-y-obra\/\">Seguir leyendo<\/a><\/p>\n","protected":false},"author":4,"featured_media":0,"comment_status":"open","ping_status":"closed","sticky":false,"template":"","format":"standard","meta":{"ngg_post_thumbnail":0},"categories":[1],"tags":[],"yoast_head":"<!-- This site is optimized with the Yoast SEO plugin v21.8 - https:\/\/yoast.com\/wordpress\/plugins\/seo\/ -->\n<title>Se otorga por primera vez el S\u00edmbolo de la instituci\u00f3n en VII Simposio Agostinho Neto - Hospital General Docente \u201cDr. Agostinho Neto\u201d<\/title>\n<meta name=\"robots\" content=\"index, follow, max-snippet:-1, max-image-preview:large, max-video-preview:-1\" \/>\n<link rel=\"canonical\" href=\"https:\/\/instituciones.gtm.sld.cu\/hgdan\/se-desarrollo-en-el-hospital-general-dr-agostinho-neto-vii-simposio-agostinho-neto-vida-y-obra\/\" \/>\n<meta property=\"og:locale\" content=\"es_ES\" \/>\n<meta property=\"og:type\" content=\"article\" \/>\n<meta property=\"og:title\" content=\"Se otorga por primera vez el S\u00edmbolo de la instituci\u00f3n en VII Simposio Agostinho Neto - Hospital General Docente \u201cDr. Agostinho Neto\u201d\" \/>\n<meta property=\"og:description\" content=\"Se otorga por primera vez el S\u00edmbolo de la instituci\u00f3n que consiste en la figura tallada en madera preciosa de El pensador, s\u00edmbolo de la Rep\u00fablica Popular de Angola, el Cem\u00ed, s\u00edmbolo de la provincia Guant\u00e1namo y en la base en madera la imagen del territorio guantanamero.\" \/>\n<meta property=\"og:url\" content=\"https:\/\/instituciones.gtm.sld.cu\/hgdan\/se-desarrollo-en-el-hospital-general-dr-agostinho-neto-vii-simposio-agostinho-neto-vida-y-obra\/\" \/>\n<meta property=\"og:site_name\" content=\"Hospital General Docente \u201cDr. Agostinho Neto\u201d\" \/>\n<meta property=\"article:published_time\" content=\"2019-04-16T20:28:36+00:00\" \/>\n<meta property=\"article:modified_time\" content=\"2019-04-16T20:51:25+00:00\" \/>\n<meta property=\"og:image\" content=\"http:\/\/instituciones.gtm.sld.cu\/hgdan\/wp-content\/uploads\/sites\/5\/2019\/04\/20190412_092141.jpg\" \/>\n<meta name=\"twitter:card\" content=\"summary_large_image\" \/>\n<meta name=\"twitter:label1\" content=\"Escrito por\" \/>\n\t<meta name=\"twitter:data1\" content=\"\" \/>\n\t<meta name=\"twitter:label2\" content=\"Tiempo de lectura\" \/>\n\t<meta name=\"twitter:data2\" content=\"1 minuto\" \/>\n<script type=\"application\/ld+json\" class=\"yoast-schema-graph\">{\"@context\":\"https:\/\/schema.org\",\"@graph\":[{\"@type\":\"WebPage\",\"@id\":\"https:\/\/instituciones.gtm.sld.cu\/hgdan\/se-desarrollo-en-el-hospital-general-dr-agostinho-neto-vii-simposio-agostinho-neto-vida-y-obra\/\",\"url\":\"https:\/\/instituciones.gtm.sld.cu\/hgdan\/se-desarrollo-en-el-hospital-general-dr-agostinho-neto-vii-simposio-agostinho-neto-vida-y-obra\/\",\"name\":\"Se otorga por primera vez el S\u00edmbolo de la instituci\u00f3n en VII Simposio Agostinho Neto - Hospital General Docente \u201cDr. Agostinho Neto\u201d\",\"isPartOf\":{\"@id\":\"https:\/\/instituciones.gtm.sld.cu\/hgdan\/#website\"},\"datePublished\":\"2019-04-16T20:28:36+00:00\",\"dateModified\":\"2019-04-16T20:51:25+00:00\",\"author\":{\"@id\":\"\"},\"breadcrumb\":{\"@id\":\"https:\/\/instituciones.gtm.sld.cu\/hgdan\/se-desarrollo-en-el-hospital-general-dr-agostinho-neto-vii-simposio-agostinho-neto-vida-y-obra\/#breadcrumb\"},\"inLanguage\":\"es\",\"potentialAction\":[{\"@type\":\"ReadAction\",\"target\":[\"https:\/\/instituciones.gtm.sld.cu\/hgdan\/se-desarrollo-en-el-hospital-general-dr-agostinho-neto-vii-simposio-agostinho-neto-vida-y-obra\/\"]}]},{\"@type\":\"BreadcrumbList\",\"@id\":\"https:\/\/instituciones.gtm.sld.cu\/hgdan\/se-desarrollo-en-el-hospital-general-dr-agostinho-neto-vii-simposio-agostinho-neto-vida-y-obra\/#breadcrumb\",\"itemListElement\":[{\"@type\":\"ListItem\",\"position\":1,\"name\":\"Portada\",\"item\":\"https:\/\/instituciones.gtm.sld.cu\/hgdan\/\"},{\"@type\":\"ListItem\",\"position\":2,\"name\":\"Se otorga por primera vez el S\u00edmbolo de la instituci\u00f3n en VII Simposio Agostinho Neto\"}]},{\"@type\":\"WebSite\",\"@id\":\"https:\/\/instituciones.gtm.sld.cu\/hgdan\/#website\",\"url\":\"https:\/\/instituciones.gtm.sld.cu\/hgdan\/\",\"name\":\"Hospital General Docente \u201cDr. Agostinho Neto\u201d\",\"description\":\"Hospital General Docente \u201cDr. Agostinho Neto\u201d\",\"potentialAction\":[{\"@type\":\"SearchAction\",\"target\":{\"@type\":\"EntryPoint\",\"urlTemplate\":\"https:\/\/instituciones.gtm.sld.cu\/hgdan\/?s={search_term_string}\"},\"query-input\":\"required name=search_term_string\"}],\"inLanguage\":\"es\"},{\"@type\":\"Person\",\"@id\":\"\",\"url\":\"https:\/\/instituciones.gtm.sld.cu\/hgdan\/author\/\"}]}<\/script>\n<!-- \/ Yoast SEO plugin. -->","yoast_head_json":{"title":"Se otorga por primera vez el S\u00edmbolo de la instituci\u00f3n en VII Simposio Agostinho Neto - Hospital General Docente \u201cDr. Agostinho Neto\u201d","robots":{"index":"index","follow":"follow","max-snippet":"max-snippet:-1","max-image-preview":"max-image-preview:large","max-video-preview":"max-video-preview:-1"},"canonical":"https:\/\/instituciones.gtm.sld.cu\/hgdan\/se-desarrollo-en-el-hospital-general-dr-agostinho-neto-vii-simposio-agostinho-neto-vida-y-obra\/","og_locale":"es_ES","og_type":"article","og_title":"Se otorga por primera vez el S\u00edmbolo de la instituci\u00f3n en VII Simposio Agostinho Neto - Hospital General Docente \u201cDr. Agostinho Neto\u201d","og_description":"Se otorga por primera vez el S\u00edmbolo de la instituci\u00f3n que consiste en la figura tallada en madera preciosa de El pensador, s\u00edmbolo de la Rep\u00fablica Popular de Angola, el Cem\u00ed, s\u00edmbolo de la provincia Guant\u00e1namo y en la base en madera la imagen del territorio guantanamero.","og_url":"https:\/\/instituciones.gtm.sld.cu\/hgdan\/se-desarrollo-en-el-hospital-general-dr-agostinho-neto-vii-simposio-agostinho-neto-vida-y-obra\/","og_site_name":"Hospital General Docente \u201cDr. Agostinho Neto\u201d","article_published_time":"2019-04-16T20:28:36+00:00","article_modified_time":"2019-04-16T20:51:25+00:00","og_image":[{"url":"http:\/\/instituciones.gtm.sld.cu\/hgdan\/wp-content\/uploads\/sites\/5\/2019\/04\/20190412_092141.jpg"}],"twitter_card":"summary_large_image","twitter_misc":{"Escrito por":"","Tiempo de lectura":"1 minuto"},"schema":{"@context":"https:\/\/schema.org","@graph":[{"@type":"WebPage","@id":"https:\/\/instituciones.gtm.sld.cu\/hgdan\/se-desarrollo-en-el-hospital-general-dr-agostinho-neto-vii-simposio-agostinho-neto-vida-y-obra\/","url":"https:\/\/instituciones.gtm.sld.cu\/hgdan\/se-desarrollo-en-el-hospital-general-dr-agostinho-neto-vii-simposio-agostinho-neto-vida-y-obra\/","name":"Se otorga por primera vez el S\u00edmbolo de la instituci\u00f3n en VII Simposio Agostinho Neto - Hospital General Docente \u201cDr. Agostinho Neto\u201d","isPartOf":{"@id":"https:\/\/instituciones.gtm.sld.cu\/hgdan\/#website"},"datePublished":"2019-04-16T20:28:36+00:00","dateModified":"2019-04-16T20:51:25+00:00","author":{"@id":""},"breadcrumb":{"@id":"https:\/\/instituciones.gtm.sld.cu\/hgdan\/se-desarrollo-en-el-hospital-general-dr-agostinho-neto-vii-simposio-agostinho-neto-vida-y-obra\/#breadcrumb"},"inLanguage":"es","potentialAction":[{"@type":"ReadAction","target":["https:\/\/instituciones.gtm.sld.cu\/hgdan\/se-desarrollo-en-el-hospital-general-dr-agostinho-neto-vii-simposio-agostinho-neto-vida-y-obra\/"]}]},{"@type":"BreadcrumbList","@id":"https:\/\/instituciones.gtm.sld.cu\/hgdan\/se-desarrollo-en-el-hospital-general-dr-agostinho-neto-vii-simposio-agostinho-neto-vida-y-obra\/#breadcrumb","itemListElement":[{"@type":"ListItem","position":1,"name":"Portada","item":"https:\/\/instituciones.gtm.sld.cu\/hgdan\/"},{"@type":"ListItem","position":2,"name":"Se otorga por primera vez el S\u00edmbolo de la instituci\u00f3n en VII Simposio Agostinho Neto"}]},{"@type":"WebSite","@id":"https:\/\/instituciones.gtm.sld.cu\/hgdan\/#website","url":"https:\/\/instituciones.gtm.sld.cu\/hgdan\/","name":"Hospital General Docente \u201cDr. Agostinho Neto\u201d","description":"Hospital General Docente \u201cDr. Agostinho Neto\u201d","potentialAction":[{"@type":"SearchAction","target":{"@type":"EntryPoint","urlTemplate":"https:\/\/instituciones.gtm.sld.cu\/hgdan\/?s={search_term_string}"},"query-input":"required name=search_term_string"}],"inLanguage":"es"},{"@type":"Person","@id":"","url":"https:\/\/instituciones.gtm.sld.cu\/hgdan\/author\/"}]}},"jetpack_featured_media_url":"","_links":{"self":[{"href":"https:\/\/instituciones.gtm.sld.cu\/hgdan\/wp-json\/wp\/v2\/posts\/1753"}],"collection":[{"href":"https:\/\/instituciones.gtm.sld.cu\/hgdan\/wp-json\/wp\/v2\/posts"}],"about":[{"href":"https:\/\/instituciones.gtm.sld.cu\/hgdan\/wp-json\/wp\/v2\/types\/post"}],"author":[{"embeddable":true,"href":"https:\/\/instituciones.gtm.sld.cu\/hgdan\/wp-json\/wp\/v2\/users\/4"}],"replies":[{"embeddable":true,"href":"https:\/\/instituciones.gtm.sld.cu\/hgdan\/wp-json\/wp\/v2\/comments?post=1753"}],"version-history":[{"count":0,"href":"https:\/\/instituciones.gtm.sld.cu\/hgdan\/wp-json\/wp\/v2\/posts\/1753\/revisions"}],"wp:attachment":[{"href":"https:\/\/instituciones.gtm.sld.cu\/hgdan\/wp-json\/wp\/v2\/media?parent=1753"}],"wp:term":[{"taxonomy":"category","embeddable":true,"href":"https:\/\/instituciones.gtm.sld.cu\/hgdan\/wp-json\/wp\/v2\/categories?post=1753"},{"taxonomy":"post_tag","embeddable":true,"href":"https:\/\/instituciones.gtm.sld.cu\/hgdan\/wp-json\/wp\/v2\/tags?post=1753"}],"curies":[{"name":"wp","href":"https:\/\/api.w.org\/{rel}","templated":true}]}}