{"id":1766,"date":"2019-04-16T16:44:29","date_gmt":"2019-04-16T20:44:29","guid":{"rendered":"http:\/\/instituciones.gtm.sld.cu\/hgdan\/?p=1766"},"modified":"2019-11-29T13:53:31","modified_gmt":"2019-11-29T18:53:31","slug":"desarrollado-en-nuestro-centrovii-simposio-agostinho-neto-vida-y-obra","status":"publish","type":"post","link":"https:\/\/instituciones.gtm.sld.cu\/hgdan\/desarrollado-en-nuestro-centrovii-simposio-agostinho-neto-vida-y-obra\/","title":{"rendered":"Desarrollado en nuestro centro,VII Simposio Agostinho Neto vida y obra"},"content":{"rendered":"\n<figure class=\"wp-block-image\"><img decoding=\"async\" loading=\"lazy\" width=\"504\" height=\"308\" src=\"http:\/\/instituciones.gtm.sld.cu\/hgdan\/wp-content\/uploads\/sites\/5\/2019\/03\/logo-neto.png\" alt=\"\" class=\"wp-image-1514\" srcset=\"https:\/\/instituciones.gtm.sld.cu\/hgdan\/wp-content\/uploads\/sites\/33\/2019\/03\/logo-neto.png 504w, https:\/\/instituciones.gtm.sld.cu\/hgdan\/wp-content\/uploads\/sites\/33\/2019\/03\/logo-neto-300x183.png 300w\" sizes=\"(max-width: 504px) 100vw, 504px\" \/><\/figure>\n\n\n\n<p>El VII Simposio Agostinho Neto, vida y obra fue auspiciado por prestigiosas instituciones y organizaciones  provinciales, donde se analizaron los principales resultados cient\u00edficos-tecnol\u00f3gicos e innovadores alcanzados en este a\u00f1o. <\/p>\n\n\n\n<p>Convirti\u00e9ndose en un espacio de reflexi\u00f3n profunda, comprometido y  orientado a la discusi\u00f3n de variados temas vinculados a nuestras  principales l\u00edneas de investigaciones, banco de problema institucional y  a los problemas de salud del territorio, donde los participantes intercambiaron sus experiencias.<\/p>\n\n\n\n<p>Con la realizaci\u00f3n de 36 cursos pre evento, relacionados con las enfermedades cr\u00f3nicas no transmisibles y 91 trabajos cient\u00edficos desarrollados en 3 salones.<\/p>\n\n\n\n<ol><li>Investigaciones en Sistemas y Servicios.<\/li><li>Formaci\u00f3n de Recursos Humanos y Educaci\u00f3n M\u00e9dica Superior.<\/li><li>Innovaci\u00f3n tecnol\u00f3gica y generalizaci\u00f3n.<\/li><\/ol>\n","protected":false},"excerpt":{"rendered":"<p>El VII Simposio Agostinho Neto, vida y obra fue auspiciado por prestigiosas instituciones y organizaciones provinciales, donde se analizaron los principales resultados cient\u00edficos-tecnol\u00f3gicos e innovadores alcanzados en este a\u00f1o. Convirti\u00e9ndose en un espacio de reflexi\u00f3n profunda, comprometido y orientado a la discusi\u00f3n de variados temas vinculados a nuestras principales l\u00edneas de investigaciones, banco de problema &hellip; <\/p>\n<p><a class=\"more-link btn\" href=\"https:\/\/instituciones.gtm.sld.cu\/hgdan\/desarrollado-en-nuestro-centrovii-simposio-agostinho-neto-vida-y-obra\/\">Seguir leyendo<\/a><\/p>\n","protected":false},"author":4,"featured_media":2075,"comment_status":"open","ping_status":"closed","sticky":false,"template":"","format":"standard","meta":{"ngg_post_thumbnail":0},"categories":[9,2],"tags":[],"yoast_head":"<!-- This site is optimized with the Yoast SEO plugin v21.8 - https:\/\/yoast.com\/wordpress\/plugins\/seo\/ -->\n<title>Desarrollado en nuestro centro,VII Simposio Agostinho Neto vida y obra - Hospital General Docente \u201cDr. Agostinho Neto\u201d<\/title>\n<meta name=\"robots\" content=\"index, follow, max-snippet:-1, max-image-preview:large, max-video-preview:-1\" \/>\n<link rel=\"canonical\" href=\"https:\/\/instituciones.gtm.sld.cu\/hgdan\/desarrollado-en-nuestro-centrovii-simposio-agostinho-neto-vida-y-obra\/\" \/>\n<meta property=\"og:locale\" content=\"es_ES\" \/>\n<meta property=\"og:type\" content=\"article\" \/>\n<meta property=\"og:title\" content=\"Desarrollado en nuestro centro,VII Simposio Agostinho Neto vida y obra - Hospital General Docente \u201cDr. Agostinho Neto\u201d\" \/>\n<meta property=\"og:description\" content=\"El VII Simposio Agostinho Neto, vida y obra fue auspiciado por prestigiosas instituciones y organizaciones provinciales, donde se analizaron los principales resultados cient\u00edficos-tecnol\u00f3gicos e innovadores alcanzados en este a\u00f1o. Convirti\u00e9ndose en un espacio de reflexi\u00f3n profunda, comprometido y orientado a la discusi\u00f3n de variados temas vinculados a nuestras principales l\u00edneas de investigaciones, banco de problema &hellip; Seguir leyendo\" \/>\n<meta property=\"og:url\" content=\"https:\/\/instituciones.gtm.sld.cu\/hgdan\/desarrollado-en-nuestro-centrovii-simposio-agostinho-neto-vida-y-obra\/\" \/>\n<meta property=\"og:site_name\" content=\"Hospital General Docente \u201cDr. Agostinho Neto\u201d\" \/>\n<meta property=\"article:published_time\" content=\"2019-04-16T20:44:29+00:00\" \/>\n<meta property=\"article:modified_time\" content=\"2019-11-29T18:53:31+00:00\" \/>\n<meta property=\"og:image\" content=\"https:\/\/instituciones.gtm.sld.cu\/hgdan\/wp-content\/uploads\/sites\/33\/2019\/03\/simposio-neto-logo.png\" \/>\n\t<meta property=\"og:image:width\" content=\"150\" \/>\n\t<meta property=\"og:image:height\" content=\"125\" \/>\n\t<meta property=\"og:image:type\" content=\"image\/png\" \/>\n<meta name=\"twitter:card\" content=\"summary_large_image\" \/>\n<meta name=\"twitter:label1\" content=\"Escrito por\" \/>\n\t<meta name=\"twitter:data1\" content=\"\" \/>\n\t<meta name=\"twitter:label2\" content=\"Tiempo de lectura\" \/>\n\t<meta name=\"twitter:data2\" content=\"1 minuto\" \/>\n<script type=\"application\/ld+json\" class=\"yoast-schema-graph\">{\"@context\":\"https:\/\/schema.org\",\"@graph\":[{\"@type\":\"WebPage\",\"@id\":\"https:\/\/instituciones.gtm.sld.cu\/hgdan\/desarrollado-en-nuestro-centrovii-simposio-agostinho-neto-vida-y-obra\/\",\"url\":\"https:\/\/instituciones.gtm.sld.cu\/hgdan\/desarrollado-en-nuestro-centrovii-simposio-agostinho-neto-vida-y-obra\/\",\"name\":\"Desarrollado en nuestro centro,VII Simposio Agostinho Neto vida y obra - Hospital General Docente \u201cDr. Agostinho Neto\u201d\",\"isPartOf\":{\"@id\":\"https:\/\/instituciones.gtm.sld.cu\/hgdan\/#website\"},\"datePublished\":\"2019-04-16T20:44:29+00:00\",\"dateModified\":\"2019-11-29T18:53:31+00:00\",\"author\":{\"@id\":\"\"},\"breadcrumb\":{\"@id\":\"https:\/\/instituciones.gtm.sld.cu\/hgdan\/desarrollado-en-nuestro-centrovii-simposio-agostinho-neto-vida-y-obra\/#breadcrumb\"},\"inLanguage\":\"es\",\"potentialAction\":[{\"@type\":\"ReadAction\",\"target\":[\"https:\/\/instituciones.gtm.sld.cu\/hgdan\/desarrollado-en-nuestro-centrovii-simposio-agostinho-neto-vida-y-obra\/\"]}]},{\"@type\":\"BreadcrumbList\",\"@id\":\"https:\/\/instituciones.gtm.sld.cu\/hgdan\/desarrollado-en-nuestro-centrovii-simposio-agostinho-neto-vida-y-obra\/#breadcrumb\",\"itemListElement\":[{\"@type\":\"ListItem\",\"position\":1,\"name\":\"Portada\",\"item\":\"https:\/\/instituciones.gtm.sld.cu\/hgdan\/\"},{\"@type\":\"ListItem\",\"position\":2,\"name\":\"Desarrollado en nuestro centro,VII Simposio Agostinho Neto vida y obra\"}]},{\"@type\":\"WebSite\",\"@id\":\"https:\/\/instituciones.gtm.sld.cu\/hgdan\/#website\",\"url\":\"https:\/\/instituciones.gtm.sld.cu\/hgdan\/\",\"name\":\"Hospital General Docente \u201cDr. Agostinho Neto\u201d\",\"description\":\"Hospital General Docente \u201cDr. Agostinho Neto\u201d\",\"potentialAction\":[{\"@type\":\"SearchAction\",\"target\":{\"@type\":\"EntryPoint\",\"urlTemplate\":\"https:\/\/instituciones.gtm.sld.cu\/hgdan\/?s={search_term_string}\"},\"query-input\":\"required name=search_term_string\"}],\"inLanguage\":\"es\"},{\"@type\":\"Person\",\"@id\":\"\",\"url\":\"https:\/\/instituciones.gtm.sld.cu\/hgdan\/author\/\"}]}<\/script>\n<!-- \/ Yoast SEO plugin. -->","yoast_head_json":{"title":"Desarrollado en nuestro centro,VII Simposio Agostinho Neto vida y obra - Hospital General Docente \u201cDr. Agostinho Neto\u201d","robots":{"index":"index","follow":"follow","max-snippet":"max-snippet:-1","max-image-preview":"max-image-preview:large","max-video-preview":"max-video-preview:-1"},"canonical":"https:\/\/instituciones.gtm.sld.cu\/hgdan\/desarrollado-en-nuestro-centrovii-simposio-agostinho-neto-vida-y-obra\/","og_locale":"es_ES","og_type":"article","og_title":"Desarrollado en nuestro centro,VII Simposio Agostinho Neto vida y obra - Hospital General Docente \u201cDr. Agostinho Neto\u201d","og_description":"El VII Simposio Agostinho Neto, vida y obra fue auspiciado por prestigiosas instituciones y organizaciones provinciales, donde se analizaron los principales resultados cient\u00edficos-tecnol\u00f3gicos e innovadores alcanzados en este a\u00f1o. Convirti\u00e9ndose en un espacio de reflexi\u00f3n profunda, comprometido y orientado a la discusi\u00f3n de variados temas vinculados a nuestras principales l\u00edneas de investigaciones, banco de problema &hellip; Seguir leyendo","og_url":"https:\/\/instituciones.gtm.sld.cu\/hgdan\/desarrollado-en-nuestro-centrovii-simposio-agostinho-neto-vida-y-obra\/","og_site_name":"Hospital General Docente \u201cDr. Agostinho Neto\u201d","article_published_time":"2019-04-16T20:44:29+00:00","article_modified_time":"2019-11-29T18:53:31+00:00","og_image":[{"width":150,"height":125,"url":"https:\/\/instituciones.gtm.sld.cu\/hgdan\/wp-content\/uploads\/sites\/33\/2019\/03\/simposio-neto-logo.png","type":"image\/png"}],"twitter_card":"summary_large_image","twitter_misc":{"Escrito por":"","Tiempo de lectura":"1 minuto"},"schema":{"@context":"https:\/\/schema.org","@graph":[{"@type":"WebPage","@id":"https:\/\/instituciones.gtm.sld.cu\/hgdan\/desarrollado-en-nuestro-centrovii-simposio-agostinho-neto-vida-y-obra\/","url":"https:\/\/instituciones.gtm.sld.cu\/hgdan\/desarrollado-en-nuestro-centrovii-simposio-agostinho-neto-vida-y-obra\/","name":"Desarrollado en nuestro centro,VII Simposio Agostinho Neto vida y obra - Hospital General Docente \u201cDr. Agostinho Neto\u201d","isPartOf":{"@id":"https:\/\/instituciones.gtm.sld.cu\/hgdan\/#website"},"datePublished":"2019-04-16T20:44:29+00:00","dateModified":"2019-11-29T18:53:31+00:00","author":{"@id":""},"breadcrumb":{"@id":"https:\/\/instituciones.gtm.sld.cu\/hgdan\/desarrollado-en-nuestro-centrovii-simposio-agostinho-neto-vida-y-obra\/#breadcrumb"},"inLanguage":"es","potentialAction":[{"@type":"ReadAction","target":["https:\/\/instituciones.gtm.sld.cu\/hgdan\/desarrollado-en-nuestro-centrovii-simposio-agostinho-neto-vida-y-obra\/"]}]},{"@type":"BreadcrumbList","@id":"https:\/\/instituciones.gtm.sld.cu\/hgdan\/desarrollado-en-nuestro-centrovii-simposio-agostinho-neto-vida-y-obra\/#breadcrumb","itemListElement":[{"@type":"ListItem","position":1,"name":"Portada","item":"https:\/\/instituciones.gtm.sld.cu\/hgdan\/"},{"@type":"ListItem","position":2,"name":"Desarrollado en nuestro centro,VII Simposio Agostinho Neto vida y obra"}]},{"@type":"WebSite","@id":"https:\/\/instituciones.gtm.sld.cu\/hgdan\/#website","url":"https:\/\/instituciones.gtm.sld.cu\/hgdan\/","name":"Hospital General Docente \u201cDr. Agostinho Neto\u201d","description":"Hospital General Docente \u201cDr. Agostinho Neto\u201d","potentialAction":[{"@type":"SearchAction","target":{"@type":"EntryPoint","urlTemplate":"https:\/\/instituciones.gtm.sld.cu\/hgdan\/?s={search_term_string}"},"query-input":"required name=search_term_string"}],"inLanguage":"es"},{"@type":"Person","@id":"","url":"https:\/\/instituciones.gtm.sld.cu\/hgdan\/author\/"}]}},"jetpack_featured_media_url":"https:\/\/instituciones.gtm.sld.cu\/hgdan\/wp-content\/uploads\/sites\/33\/2019\/03\/simposio-neto-logo.png","_links":{"self":[{"href":"https:\/\/instituciones.gtm.sld.cu\/hgdan\/wp-json\/wp\/v2\/posts\/1766"}],"collection":[{"href":"https:\/\/instituciones.gtm.sld.cu\/hgdan\/wp-json\/wp\/v2\/posts"}],"about":[{"href":"https:\/\/instituciones.gtm.sld.cu\/hgdan\/wp-json\/wp\/v2\/types\/post"}],"author":[{"embeddable":true,"href":"https:\/\/instituciones.gtm.sld.cu\/hgdan\/wp-json\/wp\/v2\/users\/4"}],"replies":[{"embeddable":true,"href":"https:\/\/instituciones.gtm.sld.cu\/hgdan\/wp-json\/wp\/v2\/comments?post=1766"}],"version-history":[{"count":4,"href":"https:\/\/instituciones.gtm.sld.cu\/hgdan\/wp-json\/wp\/v2\/posts\/1766\/revisions"}],"predecessor-version":[{"id":2081,"href":"https:\/\/instituciones.gtm.sld.cu\/hgdan\/wp-json\/wp\/v2\/posts\/1766\/revisions\/2081"}],"wp:featuredmedia":[{"embeddable":true,"href":"https:\/\/instituciones.gtm.sld.cu\/hgdan\/wp-json\/wp\/v2\/media\/2075"}],"wp:attachment":[{"href":"https:\/\/instituciones.gtm.sld.cu\/hgdan\/wp-json\/wp\/v2\/media?parent=1766"}],"wp:term":[{"taxonomy":"category","embeddable":true,"href":"https:\/\/instituciones.gtm.sld.cu\/hgdan\/wp-json\/wp\/v2\/categories?post=1766"},{"taxonomy":"post_tag","embeddable":true,"href":"https:\/\/instituciones.gtm.sld.cu\/hgdan\/wp-json\/wp\/v2\/tags?post=1766"}],"curies":[{"name":"wp","href":"https:\/\/api.w.org\/{rel}","templated":true}]}}