{"id":1784,"date":"2019-05-04T10:50:03","date_gmt":"2019-05-04T14:50:03","guid":{"rendered":"http:\/\/instituciones.gtm.sld.cu\/hgdan\/?p=1784"},"modified":"2019-11-29T13:53:16","modified_gmt":"2019-11-29T18:53:16","slug":"i-simposio-de-diagnostico-seguimiento-y-tratamiento-del-paciente-con-its-vih-sida","status":"publish","type":"post","link":"https:\/\/instituciones.gtm.sld.cu\/hgdan\/i-simposio-de-diagnostico-seguimiento-y-tratamiento-del-paciente-con-its-vih-sida\/","title":{"rendered":"I SIMPOSIO DE DIAGN\u00d3STICO SEGUIMIENTO Y TRATAMIENTO DEL PACIENTE CON ITS\/ VIH\/SIDA"},"content":{"rendered":"\n<div class=\"wp-block-image\"><figure class=\"aligncenter\"><img decoding=\"async\" loading=\"lazy\" width=\"270\" height=\"220\" src=\"http:\/\/instituciones.gtm.sld.cu\/hgdan\/wp-content\/uploads\/sites\/5\/2019\/05\/2019medisid.jpg\" alt=\"\" class=\"wp-image-1785\" \/><\/figure><\/div>\n\n\n\n<p>El Cap\u00edtulo de la Sociedad Cient\u00edfica de Medicina Interna Guant\u00e1namo, El Programa de Prevenci\u00f3n y Control de las ITS\/VIH\/Sida y el proyecto MEDISID tienen el placer de anunciar la convocatoria para la realizaci\u00f3n del I Simposio de diagn\u00f3stico seguimiento y tratamiento del paciente con ITS\/ VIH\/Sida. Con sede en Guant\u00e1namo a celebrarse los d\u00edas 23 y 24 de mayo del 2019 en la plaza&nbsp; Mariana Grajales Coello ubicada en el municipio Guant\u00e1namo.<\/p>\n\n\n\n<ul><li><strong>Fecha de apertura para env\u00edo y recepci\u00f3n de trabajos: 15 abril del 2019.<\/strong><\/li><li><strong>Fecha de cierre de admisi\u00f3n de trabajos: 10 de Mayo del 2019.<\/strong><\/li><li><strong>NUEVO PERIODO DE RECEPCI\u00d3N DE CUOTAS DE INSCRIPCI\u00d3N HASTA EL 18 DE MAYO DE 2019<\/strong><\/li><\/ul>\n\n\n\n<p>El Comit\u00e9 Organizador y el Comit\u00e9 Cient\u00edfico del evento, invitan a todas las personas e instituciones interesadas, en participar en este importante evento. Hacemos un llamado especial a hombres y mujeres relacionados con las Ciencias M\u00e9dicas y Human\u00edsticas.<\/p>\n","protected":false},"excerpt":{"rendered":"<p>El Cap\u00edtulo de la Sociedad Cient\u00edfica de Medicina Interna Guant\u00e1namo, El Programa de Prevenci\u00f3n y Control de las ITS\/VIH\/Sida y el proyecto MEDISID tienen el placer de anunciar la convocatoria para la realizaci\u00f3n del I Simposio de diagn\u00f3stico seguimiento y tratamiento del paciente con ITS\/ VIH\/Sida. <\/p><p><a class=\"more-link btn\" href=\"https:\/\/instituciones.gtm.sld.cu\/hgdan\/i-simposio-de-diagnostico-seguimiento-y-tratamiento-del-paciente-con-its-vih-sida\/\">Seguir leyendo<\/a><\/p>\n","protected":false},"author":4,"featured_media":2103,"comment_status":"open","ping_status":"closed","sticky":false,"template":"","format":"standard","meta":{"ngg_post_thumbnail":0},"categories":[9],"tags":[],"yoast_head":"<!-- This site is optimized with the Yoast SEO plugin v21.8 - https:\/\/yoast.com\/wordpress\/plugins\/seo\/ -->\n<title>I SIMPOSIO DE DIAGN\u00d3STICO SEGUIMIENTO Y TRATAMIENTO DEL PACIENTE CON ITS\/ VIH\/SIDA - Hospital General Docente \u201cDr. Agostinho Neto\u201d<\/title>\n<meta name=\"robots\" content=\"index, follow, max-snippet:-1, max-image-preview:large, max-video-preview:-1\" \/>\n<link rel=\"canonical\" href=\"https:\/\/instituciones.gtm.sld.cu\/hgdan\/i-simposio-de-diagnostico-seguimiento-y-tratamiento-del-paciente-con-its-vih-sida\/\" \/>\n<meta property=\"og:locale\" content=\"es_ES\" \/>\n<meta property=\"og:type\" content=\"article\" \/>\n<meta property=\"og:title\" content=\"I SIMPOSIO DE DIAGN\u00d3STICO SEGUIMIENTO Y TRATAMIENTO DEL PACIENTE CON ITS\/ VIH\/SIDA - Hospital General Docente \u201cDr. Agostinho Neto\u201d\" \/>\n<meta property=\"og:description\" content=\"El Cap\u00edtulo de la Sociedad Cient\u00edfica de Medicina Interna Guant\u00e1namo, El Programa de Prevenci\u00f3n y Control de las ITS\/VIH\/Sida y el proyecto MEDISID tienen el placer de anunciar la convocatoria para la realizaci\u00f3n del I Simposio de diagn\u00f3stico seguimiento y tratamiento del paciente con ITS\/ VIH\/Sida.\" \/>\n<meta property=\"og:url\" content=\"https:\/\/instituciones.gtm.sld.cu\/hgdan\/i-simposio-de-diagnostico-seguimiento-y-tratamiento-del-paciente-con-its-vih-sida\/\" \/>\n<meta property=\"og:site_name\" content=\"Hospital General Docente \u201cDr. Agostinho Neto\u201d\" \/>\n<meta property=\"article:published_time\" content=\"2019-05-04T14:50:03+00:00\" \/>\n<meta property=\"article:modified_time\" content=\"2019-11-29T18:53:16+00:00\" \/>\n<meta property=\"og:image\" content=\"https:\/\/instituciones.gtm.sld.cu\/hgdan\/wp-content\/uploads\/sites\/33\/2019\/05\/evento-medisid-2019.jpg\" \/>\n\t<meta property=\"og:image:width\" content=\"150\" \/>\n\t<meta property=\"og:image:height\" content=\"125\" \/>\n\t<meta property=\"og:image:type\" content=\"image\/jpeg\" \/>\n<meta name=\"twitter:card\" content=\"summary_large_image\" \/>\n<meta name=\"twitter:label1\" content=\"Escrito por\" \/>\n\t<meta name=\"twitter:data1\" content=\"\" \/>\n\t<meta name=\"twitter:label2\" content=\"Tiempo de lectura\" \/>\n\t<meta name=\"twitter:data2\" content=\"1 minuto\" \/>\n<script type=\"application\/ld+json\" class=\"yoast-schema-graph\">{\"@context\":\"https:\/\/schema.org\",\"@graph\":[{\"@type\":\"WebPage\",\"@id\":\"https:\/\/instituciones.gtm.sld.cu\/hgdan\/i-simposio-de-diagnostico-seguimiento-y-tratamiento-del-paciente-con-its-vih-sida\/\",\"url\":\"https:\/\/instituciones.gtm.sld.cu\/hgdan\/i-simposio-de-diagnostico-seguimiento-y-tratamiento-del-paciente-con-its-vih-sida\/\",\"name\":\"I SIMPOSIO DE DIAGN\u00d3STICO SEGUIMIENTO Y TRATAMIENTO DEL PACIENTE CON ITS\/ VIH\/SIDA - Hospital General Docente \u201cDr. Agostinho Neto\u201d\",\"isPartOf\":{\"@id\":\"https:\/\/instituciones.gtm.sld.cu\/hgdan\/#website\"},\"datePublished\":\"2019-05-04T14:50:03+00:00\",\"dateModified\":\"2019-11-29T18:53:16+00:00\",\"author\":{\"@id\":\"\"},\"breadcrumb\":{\"@id\":\"https:\/\/instituciones.gtm.sld.cu\/hgdan\/i-simposio-de-diagnostico-seguimiento-y-tratamiento-del-paciente-con-its-vih-sida\/#breadcrumb\"},\"inLanguage\":\"es\",\"potentialAction\":[{\"@type\":\"ReadAction\",\"target\":[\"https:\/\/instituciones.gtm.sld.cu\/hgdan\/i-simposio-de-diagnostico-seguimiento-y-tratamiento-del-paciente-con-its-vih-sida\/\"]}]},{\"@type\":\"BreadcrumbList\",\"@id\":\"https:\/\/instituciones.gtm.sld.cu\/hgdan\/i-simposio-de-diagnostico-seguimiento-y-tratamiento-del-paciente-con-its-vih-sida\/#breadcrumb\",\"itemListElement\":[{\"@type\":\"ListItem\",\"position\":1,\"name\":\"Portada\",\"item\":\"https:\/\/instituciones.gtm.sld.cu\/hgdan\/\"},{\"@type\":\"ListItem\",\"position\":2,\"name\":\"I SIMPOSIO DE DIAGN\u00d3STICO SEGUIMIENTO Y TRATAMIENTO DEL PACIENTE CON ITS\/ VIH\/SIDA\"}]},{\"@type\":\"WebSite\",\"@id\":\"https:\/\/instituciones.gtm.sld.cu\/hgdan\/#website\",\"url\":\"https:\/\/instituciones.gtm.sld.cu\/hgdan\/\",\"name\":\"Hospital General Docente \u201cDr. Agostinho Neto\u201d\",\"description\":\"Hospital General Docente \u201cDr. Agostinho Neto\u201d\",\"potentialAction\":[{\"@type\":\"SearchAction\",\"target\":{\"@type\":\"EntryPoint\",\"urlTemplate\":\"https:\/\/instituciones.gtm.sld.cu\/hgdan\/?s={search_term_string}\"},\"query-input\":\"required name=search_term_string\"}],\"inLanguage\":\"es\"},{\"@type\":\"Person\",\"@id\":\"\",\"url\":\"https:\/\/instituciones.gtm.sld.cu\/hgdan\/author\/\"}]}<\/script>\n<!-- \/ Yoast SEO plugin. -->","yoast_head_json":{"title":"I SIMPOSIO DE DIAGN\u00d3STICO SEGUIMIENTO Y TRATAMIENTO DEL PACIENTE CON ITS\/ VIH\/SIDA - Hospital General Docente \u201cDr. Agostinho Neto\u201d","robots":{"index":"index","follow":"follow","max-snippet":"max-snippet:-1","max-image-preview":"max-image-preview:large","max-video-preview":"max-video-preview:-1"},"canonical":"https:\/\/instituciones.gtm.sld.cu\/hgdan\/i-simposio-de-diagnostico-seguimiento-y-tratamiento-del-paciente-con-its-vih-sida\/","og_locale":"es_ES","og_type":"article","og_title":"I SIMPOSIO DE DIAGN\u00d3STICO SEGUIMIENTO Y TRATAMIENTO DEL PACIENTE CON ITS\/ VIH\/SIDA - Hospital General Docente \u201cDr. Agostinho Neto\u201d","og_description":"El Cap\u00edtulo de la Sociedad Cient\u00edfica de Medicina Interna Guant\u00e1namo, El Programa de Prevenci\u00f3n y Control de las ITS\/VIH\/Sida y el proyecto MEDISID tienen el placer de anunciar la convocatoria para la realizaci\u00f3n del I Simposio de diagn\u00f3stico seguimiento y tratamiento del paciente con ITS\/ VIH\/Sida.","og_url":"https:\/\/instituciones.gtm.sld.cu\/hgdan\/i-simposio-de-diagnostico-seguimiento-y-tratamiento-del-paciente-con-its-vih-sida\/","og_site_name":"Hospital General Docente \u201cDr. Agostinho Neto\u201d","article_published_time":"2019-05-04T14:50:03+00:00","article_modified_time":"2019-11-29T18:53:16+00:00","og_image":[{"width":150,"height":125,"url":"https:\/\/instituciones.gtm.sld.cu\/hgdan\/wp-content\/uploads\/sites\/33\/2019\/05\/evento-medisid-2019.jpg","type":"image\/jpeg"}],"twitter_card":"summary_large_image","twitter_misc":{"Escrito por":"","Tiempo de lectura":"1 minuto"},"schema":{"@context":"https:\/\/schema.org","@graph":[{"@type":"WebPage","@id":"https:\/\/instituciones.gtm.sld.cu\/hgdan\/i-simposio-de-diagnostico-seguimiento-y-tratamiento-del-paciente-con-its-vih-sida\/","url":"https:\/\/instituciones.gtm.sld.cu\/hgdan\/i-simposio-de-diagnostico-seguimiento-y-tratamiento-del-paciente-con-its-vih-sida\/","name":"I SIMPOSIO DE DIAGN\u00d3STICO SEGUIMIENTO Y TRATAMIENTO DEL PACIENTE CON ITS\/ VIH\/SIDA - Hospital General Docente \u201cDr. Agostinho Neto\u201d","isPartOf":{"@id":"https:\/\/instituciones.gtm.sld.cu\/hgdan\/#website"},"datePublished":"2019-05-04T14:50:03+00:00","dateModified":"2019-11-29T18:53:16+00:00","author":{"@id":""},"breadcrumb":{"@id":"https:\/\/instituciones.gtm.sld.cu\/hgdan\/i-simposio-de-diagnostico-seguimiento-y-tratamiento-del-paciente-con-its-vih-sida\/#breadcrumb"},"inLanguage":"es","potentialAction":[{"@type":"ReadAction","target":["https:\/\/instituciones.gtm.sld.cu\/hgdan\/i-simposio-de-diagnostico-seguimiento-y-tratamiento-del-paciente-con-its-vih-sida\/"]}]},{"@type":"BreadcrumbList","@id":"https:\/\/instituciones.gtm.sld.cu\/hgdan\/i-simposio-de-diagnostico-seguimiento-y-tratamiento-del-paciente-con-its-vih-sida\/#breadcrumb","itemListElement":[{"@type":"ListItem","position":1,"name":"Portada","item":"https:\/\/instituciones.gtm.sld.cu\/hgdan\/"},{"@type":"ListItem","position":2,"name":"I SIMPOSIO DE DIAGN\u00d3STICO SEGUIMIENTO Y TRATAMIENTO DEL PACIENTE CON ITS\/ VIH\/SIDA"}]},{"@type":"WebSite","@id":"https:\/\/instituciones.gtm.sld.cu\/hgdan\/#website","url":"https:\/\/instituciones.gtm.sld.cu\/hgdan\/","name":"Hospital General Docente \u201cDr. Agostinho Neto\u201d","description":"Hospital General Docente \u201cDr. Agostinho Neto\u201d","potentialAction":[{"@type":"SearchAction","target":{"@type":"EntryPoint","urlTemplate":"https:\/\/instituciones.gtm.sld.cu\/hgdan\/?s={search_term_string}"},"query-input":"required name=search_term_string"}],"inLanguage":"es"},{"@type":"Person","@id":"","url":"https:\/\/instituciones.gtm.sld.cu\/hgdan\/author\/"}]}},"jetpack_featured_media_url":"https:\/\/instituciones.gtm.sld.cu\/hgdan\/wp-content\/uploads\/sites\/33\/2019\/05\/evento-medisid-2019.jpg","_links":{"self":[{"href":"https:\/\/instituciones.gtm.sld.cu\/hgdan\/wp-json\/wp\/v2\/posts\/1784"}],"collection":[{"href":"https:\/\/instituciones.gtm.sld.cu\/hgdan\/wp-json\/wp\/v2\/posts"}],"about":[{"href":"https:\/\/instituciones.gtm.sld.cu\/hgdan\/wp-json\/wp\/v2\/types\/post"}],"author":[{"embeddable":true,"href":"https:\/\/instituciones.gtm.sld.cu\/hgdan\/wp-json\/wp\/v2\/users\/4"}],"replies":[{"embeddable":true,"href":"https:\/\/instituciones.gtm.sld.cu\/hgdan\/wp-json\/wp\/v2\/comments?post=1784"}],"version-history":[{"count":1,"href":"https:\/\/instituciones.gtm.sld.cu\/hgdan\/wp-json\/wp\/v2\/posts\/1784\/revisions"}],"predecessor-version":[{"id":2105,"href":"https:\/\/instituciones.gtm.sld.cu\/hgdan\/wp-json\/wp\/v2\/posts\/1784\/revisions\/2105"}],"wp:featuredmedia":[{"embeddable":true,"href":"https:\/\/instituciones.gtm.sld.cu\/hgdan\/wp-json\/wp\/v2\/media\/2103"}],"wp:attachment":[{"href":"https:\/\/instituciones.gtm.sld.cu\/hgdan\/wp-json\/wp\/v2\/media?parent=1784"}],"wp:term":[{"taxonomy":"category","embeddable":true,"href":"https:\/\/instituciones.gtm.sld.cu\/hgdan\/wp-json\/wp\/v2\/categories?post=1784"},{"taxonomy":"post_tag","embeddable":true,"href":"https:\/\/instituciones.gtm.sld.cu\/hgdan\/wp-json\/wp\/v2\/tags?post=1784"}],"curies":[{"name":"wp","href":"https:\/\/api.w.org\/{rel}","templated":true}]}}