{"id":1857,"date":"2019-05-24T10:27:10","date_gmt":"2019-05-24T14:27:10","guid":{"rendered":"http:\/\/instituciones.gtm.sld.cu\/hgdan\/?p=1857"},"modified":"2019-11-29T13:51:47","modified_gmt":"2019-11-29T18:51:47","slug":"se-realiza-primera-jornada-del-i-simposio-de-diagnostico-seguimiento-y-tratamiento-del-paciente-con-its-vih-sida-medisid-2019","status":"publish","type":"post","link":"https:\/\/instituciones.gtm.sld.cu\/hgdan\/se-realiza-primera-jornada-del-i-simposio-de-diagnostico-seguimiento-y-tratamiento-del-paciente-con-its-vih-sida-medisid-2019\/","title":{"rendered":"Se realiza primera Jornada del I Simposio de diagn\u00f3stico, seguimiento y tratamiento del paciente con its\/VIH\/sida MEDISID 2019"},"content":{"rendered":"\n<div class=\"wp-block-image wp-image-1858 size-thumbnail\"><figure class=\"aligncenter\"><img decoding=\"async\" loading=\"lazy\" width=\"300\" height=\"225\" src=\"http:\/\/instituciones.gtm.sld.cu\/hgdan\/wp-content\/uploads\/sites\/5\/2019\/06\/20190523_115330-300x225.jpg\" alt=\"MEDISID\" class=\"wp-image-1858\" \/><figcaption>MEDISID-2019<\/figcaption><\/figure><\/div>\n\n\n\n<p>Durante la ma\u00f1ana del d\u00eda de hoy sesiona la primera jornada del I Simposio de diagn\u00f3stico seguimiento y tratamiento del paciente con its\/ vih\/sida MEDISID 2019. Donde se realizaron diferentes intercambios relacionados con el mejoramiento de la calidad de vida del paciente vih\/sida.<\/p>\n\n\n\n<div class=\"wp-block-image\"><figure class=\"aligncenter\"><img decoding=\"async\" loading=\"lazy\" width=\"1600\" height=\"1200\" src=\"http:\/\/instituciones.gtm.sld.cu\/hgdan\/wp-content\/uploads\/sites\/5\/2019\/06\/20190523_090409.jpg\" alt=\"\" class=\"wp-image-1859\" srcset=\"https:\/\/instituciones.gtm.sld.cu\/hgdan\/wp-content\/uploads\/sites\/33\/2019\/06\/20190523_090409.jpg 1600w, https:\/\/instituciones.gtm.sld.cu\/hgdan\/wp-content\/uploads\/sites\/33\/2019\/06\/20190523_090409-300x225.jpg 300w, https:\/\/instituciones.gtm.sld.cu\/hgdan\/wp-content\/uploads\/sites\/33\/2019\/06\/20190523_090409-768x576.jpg 768w, https:\/\/instituciones.gtm.sld.cu\/hgdan\/wp-content\/uploads\/sites\/33\/2019\/06\/20190523_090409-1024x768.jpg 1024w\" sizes=\"(max-width: 1600px) 100vw, 1600px\" \/><\/figure><\/div>\n\n\n\n<div class=\"wp-block-image\"><figure class=\"aligncenter\"><img decoding=\"async\" loading=\"lazy\" width=\"1600\" height=\"1200\" src=\"http:\/\/instituciones.gtm.sld.cu\/hgdan\/wp-content\/uploads\/sites\/5\/2019\/06\/20190523_091007.jpg\" alt=\"\" class=\"wp-image-1860\" srcset=\"https:\/\/instituciones.gtm.sld.cu\/hgdan\/wp-content\/uploads\/sites\/33\/2019\/06\/20190523_091007.jpg 1600w, https:\/\/instituciones.gtm.sld.cu\/hgdan\/wp-content\/uploads\/sites\/33\/2019\/06\/20190523_091007-300x225.jpg 300w, https:\/\/instituciones.gtm.sld.cu\/hgdan\/wp-content\/uploads\/sites\/33\/2019\/06\/20190523_091007-768x576.jpg 768w, https:\/\/instituciones.gtm.sld.cu\/hgdan\/wp-content\/uploads\/sites\/33\/2019\/06\/20190523_091007-1024x768.jpg 1024w\" sizes=\"(max-width: 1600px) 100vw, 1600px\" \/><\/figure><\/div>\n\n\n\n<div class=\"wp-block-image\"><figure class=\"aligncenter\"><img decoding=\"async\" loading=\"lazy\" width=\"1600\" height=\"1200\" src=\"http:\/\/instituciones.gtm.sld.cu\/hgdan\/wp-content\/uploads\/sites\/5\/2019\/06\/20190523_091641.jpg\" alt=\"\" class=\"wp-image-1861\" srcset=\"https:\/\/instituciones.gtm.sld.cu\/hgdan\/wp-content\/uploads\/sites\/33\/2019\/06\/20190523_091641.jpg 1600w, https:\/\/instituciones.gtm.sld.cu\/hgdan\/wp-content\/uploads\/sites\/33\/2019\/06\/20190523_091641-300x225.jpg 300w, https:\/\/instituciones.gtm.sld.cu\/hgdan\/wp-content\/uploads\/sites\/33\/2019\/06\/20190523_091641-768x576.jpg 768w, https:\/\/instituciones.gtm.sld.cu\/hgdan\/wp-content\/uploads\/sites\/33\/2019\/06\/20190523_091641-1024x768.jpg 1024w\" sizes=\"(max-width: 1600px) 100vw, 1600px\" \/><\/figure><\/div>\n\n\n\n<div class=\"wp-block-image\"><figure class=\"aligncenter\"><img decoding=\"async\" loading=\"lazy\" width=\"1600\" height=\"1200\" src=\"http:\/\/instituciones.gtm.sld.cu\/hgdan\/wp-content\/uploads\/sites\/5\/2019\/06\/20190523_094941.jpg\" alt=\"\" class=\"wp-image-1862\" srcset=\"https:\/\/instituciones.gtm.sld.cu\/hgdan\/wp-content\/uploads\/sites\/33\/2019\/06\/20190523_094941.jpg 1600w, https:\/\/instituciones.gtm.sld.cu\/hgdan\/wp-content\/uploads\/sites\/33\/2019\/06\/20190523_094941-300x225.jpg 300w, https:\/\/instituciones.gtm.sld.cu\/hgdan\/wp-content\/uploads\/sites\/33\/2019\/06\/20190523_094941-768x576.jpg 768w, https:\/\/instituciones.gtm.sld.cu\/hgdan\/wp-content\/uploads\/sites\/33\/2019\/06\/20190523_094941-1024x768.jpg 1024w\" sizes=\"(max-width: 1600px) 100vw, 1600px\" \/><\/figure><\/div>\n\n\n\n<div class=\"wp-block-image\"><figure class=\"aligncenter\"><img decoding=\"async\" loading=\"lazy\" width=\"1600\" height=\"1200\" src=\"http:\/\/instituciones.gtm.sld.cu\/hgdan\/wp-content\/uploads\/sites\/5\/2019\/06\/20190523_115036.jpg\" alt=\"\" class=\"wp-image-1863\" srcset=\"https:\/\/instituciones.gtm.sld.cu\/hgdan\/wp-content\/uploads\/sites\/33\/2019\/06\/20190523_115036.jpg 1600w, https:\/\/instituciones.gtm.sld.cu\/hgdan\/wp-content\/uploads\/sites\/33\/2019\/06\/20190523_115036-300x225.jpg 300w, https:\/\/instituciones.gtm.sld.cu\/hgdan\/wp-content\/uploads\/sites\/33\/2019\/06\/20190523_115036-768x576.jpg 768w, https:\/\/instituciones.gtm.sld.cu\/hgdan\/wp-content\/uploads\/sites\/33\/2019\/06\/20190523_115036-1024x768.jpg 1024w\" sizes=\"(max-width: 1600px) 100vw, 1600px\" \/><\/figure><\/div>\n\n\n\n<div class=\"wp-block-image\"><figure class=\"aligncenter\"><img decoding=\"async\" loading=\"lazy\" width=\"1600\" height=\"1200\" src=\"http:\/\/instituciones.gtm.sld.cu\/hgdan\/wp-content\/uploads\/sites\/5\/2019\/06\/20190523_115652.jpg\" alt=\"\" class=\"wp-image-1864\" srcset=\"https:\/\/instituciones.gtm.sld.cu\/hgdan\/wp-content\/uploads\/sites\/33\/2019\/06\/20190523_115652.jpg 1600w, https:\/\/instituciones.gtm.sld.cu\/hgdan\/wp-content\/uploads\/sites\/33\/2019\/06\/20190523_115652-300x225.jpg 300w, https:\/\/instituciones.gtm.sld.cu\/hgdan\/wp-content\/uploads\/sites\/33\/2019\/06\/20190523_115652-768x576.jpg 768w, https:\/\/instituciones.gtm.sld.cu\/hgdan\/wp-content\/uploads\/sites\/33\/2019\/06\/20190523_115652-1024x768.jpg 1024w\" sizes=\"(max-width: 1600px) 100vw, 1600px\" \/><\/figure><\/div>\n\n\n\n<div class=\"wp-block-image\"><figure class=\"aligncenter\"><img decoding=\"async\" loading=\"lazy\" width=\"1600\" height=\"1200\" src=\"http:\/\/instituciones.gtm.sld.cu\/hgdan\/wp-content\/uploads\/sites\/5\/2019\/06\/20190523_120357.jpg\" alt=\"\" class=\"wp-image-1865\" srcset=\"https:\/\/instituciones.gtm.sld.cu\/hgdan\/wp-content\/uploads\/sites\/33\/2019\/06\/20190523_120357.jpg 1600w, https:\/\/instituciones.gtm.sld.cu\/hgdan\/wp-content\/uploads\/sites\/33\/2019\/06\/20190523_120357-300x225.jpg 300w, https:\/\/instituciones.gtm.sld.cu\/hgdan\/wp-content\/uploads\/sites\/33\/2019\/06\/20190523_120357-768x576.jpg 768w, https:\/\/instituciones.gtm.sld.cu\/hgdan\/wp-content\/uploads\/sites\/33\/2019\/06\/20190523_120357-1024x768.jpg 1024w\" sizes=\"(max-width: 1600px) 100vw, 1600px\" \/><\/figure><\/div>\n","protected":false},"excerpt":{"rendered":"<p>Durante la ma\u00f1ana del d\u00eda de hoy sesiona la primera jornada del I Simposio de diagn\u00f3stico seguimiento y tratamiento del paciente con its\/ vih\/sida MEDISID 2019. Donde se realizaron diferentes intercambios relacionados con el mejoramiento de la calidad de vida del paciente vih\/sida.<\/p>\n","protected":false},"author":4,"featured_media":2103,"comment_status":"open","ping_status":"closed","sticky":false,"template":"","format":"standard","meta":{"ngg_post_thumbnail":0},"categories":[9],"tags":[],"yoast_head":"<!-- This site is optimized with the Yoast SEO plugin v21.8 - https:\/\/yoast.com\/wordpress\/plugins\/seo\/ -->\n<title>Se realiza primera Jornada del I Simposio de diagn\u00f3stico, seguimiento y tratamiento del paciente con its\/VIH\/sida MEDISID 2019 - Hospital General Docente \u201cDr. Agostinho Neto\u201d<\/title>\n<meta name=\"robots\" content=\"index, follow, max-snippet:-1, max-image-preview:large, max-video-preview:-1\" \/>\n<link rel=\"canonical\" href=\"https:\/\/instituciones.gtm.sld.cu\/hgdan\/se-realiza-primera-jornada-del-i-simposio-de-diagnostico-seguimiento-y-tratamiento-del-paciente-con-its-vih-sida-medisid-2019\/\" \/>\n<meta property=\"og:locale\" content=\"es_ES\" \/>\n<meta property=\"og:type\" content=\"article\" \/>\n<meta property=\"og:title\" content=\"Se realiza primera Jornada del I Simposio de diagn\u00f3stico, seguimiento y tratamiento del paciente con its\/VIH\/sida MEDISID 2019 - Hospital General Docente \u201cDr. Agostinho Neto\u201d\" \/>\n<meta property=\"og:description\" content=\"Durante la ma\u00f1ana del d\u00eda de hoy sesiona la primera jornada del I Simposio de diagn\u00f3stico seguimiento y tratamiento del paciente con its\/ vih\/sida MEDISID 2019. Donde se realizaron diferentes intercambios relacionados con el mejoramiento de la calidad de vida del paciente vih\/sida.\" \/>\n<meta property=\"og:url\" content=\"https:\/\/instituciones.gtm.sld.cu\/hgdan\/se-realiza-primera-jornada-del-i-simposio-de-diagnostico-seguimiento-y-tratamiento-del-paciente-con-its-vih-sida-medisid-2019\/\" \/>\n<meta property=\"og:site_name\" content=\"Hospital General Docente \u201cDr. Agostinho Neto\u201d\" \/>\n<meta property=\"article:published_time\" content=\"2019-05-24T14:27:10+00:00\" \/>\n<meta property=\"article:modified_time\" content=\"2019-11-29T18:51:47+00:00\" \/>\n<meta property=\"og:image\" content=\"https:\/\/instituciones.gtm.sld.cu\/hgdan\/wp-content\/uploads\/sites\/33\/2019\/05\/evento-medisid-2019.jpg\" \/>\n\t<meta property=\"og:image:width\" content=\"150\" \/>\n\t<meta property=\"og:image:height\" content=\"125\" \/>\n\t<meta property=\"og:image:type\" content=\"image\/jpeg\" \/>\n<meta name=\"twitter:card\" content=\"summary_large_image\" \/>\n<meta name=\"twitter:label1\" content=\"Escrito por\" \/>\n\t<meta name=\"twitter:data1\" content=\"\" \/>\n<script type=\"application\/ld+json\" class=\"yoast-schema-graph\">{\"@context\":\"https:\/\/schema.org\",\"@graph\":[{\"@type\":\"WebPage\",\"@id\":\"https:\/\/instituciones.gtm.sld.cu\/hgdan\/se-realiza-primera-jornada-del-i-simposio-de-diagnostico-seguimiento-y-tratamiento-del-paciente-con-its-vih-sida-medisid-2019\/\",\"url\":\"https:\/\/instituciones.gtm.sld.cu\/hgdan\/se-realiza-primera-jornada-del-i-simposio-de-diagnostico-seguimiento-y-tratamiento-del-paciente-con-its-vih-sida-medisid-2019\/\",\"name\":\"Se realiza primera Jornada del I Simposio de diagn\u00f3stico, seguimiento y tratamiento del paciente con its\/VIH\/sida MEDISID 2019 - Hospital General Docente \u201cDr. Agostinho Neto\u201d\",\"isPartOf\":{\"@id\":\"https:\/\/instituciones.gtm.sld.cu\/hgdan\/#website\"},\"datePublished\":\"2019-05-24T14:27:10+00:00\",\"dateModified\":\"2019-11-29T18:51:47+00:00\",\"author\":{\"@id\":\"\"},\"breadcrumb\":{\"@id\":\"https:\/\/instituciones.gtm.sld.cu\/hgdan\/se-realiza-primera-jornada-del-i-simposio-de-diagnostico-seguimiento-y-tratamiento-del-paciente-con-its-vih-sida-medisid-2019\/#breadcrumb\"},\"inLanguage\":\"es\",\"potentialAction\":[{\"@type\":\"ReadAction\",\"target\":[\"https:\/\/instituciones.gtm.sld.cu\/hgdan\/se-realiza-primera-jornada-del-i-simposio-de-diagnostico-seguimiento-y-tratamiento-del-paciente-con-its-vih-sida-medisid-2019\/\"]}]},{\"@type\":\"BreadcrumbList\",\"@id\":\"https:\/\/instituciones.gtm.sld.cu\/hgdan\/se-realiza-primera-jornada-del-i-simposio-de-diagnostico-seguimiento-y-tratamiento-del-paciente-con-its-vih-sida-medisid-2019\/#breadcrumb\",\"itemListElement\":[{\"@type\":\"ListItem\",\"position\":1,\"name\":\"Portada\",\"item\":\"https:\/\/instituciones.gtm.sld.cu\/hgdan\/\"},{\"@type\":\"ListItem\",\"position\":2,\"name\":\"Se realiza primera Jornada del I Simposio de diagn\u00f3stico, seguimiento y tratamiento del paciente con its\/VIH\/sida MEDISID 2019\"}]},{\"@type\":\"WebSite\",\"@id\":\"https:\/\/instituciones.gtm.sld.cu\/hgdan\/#website\",\"url\":\"https:\/\/instituciones.gtm.sld.cu\/hgdan\/\",\"name\":\"Hospital General Docente \u201cDr. Agostinho Neto\u201d\",\"description\":\"Hospital General Docente \u201cDr. Agostinho Neto\u201d\",\"potentialAction\":[{\"@type\":\"SearchAction\",\"target\":{\"@type\":\"EntryPoint\",\"urlTemplate\":\"https:\/\/instituciones.gtm.sld.cu\/hgdan\/?s={search_term_string}\"},\"query-input\":\"required name=search_term_string\"}],\"inLanguage\":\"es\"},{\"@type\":\"Person\",\"@id\":\"\",\"url\":\"https:\/\/instituciones.gtm.sld.cu\/hgdan\/author\/\"}]}<\/script>\n<!-- \/ Yoast SEO plugin. -->","yoast_head_json":{"title":"Se realiza primera Jornada del I Simposio de diagn\u00f3stico, seguimiento y tratamiento del paciente con its\/VIH\/sida MEDISID 2019 - Hospital General Docente \u201cDr. Agostinho Neto\u201d","robots":{"index":"index","follow":"follow","max-snippet":"max-snippet:-1","max-image-preview":"max-image-preview:large","max-video-preview":"max-video-preview:-1"},"canonical":"https:\/\/instituciones.gtm.sld.cu\/hgdan\/se-realiza-primera-jornada-del-i-simposio-de-diagnostico-seguimiento-y-tratamiento-del-paciente-con-its-vih-sida-medisid-2019\/","og_locale":"es_ES","og_type":"article","og_title":"Se realiza primera Jornada del I Simposio de diagn\u00f3stico, seguimiento y tratamiento del paciente con its\/VIH\/sida MEDISID 2019 - Hospital General Docente \u201cDr. Agostinho Neto\u201d","og_description":"Durante la ma\u00f1ana del d\u00eda de hoy sesiona la primera jornada del I Simposio de diagn\u00f3stico seguimiento y tratamiento del paciente con its\/ vih\/sida MEDISID 2019. Donde se realizaron diferentes intercambios relacionados con el mejoramiento de la calidad de vida del paciente vih\/sida.","og_url":"https:\/\/instituciones.gtm.sld.cu\/hgdan\/se-realiza-primera-jornada-del-i-simposio-de-diagnostico-seguimiento-y-tratamiento-del-paciente-con-its-vih-sida-medisid-2019\/","og_site_name":"Hospital General Docente \u201cDr. Agostinho Neto\u201d","article_published_time":"2019-05-24T14:27:10+00:00","article_modified_time":"2019-11-29T18:51:47+00:00","og_image":[{"width":150,"height":125,"url":"https:\/\/instituciones.gtm.sld.cu\/hgdan\/wp-content\/uploads\/sites\/33\/2019\/05\/evento-medisid-2019.jpg","type":"image\/jpeg"}],"twitter_card":"summary_large_image","twitter_misc":{"Escrito por":""},"schema":{"@context":"https:\/\/schema.org","@graph":[{"@type":"WebPage","@id":"https:\/\/instituciones.gtm.sld.cu\/hgdan\/se-realiza-primera-jornada-del-i-simposio-de-diagnostico-seguimiento-y-tratamiento-del-paciente-con-its-vih-sida-medisid-2019\/","url":"https:\/\/instituciones.gtm.sld.cu\/hgdan\/se-realiza-primera-jornada-del-i-simposio-de-diagnostico-seguimiento-y-tratamiento-del-paciente-con-its-vih-sida-medisid-2019\/","name":"Se realiza primera Jornada del I Simposio de diagn\u00f3stico, seguimiento y tratamiento del paciente con its\/VIH\/sida MEDISID 2019 - Hospital General Docente \u201cDr. Agostinho Neto\u201d","isPartOf":{"@id":"https:\/\/instituciones.gtm.sld.cu\/hgdan\/#website"},"datePublished":"2019-05-24T14:27:10+00:00","dateModified":"2019-11-29T18:51:47+00:00","author":{"@id":""},"breadcrumb":{"@id":"https:\/\/instituciones.gtm.sld.cu\/hgdan\/se-realiza-primera-jornada-del-i-simposio-de-diagnostico-seguimiento-y-tratamiento-del-paciente-con-its-vih-sida-medisid-2019\/#breadcrumb"},"inLanguage":"es","potentialAction":[{"@type":"ReadAction","target":["https:\/\/instituciones.gtm.sld.cu\/hgdan\/se-realiza-primera-jornada-del-i-simposio-de-diagnostico-seguimiento-y-tratamiento-del-paciente-con-its-vih-sida-medisid-2019\/"]}]},{"@type":"BreadcrumbList","@id":"https:\/\/instituciones.gtm.sld.cu\/hgdan\/se-realiza-primera-jornada-del-i-simposio-de-diagnostico-seguimiento-y-tratamiento-del-paciente-con-its-vih-sida-medisid-2019\/#breadcrumb","itemListElement":[{"@type":"ListItem","position":1,"name":"Portada","item":"https:\/\/instituciones.gtm.sld.cu\/hgdan\/"},{"@type":"ListItem","position":2,"name":"Se realiza primera Jornada del I Simposio de diagn\u00f3stico, seguimiento y tratamiento del paciente con its\/VIH\/sida MEDISID 2019"}]},{"@type":"WebSite","@id":"https:\/\/instituciones.gtm.sld.cu\/hgdan\/#website","url":"https:\/\/instituciones.gtm.sld.cu\/hgdan\/","name":"Hospital General Docente \u201cDr. Agostinho Neto\u201d","description":"Hospital General Docente \u201cDr. Agostinho Neto\u201d","potentialAction":[{"@type":"SearchAction","target":{"@type":"EntryPoint","urlTemplate":"https:\/\/instituciones.gtm.sld.cu\/hgdan\/?s={search_term_string}"},"query-input":"required name=search_term_string"}],"inLanguage":"es"},{"@type":"Person","@id":"","url":"https:\/\/instituciones.gtm.sld.cu\/hgdan\/author\/"}]}},"jetpack_featured_media_url":"https:\/\/instituciones.gtm.sld.cu\/hgdan\/wp-content\/uploads\/sites\/33\/2019\/05\/evento-medisid-2019.jpg","_links":{"self":[{"href":"https:\/\/instituciones.gtm.sld.cu\/hgdan\/wp-json\/wp\/v2\/posts\/1857"}],"collection":[{"href":"https:\/\/instituciones.gtm.sld.cu\/hgdan\/wp-json\/wp\/v2\/posts"}],"about":[{"href":"https:\/\/instituciones.gtm.sld.cu\/hgdan\/wp-json\/wp\/v2\/types\/post"}],"author":[{"embeddable":true,"href":"https:\/\/instituciones.gtm.sld.cu\/hgdan\/wp-json\/wp\/v2\/users\/4"}],"replies":[{"embeddable":true,"href":"https:\/\/instituciones.gtm.sld.cu\/hgdan\/wp-json\/wp\/v2\/comments?post=1857"}],"version-history":[{"count":2,"href":"https:\/\/instituciones.gtm.sld.cu\/hgdan\/wp-json\/wp\/v2\/posts\/1857\/revisions"}],"predecessor-version":[{"id":2104,"href":"https:\/\/instituciones.gtm.sld.cu\/hgdan\/wp-json\/wp\/v2\/posts\/1857\/revisions\/2104"}],"wp:featuredmedia":[{"embeddable":true,"href":"https:\/\/instituciones.gtm.sld.cu\/hgdan\/wp-json\/wp\/v2\/media\/2103"}],"wp:attachment":[{"href":"https:\/\/instituciones.gtm.sld.cu\/hgdan\/wp-json\/wp\/v2\/media?parent=1857"}],"wp:term":[{"taxonomy":"category","embeddable":true,"href":"https:\/\/instituciones.gtm.sld.cu\/hgdan\/wp-json\/wp\/v2\/categories?post=1857"},{"taxonomy":"post_tag","embeddable":true,"href":"https:\/\/instituciones.gtm.sld.cu\/hgdan\/wp-json\/wp\/v2\/tags?post=1857"}],"curies":[{"name":"wp","href":"https:\/\/api.w.org\/{rel}","templated":true}]}}