{"id":2033,"date":"2019-11-11T15:24:07","date_gmt":"2019-11-11T20:24:07","guid":{"rendered":"http:\/\/instituciones.gtm.sld.cu\/hgdan\/?p=2033"},"modified":"2019-11-29T13:51:35","modified_gmt":"2019-11-29T18:51:35","slug":"jornada-provincial-de-medicina-interna","status":"publish","type":"post","link":"https:\/\/instituciones.gtm.sld.cu\/hgdan\/jornada-provincial-de-medicina-interna\/","title":{"rendered":"Jornada Provincial de  Medicina Interna"},"content":{"rendered":"\n<p>El Cap\u00edtulo Provincial de la Sociedad Cubana de Medicina Interna en Guant\u00e1namo, tiene el placer de invitarle a participar en su Jornada Provincial, que se efectuar\u00e1 en el Hospital General Docente \u201cDr. Agostinho Neto\u201d los d\u00edas 27 y 28 de diciembre del 2019. La Jornada, pretende reunir a los m\u00e9dicos cl\u00ednicos de la provincia\u00a0 para actualizar temas, exponer investigaciones originales y presentar casos. <\/p>\n\n\n\n<p>Estamos\nseguros que \u201cEl Neto\u201d con su hospitalidad, contribuir\u00e1 a que los participantes\npuedan pasar dos d\u00edas de intercambio cient\u00edfico que, contribuir\u00e1n a estrechar\nm\u00e1s las relaciones de amistad y colaboraci\u00f3n entre los cl\u00ednicos.<\/p>\n\n\n\n<p><strong>Comit\u00e9 Organizador<\/strong><\/p>\n\n\n\n<p>Presidente:\nDr. C Joel A. Fern\u00e1ndez Moreno.<\/p>\n\n\n\n<p>Comisi\u00f3n cient\u00edfica:\nDra. Salvador Vidal Rev\u00e9 y Dra. Annia D\u00edaz Mart\u00ednez.<\/p>\n\n\n\n<p>Tesorera:\nDra. Sonia Liliam Prieto Jim\u00e9nez.<\/p>\n\n\n\n<p>Comisi\u00f3n de promoci\u00f3n,\nacreditaci\u00f3n y aseguramiento<\/p>\n\n\n\n<ul><li>Dr.\n     Doris Cala Rodr\u00edguez.<\/li><li>Dr.\n     Lavu\u00e1n Luis Sosa.<\/li><li>Dr.\n     Jorge P\u00e9rez Toranzo.<\/li><\/ul>\n\n\n\n<p>INVITADOS<\/p>\n\n\n\n<p>Dr.&nbsp; Pedro\nLuis Abad Loyola.<\/p>\n\n\n\n<p>Rectora Universidad de Ciencias M\u00e9dicas de\nGuant\u00e1namo<\/p>\n\n\n\n<p>Dra. Dra. Alis Cantalapiedra Luque.<\/p>\n\n\n\n<p>Directora Hospital General Docente \u201cDr.\nAgostinho Neto\u201d<\/p>\n\n\n\n<p>Dra. Leyanis Lecourtois Mendoza.<\/p>\n\n\n\n<p>Presidenta del Consejo de Sociedades\nCient\u00edficas<\/p>\n\n\n\n<p>Dra. C Anselma\nBetancourt Puls\u00e1n.<\/p>\n\n\n\n<p>Decana Facultad de Medicina<\/p>\n\n\n\n<p>Dra. Yadira Ruiz Juan.<\/p>\n\n\n\n<p>Presidenta del Consejo Cient\u00edfico HGDAN<\/p>\n\n\n\n<p>Dra. C Irayma Cazull Imbert.<\/p>\n\n\n\n<p>Vice Directora Docente HGDAN<\/p>\n\n\n\n<p>Dra. Dra. C. Lidia E. Lori\u00e9 Sierra.<\/p>\n\n\n\n<p>Presidente del Consejo Cient\u00edfico Provincial<\/p>\n\n\n\n<p>Dr. C Reynaldo El\u00edas Sierra. <\/p>\n\n\n\n<p><\/p>\n","protected":false},"excerpt":{"rendered":"<p>El Cap\u00edtulo Provincial de la Sociedad Cubana de Medicina Interna en Guant\u00e1namo, tiene el placer de invitarle a participar en su Jornada Provincial, que se efectuar\u00e1 en el Hospital General Docente \u201cDr. Agostinho Neto\u201d los d\u00edas 27 y 28 de diciembre del 2019.<\/p><p><a class=\"more-link btn\" href=\"https:\/\/instituciones.gtm.sld.cu\/hgdan\/jornada-provincial-de-medicina-interna\/\">Seguir leyendo<\/a><\/p>\n","protected":false},"author":4,"featured_media":2036,"comment_status":"open","ping_status":"closed","sticky":false,"template":"","format":"standard","meta":{"ngg_post_thumbnail":0},"categories":[9],"tags":[],"yoast_head":"<!-- This site is optimized with the Yoast SEO plugin v21.8 - https:\/\/yoast.com\/wordpress\/plugins\/seo\/ -->\n<title>Jornada Provincial de Medicina Interna - Hospital General Docente \u201cDr. Agostinho Neto\u201d<\/title>\n<meta name=\"robots\" content=\"index, follow, max-snippet:-1, max-image-preview:large, max-video-preview:-1\" \/>\n<link rel=\"canonical\" href=\"https:\/\/instituciones.gtm.sld.cu\/hgdan\/jornada-provincial-de-medicina-interna\/\" \/>\n<meta property=\"og:locale\" content=\"es_ES\" \/>\n<meta property=\"og:type\" content=\"article\" \/>\n<meta property=\"og:title\" content=\"Jornada Provincial de Medicina Interna - Hospital General Docente \u201cDr. Agostinho Neto\u201d\" \/>\n<meta property=\"og:description\" content=\"El Cap\u00edtulo Provincial de la Sociedad Cubana de Medicina Interna en Guant\u00e1namo, tiene el placer de invitarle a participar en su Jornada Provincial, que se efectuar\u00e1 en el Hospital General Docente \u201cDr. Agostinho Neto\u201d los d\u00edas 27 y 28 de diciembre del 2019.\" \/>\n<meta property=\"og:url\" content=\"https:\/\/instituciones.gtm.sld.cu\/hgdan\/jornada-provincial-de-medicina-interna\/\" \/>\n<meta property=\"og:site_name\" content=\"Hospital General Docente \u201cDr. Agostinho Neto\u201d\" \/>\n<meta property=\"article:published_time\" content=\"2019-11-11T20:24:07+00:00\" \/>\n<meta property=\"article:modified_time\" content=\"2019-11-29T18:51:35+00:00\" \/>\n<meta property=\"og:image\" content=\"https:\/\/instituciones.gtm.sld.cu\/hgdan\/wp-content\/uploads\/sites\/33\/2019\/11\/icono_9.png\" \/>\n\t<meta property=\"og:image:width\" content=\"150\" \/>\n\t<meta property=\"og:image:height\" content=\"125\" \/>\n\t<meta property=\"og:image:type\" content=\"image\/png\" \/>\n<meta name=\"twitter:card\" content=\"summary_large_image\" \/>\n<meta name=\"twitter:label1\" content=\"Escrito por\" \/>\n\t<meta name=\"twitter:data1\" content=\"\" \/>\n\t<meta name=\"twitter:label2\" content=\"Tiempo de lectura\" \/>\n\t<meta name=\"twitter:data2\" content=\"1 minuto\" \/>\n<script type=\"application\/ld+json\" class=\"yoast-schema-graph\">{\"@context\":\"https:\/\/schema.org\",\"@graph\":[{\"@type\":\"WebPage\",\"@id\":\"https:\/\/instituciones.gtm.sld.cu\/hgdan\/jornada-provincial-de-medicina-interna\/\",\"url\":\"https:\/\/instituciones.gtm.sld.cu\/hgdan\/jornada-provincial-de-medicina-interna\/\",\"name\":\"Jornada Provincial de Medicina Interna - Hospital General Docente \u201cDr. Agostinho Neto\u201d\",\"isPartOf\":{\"@id\":\"https:\/\/instituciones.gtm.sld.cu\/hgdan\/#website\"},\"datePublished\":\"2019-11-11T20:24:07+00:00\",\"dateModified\":\"2019-11-29T18:51:35+00:00\",\"author\":{\"@id\":\"\"},\"breadcrumb\":{\"@id\":\"https:\/\/instituciones.gtm.sld.cu\/hgdan\/jornada-provincial-de-medicina-interna\/#breadcrumb\"},\"inLanguage\":\"es\",\"potentialAction\":[{\"@type\":\"ReadAction\",\"target\":[\"https:\/\/instituciones.gtm.sld.cu\/hgdan\/jornada-provincial-de-medicina-interna\/\"]}]},{\"@type\":\"BreadcrumbList\",\"@id\":\"https:\/\/instituciones.gtm.sld.cu\/hgdan\/jornada-provincial-de-medicina-interna\/#breadcrumb\",\"itemListElement\":[{\"@type\":\"ListItem\",\"position\":1,\"name\":\"Portada\",\"item\":\"https:\/\/instituciones.gtm.sld.cu\/hgdan\/\"},{\"@type\":\"ListItem\",\"position\":2,\"name\":\"Jornada Provincial de Medicina Interna\"}]},{\"@type\":\"WebSite\",\"@id\":\"https:\/\/instituciones.gtm.sld.cu\/hgdan\/#website\",\"url\":\"https:\/\/instituciones.gtm.sld.cu\/hgdan\/\",\"name\":\"Hospital General Docente \u201cDr. Agostinho Neto\u201d\",\"description\":\"Hospital General Docente \u201cDr. Agostinho Neto\u201d\",\"potentialAction\":[{\"@type\":\"SearchAction\",\"target\":{\"@type\":\"EntryPoint\",\"urlTemplate\":\"https:\/\/instituciones.gtm.sld.cu\/hgdan\/?s={search_term_string}\"},\"query-input\":\"required name=search_term_string\"}],\"inLanguage\":\"es\"},{\"@type\":\"Person\",\"@id\":\"\",\"url\":\"https:\/\/instituciones.gtm.sld.cu\/hgdan\/author\/\"}]}<\/script>\n<!-- \/ Yoast SEO plugin. -->","yoast_head_json":{"title":"Jornada Provincial de Medicina Interna - Hospital General Docente \u201cDr. Agostinho Neto\u201d","robots":{"index":"index","follow":"follow","max-snippet":"max-snippet:-1","max-image-preview":"max-image-preview:large","max-video-preview":"max-video-preview:-1"},"canonical":"https:\/\/instituciones.gtm.sld.cu\/hgdan\/jornada-provincial-de-medicina-interna\/","og_locale":"es_ES","og_type":"article","og_title":"Jornada Provincial de Medicina Interna - Hospital General Docente \u201cDr. Agostinho Neto\u201d","og_description":"El Cap\u00edtulo Provincial de la Sociedad Cubana de Medicina Interna en Guant\u00e1namo, tiene el placer de invitarle a participar en su Jornada Provincial, que se efectuar\u00e1 en el Hospital General Docente \u201cDr. Agostinho Neto\u201d los d\u00edas 27 y 28 de diciembre del 2019.","og_url":"https:\/\/instituciones.gtm.sld.cu\/hgdan\/jornada-provincial-de-medicina-interna\/","og_site_name":"Hospital General Docente \u201cDr. Agostinho Neto\u201d","article_published_time":"2019-11-11T20:24:07+00:00","article_modified_time":"2019-11-29T18:51:35+00:00","og_image":[{"width":150,"height":125,"url":"https:\/\/instituciones.gtm.sld.cu\/hgdan\/wp-content\/uploads\/sites\/33\/2019\/11\/icono_9.png","type":"image\/png"}],"twitter_card":"summary_large_image","twitter_misc":{"Escrito por":"","Tiempo de lectura":"1 minuto"},"schema":{"@context":"https:\/\/schema.org","@graph":[{"@type":"WebPage","@id":"https:\/\/instituciones.gtm.sld.cu\/hgdan\/jornada-provincial-de-medicina-interna\/","url":"https:\/\/instituciones.gtm.sld.cu\/hgdan\/jornada-provincial-de-medicina-interna\/","name":"Jornada Provincial de Medicina Interna - Hospital General Docente \u201cDr. Agostinho Neto\u201d","isPartOf":{"@id":"https:\/\/instituciones.gtm.sld.cu\/hgdan\/#website"},"datePublished":"2019-11-11T20:24:07+00:00","dateModified":"2019-11-29T18:51:35+00:00","author":{"@id":""},"breadcrumb":{"@id":"https:\/\/instituciones.gtm.sld.cu\/hgdan\/jornada-provincial-de-medicina-interna\/#breadcrumb"},"inLanguage":"es","potentialAction":[{"@type":"ReadAction","target":["https:\/\/instituciones.gtm.sld.cu\/hgdan\/jornada-provincial-de-medicina-interna\/"]}]},{"@type":"BreadcrumbList","@id":"https:\/\/instituciones.gtm.sld.cu\/hgdan\/jornada-provincial-de-medicina-interna\/#breadcrumb","itemListElement":[{"@type":"ListItem","position":1,"name":"Portada","item":"https:\/\/instituciones.gtm.sld.cu\/hgdan\/"},{"@type":"ListItem","position":2,"name":"Jornada Provincial de Medicina Interna"}]},{"@type":"WebSite","@id":"https:\/\/instituciones.gtm.sld.cu\/hgdan\/#website","url":"https:\/\/instituciones.gtm.sld.cu\/hgdan\/","name":"Hospital General Docente \u201cDr. Agostinho Neto\u201d","description":"Hospital General Docente \u201cDr. Agostinho Neto\u201d","potentialAction":[{"@type":"SearchAction","target":{"@type":"EntryPoint","urlTemplate":"https:\/\/instituciones.gtm.sld.cu\/hgdan\/?s={search_term_string}"},"query-input":"required name=search_term_string"}],"inLanguage":"es"},{"@type":"Person","@id":"","url":"https:\/\/instituciones.gtm.sld.cu\/hgdan\/author\/"}]}},"jetpack_featured_media_url":"https:\/\/instituciones.gtm.sld.cu\/hgdan\/wp-content\/uploads\/sites\/33\/2019\/11\/icono_9.png","_links":{"self":[{"href":"https:\/\/instituciones.gtm.sld.cu\/hgdan\/wp-json\/wp\/v2\/posts\/2033"}],"collection":[{"href":"https:\/\/instituciones.gtm.sld.cu\/hgdan\/wp-json\/wp\/v2\/posts"}],"about":[{"href":"https:\/\/instituciones.gtm.sld.cu\/hgdan\/wp-json\/wp\/v2\/types\/post"}],"author":[{"embeddable":true,"href":"https:\/\/instituciones.gtm.sld.cu\/hgdan\/wp-json\/wp\/v2\/users\/4"}],"replies":[{"embeddable":true,"href":"https:\/\/instituciones.gtm.sld.cu\/hgdan\/wp-json\/wp\/v2\/comments?post=2033"}],"version-history":[{"count":3,"href":"https:\/\/instituciones.gtm.sld.cu\/hgdan\/wp-json\/wp\/v2\/posts\/2033\/revisions"}],"predecessor-version":[{"id":2046,"href":"https:\/\/instituciones.gtm.sld.cu\/hgdan\/wp-json\/wp\/v2\/posts\/2033\/revisions\/2046"}],"wp:featuredmedia":[{"embeddable":true,"href":"https:\/\/instituciones.gtm.sld.cu\/hgdan\/wp-json\/wp\/v2\/media\/2036"}],"wp:attachment":[{"href":"https:\/\/instituciones.gtm.sld.cu\/hgdan\/wp-json\/wp\/v2\/media?parent=2033"}],"wp:term":[{"taxonomy":"category","embeddable":true,"href":"https:\/\/instituciones.gtm.sld.cu\/hgdan\/wp-json\/wp\/v2\/categories?post=2033"},{"taxonomy":"post_tag","embeddable":true,"href":"https:\/\/instituciones.gtm.sld.cu\/hgdan\/wp-json\/wp\/v2\/tags?post=2033"}],"curies":[{"name":"wp","href":"https:\/\/api.w.org\/{rel}","templated":true}]}}