{"id":2155,"date":"2020-03-28T08:30:47","date_gmt":"2020-03-28T12:30:47","guid":{"rendered":"http:\/\/instituciones.gtm.sld.cu\/hgdan\/?p=2155"},"modified":"2020-03-28T11:59:02","modified_gmt":"2020-03-28T15:59:02","slug":"toda-la-poblacion-debe-usar-el-nasobuco-fuera-de-casa","status":"publish","type":"post","link":"https:\/\/instituciones.gtm.sld.cu\/hgdan\/toda-la-poblacion-debe-usar-el-nasobuco-fuera-de-casa\/","title":{"rendered":"Toda la poblaci\u00f3n debe usar el nasobuco fuera de casa"},"content":{"rendered":"\n<p>El <a href=\"https:\/\/salud.msp.gob.cu\/\">Ministerio de Salud P\u00fablica<\/a> (Minsap) actualiz\u00f3 este mi\u00e9rcoles sobre la situaci\u00f3n epidemiol\u00f3gica del pa\u00eds respecto a la <a href=\"https:\/\/temas.sld.cu\/coronavirus\/covid-19\/\" target=\"_blank\" rel=\"noreferrer noopener\">COVID-19<\/a>,\n enfermedad por la que se confirman en el territorio 67 casos, e \ninsisti\u00f3 en la importancia de la auto responsabilidad para la protecci\u00f3n\n y evitar la transmisi\u00f3n.<\/p>\n\n\n\n<p>El director nacional de Epidemiolog\u00eda \ndel (Minsap), Dr. Francisco Dur\u00e1n Garc\u00eda, reiter\u00f3 la necesidad de que \nlas personas usen el nasobuco para salir a la calle, aunque no tengan \ns\u00edntomas respiratorios ni hayan estado en contacto con pacientes que \npuedan tener el coronavirus.<\/p>\n\n\n\n<p><strong>\u201cToda la poblaci\u00f3n, es \nrecomendable, casi una indicaci\u00f3n, que lo utilice, m\u00e1xime cuando todav\u00eda\n a\u00fan vemos un n\u00famero importante de personas en las calles movi\u00e9ndose \ndurante el d\u00eda y es un poco riesgoso moverse sin esa protecci\u00f3n, adem\u00e1s \ndel lavado de las manos, guardar la distancia con las personas\u201d<\/strong>, subray\u00f3 en conferencia de prensa transmitido este 26 de marzo.<\/p>\n\n\n\n<p>El especialista record\u00f3 que esta medida \nes significativa porque no se puede saber qu\u00e9 persona tiene el virus, \ndebido a que hay un periodo de incubaci\u00f3n en el cual no hay s\u00edntomas de \nla enfermedad, por lo que tambi\u00e9n recomend\u00f3 que se permanezca el mayor \ntiempo dentro de las viviendas.<\/p>\n\n\n\n<p>Hay indicaciones m\u00e1s espec\u00edficas \n\u2013apunt\u00f3\u2013 como la persona que tiene alguna gripe y que no ha sido \ndetectada o ingresada. En este caso debe usar el nasobuco para proteger a\n las dem\u00e1s, evitando que a la hora de estornudar o toser las microgotas \nde saliva salgan al exterior.<\/p>\n\n\n\n<p>El Dr. Dur\u00e1n Garc\u00eda subray\u00f3 la \nimportancia de esta medida, adem\u00e1s de otros medios de protecci\u00f3n, por el\n personal de salud o que trabaja en instituciones sanitarias que est\u00e1n \natendiendo casos con sintomatolog\u00eda de este tipo; as\u00ed como trabajadores \nde la aduana, migraci\u00f3n y extranjer\u00eda, control sanitario internacional, \nen puertos y aeropuertos, y otros que est\u00e1n expuestos por la labor que \nrealizan.&nbsp;<\/p>\n\n\n\n<p><strong>Cuba trabaja en candidatos vacunales<\/strong><\/p>\n\n\n\n<p>Los cient\u00edficos cubanos, \nfundamentalmente de Biocubafarma, trabajan en algunos candidatos \nvacunales, todav\u00eda en fase investigativa, inform\u00f3 el funcionario del \nMinisterio de Salud P\u00fablica.<\/p>\n\n\n\n<p>Explic\u00f3 que \u201cse afianzan los esquemas \nque ya inicialmente hab\u00edamos aplicado, el papel del Interfer\u00f3n y se \nbusca tambi\u00e9n algunos nuevos medicamentos que pudieran combatir esta \nenfermedad, incluso desde el punto de vista de la prevenci\u00f3n, que \ntambi\u00e9n est\u00e1n en fase de investigaci\u00f3n y desarrollo\u201d.<\/p>\n\n\n\n<p>Precis\u00f3 que <strong>el pa\u00eds se mantiene sin transmisi\u00f3n local de la enfermedad<\/strong>.\n \u201cHasta ahora no podemos hablar que un cubano, que no ha tenido ninguna \nrelaci\u00f3n con una persona que haya venido del exterior o que haya viajado\n al exterior, ha sido confirmado con la COVID-19\u201d.<\/p>\n\n\n\n<p>Dentro de las mismas relaciones, unos \naparecen primero, otros despu\u00e9s, pero todos por el mismo contacto \n-expuso-, una persona extranjera o cubano que haya venido del exterior.&nbsp;<\/p>\n\n\n\n<p><strong>Actualizaci\u00f3n de la situaci\u00f3n epidemiol\u00f3gica<\/strong><\/p>\n\n\n\n<p>Este 25 de marzo se confirmaron otros 10\n casos de la COVID-19 en Cuba, por lo que ya suman 67 en el pa\u00eds. De \nestos pacientes, se mantienen ingresados 64, de los cuales uno est\u00e1 en \nestado cr\u00edtico y otro reportado como grave. Los dem\u00e1s muestran una \nevoluci\u00f3n cl\u00ednica estable.<\/p>\n\n\n\n<p>El ciudadano ruso de 45 a\u00f1os de edad, \nque estaba reportado en estado cr\u00edtico desde hac\u00eda varios d\u00edas, falleci\u00f3\n en la madrugada de este jueves, pese al esfuerzo de los m\u00e9dicos \ncubanos, por complicaciones de la propia enfermedad y otras patolog\u00edas \nque ten\u00eda como antecedente, en su caso diabetes mellitus, inform\u00f3 el Dr.\n Francisco Dur\u00e1n. &nbsp;<\/p>\n\n\n\n<p>Hasta la fecha <strong>se han realizado \n893 muestras para detectar la enfermedad que causa el SARS-CoV-2 y se \nencuentran ingresados en vigilancia cl\u00ednico epidemiol\u00f3gica mil 603 \npacientes<\/strong>, de ellos 148 extranjeros y mil 455 cubanos.<\/p>\n\n\n\n<p>Indic\u00f3 el funcionario del Minsap que, <strong>como\n parte de la vigilancia de otros virus respiratorios, se han investigado\n m\u00e1s de mil 500 pacientes, de ellos resultaron positivos 606 y es la \nInfluenza A la que mayormente se mantiene circulando en el pa\u00eds<\/strong>.&nbsp;<\/p>\n\n\n\n<p>La Organizaci\u00f3n Mundial de la Salud \nreporta un total de 171 pa\u00edses con el nuevo coronavirus \u2013125 pa\u00edses con \ntransmisi\u00f3n establecida\u2013, incorpor\u00e1ndose en las \u00faltimas horas Laos y \nLibia. Se han confirmado 416 mil 916 casos y m\u00e1s de 18 mil 500 \nfallecidos.<\/p>\n\n\n\n<p>En la regi\u00f3n de las Am\u00e9ricas, 34 \nnaciones est\u00e1n afectadas y 12 territorios ultramar. Se han registrado 64\n mil 808 casos y 951 personas han muerto.<\/p>\n\n\n\n<p><a href=\"http:\/\/www.sld.cu\/noticia\/2020\/03\/26\/toda-la-poblacion-debe-usar-el-nasobuco-fuera-de-casa\">Fuente:Infomed<\/a><\/p>\n","protected":false},"excerpt":{"rendered":"<p>El Ministerio de Salud P\u00fablica (Minsap) actualiz\u00f3 este mi\u00e9rcoles sobre la situaci\u00f3n epidemiol\u00f3gica del pa\u00eds respecto a la COVID-19,  enfermedad por la que se confirman en el territorio 67 casos, e  insisti\u00f3 en la importancia de la auto responsabilidad para la protecci\u00f3n  y evitar la transmisi\u00f3n.<\/p><p><a class=\"more-link btn\" href=\"https:\/\/instituciones.gtm.sld.cu\/hgdan\/toda-la-poblacion-debe-usar-el-nasobuco-fuera-de-casa\/\">Seguir leyendo<\/a><\/p>\n","protected":false},"author":4,"featured_media":0,"comment_status":"open","ping_status":"closed","sticky":false,"template":"","format":"standard","meta":{"ngg_post_thumbnail":0},"categories":[1],"tags":[],"yoast_head":"<!-- This site is optimized with the Yoast SEO plugin v21.8 - https:\/\/yoast.com\/wordpress\/plugins\/seo\/ -->\n<title>Toda la poblaci\u00f3n debe usar el nasobuco fuera de casa - Hospital General Docente \u201cDr. Agostinho Neto\u201d<\/title>\n<meta name=\"robots\" content=\"index, follow, max-snippet:-1, max-image-preview:large, max-video-preview:-1\" \/>\n<link rel=\"canonical\" href=\"https:\/\/instituciones.gtm.sld.cu\/hgdan\/toda-la-poblacion-debe-usar-el-nasobuco-fuera-de-casa\/\" \/>\n<meta property=\"og:locale\" content=\"es_ES\" \/>\n<meta property=\"og:type\" content=\"article\" \/>\n<meta property=\"og:title\" content=\"Toda la poblaci\u00f3n debe usar el nasobuco fuera de casa - Hospital General Docente \u201cDr. Agostinho Neto\u201d\" \/>\n<meta property=\"og:description\" content=\"El Ministerio de Salud P\u00fablica (Minsap) actualiz\u00f3 este mi\u00e9rcoles sobre la situaci\u00f3n epidemiol\u00f3gica del pa\u00eds respecto a la COVID-19, enfermedad por la que se confirman en el territorio 67 casos, e insisti\u00f3 en la importancia de la auto responsabilidad para la protecci\u00f3n y evitar la transmisi\u00f3n.\" \/>\n<meta property=\"og:url\" content=\"https:\/\/instituciones.gtm.sld.cu\/hgdan\/toda-la-poblacion-debe-usar-el-nasobuco-fuera-de-casa\/\" \/>\n<meta property=\"og:site_name\" content=\"Hospital General Docente \u201cDr. Agostinho Neto\u201d\" \/>\n<meta property=\"article:published_time\" content=\"2020-03-28T12:30:47+00:00\" \/>\n<meta property=\"article:modified_time\" content=\"2020-03-28T15:59:02+00:00\" \/>\n<meta name=\"twitter:card\" content=\"summary_large_image\" \/>\n<meta name=\"twitter:label1\" content=\"Escrito por\" \/>\n\t<meta name=\"twitter:data1\" content=\"\" \/>\n\t<meta name=\"twitter:label2\" content=\"Tiempo de lectura\" \/>\n\t<meta name=\"twitter:data2\" content=\"4 minutos\" \/>\n<script type=\"application\/ld+json\" class=\"yoast-schema-graph\">{\"@context\":\"https:\/\/schema.org\",\"@graph\":[{\"@type\":\"WebPage\",\"@id\":\"https:\/\/instituciones.gtm.sld.cu\/hgdan\/toda-la-poblacion-debe-usar-el-nasobuco-fuera-de-casa\/\",\"url\":\"https:\/\/instituciones.gtm.sld.cu\/hgdan\/toda-la-poblacion-debe-usar-el-nasobuco-fuera-de-casa\/\",\"name\":\"Toda la poblaci\u00f3n debe usar el nasobuco fuera de casa - Hospital General Docente \u201cDr. Agostinho Neto\u201d\",\"isPartOf\":{\"@id\":\"https:\/\/instituciones.gtm.sld.cu\/hgdan\/#website\"},\"datePublished\":\"2020-03-28T12:30:47+00:00\",\"dateModified\":\"2020-03-28T15:59:02+00:00\",\"author\":{\"@id\":\"\"},\"breadcrumb\":{\"@id\":\"https:\/\/instituciones.gtm.sld.cu\/hgdan\/toda-la-poblacion-debe-usar-el-nasobuco-fuera-de-casa\/#breadcrumb\"},\"inLanguage\":\"es\",\"potentialAction\":[{\"@type\":\"ReadAction\",\"target\":[\"https:\/\/instituciones.gtm.sld.cu\/hgdan\/toda-la-poblacion-debe-usar-el-nasobuco-fuera-de-casa\/\"]}]},{\"@type\":\"BreadcrumbList\",\"@id\":\"https:\/\/instituciones.gtm.sld.cu\/hgdan\/toda-la-poblacion-debe-usar-el-nasobuco-fuera-de-casa\/#breadcrumb\",\"itemListElement\":[{\"@type\":\"ListItem\",\"position\":1,\"name\":\"Portada\",\"item\":\"https:\/\/instituciones.gtm.sld.cu\/hgdan\/\"},{\"@type\":\"ListItem\",\"position\":2,\"name\":\"Toda la poblaci\u00f3n debe usar el nasobuco fuera de casa\"}]},{\"@type\":\"WebSite\",\"@id\":\"https:\/\/instituciones.gtm.sld.cu\/hgdan\/#website\",\"url\":\"https:\/\/instituciones.gtm.sld.cu\/hgdan\/\",\"name\":\"Hospital General Docente \u201cDr. Agostinho Neto\u201d\",\"description\":\"Hospital General Docente \u201cDr. Agostinho Neto\u201d\",\"potentialAction\":[{\"@type\":\"SearchAction\",\"target\":{\"@type\":\"EntryPoint\",\"urlTemplate\":\"https:\/\/instituciones.gtm.sld.cu\/hgdan\/?s={search_term_string}\"},\"query-input\":\"required name=search_term_string\"}],\"inLanguage\":\"es\"},{\"@type\":\"Person\",\"@id\":\"\",\"url\":\"https:\/\/instituciones.gtm.sld.cu\/hgdan\/author\/\"}]}<\/script>\n<!-- \/ Yoast SEO plugin. -->","yoast_head_json":{"title":"Toda la poblaci\u00f3n debe usar el nasobuco fuera de casa - Hospital General Docente \u201cDr. Agostinho Neto\u201d","robots":{"index":"index","follow":"follow","max-snippet":"max-snippet:-1","max-image-preview":"max-image-preview:large","max-video-preview":"max-video-preview:-1"},"canonical":"https:\/\/instituciones.gtm.sld.cu\/hgdan\/toda-la-poblacion-debe-usar-el-nasobuco-fuera-de-casa\/","og_locale":"es_ES","og_type":"article","og_title":"Toda la poblaci\u00f3n debe usar el nasobuco fuera de casa - Hospital General Docente \u201cDr. Agostinho Neto\u201d","og_description":"El Ministerio de Salud P\u00fablica (Minsap) actualiz\u00f3 este mi\u00e9rcoles sobre la situaci\u00f3n epidemiol\u00f3gica del pa\u00eds respecto a la COVID-19, enfermedad por la que se confirman en el territorio 67 casos, e insisti\u00f3 en la importancia de la auto responsabilidad para la protecci\u00f3n y evitar la transmisi\u00f3n.","og_url":"https:\/\/instituciones.gtm.sld.cu\/hgdan\/toda-la-poblacion-debe-usar-el-nasobuco-fuera-de-casa\/","og_site_name":"Hospital General Docente \u201cDr. Agostinho Neto\u201d","article_published_time":"2020-03-28T12:30:47+00:00","article_modified_time":"2020-03-28T15:59:02+00:00","twitter_card":"summary_large_image","twitter_misc":{"Escrito por":"","Tiempo de lectura":"4 minutos"},"schema":{"@context":"https:\/\/schema.org","@graph":[{"@type":"WebPage","@id":"https:\/\/instituciones.gtm.sld.cu\/hgdan\/toda-la-poblacion-debe-usar-el-nasobuco-fuera-de-casa\/","url":"https:\/\/instituciones.gtm.sld.cu\/hgdan\/toda-la-poblacion-debe-usar-el-nasobuco-fuera-de-casa\/","name":"Toda la poblaci\u00f3n debe usar el nasobuco fuera de casa - Hospital General Docente \u201cDr. Agostinho Neto\u201d","isPartOf":{"@id":"https:\/\/instituciones.gtm.sld.cu\/hgdan\/#website"},"datePublished":"2020-03-28T12:30:47+00:00","dateModified":"2020-03-28T15:59:02+00:00","author":{"@id":""},"breadcrumb":{"@id":"https:\/\/instituciones.gtm.sld.cu\/hgdan\/toda-la-poblacion-debe-usar-el-nasobuco-fuera-de-casa\/#breadcrumb"},"inLanguage":"es","potentialAction":[{"@type":"ReadAction","target":["https:\/\/instituciones.gtm.sld.cu\/hgdan\/toda-la-poblacion-debe-usar-el-nasobuco-fuera-de-casa\/"]}]},{"@type":"BreadcrumbList","@id":"https:\/\/instituciones.gtm.sld.cu\/hgdan\/toda-la-poblacion-debe-usar-el-nasobuco-fuera-de-casa\/#breadcrumb","itemListElement":[{"@type":"ListItem","position":1,"name":"Portada","item":"https:\/\/instituciones.gtm.sld.cu\/hgdan\/"},{"@type":"ListItem","position":2,"name":"Toda la poblaci\u00f3n debe usar el nasobuco fuera de casa"}]},{"@type":"WebSite","@id":"https:\/\/instituciones.gtm.sld.cu\/hgdan\/#website","url":"https:\/\/instituciones.gtm.sld.cu\/hgdan\/","name":"Hospital General Docente \u201cDr. Agostinho Neto\u201d","description":"Hospital General Docente \u201cDr. Agostinho Neto\u201d","potentialAction":[{"@type":"SearchAction","target":{"@type":"EntryPoint","urlTemplate":"https:\/\/instituciones.gtm.sld.cu\/hgdan\/?s={search_term_string}"},"query-input":"required name=search_term_string"}],"inLanguage":"es"},{"@type":"Person","@id":"","url":"https:\/\/instituciones.gtm.sld.cu\/hgdan\/author\/"}]}},"jetpack_featured_media_url":"","_links":{"self":[{"href":"https:\/\/instituciones.gtm.sld.cu\/hgdan\/wp-json\/wp\/v2\/posts\/2155"}],"collection":[{"href":"https:\/\/instituciones.gtm.sld.cu\/hgdan\/wp-json\/wp\/v2\/posts"}],"about":[{"href":"https:\/\/instituciones.gtm.sld.cu\/hgdan\/wp-json\/wp\/v2\/types\/post"}],"author":[{"embeddable":true,"href":"https:\/\/instituciones.gtm.sld.cu\/hgdan\/wp-json\/wp\/v2\/users\/4"}],"replies":[{"embeddable":true,"href":"https:\/\/instituciones.gtm.sld.cu\/hgdan\/wp-json\/wp\/v2\/comments?post=2155"}],"version-history":[{"count":1,"href":"https:\/\/instituciones.gtm.sld.cu\/hgdan\/wp-json\/wp\/v2\/posts\/2155\/revisions"}],"predecessor-version":[{"id":2157,"href":"https:\/\/instituciones.gtm.sld.cu\/hgdan\/wp-json\/wp\/v2\/posts\/2155\/revisions\/2157"}],"wp:attachment":[{"href":"https:\/\/instituciones.gtm.sld.cu\/hgdan\/wp-json\/wp\/v2\/media?parent=2155"}],"wp:term":[{"taxonomy":"category","embeddable":true,"href":"https:\/\/instituciones.gtm.sld.cu\/hgdan\/wp-json\/wp\/v2\/categories?post=2155"},{"taxonomy":"post_tag","embeddable":true,"href":"https:\/\/instituciones.gtm.sld.cu\/hgdan\/wp-json\/wp\/v2\/tags?post=2155"}],"curies":[{"name":"wp","href":"https:\/\/api.w.org\/{rel}","templated":true}]}}