{"id":2168,"date":"2020-05-12T18:01:22","date_gmt":"2020-05-12T22:01:22","guid":{"rendered":"http:\/\/instituciones.gtm.sld.cu\/hgdan\/?p=2168"},"modified":"2020-05-12T18:03:29","modified_gmt":"2020-05-12T22:03:29","slug":"dia-internacional-de-la-enfermeria-2020","status":"publish","type":"post","link":"https:\/\/instituciones.gtm.sld.cu\/hgdan\/dia-internacional-de-la-enfermeria-2020\/","title":{"rendered":"D\u00eda Internacional de la Enfermer\u00eda 2020"},"content":{"rendered":"<p>El D\u00eda Internacional de la Enfermer\u00eda se celebra cada 12 de mayo, en conmemoraci\u00f3n al aniversario del nacimiento de <strong>Florence Nightingale<\/strong>. Este a\u00f1o 2020, el Consejo Internacional de Enfermeras (CIE) seleccion\u00f3 como lema central <strong>\u00abEnfermeras: una voz para liderar \u2013 Llevando al mundo hacia la salud\u00bb<\/strong>. El personal de enfermer\u00eda y de salud en general est\u00e1 en la primera l\u00ednea de la lucha para frenar la propagaci\u00f3n de la COVID-19. Arriesgando sus vidas para salvar a otros, nos inspiran a todos con su heroica dedicaci\u00f3n y sacrificio. Las enfermeras y enfermeros que atienden a comunidades vulnerables en las zonas m\u00e1s pobres del mundo corren un riesgo particular ante la enfermedad.<\/p>\n<p>Hay m\u00e1s de 20 millones de enfermeras(os) en todo el mundo y cada una(o) tiene una historia. Entienden de esperanza y valor, alegr\u00eda y desesperaci\u00f3n, dolor y sufrimiento, as\u00ed como de vida y muerte. Al ser una fuerza siempre presente para el bien, escuchan el primer llanto de los beb\u00e9s reci\u00e9n nacidos y son testigos del \u00faltimo aliento de los moribundos. Est\u00e1n presentes en algunos de los momentos m\u00e1s preciados de la vida, al igual que en algunos de los m\u00e1s tr\u00e1gicos, sirven a la humanidad y, mediante sus acciones, protegen la salud y el bienestar de las personas, las comunidades y las naciones.<\/p>\n<p><img decoding=\"async\" loading=\"lazy\" class=\"size-full wp-image-2169 aligncenter\" src=\"http:\/\/instituciones.gtm.sld.cu\/hgdan\/wp-content\/uploads\/sites\/5\/2020\/05\/enfermeria-dia-mundial-02.jpg\" alt=\"\" width=\"800\" height=\"734\" srcset=\"https:\/\/instituciones.gtm.sld.cu\/hgdan\/wp-content\/uploads\/sites\/33\/2020\/05\/enfermeria-dia-mundial-02.jpg 800w, https:\/\/instituciones.gtm.sld.cu\/hgdan\/wp-content\/uploads\/sites\/33\/2020\/05\/enfermeria-dia-mundial-02-300x275.jpg 300w, https:\/\/instituciones.gtm.sld.cu\/hgdan\/wp-content\/uploads\/sites\/33\/2020\/05\/enfermeria-dia-mundial-02-768x705.jpg 768w\" sizes=\"(max-width: 800px) 100vw, 800px\" \/> <img decoding=\"async\" loading=\"lazy\" class=\"size-full wp-image-2170 aligncenter\" src=\"http:\/\/instituciones.gtm.sld.cu\/hgdan\/wp-content\/uploads\/sites\/5\/2020\/05\/enfermeria-dia-mundial-03.jpg\" alt=\"\" width=\"675\" height=\"675\" srcset=\"https:\/\/instituciones.gtm.sld.cu\/hgdan\/wp-content\/uploads\/sites\/33\/2020\/05\/enfermeria-dia-mundial-03.jpg 675w, https:\/\/instituciones.gtm.sld.cu\/hgdan\/wp-content\/uploads\/sites\/33\/2020\/05\/enfermeria-dia-mundial-03-150x150.jpg 150w, https:\/\/instituciones.gtm.sld.cu\/hgdan\/wp-content\/uploads\/sites\/33\/2020\/05\/enfermeria-dia-mundial-03-300x300.jpg 300w\" sizes=\"(max-width: 675px) 100vw, 675px\" \/><\/p>\n","protected":false},"excerpt":{"rendered":"<p>El D\u00eda Internacional de la Enfermer\u00eda se celebra cada 12 de mayo, en conmemoraci\u00f3n al aniversario del nacimiento de Florence Nightingale. Este a\u00f1o 2020, el Consejo Internacional de Enfermeras (CIE) seleccion\u00f3 como lema central \u00abEnfermeras: una voz para liderar \u2013 Llevando al mundo hacia la salud\u00bb.<\/p><p><a class=\"more-link btn\" href=\"https:\/\/instituciones.gtm.sld.cu\/hgdan\/dia-internacional-de-la-enfermeria-2020\/\">Seguir leyendo<\/a><\/p>\n","protected":false},"author":4,"featured_media":2171,"comment_status":"open","ping_status":"closed","sticky":false,"template":"","format":"standard","meta":{"ngg_post_thumbnail":0},"categories":[1],"tags":[],"yoast_head":"<!-- This site is optimized with the Yoast SEO plugin v21.8 - https:\/\/yoast.com\/wordpress\/plugins\/seo\/ -->\n<title>D\u00eda Internacional de la Enfermer\u00eda 2020 - Hospital General Docente \u201cDr. Agostinho Neto\u201d<\/title>\n<meta name=\"robots\" content=\"index, follow, max-snippet:-1, max-image-preview:large, max-video-preview:-1\" \/>\n<link rel=\"canonical\" href=\"https:\/\/instituciones.gtm.sld.cu\/hgdan\/dia-internacional-de-la-enfermeria-2020\/\" \/>\n<meta property=\"og:locale\" content=\"es_ES\" \/>\n<meta property=\"og:type\" content=\"article\" \/>\n<meta property=\"og:title\" content=\"D\u00eda Internacional de la Enfermer\u00eda 2020 - Hospital General Docente \u201cDr. Agostinho Neto\u201d\" \/>\n<meta property=\"og:description\" content=\"El D\u00eda Internacional de la Enfermer\u00eda se celebra cada 12 de mayo, en conmemoraci\u00f3n al aniversario del nacimiento de Florence Nightingale. Este a\u00f1o 2020, el Consejo Internacional de Enfermeras (CIE) seleccion\u00f3 como lema central &quot;Enfermeras: una voz para liderar \u2013 Llevando al mundo hacia la salud&quot;.\" \/>\n<meta property=\"og:url\" content=\"https:\/\/instituciones.gtm.sld.cu\/hgdan\/dia-internacional-de-la-enfermeria-2020\/\" \/>\n<meta property=\"og:site_name\" content=\"Hospital General Docente \u201cDr. Agostinho Neto\u201d\" \/>\n<meta property=\"article:published_time\" content=\"2020-05-12T22:01:22+00:00\" \/>\n<meta property=\"article:modified_time\" content=\"2020-05-12T22:03:29+00:00\" \/>\n<meta property=\"og:image\" content=\"https:\/\/instituciones.gtm.sld.cu\/hgdan\/wp-content\/uploads\/sites\/33\/2020\/05\/enfermerialog1_Mesa_de_trabajo_1-650x502.png\" \/>\n\t<meta property=\"og:image:width\" content=\"308\" \/>\n\t<meta property=\"og:image:height\" content=\"210\" \/>\n\t<meta property=\"og:image:type\" content=\"image\/png\" \/>\n<meta name=\"twitter:card\" content=\"summary_large_image\" \/>\n<meta name=\"twitter:label1\" content=\"Escrito por\" \/>\n\t<meta name=\"twitter:data1\" content=\"\" \/>\n\t<meta name=\"twitter:label2\" content=\"Tiempo de lectura\" \/>\n\t<meta name=\"twitter:data2\" content=\"1 minuto\" \/>\n<script type=\"application\/ld+json\" class=\"yoast-schema-graph\">{\"@context\":\"https:\/\/schema.org\",\"@graph\":[{\"@type\":\"WebPage\",\"@id\":\"https:\/\/instituciones.gtm.sld.cu\/hgdan\/dia-internacional-de-la-enfermeria-2020\/\",\"url\":\"https:\/\/instituciones.gtm.sld.cu\/hgdan\/dia-internacional-de-la-enfermeria-2020\/\",\"name\":\"D\u00eda Internacional de la Enfermer\u00eda 2020 - Hospital General Docente \u201cDr. Agostinho Neto\u201d\",\"isPartOf\":{\"@id\":\"https:\/\/instituciones.gtm.sld.cu\/hgdan\/#website\"},\"datePublished\":\"2020-05-12T22:01:22+00:00\",\"dateModified\":\"2020-05-12T22:03:29+00:00\",\"author\":{\"@id\":\"\"},\"breadcrumb\":{\"@id\":\"https:\/\/instituciones.gtm.sld.cu\/hgdan\/dia-internacional-de-la-enfermeria-2020\/#breadcrumb\"},\"inLanguage\":\"es\",\"potentialAction\":[{\"@type\":\"ReadAction\",\"target\":[\"https:\/\/instituciones.gtm.sld.cu\/hgdan\/dia-internacional-de-la-enfermeria-2020\/\"]}]},{\"@type\":\"BreadcrumbList\",\"@id\":\"https:\/\/instituciones.gtm.sld.cu\/hgdan\/dia-internacional-de-la-enfermeria-2020\/#breadcrumb\",\"itemListElement\":[{\"@type\":\"ListItem\",\"position\":1,\"name\":\"Portada\",\"item\":\"https:\/\/instituciones.gtm.sld.cu\/hgdan\/\"},{\"@type\":\"ListItem\",\"position\":2,\"name\":\"D\u00eda Internacional de la Enfermer\u00eda 2020\"}]},{\"@type\":\"WebSite\",\"@id\":\"https:\/\/instituciones.gtm.sld.cu\/hgdan\/#website\",\"url\":\"https:\/\/instituciones.gtm.sld.cu\/hgdan\/\",\"name\":\"Hospital General Docente \u201cDr. Agostinho Neto\u201d\",\"description\":\"Hospital General Docente \u201cDr. Agostinho Neto\u201d\",\"potentialAction\":[{\"@type\":\"SearchAction\",\"target\":{\"@type\":\"EntryPoint\",\"urlTemplate\":\"https:\/\/instituciones.gtm.sld.cu\/hgdan\/?s={search_term_string}\"},\"query-input\":\"required name=search_term_string\"}],\"inLanguage\":\"es\"},{\"@type\":\"Person\",\"@id\":\"\",\"url\":\"https:\/\/instituciones.gtm.sld.cu\/hgdan\/author\/\"}]}<\/script>\n<!-- \/ Yoast SEO plugin. -->","yoast_head_json":{"title":"D\u00eda Internacional de la Enfermer\u00eda 2020 - Hospital General Docente \u201cDr. Agostinho Neto\u201d","robots":{"index":"index","follow":"follow","max-snippet":"max-snippet:-1","max-image-preview":"max-image-preview:large","max-video-preview":"max-video-preview:-1"},"canonical":"https:\/\/instituciones.gtm.sld.cu\/hgdan\/dia-internacional-de-la-enfermeria-2020\/","og_locale":"es_ES","og_type":"article","og_title":"D\u00eda Internacional de la Enfermer\u00eda 2020 - Hospital General Docente \u201cDr. Agostinho Neto\u201d","og_description":"El D\u00eda Internacional de la Enfermer\u00eda se celebra cada 12 de mayo, en conmemoraci\u00f3n al aniversario del nacimiento de Florence Nightingale. Este a\u00f1o 2020, el Consejo Internacional de Enfermeras (CIE) seleccion\u00f3 como lema central \"Enfermeras: una voz para liderar \u2013 Llevando al mundo hacia la salud\".","og_url":"https:\/\/instituciones.gtm.sld.cu\/hgdan\/dia-internacional-de-la-enfermeria-2020\/","og_site_name":"Hospital General Docente \u201cDr. Agostinho Neto\u201d","article_published_time":"2020-05-12T22:01:22+00:00","article_modified_time":"2020-05-12T22:03:29+00:00","og_image":[{"width":308,"height":210,"url":"https:\/\/instituciones.gtm.sld.cu\/hgdan\/wp-content\/uploads\/sites\/33\/2020\/05\/enfermerialog1_Mesa_de_trabajo_1-650x502.png","type":"image\/png"}],"twitter_card":"summary_large_image","twitter_misc":{"Escrito por":"","Tiempo de lectura":"1 minuto"},"schema":{"@context":"https:\/\/schema.org","@graph":[{"@type":"WebPage","@id":"https:\/\/instituciones.gtm.sld.cu\/hgdan\/dia-internacional-de-la-enfermeria-2020\/","url":"https:\/\/instituciones.gtm.sld.cu\/hgdan\/dia-internacional-de-la-enfermeria-2020\/","name":"D\u00eda Internacional de la Enfermer\u00eda 2020 - Hospital General Docente \u201cDr. Agostinho Neto\u201d","isPartOf":{"@id":"https:\/\/instituciones.gtm.sld.cu\/hgdan\/#website"},"datePublished":"2020-05-12T22:01:22+00:00","dateModified":"2020-05-12T22:03:29+00:00","author":{"@id":""},"breadcrumb":{"@id":"https:\/\/instituciones.gtm.sld.cu\/hgdan\/dia-internacional-de-la-enfermeria-2020\/#breadcrumb"},"inLanguage":"es","potentialAction":[{"@type":"ReadAction","target":["https:\/\/instituciones.gtm.sld.cu\/hgdan\/dia-internacional-de-la-enfermeria-2020\/"]}]},{"@type":"BreadcrumbList","@id":"https:\/\/instituciones.gtm.sld.cu\/hgdan\/dia-internacional-de-la-enfermeria-2020\/#breadcrumb","itemListElement":[{"@type":"ListItem","position":1,"name":"Portada","item":"https:\/\/instituciones.gtm.sld.cu\/hgdan\/"},{"@type":"ListItem","position":2,"name":"D\u00eda Internacional de la Enfermer\u00eda 2020"}]},{"@type":"WebSite","@id":"https:\/\/instituciones.gtm.sld.cu\/hgdan\/#website","url":"https:\/\/instituciones.gtm.sld.cu\/hgdan\/","name":"Hospital General Docente \u201cDr. Agostinho Neto\u201d","description":"Hospital General Docente \u201cDr. Agostinho Neto\u201d","potentialAction":[{"@type":"SearchAction","target":{"@type":"EntryPoint","urlTemplate":"https:\/\/instituciones.gtm.sld.cu\/hgdan\/?s={search_term_string}"},"query-input":"required name=search_term_string"}],"inLanguage":"es"},{"@type":"Person","@id":"","url":"https:\/\/instituciones.gtm.sld.cu\/hgdan\/author\/"}]}},"jetpack_featured_media_url":"https:\/\/instituciones.gtm.sld.cu\/hgdan\/wp-content\/uploads\/sites\/33\/2020\/05\/enfermerialog1_Mesa_de_trabajo_1-650x502.png","_links":{"self":[{"href":"https:\/\/instituciones.gtm.sld.cu\/hgdan\/wp-json\/wp\/v2\/posts\/2168"}],"collection":[{"href":"https:\/\/instituciones.gtm.sld.cu\/hgdan\/wp-json\/wp\/v2\/posts"}],"about":[{"href":"https:\/\/instituciones.gtm.sld.cu\/hgdan\/wp-json\/wp\/v2\/types\/post"}],"author":[{"embeddable":true,"href":"https:\/\/instituciones.gtm.sld.cu\/hgdan\/wp-json\/wp\/v2\/users\/4"}],"replies":[{"embeddable":true,"href":"https:\/\/instituciones.gtm.sld.cu\/hgdan\/wp-json\/wp\/v2\/comments?post=2168"}],"version-history":[{"count":4,"href":"https:\/\/instituciones.gtm.sld.cu\/hgdan\/wp-json\/wp\/v2\/posts\/2168\/revisions"}],"predecessor-version":[{"id":2175,"href":"https:\/\/instituciones.gtm.sld.cu\/hgdan\/wp-json\/wp\/v2\/posts\/2168\/revisions\/2175"}],"wp:featuredmedia":[{"embeddable":true,"href":"https:\/\/instituciones.gtm.sld.cu\/hgdan\/wp-json\/wp\/v2\/media\/2171"}],"wp:attachment":[{"href":"https:\/\/instituciones.gtm.sld.cu\/hgdan\/wp-json\/wp\/v2\/media?parent=2168"}],"wp:term":[{"taxonomy":"category","embeddable":true,"href":"https:\/\/instituciones.gtm.sld.cu\/hgdan\/wp-json\/wp\/v2\/categories?post=2168"},{"taxonomy":"post_tag","embeddable":true,"href":"https:\/\/instituciones.gtm.sld.cu\/hgdan\/wp-json\/wp\/v2\/tags?post=2168"}],"curies":[{"name":"wp","href":"https:\/\/api.w.org\/{rel}","templated":true}]}}