{"id":2190,"date":"2020-08-03T08:55:16","date_gmt":"2020-08-03T12:55:16","guid":{"rendered":"http:\/\/instituciones.gtm.sld.cu\/hgdan\/?p=2190"},"modified":"2020-08-04T16:00:01","modified_gmt":"2020-08-04T20:00:01","slug":"semana-mundial-de-la-lactancia-materna-2020","status":"publish","type":"post","link":"https:\/\/instituciones.gtm.sld.cu\/hgdan\/semana-mundial-de-la-lactancia-materna-2020\/","title":{"rendered":"Semana Mundial de la Lactancia Materna 2020"},"content":{"rendered":"\n<p>La <a href=\"https:\/\/es.wikipedia.org\/wiki\/Semana_Mundial_de_la_Lactancia_Materna\" target=\"_blank\" rel=\"noreferrer noopener\">Semana Mundial de Lactancia Materna<\/a>,&nbsp;instaurada oficialmente en 1992 por la <a href=\"http:\/\/www.who.int\/es\" target=\"_blank\" rel=\"noreferrer noopener\">Organizaci\u00f3n Mundial de la Salud (OMS)<\/a> y la <a href=\"http:\/\/www.unicef.org\/es\" target=\"_blank\" rel=\"noreferrer noopener\">UNICEF,<\/a> se celebra anualmente del 1 al 7 de agosto. Este a\u00f1o, el lema seleccionado es<strong> <a href=\"https:\/\/worldbreastfeedingweek.org\/\" target=\"_blank\" rel=\"noreferrer noopener\">\u201cApoye la lactancia materna, por un planeta saludable\u201d <\/a><\/strong>y\n la celebraci\u00f3n se centrar\u00e1 en el impacto de la alimentaci\u00f3n infantil en\n el medio ambiente y el cambio clim\u00e1tico, as\u00ed como en la necesidad \nurgente de proteger, promover y apoyar la lactancia materna para la \nsalud de las personas y del planeta.<\/p>\n\n\n\n<p>La leche materna es el mejor alimento para el beb\u00e9 y sus beneficios \ntambi\u00e9n se reflejan en la madre, la familia, la sociedad y las naciones.\n Fomenta el desarrollo sensorial y cognitivo, y protege de las \nenfermedades infecciosas y cr\u00f3nicas, reduce la mortalidad por \npadecimientos frecuentes en la infancia y ayuda a una recuperaci\u00f3n m\u00e1s \nr\u00e1pida.<\/p>\n\n\n\n<p>Es por ello que la <a rel=\"noreferrer noopener\" href=\"http:\/\/www.who.int\/es\" target=\"_blank\">OMS <\/a>recomienda  amamantar exclusivamente a los ni\u00f1os durante los primeros seis meses y  mantener la lactancia continua con alimentos complementarios apropiados  hasta los dos a\u00f1os de edad o m\u00e1s.<\/p>\n\n\n\n<figure class=\"wp-block-image\"><img decoding=\"async\" loading=\"lazy\" width=\"724\" height=\"1024\" src=\"http:\/\/instituciones.gtm.sld.cu\/hgdan\/wp-content\/uploads\/sites\/5\/2020\/08\/poster_spanish_lactancia_materna_2020-724x1024.jpg\" alt=\"\" class=\"wp-image-2192\" srcset=\"https:\/\/instituciones.gtm.sld.cu\/hgdan\/wp-content\/uploads\/sites\/33\/2020\/08\/poster_spanish_lactancia_materna_2020-724x1024.jpg 724w, https:\/\/instituciones.gtm.sld.cu\/hgdan\/wp-content\/uploads\/sites\/33\/2020\/08\/poster_spanish_lactancia_materna_2020-212x300.jpg 212w, https:\/\/instituciones.gtm.sld.cu\/hgdan\/wp-content\/uploads\/sites\/33\/2020\/08\/poster_spanish_lactancia_materna_2020-768x1086.jpg 768w, https:\/\/instituciones.gtm.sld.cu\/hgdan\/wp-content\/uploads\/sites\/33\/2020\/08\/poster_spanish_lactancia_materna_2020.jpg 1654w\" sizes=\"(max-width: 724px) 100vw, 724px\" \/><figcaption>Poster de Campa\u00f1a de Lactancia Materna 2020<\/figcaption><\/figure>\n","protected":false},"excerpt":{"rendered":"<p>La Semana Mundial de Lactancia Materna,\u00a0instaurada oficialmente en 1992 por la Organizaci\u00f3n Mundial de la Salud (OMS) y la UNICEF, se celebra anualmente del 1 al 7 de agosto. Este a\u00f1o, el lema seleccionado es \u201cApoye la lactancia materna, por un planeta saludable\u201d y la celebraci\u00f3n se centrar\u00e1 en el impacto de la alimentaci\u00f3n infantil en el medio ambiente y el cambio clim\u00e1tico, as\u00ed como en la necesidad urgente de proteger, promover y apoyar la lactancia materna para la salud de las personas y del planeta.<\/p><p><a class=\"more-link btn\" href=\"https:\/\/instituciones.gtm.sld.cu\/hgdan\/semana-mundial-de-la-lactancia-materna-2020\/\">Seguir leyendo<\/a><\/p>\n","protected":false},"author":4,"featured_media":2193,"comment_status":"open","ping_status":"closed","sticky":false,"template":"","format":"standard","meta":{"ngg_post_thumbnail":0},"categories":[9],"tags":[],"yoast_head":"<!-- This site is optimized with the Yoast SEO plugin v21.8 - https:\/\/yoast.com\/wordpress\/plugins\/seo\/ -->\n<title>Semana Mundial de la Lactancia Materna 2020 - Hospital General Docente \u201cDr. Agostinho Neto\u201d<\/title>\n<meta name=\"robots\" content=\"index, follow, max-snippet:-1, max-image-preview:large, max-video-preview:-1\" \/>\n<link rel=\"canonical\" href=\"https:\/\/instituciones.gtm.sld.cu\/hgdan\/semana-mundial-de-la-lactancia-materna-2020\/\" \/>\n<meta property=\"og:locale\" content=\"es_ES\" \/>\n<meta property=\"og:type\" content=\"article\" \/>\n<meta property=\"og:title\" content=\"Semana Mundial de la Lactancia Materna 2020 - Hospital General Docente \u201cDr. Agostinho Neto\u201d\" \/>\n<meta property=\"og:description\" content=\"La Semana Mundial de Lactancia Materna,\u00a0instaurada oficialmente en 1992 por la Organizaci\u00f3n Mundial de la Salud (OMS) y la UNICEF, se celebra anualmente del 1 al 7 de agosto. Este a\u00f1o, el lema seleccionado es \u201cApoye la lactancia materna, por un planeta saludable\u201d y la celebraci\u00f3n se centrar\u00e1 en el impacto de la alimentaci\u00f3n infantil en el medio ambiente y el cambio clim\u00e1tico, as\u00ed como en la necesidad urgente de proteger, promover y apoyar la lactancia materna para la salud de las personas y del planeta.\" \/>\n<meta property=\"og:url\" content=\"https:\/\/instituciones.gtm.sld.cu\/hgdan\/semana-mundial-de-la-lactancia-materna-2020\/\" \/>\n<meta property=\"og:site_name\" content=\"Hospital General Docente \u201cDr. Agostinho Neto\u201d\" \/>\n<meta property=\"article:published_time\" content=\"2020-08-03T12:55:16+00:00\" \/>\n<meta property=\"article:modified_time\" content=\"2020-08-04T20:00:01+00:00\" \/>\n<meta property=\"og:image\" content=\"https:\/\/instituciones.gtm.sld.cu\/hgdan\/wp-content\/uploads\/sites\/33\/2020\/08\/png_lactancia_materna.png\" \/>\n\t<meta property=\"og:image:width\" content=\"225\" \/>\n\t<meta property=\"og:image:height\" content=\"220\" \/>\n\t<meta property=\"og:image:type\" content=\"image\/png\" \/>\n<meta name=\"twitter:card\" content=\"summary_large_image\" \/>\n<meta name=\"twitter:label1\" content=\"Escrito por\" \/>\n\t<meta name=\"twitter:data1\" content=\"\" \/>\n\t<meta name=\"twitter:label2\" content=\"Tiempo de lectura\" \/>\n\t<meta name=\"twitter:data2\" content=\"1 minuto\" \/>\n<script type=\"application\/ld+json\" class=\"yoast-schema-graph\">{\"@context\":\"https:\/\/schema.org\",\"@graph\":[{\"@type\":\"WebPage\",\"@id\":\"https:\/\/instituciones.gtm.sld.cu\/hgdan\/semana-mundial-de-la-lactancia-materna-2020\/\",\"url\":\"https:\/\/instituciones.gtm.sld.cu\/hgdan\/semana-mundial-de-la-lactancia-materna-2020\/\",\"name\":\"Semana Mundial de la Lactancia Materna 2020 - Hospital General Docente \u201cDr. Agostinho Neto\u201d\",\"isPartOf\":{\"@id\":\"https:\/\/instituciones.gtm.sld.cu\/hgdan\/#website\"},\"datePublished\":\"2020-08-03T12:55:16+00:00\",\"dateModified\":\"2020-08-04T20:00:01+00:00\",\"author\":{\"@id\":\"\"},\"breadcrumb\":{\"@id\":\"https:\/\/instituciones.gtm.sld.cu\/hgdan\/semana-mundial-de-la-lactancia-materna-2020\/#breadcrumb\"},\"inLanguage\":\"es\",\"potentialAction\":[{\"@type\":\"ReadAction\",\"target\":[\"https:\/\/instituciones.gtm.sld.cu\/hgdan\/semana-mundial-de-la-lactancia-materna-2020\/\"]}]},{\"@type\":\"BreadcrumbList\",\"@id\":\"https:\/\/instituciones.gtm.sld.cu\/hgdan\/semana-mundial-de-la-lactancia-materna-2020\/#breadcrumb\",\"itemListElement\":[{\"@type\":\"ListItem\",\"position\":1,\"name\":\"Portada\",\"item\":\"https:\/\/instituciones.gtm.sld.cu\/hgdan\/\"},{\"@type\":\"ListItem\",\"position\":2,\"name\":\"Semana Mundial de la Lactancia Materna 2020\"}]},{\"@type\":\"WebSite\",\"@id\":\"https:\/\/instituciones.gtm.sld.cu\/hgdan\/#website\",\"url\":\"https:\/\/instituciones.gtm.sld.cu\/hgdan\/\",\"name\":\"Hospital General Docente \u201cDr. Agostinho Neto\u201d\",\"description\":\"Hospital General Docente \u201cDr. Agostinho Neto\u201d\",\"potentialAction\":[{\"@type\":\"SearchAction\",\"target\":{\"@type\":\"EntryPoint\",\"urlTemplate\":\"https:\/\/instituciones.gtm.sld.cu\/hgdan\/?s={search_term_string}\"},\"query-input\":\"required name=search_term_string\"}],\"inLanguage\":\"es\"},{\"@type\":\"Person\",\"@id\":\"\",\"url\":\"https:\/\/instituciones.gtm.sld.cu\/hgdan\/author\/\"}]}<\/script>\n<!-- \/ Yoast SEO plugin. -->","yoast_head_json":{"title":"Semana Mundial de la Lactancia Materna 2020 - Hospital General Docente \u201cDr. Agostinho Neto\u201d","robots":{"index":"index","follow":"follow","max-snippet":"max-snippet:-1","max-image-preview":"max-image-preview:large","max-video-preview":"max-video-preview:-1"},"canonical":"https:\/\/instituciones.gtm.sld.cu\/hgdan\/semana-mundial-de-la-lactancia-materna-2020\/","og_locale":"es_ES","og_type":"article","og_title":"Semana Mundial de la Lactancia Materna 2020 - Hospital General Docente \u201cDr. Agostinho Neto\u201d","og_description":"La Semana Mundial de Lactancia Materna,\u00a0instaurada oficialmente en 1992 por la Organizaci\u00f3n Mundial de la Salud (OMS) y la UNICEF, se celebra anualmente del 1 al 7 de agosto. Este a\u00f1o, el lema seleccionado es \u201cApoye la lactancia materna, por un planeta saludable\u201d y la celebraci\u00f3n se centrar\u00e1 en el impacto de la alimentaci\u00f3n infantil en el medio ambiente y el cambio clim\u00e1tico, as\u00ed como en la necesidad urgente de proteger, promover y apoyar la lactancia materna para la salud de las personas y del planeta.","og_url":"https:\/\/instituciones.gtm.sld.cu\/hgdan\/semana-mundial-de-la-lactancia-materna-2020\/","og_site_name":"Hospital General Docente \u201cDr. Agostinho Neto\u201d","article_published_time":"2020-08-03T12:55:16+00:00","article_modified_time":"2020-08-04T20:00:01+00:00","og_image":[{"width":225,"height":220,"url":"https:\/\/instituciones.gtm.sld.cu\/hgdan\/wp-content\/uploads\/sites\/33\/2020\/08\/png_lactancia_materna.png","type":"image\/png"}],"twitter_card":"summary_large_image","twitter_misc":{"Escrito por":"","Tiempo de lectura":"1 minuto"},"schema":{"@context":"https:\/\/schema.org","@graph":[{"@type":"WebPage","@id":"https:\/\/instituciones.gtm.sld.cu\/hgdan\/semana-mundial-de-la-lactancia-materna-2020\/","url":"https:\/\/instituciones.gtm.sld.cu\/hgdan\/semana-mundial-de-la-lactancia-materna-2020\/","name":"Semana Mundial de la Lactancia Materna 2020 - Hospital General Docente \u201cDr. Agostinho Neto\u201d","isPartOf":{"@id":"https:\/\/instituciones.gtm.sld.cu\/hgdan\/#website"},"datePublished":"2020-08-03T12:55:16+00:00","dateModified":"2020-08-04T20:00:01+00:00","author":{"@id":""},"breadcrumb":{"@id":"https:\/\/instituciones.gtm.sld.cu\/hgdan\/semana-mundial-de-la-lactancia-materna-2020\/#breadcrumb"},"inLanguage":"es","potentialAction":[{"@type":"ReadAction","target":["https:\/\/instituciones.gtm.sld.cu\/hgdan\/semana-mundial-de-la-lactancia-materna-2020\/"]}]},{"@type":"BreadcrumbList","@id":"https:\/\/instituciones.gtm.sld.cu\/hgdan\/semana-mundial-de-la-lactancia-materna-2020\/#breadcrumb","itemListElement":[{"@type":"ListItem","position":1,"name":"Portada","item":"https:\/\/instituciones.gtm.sld.cu\/hgdan\/"},{"@type":"ListItem","position":2,"name":"Semana Mundial de la Lactancia Materna 2020"}]},{"@type":"WebSite","@id":"https:\/\/instituciones.gtm.sld.cu\/hgdan\/#website","url":"https:\/\/instituciones.gtm.sld.cu\/hgdan\/","name":"Hospital General Docente \u201cDr. Agostinho Neto\u201d","description":"Hospital General Docente \u201cDr. Agostinho Neto\u201d","potentialAction":[{"@type":"SearchAction","target":{"@type":"EntryPoint","urlTemplate":"https:\/\/instituciones.gtm.sld.cu\/hgdan\/?s={search_term_string}"},"query-input":"required name=search_term_string"}],"inLanguage":"es"},{"@type":"Person","@id":"","url":"https:\/\/instituciones.gtm.sld.cu\/hgdan\/author\/"}]}},"jetpack_featured_media_url":"https:\/\/instituciones.gtm.sld.cu\/hgdan\/wp-content\/uploads\/sites\/33\/2020\/08\/png_lactancia_materna.png","_links":{"self":[{"href":"https:\/\/instituciones.gtm.sld.cu\/hgdan\/wp-json\/wp\/v2\/posts\/2190"}],"collection":[{"href":"https:\/\/instituciones.gtm.sld.cu\/hgdan\/wp-json\/wp\/v2\/posts"}],"about":[{"href":"https:\/\/instituciones.gtm.sld.cu\/hgdan\/wp-json\/wp\/v2\/types\/post"}],"author":[{"embeddable":true,"href":"https:\/\/instituciones.gtm.sld.cu\/hgdan\/wp-json\/wp\/v2\/users\/4"}],"replies":[{"embeddable":true,"href":"https:\/\/instituciones.gtm.sld.cu\/hgdan\/wp-json\/wp\/v2\/comments?post=2190"}],"version-history":[{"count":2,"href":"https:\/\/instituciones.gtm.sld.cu\/hgdan\/wp-json\/wp\/v2\/posts\/2190\/revisions"}],"predecessor-version":[{"id":2194,"href":"https:\/\/instituciones.gtm.sld.cu\/hgdan\/wp-json\/wp\/v2\/posts\/2190\/revisions\/2194"}],"wp:featuredmedia":[{"embeddable":true,"href":"https:\/\/instituciones.gtm.sld.cu\/hgdan\/wp-json\/wp\/v2\/media\/2193"}],"wp:attachment":[{"href":"https:\/\/instituciones.gtm.sld.cu\/hgdan\/wp-json\/wp\/v2\/media?parent=2190"}],"wp:term":[{"taxonomy":"category","embeddable":true,"href":"https:\/\/instituciones.gtm.sld.cu\/hgdan\/wp-json\/wp\/v2\/categories?post=2190"},{"taxonomy":"post_tag","embeddable":true,"href":"https:\/\/instituciones.gtm.sld.cu\/hgdan\/wp-json\/wp\/v2\/tags?post=2190"}],"curies":[{"name":"wp","href":"https:\/\/api.w.org\/{rel}","templated":true}]}}