{"id":2253,"date":"2021-12-03T10:00:01","date_gmt":"2021-12-03T15:00:01","guid":{"rendered":"http:\/\/instituciones.gtm.sld.cu\/hgdan\/?p=2253"},"modified":"2021-12-03T10:43:06","modified_gmt":"2021-12-03T15:43:06","slug":"que-se-sabe-de-omicron-la-nueva-variante-de-preocupacion-del-coronavirus","status":"publish","type":"post","link":"https:\/\/instituciones.gtm.sld.cu\/hgdan\/que-se-sabe-de-omicron-la-nueva-variante-de-preocupacion-del-coronavirus\/","title":{"rendered":"\u00bfQu\u00e9 se sabe de \u00f3micron, la nueva variante de preocupaci\u00f3n del coronavirus?"},"content":{"rendered":"<p style=\"text-align: justify\"><strong><img decoding=\"async\" loading=\"lazy\" class=\"size-full wp-image-2301 alignleft\" src=\"http:\/\/instituciones.gtm.sld.cu\/hgdan\/wp-content\/uploads\/sites\/5\/2021\/12\/covid-mundo-580x326.png\" alt=\"\" width=\"188\" height=\"122\" \/>La Organizaci\u00f3n Mundial de la Salud (OMS) declar\u00f3 este viernes que una nueva mutaci\u00f3n del coronavirus es una variante de preocupaci\u00f3n.<\/strong><\/p>\n<p style=\"text-align: justify\">La variante, que recibi\u00f3 el nombre de \u00f3micron, fue reportada a la OMS por primera vez desde Sud\u00e1frica el 24 de noviembre. Anteriormente conocida como B.1.1.529, tambi\u00e9n fue identificada en Botsuana, B\u00e9lgica, Hong Kong e Israel.<\/p>\n<p style=\"text-align: justify\">La OMS dijo el viernes en un comunicado que la evidencia preliminar sugiere un <strong>mayor riesgo de reinfecci\u00f3n<\/strong> con esta variante.<\/p>\n<p style=\"text-align: justify\">La organizaci\u00f3n dijo que el n\u00famero de casos de esta variante parece estar aumentando en casi todas las provincias sudafricanas.<\/p>\n<p style=\"text-align: justify\">\u201cEsta variante tiene una gran cantidad de mutaciones, algunas de las cuales son preocupantes\u201d, asegur\u00f3.<\/p>\n<p style=\"text-align: justify\">Varios pa\u00edses, entre ellos Estados Unidos y los de la Uni\u00f3n Europea, anunciaron <strong>restricciones a los viajes desde el sur de \u00c1frica<\/strong>.<\/p>\n<p style=\"text-align: justify\">\u201cLa OMS identific\u00f3 una nueva variante de covid que se est\u00e1 propagando por Sud\u00e1frica. Como medida de precauci\u00f3n hasta que tengamos m\u00e1s informaci\u00f3n, estoy ordenando restricciones a los viajes a\u00e9reos desde Sud\u00e1frica y otros siete pa\u00edses\u201d, comunic\u00f3 este viernes el presidente de EE.UU., Joe Biden.<\/p>\n<p style=\"text-align: justify\">Las restricciones aplican a Sud\u00e1frica, Botsuana, Zimbabue, Namibia, Lesoto, Esuatini (Suazilandia), Mozambique y Malaui.<\/p>\n<h2 style=\"text-align: justify\">\u00bfQu\u00e9 significa \u201cvariante de preocupaci\u00f3n\u201d?<\/h2>\n<p style=\"text-align: justify\">Una variante de preocupaci\u00f3n es la categor\u00eda m\u00e1s alta dentro del listado de variantes de covid creado por la Organizaci\u00f3n Mundial de la Salud.<\/p>\n<p style=\"text-align: justify\">La decisi\u00f3n agrega peso a la creciente preocupaci\u00f3n cient\u00edfica sobre la peligrosidad de esta nueva variante, pero no cambia ninguno de los hechos.<\/p>\n<p style=\"text-align: justify\">La variante tiene una asombrosa colecci\u00f3n de mutaciones que se cree que aumentan su capacidad para propagarse y eludir parte, pero no toda, de la protecci\u00f3n de las vacunas. Sin embargo, todav\u00eda no tenemos los datos claros sobre su impacto en la vida real.<\/p>\n<p style=\"text-align: justify\">No sabemos con certeza si se propaga m\u00e1s r\u00e1pido, si hace que las vacunas o los medicamentos sean menos efectivos o si conduce a una enfermedad m\u00e1s grave.<\/p>\n","protected":false},"excerpt":{"rendered":"<p>La Organizaci\u00f3n Mundial de la Salud (OMS) declar\u00f3 este viernes que una nueva mutaci\u00f3n del coronavirus es una variante de preocupaci\u00f3n. La variante, que recibi\u00f3 el nombre de \u00f3micron, fue reportada a la OMS por primera vez desde Sud\u00e1frica el 24 de noviembre. Anteriormente conocida como B.1.1.529, tambi\u00e9n fue identificada en Botsuana, B\u00e9lgica, Hong Kong &hellip; <\/p>\n<p><a class=\"more-link btn\" href=\"https:\/\/instituciones.gtm.sld.cu\/hgdan\/que-se-sabe-de-omicron-la-nueva-variante-de-preocupacion-del-coronavirus\/\">Seguir leyendo<\/a><\/p>\n","protected":false},"author":4,"featured_media":0,"comment_status":"open","ping_status":"closed","sticky":false,"template":"","format":"standard","meta":{"ngg_post_thumbnail":0},"categories":[1],"tags":[],"yoast_head":"<!-- This site is optimized with the Yoast SEO plugin v21.8 - https:\/\/yoast.com\/wordpress\/plugins\/seo\/ -->\n<title>\u00bfQu\u00e9 se sabe de \u00f3micron, la nueva variante de preocupaci\u00f3n del coronavirus? - Hospital General Docente \u201cDr. Agostinho Neto\u201d<\/title>\n<meta name=\"robots\" content=\"index, follow, max-snippet:-1, max-image-preview:large, max-video-preview:-1\" \/>\n<link rel=\"canonical\" href=\"https:\/\/instituciones.gtm.sld.cu\/hgdan\/que-se-sabe-de-omicron-la-nueva-variante-de-preocupacion-del-coronavirus\/\" \/>\n<meta property=\"og:locale\" content=\"es_ES\" \/>\n<meta property=\"og:type\" content=\"article\" \/>\n<meta property=\"og:title\" content=\"\u00bfQu\u00e9 se sabe de \u00f3micron, la nueva variante de preocupaci\u00f3n del coronavirus? - Hospital General Docente \u201cDr. Agostinho Neto\u201d\" \/>\n<meta property=\"og:description\" content=\"La Organizaci\u00f3n Mundial de la Salud (OMS) declar\u00f3 este viernes que una nueva mutaci\u00f3n del coronavirus es una variante de preocupaci\u00f3n. La variante, que recibi\u00f3 el nombre de \u00f3micron, fue reportada a la OMS por primera vez desde Sud\u00e1frica el 24 de noviembre. Anteriormente conocida como B.1.1.529, tambi\u00e9n fue identificada en Botsuana, B\u00e9lgica, Hong Kong &hellip; Seguir leyendo\" \/>\n<meta property=\"og:url\" content=\"https:\/\/instituciones.gtm.sld.cu\/hgdan\/que-se-sabe-de-omicron-la-nueva-variante-de-preocupacion-del-coronavirus\/\" \/>\n<meta property=\"og:site_name\" content=\"Hospital General Docente \u201cDr. Agostinho Neto\u201d\" \/>\n<meta property=\"article:published_time\" content=\"2021-12-03T15:00:01+00:00\" \/>\n<meta property=\"article:modified_time\" content=\"2021-12-03T15:43:06+00:00\" \/>\n<meta property=\"og:image\" content=\"http:\/\/instituciones.gtm.sld.cu\/hgdan\/wp-content\/uploads\/sites\/5\/2021\/12\/covid-mundo-580x326.png\" \/>\n<meta name=\"twitter:card\" content=\"summary_large_image\" \/>\n<meta name=\"twitter:label1\" content=\"Escrito por\" \/>\n\t<meta name=\"twitter:data1\" content=\"\" \/>\n\t<meta name=\"twitter:label2\" content=\"Tiempo de lectura\" \/>\n\t<meta name=\"twitter:data2\" content=\"2 minutos\" \/>\n<script type=\"application\/ld+json\" class=\"yoast-schema-graph\">{\"@context\":\"https:\/\/schema.org\",\"@graph\":[{\"@type\":\"WebPage\",\"@id\":\"https:\/\/instituciones.gtm.sld.cu\/hgdan\/que-se-sabe-de-omicron-la-nueva-variante-de-preocupacion-del-coronavirus\/\",\"url\":\"https:\/\/instituciones.gtm.sld.cu\/hgdan\/que-se-sabe-de-omicron-la-nueva-variante-de-preocupacion-del-coronavirus\/\",\"name\":\"\u00bfQu\u00e9 se sabe de \u00f3micron, la nueva variante de preocupaci\u00f3n del coronavirus? - Hospital General Docente \u201cDr. Agostinho Neto\u201d\",\"isPartOf\":{\"@id\":\"https:\/\/instituciones.gtm.sld.cu\/hgdan\/#website\"},\"datePublished\":\"2021-12-03T15:00:01+00:00\",\"dateModified\":\"2021-12-03T15:43:06+00:00\",\"author\":{\"@id\":\"\"},\"breadcrumb\":{\"@id\":\"https:\/\/instituciones.gtm.sld.cu\/hgdan\/que-se-sabe-de-omicron-la-nueva-variante-de-preocupacion-del-coronavirus\/#breadcrumb\"},\"inLanguage\":\"es\",\"potentialAction\":[{\"@type\":\"ReadAction\",\"target\":[\"https:\/\/instituciones.gtm.sld.cu\/hgdan\/que-se-sabe-de-omicron-la-nueva-variante-de-preocupacion-del-coronavirus\/\"]}]},{\"@type\":\"BreadcrumbList\",\"@id\":\"https:\/\/instituciones.gtm.sld.cu\/hgdan\/que-se-sabe-de-omicron-la-nueva-variante-de-preocupacion-del-coronavirus\/#breadcrumb\",\"itemListElement\":[{\"@type\":\"ListItem\",\"position\":1,\"name\":\"Portada\",\"item\":\"https:\/\/instituciones.gtm.sld.cu\/hgdan\/\"},{\"@type\":\"ListItem\",\"position\":2,\"name\":\"\u00bfQu\u00e9 se sabe de \u00f3micron, la nueva variante de preocupaci\u00f3n del coronavirus?\"}]},{\"@type\":\"WebSite\",\"@id\":\"https:\/\/instituciones.gtm.sld.cu\/hgdan\/#website\",\"url\":\"https:\/\/instituciones.gtm.sld.cu\/hgdan\/\",\"name\":\"Hospital General Docente \u201cDr. Agostinho Neto\u201d\",\"description\":\"Hospital General Docente \u201cDr. Agostinho Neto\u201d\",\"potentialAction\":[{\"@type\":\"SearchAction\",\"target\":{\"@type\":\"EntryPoint\",\"urlTemplate\":\"https:\/\/instituciones.gtm.sld.cu\/hgdan\/?s={search_term_string}\"},\"query-input\":\"required name=search_term_string\"}],\"inLanguage\":\"es\"},{\"@type\":\"Person\",\"@id\":\"\",\"url\":\"https:\/\/instituciones.gtm.sld.cu\/hgdan\/author\/\"}]}<\/script>\n<!-- \/ Yoast SEO plugin. -->","yoast_head_json":{"title":"\u00bfQu\u00e9 se sabe de \u00f3micron, la nueva variante de preocupaci\u00f3n del coronavirus? - Hospital General Docente \u201cDr. Agostinho Neto\u201d","robots":{"index":"index","follow":"follow","max-snippet":"max-snippet:-1","max-image-preview":"max-image-preview:large","max-video-preview":"max-video-preview:-1"},"canonical":"https:\/\/instituciones.gtm.sld.cu\/hgdan\/que-se-sabe-de-omicron-la-nueva-variante-de-preocupacion-del-coronavirus\/","og_locale":"es_ES","og_type":"article","og_title":"\u00bfQu\u00e9 se sabe de \u00f3micron, la nueva variante de preocupaci\u00f3n del coronavirus? - Hospital General Docente \u201cDr. Agostinho Neto\u201d","og_description":"La Organizaci\u00f3n Mundial de la Salud (OMS) declar\u00f3 este viernes que una nueva mutaci\u00f3n del coronavirus es una variante de preocupaci\u00f3n. La variante, que recibi\u00f3 el nombre de \u00f3micron, fue reportada a la OMS por primera vez desde Sud\u00e1frica el 24 de noviembre. Anteriormente conocida como B.1.1.529, tambi\u00e9n fue identificada en Botsuana, B\u00e9lgica, Hong Kong &hellip; Seguir leyendo","og_url":"https:\/\/instituciones.gtm.sld.cu\/hgdan\/que-se-sabe-de-omicron-la-nueva-variante-de-preocupacion-del-coronavirus\/","og_site_name":"Hospital General Docente \u201cDr. Agostinho Neto\u201d","article_published_time":"2021-12-03T15:00:01+00:00","article_modified_time":"2021-12-03T15:43:06+00:00","og_image":[{"url":"http:\/\/instituciones.gtm.sld.cu\/hgdan\/wp-content\/uploads\/sites\/5\/2021\/12\/covid-mundo-580x326.png"}],"twitter_card":"summary_large_image","twitter_misc":{"Escrito por":"","Tiempo de lectura":"2 minutos"},"schema":{"@context":"https:\/\/schema.org","@graph":[{"@type":"WebPage","@id":"https:\/\/instituciones.gtm.sld.cu\/hgdan\/que-se-sabe-de-omicron-la-nueva-variante-de-preocupacion-del-coronavirus\/","url":"https:\/\/instituciones.gtm.sld.cu\/hgdan\/que-se-sabe-de-omicron-la-nueva-variante-de-preocupacion-del-coronavirus\/","name":"\u00bfQu\u00e9 se sabe de \u00f3micron, la nueva variante de preocupaci\u00f3n del coronavirus? - Hospital General Docente \u201cDr. Agostinho Neto\u201d","isPartOf":{"@id":"https:\/\/instituciones.gtm.sld.cu\/hgdan\/#website"},"datePublished":"2021-12-03T15:00:01+00:00","dateModified":"2021-12-03T15:43:06+00:00","author":{"@id":""},"breadcrumb":{"@id":"https:\/\/instituciones.gtm.sld.cu\/hgdan\/que-se-sabe-de-omicron-la-nueva-variante-de-preocupacion-del-coronavirus\/#breadcrumb"},"inLanguage":"es","potentialAction":[{"@type":"ReadAction","target":["https:\/\/instituciones.gtm.sld.cu\/hgdan\/que-se-sabe-de-omicron-la-nueva-variante-de-preocupacion-del-coronavirus\/"]}]},{"@type":"BreadcrumbList","@id":"https:\/\/instituciones.gtm.sld.cu\/hgdan\/que-se-sabe-de-omicron-la-nueva-variante-de-preocupacion-del-coronavirus\/#breadcrumb","itemListElement":[{"@type":"ListItem","position":1,"name":"Portada","item":"https:\/\/instituciones.gtm.sld.cu\/hgdan\/"},{"@type":"ListItem","position":2,"name":"\u00bfQu\u00e9 se sabe de \u00f3micron, la nueva variante de preocupaci\u00f3n del coronavirus?"}]},{"@type":"WebSite","@id":"https:\/\/instituciones.gtm.sld.cu\/hgdan\/#website","url":"https:\/\/instituciones.gtm.sld.cu\/hgdan\/","name":"Hospital General Docente \u201cDr. Agostinho Neto\u201d","description":"Hospital General Docente \u201cDr. Agostinho Neto\u201d","potentialAction":[{"@type":"SearchAction","target":{"@type":"EntryPoint","urlTemplate":"https:\/\/instituciones.gtm.sld.cu\/hgdan\/?s={search_term_string}"},"query-input":"required name=search_term_string"}],"inLanguage":"es"},{"@type":"Person","@id":"","url":"https:\/\/instituciones.gtm.sld.cu\/hgdan\/author\/"}]}},"jetpack_featured_media_url":"","_links":{"self":[{"href":"https:\/\/instituciones.gtm.sld.cu\/hgdan\/wp-json\/wp\/v2\/posts\/2253"}],"collection":[{"href":"https:\/\/instituciones.gtm.sld.cu\/hgdan\/wp-json\/wp\/v2\/posts"}],"about":[{"href":"https:\/\/instituciones.gtm.sld.cu\/hgdan\/wp-json\/wp\/v2\/types\/post"}],"author":[{"embeddable":true,"href":"https:\/\/instituciones.gtm.sld.cu\/hgdan\/wp-json\/wp\/v2\/users\/4"}],"replies":[{"embeddable":true,"href":"https:\/\/instituciones.gtm.sld.cu\/hgdan\/wp-json\/wp\/v2\/comments?post=2253"}],"version-history":[{"count":5,"href":"https:\/\/instituciones.gtm.sld.cu\/hgdan\/wp-json\/wp\/v2\/posts\/2253\/revisions"}],"predecessor-version":[{"id":2303,"href":"https:\/\/instituciones.gtm.sld.cu\/hgdan\/wp-json\/wp\/v2\/posts\/2253\/revisions\/2303"}],"wp:attachment":[{"href":"https:\/\/instituciones.gtm.sld.cu\/hgdan\/wp-json\/wp\/v2\/media?parent=2253"}],"wp:term":[{"taxonomy":"category","embeddable":true,"href":"https:\/\/instituciones.gtm.sld.cu\/hgdan\/wp-json\/wp\/v2\/categories?post=2253"},{"taxonomy":"post_tag","embeddable":true,"href":"https:\/\/instituciones.gtm.sld.cu\/hgdan\/wp-json\/wp\/v2\/tags?post=2253"}],"curies":[{"name":"wp","href":"https:\/\/api.w.org\/{rel}","templated":true}]}}