{"id":2299,"date":"2021-12-03T10:04:46","date_gmt":"2021-12-03T15:04:46","guid":{"rendered":"http:\/\/instituciones.gtm.sld.cu\/hgdan\/?p=2299"},"modified":"2021-12-03T10:27:53","modified_gmt":"2021-12-03T15:27:53","slug":"llaman-especialistas-cubanos-a-mayor-proteccion-a-las-embarazadas-ante-la-covid-19","status":"publish","type":"post","link":"https:\/\/instituciones.gtm.sld.cu\/hgdan\/llaman-especialistas-cubanos-a-mayor-proteccion-a-las-embarazadas-ante-la-covid-19\/","title":{"rendered":"Llaman especialistas cubanos a mayor protecci\u00f3n a las embarazadas ante la COVID-19"},"content":{"rendered":"<p style=\"text-align: justify\"><strong><img decoding=\"async\" loading=\"lazy\" class=\"size-full wp-image-2298 alignleft\" src=\"http:\/\/instituciones.gtm.sld.cu\/hgdan\/wp-content\/uploads\/sites\/5\/2021\/12\/embarazada.png\" alt=\"\" width=\"188\" height=\"122\" \/>Lo m\u00e1s recomendable para evitar las consecuencias de la COVID-19 en gestantes y pu\u00e9rperas es la prevenci\u00f3n, pues cuando ellas se contagian con la pandemia el curso de la enfermedad se comporta de manera agresiva pudiendo causar la muerte. \u201d\u00a0 <span id=\"page3R_mcid7\" class=\"markedContent\"><span dir=\"ltr\" role=\"presentation\">Bienvenidos!<\/span> <span dir=\"ltr\" role=\"presentation\">Al Bolet\u00edn <\/span><span dir=\"ltr\" role=\"presentation\">informativo <\/span><span dir=\"ltr\" role=\"presentation\">realizado por la Esp.<\/span> <span dir=\"ltr\" role=\"presentation\">en <\/span><span dir=\"ltr\" role=\"presentation\">Gesti\u00f3n de <\/span><span dir=\"ltr\" role=\"presentation\">la Informaci\u00f3n <\/span><span dir=\"ltr\" role=\"presentation\">en Salud , <\/span><span dir=\"ltr\" role=\"presentation\">de la Biblioteca del Hospital General Docente,<\/span> <span dir=\"ltr\" role=\"presentation\">con la finalidad de informarles de la mejor manera posible y mantener<\/span><span dir=\"ltr\" role=\"presentation\">los <\/span><span dir=\"ltr\" role=\"presentation\">actualizados .<\/span><\/span><\/strong><\/p>\n<p><a href=\"http:\/\/instituciones.gtm.sld.cu\/hgdan\/wp-content\/uploads\/sites\/5\/2021\/12\/ATT00004.pdf\">Descargar Bolet\u00edn Informativo<\/a><\/p>\n","protected":false},"excerpt":{"rendered":"<p>Lo m\u00e1s recomendable para evitar las consecuencias de la COVID-19 en gestantes y pu\u00e9rperas es la prevenci\u00f3n, pues cuando ellas se contagian con la pandemia el curso de la enfermedad se comporta de manera agresiva pudiendo causar la muerte. \u201d\u00a0 Bienvenidos! Al Bolet\u00edn informativo realizado por la Esp. en Gesti\u00f3n de la Informaci\u00f3n en Salud &hellip; <\/p>\n<p><a class=\"more-link btn\" href=\"https:\/\/instituciones.gtm.sld.cu\/hgdan\/llaman-especialistas-cubanos-a-mayor-proteccion-a-las-embarazadas-ante-la-covid-19\/\">Seguir leyendo<\/a><\/p>\n","protected":false},"author":4,"featured_media":0,"comment_status":"open","ping_status":"closed","sticky":false,"template":"","format":"standard","meta":{"ngg_post_thumbnail":0},"categories":[1],"tags":[],"yoast_head":"<!-- This site is optimized with the Yoast SEO plugin v21.8 - https:\/\/yoast.com\/wordpress\/plugins\/seo\/ -->\n<title>Llaman especialistas cubanos a mayor protecci\u00f3n a las embarazadas ante la COVID-19 - Hospital General Docente \u201cDr. Agostinho Neto\u201d<\/title>\n<meta name=\"robots\" content=\"index, follow, max-snippet:-1, max-image-preview:large, max-video-preview:-1\" \/>\n<link rel=\"canonical\" href=\"https:\/\/instituciones.gtm.sld.cu\/hgdan\/llaman-especialistas-cubanos-a-mayor-proteccion-a-las-embarazadas-ante-la-covid-19\/\" \/>\n<meta property=\"og:locale\" content=\"es_ES\" \/>\n<meta property=\"og:type\" content=\"article\" \/>\n<meta property=\"og:title\" content=\"Llaman especialistas cubanos a mayor protecci\u00f3n a las embarazadas ante la COVID-19 - Hospital General Docente \u201cDr. Agostinho Neto\u201d\" \/>\n<meta property=\"og:description\" content=\"Lo m\u00e1s recomendable para evitar las consecuencias de la COVID-19 en gestantes y pu\u00e9rperas es la prevenci\u00f3n, pues cuando ellas se contagian con la pandemia el curso de la enfermedad se comporta de manera agresiva pudiendo causar la muerte. \u201d\u00a0 Bienvenidos! Al Bolet\u00edn informativo realizado por la Esp. en Gesti\u00f3n de la Informaci\u00f3n en Salud &hellip; Seguir leyendo\" \/>\n<meta property=\"og:url\" content=\"https:\/\/instituciones.gtm.sld.cu\/hgdan\/llaman-especialistas-cubanos-a-mayor-proteccion-a-las-embarazadas-ante-la-covid-19\/\" \/>\n<meta property=\"og:site_name\" content=\"Hospital General Docente \u201cDr. Agostinho Neto\u201d\" \/>\n<meta property=\"article:published_time\" content=\"2021-12-03T15:04:46+00:00\" \/>\n<meta property=\"article:modified_time\" content=\"2021-12-03T15:27:53+00:00\" \/>\n<meta property=\"og:image\" content=\"http:\/\/instituciones.gtm.sld.cu\/hgdan\/wp-content\/uploads\/sites\/5\/2021\/12\/embarazada.png\" \/>\n<meta name=\"twitter:card\" content=\"summary_large_image\" \/>\n<meta name=\"twitter:label1\" content=\"Escrito por\" \/>\n\t<meta name=\"twitter:data1\" content=\"\" \/>\n<script type=\"application\/ld+json\" class=\"yoast-schema-graph\">{\"@context\":\"https:\/\/schema.org\",\"@graph\":[{\"@type\":\"WebPage\",\"@id\":\"https:\/\/instituciones.gtm.sld.cu\/hgdan\/llaman-especialistas-cubanos-a-mayor-proteccion-a-las-embarazadas-ante-la-covid-19\/\",\"url\":\"https:\/\/instituciones.gtm.sld.cu\/hgdan\/llaman-especialistas-cubanos-a-mayor-proteccion-a-las-embarazadas-ante-la-covid-19\/\",\"name\":\"Llaman especialistas cubanos a mayor protecci\u00f3n a las embarazadas ante la COVID-19 - Hospital General Docente \u201cDr. Agostinho Neto\u201d\",\"isPartOf\":{\"@id\":\"https:\/\/instituciones.gtm.sld.cu\/hgdan\/#website\"},\"datePublished\":\"2021-12-03T15:04:46+00:00\",\"dateModified\":\"2021-12-03T15:27:53+00:00\",\"author\":{\"@id\":\"\"},\"breadcrumb\":{\"@id\":\"https:\/\/instituciones.gtm.sld.cu\/hgdan\/llaman-especialistas-cubanos-a-mayor-proteccion-a-las-embarazadas-ante-la-covid-19\/#breadcrumb\"},\"inLanguage\":\"es\",\"potentialAction\":[{\"@type\":\"ReadAction\",\"target\":[\"https:\/\/instituciones.gtm.sld.cu\/hgdan\/llaman-especialistas-cubanos-a-mayor-proteccion-a-las-embarazadas-ante-la-covid-19\/\"]}]},{\"@type\":\"BreadcrumbList\",\"@id\":\"https:\/\/instituciones.gtm.sld.cu\/hgdan\/llaman-especialistas-cubanos-a-mayor-proteccion-a-las-embarazadas-ante-la-covid-19\/#breadcrumb\",\"itemListElement\":[{\"@type\":\"ListItem\",\"position\":1,\"name\":\"Portada\",\"item\":\"https:\/\/instituciones.gtm.sld.cu\/hgdan\/\"},{\"@type\":\"ListItem\",\"position\":2,\"name\":\"Llaman especialistas cubanos a mayor protecci\u00f3n a las embarazadas ante la COVID-19\"}]},{\"@type\":\"WebSite\",\"@id\":\"https:\/\/instituciones.gtm.sld.cu\/hgdan\/#website\",\"url\":\"https:\/\/instituciones.gtm.sld.cu\/hgdan\/\",\"name\":\"Hospital General Docente \u201cDr. Agostinho Neto\u201d\",\"description\":\"Hospital General Docente \u201cDr. Agostinho Neto\u201d\",\"potentialAction\":[{\"@type\":\"SearchAction\",\"target\":{\"@type\":\"EntryPoint\",\"urlTemplate\":\"https:\/\/instituciones.gtm.sld.cu\/hgdan\/?s={search_term_string}\"},\"query-input\":\"required name=search_term_string\"}],\"inLanguage\":\"es\"},{\"@type\":\"Person\",\"@id\":\"\",\"url\":\"https:\/\/instituciones.gtm.sld.cu\/hgdan\/author\/\"}]}<\/script>\n<!-- \/ Yoast SEO plugin. -->","yoast_head_json":{"title":"Llaman especialistas cubanos a mayor protecci\u00f3n a las embarazadas ante la COVID-19 - Hospital General Docente \u201cDr. Agostinho Neto\u201d","robots":{"index":"index","follow":"follow","max-snippet":"max-snippet:-1","max-image-preview":"max-image-preview:large","max-video-preview":"max-video-preview:-1"},"canonical":"https:\/\/instituciones.gtm.sld.cu\/hgdan\/llaman-especialistas-cubanos-a-mayor-proteccion-a-las-embarazadas-ante-la-covid-19\/","og_locale":"es_ES","og_type":"article","og_title":"Llaman especialistas cubanos a mayor protecci\u00f3n a las embarazadas ante la COVID-19 - Hospital General Docente \u201cDr. Agostinho Neto\u201d","og_description":"Lo m\u00e1s recomendable para evitar las consecuencias de la COVID-19 en gestantes y pu\u00e9rperas es la prevenci\u00f3n, pues cuando ellas se contagian con la pandemia el curso de la enfermedad se comporta de manera agresiva pudiendo causar la muerte. \u201d\u00a0 Bienvenidos! Al Bolet\u00edn informativo realizado por la Esp. en Gesti\u00f3n de la Informaci\u00f3n en Salud &hellip; Seguir leyendo","og_url":"https:\/\/instituciones.gtm.sld.cu\/hgdan\/llaman-especialistas-cubanos-a-mayor-proteccion-a-las-embarazadas-ante-la-covid-19\/","og_site_name":"Hospital General Docente \u201cDr. Agostinho Neto\u201d","article_published_time":"2021-12-03T15:04:46+00:00","article_modified_time":"2021-12-03T15:27:53+00:00","og_image":[{"url":"http:\/\/instituciones.gtm.sld.cu\/hgdan\/wp-content\/uploads\/sites\/5\/2021\/12\/embarazada.png"}],"twitter_card":"summary_large_image","twitter_misc":{"Escrito por":""},"schema":{"@context":"https:\/\/schema.org","@graph":[{"@type":"WebPage","@id":"https:\/\/instituciones.gtm.sld.cu\/hgdan\/llaman-especialistas-cubanos-a-mayor-proteccion-a-las-embarazadas-ante-la-covid-19\/","url":"https:\/\/instituciones.gtm.sld.cu\/hgdan\/llaman-especialistas-cubanos-a-mayor-proteccion-a-las-embarazadas-ante-la-covid-19\/","name":"Llaman especialistas cubanos a mayor protecci\u00f3n a las embarazadas ante la COVID-19 - Hospital General Docente \u201cDr. Agostinho Neto\u201d","isPartOf":{"@id":"https:\/\/instituciones.gtm.sld.cu\/hgdan\/#website"},"datePublished":"2021-12-03T15:04:46+00:00","dateModified":"2021-12-03T15:27:53+00:00","author":{"@id":""},"breadcrumb":{"@id":"https:\/\/instituciones.gtm.sld.cu\/hgdan\/llaman-especialistas-cubanos-a-mayor-proteccion-a-las-embarazadas-ante-la-covid-19\/#breadcrumb"},"inLanguage":"es","potentialAction":[{"@type":"ReadAction","target":["https:\/\/instituciones.gtm.sld.cu\/hgdan\/llaman-especialistas-cubanos-a-mayor-proteccion-a-las-embarazadas-ante-la-covid-19\/"]}]},{"@type":"BreadcrumbList","@id":"https:\/\/instituciones.gtm.sld.cu\/hgdan\/llaman-especialistas-cubanos-a-mayor-proteccion-a-las-embarazadas-ante-la-covid-19\/#breadcrumb","itemListElement":[{"@type":"ListItem","position":1,"name":"Portada","item":"https:\/\/instituciones.gtm.sld.cu\/hgdan\/"},{"@type":"ListItem","position":2,"name":"Llaman especialistas cubanos a mayor protecci\u00f3n a las embarazadas ante la COVID-19"}]},{"@type":"WebSite","@id":"https:\/\/instituciones.gtm.sld.cu\/hgdan\/#website","url":"https:\/\/instituciones.gtm.sld.cu\/hgdan\/","name":"Hospital General Docente \u201cDr. Agostinho Neto\u201d","description":"Hospital General Docente \u201cDr. Agostinho Neto\u201d","potentialAction":[{"@type":"SearchAction","target":{"@type":"EntryPoint","urlTemplate":"https:\/\/instituciones.gtm.sld.cu\/hgdan\/?s={search_term_string}"},"query-input":"required name=search_term_string"}],"inLanguage":"es"},{"@type":"Person","@id":"","url":"https:\/\/instituciones.gtm.sld.cu\/hgdan\/author\/"}]}},"jetpack_featured_media_url":"","_links":{"self":[{"href":"https:\/\/instituciones.gtm.sld.cu\/hgdan\/wp-json\/wp\/v2\/posts\/2299"}],"collection":[{"href":"https:\/\/instituciones.gtm.sld.cu\/hgdan\/wp-json\/wp\/v2\/posts"}],"about":[{"href":"https:\/\/instituciones.gtm.sld.cu\/hgdan\/wp-json\/wp\/v2\/types\/post"}],"author":[{"embeddable":true,"href":"https:\/\/instituciones.gtm.sld.cu\/hgdan\/wp-json\/wp\/v2\/users\/4"}],"replies":[{"embeddable":true,"href":"https:\/\/instituciones.gtm.sld.cu\/hgdan\/wp-json\/wp\/v2\/comments?post=2299"}],"version-history":[{"count":3,"href":"https:\/\/instituciones.gtm.sld.cu\/hgdan\/wp-json\/wp\/v2\/posts\/2299\/revisions"}],"predecessor-version":[{"id":2313,"href":"https:\/\/instituciones.gtm.sld.cu\/hgdan\/wp-json\/wp\/v2\/posts\/2299\/revisions\/2313"}],"wp:attachment":[{"href":"https:\/\/instituciones.gtm.sld.cu\/hgdan\/wp-json\/wp\/v2\/media?parent=2299"}],"wp:term":[{"taxonomy":"category","embeddable":true,"href":"https:\/\/instituciones.gtm.sld.cu\/hgdan\/wp-json\/wp\/v2\/categories?post=2299"},{"taxonomy":"post_tag","embeddable":true,"href":"https:\/\/instituciones.gtm.sld.cu\/hgdan\/wp-json\/wp\/v2\/tags?post=2299"}],"curies":[{"name":"wp","href":"https:\/\/api.w.org\/{rel}","templated":true}]}}