{"id":3060,"date":"2022-01-10T08:54:24","date_gmt":"2022-01-10T13:54:24","guid":{"rendered":"http:\/\/instituciones.gtm.sld.cu\/hgdan\/?p=3060"},"modified":"2022-01-10T09:15:12","modified_gmt":"2022-01-10T14:15:12","slug":"convocatoria-taller-provincial-de-morbilidad-materna-extremadamente-grave-y-mortalidad-materna","status":"publish","type":"post","link":"https:\/\/instituciones.gtm.sld.cu\/hgdan\/convocatoria-taller-provincial-de-morbilidad-materna-extremadamente-grave-y-mortalidad-materna\/","title":{"rendered":"Convocatoria taller provincial de morbilidad materna extremadamente grave y mortalidad materna."},"content":{"rendered":"<p><img decoding=\"async\" loading=\"lazy\" class=\"size-full wp-image-3065 alignleft\" src=\"http:\/\/instituciones.gtm.sld.cu\/hgdan\/wp-content\/uploads\/sites\/5\/2022\/01\/Sin-t\u00edtulo.png\" alt=\"\" width=\"150\" height=\"150\" \/>La Sociedad Cubana de Ginecolog\u00eda y Obstetricia, el Consejo Provincial de\u00a0 Sociedades Cient\u00edficas y el Capitulo Provincial de \u00a0Ginecolog\u00eda y Obstetricia Guant\u00e1namo, convocan al: <strong>Taller provincial de morbilidad materna extremadamente grave y\u00a0 mortalidad materna. <\/strong><\/p>\n<p>PARTICIPAN: Ginecobstetra, Anestesi\u00f3logos, Intensivistas, Cl\u00ednicos, Radi\u00f3logos y especialidades afines. La sesi\u00f3n de trabajo iniciara con una conferencia magistral \u201cNuevos conceptos en la campa\u00f1a de la Sepsis 2021\u201d impartida por el profesor. Dr. Ernesto D\u00edaz Trujillo. Maestro de generaciones. Profesor Auxiliar y Consultante. Especialista de 2do Grado en Medicina Intensiva y Emergencia de Adulto.<\/p>\n<p><a href=\"http:\/\/instituciones.gtm.sld.cu\/hgdan\/wp-content\/uploads\/sites\/5\/2022\/01\/Convocatoria-Taller-provincial-de-morbilidad-materna-extremadamente-grave-y-mortalidad-materna.pdf\">DESCARGAR CONVOCATORIA (AQUI)<\/a><\/p>\n","protected":false},"excerpt":{"rendered":"<p>La Sociedad Cubana de Ginecolog\u00eda y Obstetricia, el Consejo Provincial de\u00a0 Sociedades Cient\u00edficas y el Capitulo Provincial de \u00a0Ginecolog\u00eda y Obstetricia Guant\u00e1namo, convocan al: Taller provincial de morbilidad materna extremadamente grave y\u00a0 mortalidad materna. PARTICIPAN: Ginecobstetra, Anestesi\u00f3logos, Intensivistas, Cl\u00ednicos, Radi\u00f3logos y especialidades afines. La sesi\u00f3n de trabajo iniciara con una conferencia magistral \u201cNuevos conceptos en &hellip; <\/p>\n<p><a class=\"more-link btn\" href=\"https:\/\/instituciones.gtm.sld.cu\/hgdan\/convocatoria-taller-provincial-de-morbilidad-materna-extremadamente-grave-y-mortalidad-materna\/\">Seguir leyendo<\/a><\/p>\n","protected":false},"author":4,"featured_media":0,"comment_status":"closed","ping_status":"closed","sticky":false,"template":"","format":"standard","meta":{"ngg_post_thumbnail":0},"categories":[2],"tags":[],"yoast_head":"<!-- This site is optimized with the Yoast SEO plugin v21.8 - https:\/\/yoast.com\/wordpress\/plugins\/seo\/ -->\n<title>Convocatoria taller provincial de morbilidad materna extremadamente grave y mortalidad materna. - Hospital General Docente \u201cDr. Agostinho Neto\u201d<\/title>\n<meta name=\"robots\" content=\"index, follow, max-snippet:-1, max-image-preview:large, max-video-preview:-1\" \/>\n<link rel=\"canonical\" href=\"https:\/\/instituciones.gtm.sld.cu\/hgdan\/convocatoria-taller-provincial-de-morbilidad-materna-extremadamente-grave-y-mortalidad-materna\/\" \/>\n<meta property=\"og:locale\" content=\"es_ES\" \/>\n<meta property=\"og:type\" content=\"article\" \/>\n<meta property=\"og:title\" content=\"Convocatoria taller provincial de morbilidad materna extremadamente grave y mortalidad materna. - Hospital General Docente \u201cDr. Agostinho Neto\u201d\" \/>\n<meta property=\"og:description\" content=\"La Sociedad Cubana de Ginecolog\u00eda y Obstetricia, el Consejo Provincial de\u00a0 Sociedades Cient\u00edficas y el Capitulo Provincial de \u00a0Ginecolog\u00eda y Obstetricia Guant\u00e1namo, convocan al: Taller provincial de morbilidad materna extremadamente grave y\u00a0 mortalidad materna. PARTICIPAN: Ginecobstetra, Anestesi\u00f3logos, Intensivistas, Cl\u00ednicos, Radi\u00f3logos y especialidades afines. La sesi\u00f3n de trabajo iniciara con una conferencia magistral \u201cNuevos conceptos en &hellip; Seguir leyendo\" \/>\n<meta property=\"og:url\" content=\"https:\/\/instituciones.gtm.sld.cu\/hgdan\/convocatoria-taller-provincial-de-morbilidad-materna-extremadamente-grave-y-mortalidad-materna\/\" \/>\n<meta property=\"og:site_name\" content=\"Hospital General Docente \u201cDr. Agostinho Neto\u201d\" \/>\n<meta property=\"article:published_time\" content=\"2022-01-10T13:54:24+00:00\" \/>\n<meta property=\"article:modified_time\" content=\"2022-01-10T14:15:12+00:00\" \/>\n<meta name=\"twitter:card\" content=\"summary_large_image\" \/>\n<meta name=\"twitter:label1\" content=\"Escrito por\" \/>\n\t<meta name=\"twitter:data1\" content=\"\" \/>\n<script type=\"application\/ld+json\" class=\"yoast-schema-graph\">{\"@context\":\"https:\/\/schema.org\",\"@graph\":[{\"@type\":\"WebPage\",\"@id\":\"https:\/\/instituciones.gtm.sld.cu\/hgdan\/convocatoria-taller-provincial-de-morbilidad-materna-extremadamente-grave-y-mortalidad-materna\/\",\"url\":\"https:\/\/instituciones.gtm.sld.cu\/hgdan\/convocatoria-taller-provincial-de-morbilidad-materna-extremadamente-grave-y-mortalidad-materna\/\",\"name\":\"Convocatoria taller provincial de morbilidad materna extremadamente grave y mortalidad materna. - Hospital General Docente \u201cDr. Agostinho Neto\u201d\",\"isPartOf\":{\"@id\":\"https:\/\/instituciones.gtm.sld.cu\/hgdan\/#website\"},\"datePublished\":\"2022-01-10T13:54:24+00:00\",\"dateModified\":\"2022-01-10T14:15:12+00:00\",\"author\":{\"@id\":\"\"},\"breadcrumb\":{\"@id\":\"https:\/\/instituciones.gtm.sld.cu\/hgdan\/convocatoria-taller-provincial-de-morbilidad-materna-extremadamente-grave-y-mortalidad-materna\/#breadcrumb\"},\"inLanguage\":\"es\",\"potentialAction\":[{\"@type\":\"ReadAction\",\"target\":[\"https:\/\/instituciones.gtm.sld.cu\/hgdan\/convocatoria-taller-provincial-de-morbilidad-materna-extremadamente-grave-y-mortalidad-materna\/\"]}]},{\"@type\":\"BreadcrumbList\",\"@id\":\"https:\/\/instituciones.gtm.sld.cu\/hgdan\/convocatoria-taller-provincial-de-morbilidad-materna-extremadamente-grave-y-mortalidad-materna\/#breadcrumb\",\"itemListElement\":[{\"@type\":\"ListItem\",\"position\":1,\"name\":\"Portada\",\"item\":\"https:\/\/instituciones.gtm.sld.cu\/hgdan\/\"},{\"@type\":\"ListItem\",\"position\":2,\"name\":\"Convocatoria taller provincial de morbilidad materna extremadamente grave y mortalidad materna.\"}]},{\"@type\":\"WebSite\",\"@id\":\"https:\/\/instituciones.gtm.sld.cu\/hgdan\/#website\",\"url\":\"https:\/\/instituciones.gtm.sld.cu\/hgdan\/\",\"name\":\"Hospital General Docente \u201cDr. Agostinho Neto\u201d\",\"description\":\"Hospital General Docente \u201cDr. Agostinho Neto\u201d\",\"potentialAction\":[{\"@type\":\"SearchAction\",\"target\":{\"@type\":\"EntryPoint\",\"urlTemplate\":\"https:\/\/instituciones.gtm.sld.cu\/hgdan\/?s={search_term_string}\"},\"query-input\":\"required name=search_term_string\"}],\"inLanguage\":\"es\"},{\"@type\":\"Person\",\"@id\":\"\",\"url\":\"https:\/\/instituciones.gtm.sld.cu\/hgdan\/author\/\"}]}<\/script>\n<!-- \/ Yoast SEO plugin. -->","yoast_head_json":{"title":"Convocatoria taller provincial de morbilidad materna extremadamente grave y mortalidad materna. - Hospital General Docente \u201cDr. Agostinho Neto\u201d","robots":{"index":"index","follow":"follow","max-snippet":"max-snippet:-1","max-image-preview":"max-image-preview:large","max-video-preview":"max-video-preview:-1"},"canonical":"https:\/\/instituciones.gtm.sld.cu\/hgdan\/convocatoria-taller-provincial-de-morbilidad-materna-extremadamente-grave-y-mortalidad-materna\/","og_locale":"es_ES","og_type":"article","og_title":"Convocatoria taller provincial de morbilidad materna extremadamente grave y mortalidad materna. - Hospital General Docente \u201cDr. Agostinho Neto\u201d","og_description":"La Sociedad Cubana de Ginecolog\u00eda y Obstetricia, el Consejo Provincial de\u00a0 Sociedades Cient\u00edficas y el Capitulo Provincial de \u00a0Ginecolog\u00eda y Obstetricia Guant\u00e1namo, convocan al: Taller provincial de morbilidad materna extremadamente grave y\u00a0 mortalidad materna. PARTICIPAN: Ginecobstetra, Anestesi\u00f3logos, Intensivistas, Cl\u00ednicos, Radi\u00f3logos y especialidades afines. La sesi\u00f3n de trabajo iniciara con una conferencia magistral \u201cNuevos conceptos en &hellip; Seguir leyendo","og_url":"https:\/\/instituciones.gtm.sld.cu\/hgdan\/convocatoria-taller-provincial-de-morbilidad-materna-extremadamente-grave-y-mortalidad-materna\/","og_site_name":"Hospital General Docente \u201cDr. Agostinho Neto\u201d","article_published_time":"2022-01-10T13:54:24+00:00","article_modified_time":"2022-01-10T14:15:12+00:00","twitter_card":"summary_large_image","twitter_misc":{"Escrito por":""},"schema":{"@context":"https:\/\/schema.org","@graph":[{"@type":"WebPage","@id":"https:\/\/instituciones.gtm.sld.cu\/hgdan\/convocatoria-taller-provincial-de-morbilidad-materna-extremadamente-grave-y-mortalidad-materna\/","url":"https:\/\/instituciones.gtm.sld.cu\/hgdan\/convocatoria-taller-provincial-de-morbilidad-materna-extremadamente-grave-y-mortalidad-materna\/","name":"Convocatoria taller provincial de morbilidad materna extremadamente grave y mortalidad materna. - Hospital General Docente \u201cDr. Agostinho Neto\u201d","isPartOf":{"@id":"https:\/\/instituciones.gtm.sld.cu\/hgdan\/#website"},"datePublished":"2022-01-10T13:54:24+00:00","dateModified":"2022-01-10T14:15:12+00:00","author":{"@id":""},"breadcrumb":{"@id":"https:\/\/instituciones.gtm.sld.cu\/hgdan\/convocatoria-taller-provincial-de-morbilidad-materna-extremadamente-grave-y-mortalidad-materna\/#breadcrumb"},"inLanguage":"es","potentialAction":[{"@type":"ReadAction","target":["https:\/\/instituciones.gtm.sld.cu\/hgdan\/convocatoria-taller-provincial-de-morbilidad-materna-extremadamente-grave-y-mortalidad-materna\/"]}]},{"@type":"BreadcrumbList","@id":"https:\/\/instituciones.gtm.sld.cu\/hgdan\/convocatoria-taller-provincial-de-morbilidad-materna-extremadamente-grave-y-mortalidad-materna\/#breadcrumb","itemListElement":[{"@type":"ListItem","position":1,"name":"Portada","item":"https:\/\/instituciones.gtm.sld.cu\/hgdan\/"},{"@type":"ListItem","position":2,"name":"Convocatoria taller provincial de morbilidad materna extremadamente grave y mortalidad materna."}]},{"@type":"WebSite","@id":"https:\/\/instituciones.gtm.sld.cu\/hgdan\/#website","url":"https:\/\/instituciones.gtm.sld.cu\/hgdan\/","name":"Hospital General Docente \u201cDr. Agostinho Neto\u201d","description":"Hospital General Docente \u201cDr. Agostinho Neto\u201d","potentialAction":[{"@type":"SearchAction","target":{"@type":"EntryPoint","urlTemplate":"https:\/\/instituciones.gtm.sld.cu\/hgdan\/?s={search_term_string}"},"query-input":"required name=search_term_string"}],"inLanguage":"es"},{"@type":"Person","@id":"","url":"https:\/\/instituciones.gtm.sld.cu\/hgdan\/author\/"}]}},"jetpack_featured_media_url":"","_links":{"self":[{"href":"https:\/\/instituciones.gtm.sld.cu\/hgdan\/wp-json\/wp\/v2\/posts\/3060"}],"collection":[{"href":"https:\/\/instituciones.gtm.sld.cu\/hgdan\/wp-json\/wp\/v2\/posts"}],"about":[{"href":"https:\/\/instituciones.gtm.sld.cu\/hgdan\/wp-json\/wp\/v2\/types\/post"}],"author":[{"embeddable":true,"href":"https:\/\/instituciones.gtm.sld.cu\/hgdan\/wp-json\/wp\/v2\/users\/4"}],"replies":[{"embeddable":true,"href":"https:\/\/instituciones.gtm.sld.cu\/hgdan\/wp-json\/wp\/v2\/comments?post=3060"}],"version-history":[{"count":5,"href":"https:\/\/instituciones.gtm.sld.cu\/hgdan\/wp-json\/wp\/v2\/posts\/3060\/revisions"}],"predecessor-version":[{"id":3067,"href":"https:\/\/instituciones.gtm.sld.cu\/hgdan\/wp-json\/wp\/v2\/posts\/3060\/revisions\/3067"}],"wp:attachment":[{"href":"https:\/\/instituciones.gtm.sld.cu\/hgdan\/wp-json\/wp\/v2\/media?parent=3060"}],"wp:term":[{"taxonomy":"category","embeddable":true,"href":"https:\/\/instituciones.gtm.sld.cu\/hgdan\/wp-json\/wp\/v2\/categories?post=3060"},{"taxonomy":"post_tag","embeddable":true,"href":"https:\/\/instituciones.gtm.sld.cu\/hgdan\/wp-json\/wp\/v2\/tags?post=3060"}],"curies":[{"name":"wp","href":"https:\/\/api.w.org\/{rel}","templated":true}]}}