{"id":3790,"date":"2023-06-06T12:48:29","date_gmt":"2023-06-06T16:48:29","guid":{"rendered":"http:\/\/instituciones.gtm.sld.cu\/hgdan\/?p=3790"},"modified":"2023-06-06T13:12:44","modified_gmt":"2023-06-06T17:12:44","slug":"entregan-donativo-de-alemania-al-hospital-dr-agostinho-neto","status":"publish","type":"post","link":"https:\/\/instituciones.gtm.sld.cu\/hgdan\/entregan-donativo-de-alemania-al-hospital-dr-agostinho-neto\/","title":{"rendered":"Entregan donativo de Alemania al hospital Dr. Agostinho Neto"},"content":{"rendered":"<p><img decoding=\"async\" loading=\"lazy\" class=\"size-full wp-image-3792 alignleft\" src=\"http:\/\/instituciones.gtm.sld.cu\/hgdan\/wp-content\/uploads\/sites\/33\/2023\/06\/Solidaridad.jpg\" alt=\"\" width=\"150\" height=\"150\" \/>El <a href=\"http:\/\/dirinstituciones.sld.cu\/index.php?P=FullRecord&amp;ID=4637\">Hospital General Docente Dr. Agostinho Neto<\/a> recibi\u00f3 este mi\u00e9rcoles en la ma\u00f1ana un contendedor de cuatro toneladas de insumos m\u00e9dicos donados a la provincia de <a href=\"https:\/\/www.ecured.cu\/Guant%C3%A1namo\">Guant\u00e1namo<\/a>, como resultado de la colaboraci\u00f3n del grupo de solidaridad Cuba S\u00ed del<a href=\"https:\/\/es.wikipedia.org\/wiki\/La_Izquierda_(Alemania)\"> Partido de Izquierda de Alemania<\/a>.<\/p>\n<p><!--more--><\/p>\n<p>El noble gesto es continuidad de una acci\u00f3n similar ocurrida a principios de mayo de este a\u00f1o, en el que se trajo al Guaso un m\u00f3dulo de materiales m\u00e9dicos gastables para el respaldo a los servicios quir\u00fargicos y pacientes graves en esta instituci\u00f3n, d\u00edgase papel de registraci\u00f3n para el desfibrilador, 15 sistemas de infusi\u00f3n, 200 jeringas de pl\u00e1stico de 10 mililitros, 300 guantes de goma no est\u00e9riles tama\u00f1o grande y 200 jeringas de un mililitro con agujas.<\/p>\n<p>La nueva entrega adem\u00e1s de al Hospital General, llegar\u00e1 con materiales y equipamiento al policl\u00ednico de Felicidad, en el municipio de Yateras y a instalaciones sanitarias de Baracoa.<\/p>\n<p>Dentro de los enseres que incluy\u00f3 el contendedor estuvieron colchones, bicicletas, sillas comunes y de ruedas, muletas, sill\u00f3n de estomatolog\u00eda, pa\u00f1ales desechables, camas, muebles, equipamientos y otros \u00fatiles que servir\u00e1n para reforzar la atenci\u00f3n secundaria de Salud, duramente golpeada por la pandemia de COVID-19 y el hostil Bloqueo de los EE.UU.<\/p>\n<p>Con el donativo crecen y se afianzan las relaciones de colaboraci\u00f3n del grupo alem\u00e1n con Cuba, y en especial con Guant\u00e1namo, donde hace m\u00e1s de 25 a\u00f1os coopera con el pueblo en esferas como la producci\u00f3n de alimentos.<\/p>\n<p>Vale significar que a lo largo de m\u00e1s de dos d\u00e9cadas de intercambio y solidaridad han llegado desde Europa a Guant\u00e1namo incubadoras, equipo de ultrasonido, medios cuyo acceso ser\u00eda casi imposible para la Mayor de las Antillas; asimismo el pasado a\u00f1o se don\u00f3 un secador de t\u00fanel solar para la deshidrataci\u00f3n de frutas y vegetales en el municipio de Manuel Tames, valorado en unos 20 mil euros, que contribuye a reducir las p\u00e9rdidas de las producciones del campesinado y aporta a la seguridad alimentaria local.<\/p>\n","protected":false},"excerpt":{"rendered":"<p>El Hospital General Docente Dr. Agostinho Neto recibi\u00f3 este mi\u00e9rcoles en la ma\u00f1ana un contendedor de cuatro toneladas de insumos m\u00e9dicos donados a la provincia de Guant\u00e1namo, como resultado de la colaboraci\u00f3n del grupo de solidaridad Cuba S\u00ed del Partido de Izquierda de Alemania.<\/p><p><a class=\"more-link btn\" href=\"https:\/\/instituciones.gtm.sld.cu\/hgdan\/entregan-donativo-de-alemania-al-hospital-dr-agostinho-neto\/\">Seguir leyendo<\/a><\/p>\n","protected":false},"author":84,"featured_media":0,"comment_status":"closed","ping_status":"closed","sticky":false,"template":"","format":"standard","meta":{"ngg_post_thumbnail":0},"categories":[1],"tags":[],"yoast_head":"<!-- This site is optimized with the Yoast SEO plugin v21.8 - https:\/\/yoast.com\/wordpress\/plugins\/seo\/ -->\n<title>Entregan donativo de Alemania al hospital Dr. Agostinho Neto - Hospital General Docente \u201cDr. Agostinho Neto\u201d<\/title>\n<meta name=\"robots\" content=\"index, follow, max-snippet:-1, max-image-preview:large, max-video-preview:-1\" \/>\n<link rel=\"canonical\" href=\"https:\/\/instituciones.gtm.sld.cu\/hgdan\/entregan-donativo-de-alemania-al-hospital-dr-agostinho-neto\/\" \/>\n<meta property=\"og:locale\" content=\"es_ES\" \/>\n<meta property=\"og:type\" content=\"article\" \/>\n<meta property=\"og:title\" content=\"Entregan donativo de Alemania al hospital Dr. Agostinho Neto - Hospital General Docente \u201cDr. Agostinho Neto\u201d\" \/>\n<meta property=\"og:description\" content=\"El Hospital General Docente Dr. Agostinho Neto recibi\u00f3 este mi\u00e9rcoles en la ma\u00f1ana un contendedor de cuatro toneladas de insumos m\u00e9dicos donados a la provincia de Guant\u00e1namo, como resultado de la colaboraci\u00f3n del grupo de solidaridad Cuba S\u00ed del Partido de Izquierda de Alemania.\" \/>\n<meta property=\"og:url\" content=\"https:\/\/instituciones.gtm.sld.cu\/hgdan\/entregan-donativo-de-alemania-al-hospital-dr-agostinho-neto\/\" \/>\n<meta property=\"og:site_name\" content=\"Hospital General Docente \u201cDr. Agostinho Neto\u201d\" \/>\n<meta property=\"article:published_time\" content=\"2023-06-06T16:48:29+00:00\" \/>\n<meta property=\"article:modified_time\" content=\"2023-06-06T17:12:44+00:00\" \/>\n<meta property=\"og:image\" content=\"http:\/\/instituciones.gtm.sld.cu\/hgdan\/wp-content\/uploads\/sites\/33\/2023\/06\/Solidaridad.jpg\" \/>\n<meta name=\"author\" content=\"hgdan\" \/>\n<meta name=\"twitter:card\" content=\"summary_large_image\" \/>\n<meta name=\"twitter:label1\" content=\"Escrito por\" \/>\n\t<meta name=\"twitter:data1\" content=\"hgdan\" \/>\n\t<meta name=\"twitter:label2\" content=\"Tiempo de lectura\" \/>\n\t<meta name=\"twitter:data2\" content=\"2 minutos\" \/>\n<script type=\"application\/ld+json\" class=\"yoast-schema-graph\">{\"@context\":\"https:\/\/schema.org\",\"@graph\":[{\"@type\":\"WebPage\",\"@id\":\"https:\/\/instituciones.gtm.sld.cu\/hgdan\/entregan-donativo-de-alemania-al-hospital-dr-agostinho-neto\/\",\"url\":\"https:\/\/instituciones.gtm.sld.cu\/hgdan\/entregan-donativo-de-alemania-al-hospital-dr-agostinho-neto\/\",\"name\":\"Entregan donativo de Alemania al hospital Dr. Agostinho Neto - Hospital General Docente \u201cDr. Agostinho Neto\u201d\",\"isPartOf\":{\"@id\":\"https:\/\/instituciones.gtm.sld.cu\/hgdan\/#website\"},\"datePublished\":\"2023-06-06T16:48:29+00:00\",\"dateModified\":\"2023-06-06T17:12:44+00:00\",\"author\":{\"@id\":\"https:\/\/instituciones.gtm.sld.cu\/hgdan\/#\/schema\/person\/e22b8fec03ce445b71f68fb97895d9d0\"},\"breadcrumb\":{\"@id\":\"https:\/\/instituciones.gtm.sld.cu\/hgdan\/entregan-donativo-de-alemania-al-hospital-dr-agostinho-neto\/#breadcrumb\"},\"inLanguage\":\"es\",\"potentialAction\":[{\"@type\":\"ReadAction\",\"target\":[\"https:\/\/instituciones.gtm.sld.cu\/hgdan\/entregan-donativo-de-alemania-al-hospital-dr-agostinho-neto\/\"]}]},{\"@type\":\"BreadcrumbList\",\"@id\":\"https:\/\/instituciones.gtm.sld.cu\/hgdan\/entregan-donativo-de-alemania-al-hospital-dr-agostinho-neto\/#breadcrumb\",\"itemListElement\":[{\"@type\":\"ListItem\",\"position\":1,\"name\":\"Portada\",\"item\":\"https:\/\/instituciones.gtm.sld.cu\/hgdan\/\"},{\"@type\":\"ListItem\",\"position\":2,\"name\":\"Entregan donativo de Alemania al hospital Dr. Agostinho Neto\"}]},{\"@type\":\"WebSite\",\"@id\":\"https:\/\/instituciones.gtm.sld.cu\/hgdan\/#website\",\"url\":\"https:\/\/instituciones.gtm.sld.cu\/hgdan\/\",\"name\":\"Hospital General Docente \u201cDr. Agostinho Neto\u201d\",\"description\":\"Hospital General Docente \u201cDr. Agostinho Neto\u201d\",\"potentialAction\":[{\"@type\":\"SearchAction\",\"target\":{\"@type\":\"EntryPoint\",\"urlTemplate\":\"https:\/\/instituciones.gtm.sld.cu\/hgdan\/?s={search_term_string}\"},\"query-input\":\"required name=search_term_string\"}],\"inLanguage\":\"es\"},{\"@type\":\"Person\",\"@id\":\"https:\/\/instituciones.gtm.sld.cu\/hgdan\/#\/schema\/person\/e22b8fec03ce445b71f68fb97895d9d0\",\"name\":\"hgdan\",\"url\":\"https:\/\/instituciones.gtm.sld.cu\/hgdan\/author\/hgdan\/\"}]}<\/script>\n<!-- \/ Yoast SEO plugin. -->","yoast_head_json":{"title":"Entregan donativo de Alemania al hospital Dr. Agostinho Neto - Hospital General Docente \u201cDr. Agostinho Neto\u201d","robots":{"index":"index","follow":"follow","max-snippet":"max-snippet:-1","max-image-preview":"max-image-preview:large","max-video-preview":"max-video-preview:-1"},"canonical":"https:\/\/instituciones.gtm.sld.cu\/hgdan\/entregan-donativo-de-alemania-al-hospital-dr-agostinho-neto\/","og_locale":"es_ES","og_type":"article","og_title":"Entregan donativo de Alemania al hospital Dr. Agostinho Neto - Hospital General Docente \u201cDr. Agostinho Neto\u201d","og_description":"El Hospital General Docente Dr. Agostinho Neto recibi\u00f3 este mi\u00e9rcoles en la ma\u00f1ana un contendedor de cuatro toneladas de insumos m\u00e9dicos donados a la provincia de Guant\u00e1namo, como resultado de la colaboraci\u00f3n del grupo de solidaridad Cuba S\u00ed del Partido de Izquierda de Alemania.","og_url":"https:\/\/instituciones.gtm.sld.cu\/hgdan\/entregan-donativo-de-alemania-al-hospital-dr-agostinho-neto\/","og_site_name":"Hospital General Docente \u201cDr. Agostinho Neto\u201d","article_published_time":"2023-06-06T16:48:29+00:00","article_modified_time":"2023-06-06T17:12:44+00:00","og_image":[{"url":"http:\/\/instituciones.gtm.sld.cu\/hgdan\/wp-content\/uploads\/sites\/33\/2023\/06\/Solidaridad.jpg"}],"author":"hgdan","twitter_card":"summary_large_image","twitter_misc":{"Escrito por":"hgdan","Tiempo de lectura":"2 minutos"},"schema":{"@context":"https:\/\/schema.org","@graph":[{"@type":"WebPage","@id":"https:\/\/instituciones.gtm.sld.cu\/hgdan\/entregan-donativo-de-alemania-al-hospital-dr-agostinho-neto\/","url":"https:\/\/instituciones.gtm.sld.cu\/hgdan\/entregan-donativo-de-alemania-al-hospital-dr-agostinho-neto\/","name":"Entregan donativo de Alemania al hospital Dr. Agostinho Neto - Hospital General Docente \u201cDr. Agostinho Neto\u201d","isPartOf":{"@id":"https:\/\/instituciones.gtm.sld.cu\/hgdan\/#website"},"datePublished":"2023-06-06T16:48:29+00:00","dateModified":"2023-06-06T17:12:44+00:00","author":{"@id":"https:\/\/instituciones.gtm.sld.cu\/hgdan\/#\/schema\/person\/e22b8fec03ce445b71f68fb97895d9d0"},"breadcrumb":{"@id":"https:\/\/instituciones.gtm.sld.cu\/hgdan\/entregan-donativo-de-alemania-al-hospital-dr-agostinho-neto\/#breadcrumb"},"inLanguage":"es","potentialAction":[{"@type":"ReadAction","target":["https:\/\/instituciones.gtm.sld.cu\/hgdan\/entregan-donativo-de-alemania-al-hospital-dr-agostinho-neto\/"]}]},{"@type":"BreadcrumbList","@id":"https:\/\/instituciones.gtm.sld.cu\/hgdan\/entregan-donativo-de-alemania-al-hospital-dr-agostinho-neto\/#breadcrumb","itemListElement":[{"@type":"ListItem","position":1,"name":"Portada","item":"https:\/\/instituciones.gtm.sld.cu\/hgdan\/"},{"@type":"ListItem","position":2,"name":"Entregan donativo de Alemania al hospital Dr. Agostinho Neto"}]},{"@type":"WebSite","@id":"https:\/\/instituciones.gtm.sld.cu\/hgdan\/#website","url":"https:\/\/instituciones.gtm.sld.cu\/hgdan\/","name":"Hospital General Docente \u201cDr. Agostinho Neto\u201d","description":"Hospital General Docente \u201cDr. Agostinho Neto\u201d","potentialAction":[{"@type":"SearchAction","target":{"@type":"EntryPoint","urlTemplate":"https:\/\/instituciones.gtm.sld.cu\/hgdan\/?s={search_term_string}"},"query-input":"required name=search_term_string"}],"inLanguage":"es"},{"@type":"Person","@id":"https:\/\/instituciones.gtm.sld.cu\/hgdan\/#\/schema\/person\/e22b8fec03ce445b71f68fb97895d9d0","name":"hgdan","url":"https:\/\/instituciones.gtm.sld.cu\/hgdan\/author\/hgdan\/"}]}},"jetpack_featured_media_url":"","_links":{"self":[{"href":"https:\/\/instituciones.gtm.sld.cu\/hgdan\/wp-json\/wp\/v2\/posts\/3790"}],"collection":[{"href":"https:\/\/instituciones.gtm.sld.cu\/hgdan\/wp-json\/wp\/v2\/posts"}],"about":[{"href":"https:\/\/instituciones.gtm.sld.cu\/hgdan\/wp-json\/wp\/v2\/types\/post"}],"author":[{"embeddable":true,"href":"https:\/\/instituciones.gtm.sld.cu\/hgdan\/wp-json\/wp\/v2\/users\/84"}],"replies":[{"embeddable":true,"href":"https:\/\/instituciones.gtm.sld.cu\/hgdan\/wp-json\/wp\/v2\/comments?post=3790"}],"version-history":[{"count":7,"href":"https:\/\/instituciones.gtm.sld.cu\/hgdan\/wp-json\/wp\/v2\/posts\/3790\/revisions"}],"predecessor-version":[{"id":3800,"href":"https:\/\/instituciones.gtm.sld.cu\/hgdan\/wp-json\/wp\/v2\/posts\/3790\/revisions\/3800"}],"wp:attachment":[{"href":"https:\/\/instituciones.gtm.sld.cu\/hgdan\/wp-json\/wp\/v2\/media?parent=3790"}],"wp:term":[{"taxonomy":"category","embeddable":true,"href":"https:\/\/instituciones.gtm.sld.cu\/hgdan\/wp-json\/wp\/v2\/categories?post=3790"},{"taxonomy":"post_tag","embeddable":true,"href":"https:\/\/instituciones.gtm.sld.cu\/hgdan\/wp-json\/wp\/v2\/tags?post=3790"}],"curies":[{"name":"wp","href":"https:\/\/api.w.org\/{rel}","templated":true}]}}