{"id":3817,"date":"2023-06-29T12:40:20","date_gmt":"2023-06-29T16:40:20","guid":{"rendered":"https:\/\/instituciones.gtm.sld.cu\/hgdan\/?p=3817"},"modified":"2023-07-11T13:47:10","modified_gmt":"2023-07-11T17:47:10","slug":"visitan-el-hospital-general-dr-agostinho-neto-viceprimer-ministro-y-el-ministro-de-salud-dr-jose-angel-portal-miranda","status":"publish","type":"post","link":"https:\/\/instituciones.gtm.sld.cu\/hgdan\/visitan-el-hospital-general-dr-agostinho-neto-viceprimer-ministro-y-el-ministro-de-salud-dr-jose-angel-portal-miranda\/","title":{"rendered":"Visitan el Hospital General Dr.Agostinho Neto  VICEPRIMER MINISTRO Y EL MINISTRO DE SALUD DR. JOSE ANGEL PORTAL MIRANDA."},"content":{"rendered":"<p style=\"text-align: left\"><span class=\"x193iq5w xeuugli x13faqbe x1vvkbs x1xmvt09 x1lliihq x1s928wv xhkezso x1gmr53x x1cpjm7i x1fgarty x1943h6x xudqn12 x3x7a5m x6prxxf xvq8zen xo1l8bm xzsf02u x2b8uid\" dir=\"auto\">Visitan el <a class=\"x1i10hfl xjbqb8w x6umtig x1b1mbwd xaqea5y xav7gou x9f619 x1ypdohk xt0psk2 xe8uvvx xdj266r x11i5rnm xat24cr x1mh8g0r xexx8yu x4uap5 x18d9i69 xkhd6sd x16tdsg8 x1hl2dhg xggy1nq x1a2a7pz xt0b8zv x1qq9wsj xo1l8bm\" role=\"link\" href=\"https:\/\/www.facebook.com\/hgdan.guantanamo.35?__cft__[0]=AZVhMyjSlUMgUENPPl2zD8ZA0-Z7o_oOHLvX8Y4jaIhoMxkPJ0yr6oPgGRK50fW0fBZQILPG5VEGNfFBSH_51-cDZfNjoB5Vi8Jfmu21723Lh79eVyW9rsjPc9OTCO7j-zL08NnacPxIiCAXeXGqSzt7HBqYU9Uj5r6eu0z-UbA83zYZQeKexDC1jkm3_eRfuJ0&amp;__tn__=-]H-R\"><span class=\"xt0psk2\">Hgdan Guant\u00e1namo<\/span><\/a>\u00a0<\/span>Viceprimer Ministro Jos\u00e9 Luis Perdomo y el Ministro de Salud Dr. Jos\u00e9 \u00c1ngel Portal Miranda.<\/p>\n<p style=\"text-align: left\"><span class=\"x193iq5w xeuugli x13faqbe x1vvkbs x1xmvt09 x1lliihq x1s928wv xhkezso x1gmr53x x1cpjm7i x1fgarty x1943h6x xudqn12 x3x7a5m x6prxxf xvq8zen xo1l8bm xzsf02u x2b8uid\" dir=\"auto\"><img decoding=\"async\" loading=\"lazy\" class=\"size-medium wp-image-3818 alignleft\" src=\"http:\/\/instituciones.gtm.sld.cu\/hgdan\/wp-content\/uploads\/sites\/33\/2023\/07\/1-300x135.jpg\" alt=\"\" width=\"300\" height=\"135\" srcset=\"https:\/\/instituciones.gtm.sld.cu\/hgdan\/wp-content\/uploads\/sites\/33\/2023\/07\/1-300x135.jpg 300w, https:\/\/instituciones.gtm.sld.cu\/hgdan\/wp-content\/uploads\/sites\/33\/2023\/07\/1.jpg 600w\" sizes=\"(max-width: 300px) 100vw, 300px\" \/> <img decoding=\"async\" loading=\"lazy\" class=\"size-medium wp-image-3819 alignleft\" src=\"http:\/\/instituciones.gtm.sld.cu\/hgdan\/wp-content\/uploads\/sites\/33\/2023\/07\/2-300x135.jpg\" alt=\"\" width=\"300\" height=\"135\" srcset=\"https:\/\/instituciones.gtm.sld.cu\/hgdan\/wp-content\/uploads\/sites\/33\/2023\/07\/2-300x135.jpg 300w, https:\/\/instituciones.gtm.sld.cu\/hgdan\/wp-content\/uploads\/sites\/33\/2023\/07\/2-1024x462.jpg 1024w, https:\/\/instituciones.gtm.sld.cu\/hgdan\/wp-content\/uploads\/sites\/33\/2023\/07\/2-768x346.jpg 768w, https:\/\/instituciones.gtm.sld.cu\/hgdan\/wp-content\/uploads\/sites\/33\/2023\/07\/2-1536x692.jpg 1536w, https:\/\/instituciones.gtm.sld.cu\/hgdan\/wp-content\/uploads\/sites\/33\/2023\/07\/2-696x314.jpg 696w, https:\/\/instituciones.gtm.sld.cu\/hgdan\/wp-content\/uploads\/sites\/33\/2023\/07\/2.jpg 2048w\" sizes=\"(max-width: 300px) 100vw, 300px\" \/> <img decoding=\"async\" loading=\"lazy\" class=\"alignnone size-medium wp-image-3820\" src=\"http:\/\/instituciones.gtm.sld.cu\/hgdan\/wp-content\/uploads\/sites\/33\/2023\/07\/3-300x135.jpg\" alt=\"\" width=\"300\" height=\"135\" srcset=\"https:\/\/instituciones.gtm.sld.cu\/hgdan\/wp-content\/uploads\/sites\/33\/2023\/07\/3-300x135.jpg 300w, https:\/\/instituciones.gtm.sld.cu\/hgdan\/wp-content\/uploads\/sites\/33\/2023\/07\/3-1024x462.jpg 1024w, https:\/\/instituciones.gtm.sld.cu\/hgdan\/wp-content\/uploads\/sites\/33\/2023\/07\/3-768x346.jpg 768w, https:\/\/instituciones.gtm.sld.cu\/hgdan\/wp-content\/uploads\/sites\/33\/2023\/07\/3-1536x692.jpg 1536w, https:\/\/instituciones.gtm.sld.cu\/hgdan\/wp-content\/uploads\/sites\/33\/2023\/07\/3-696x314.jpg 696w, https:\/\/instituciones.gtm.sld.cu\/hgdan\/wp-content\/uploads\/sites\/33\/2023\/07\/3.jpg 2048w\" sizes=\"(max-width: 300px) 100vw, 300px\" \/><\/span><\/p>\n","protected":false},"excerpt":{"rendered":"<p>Visitan el Hgdan Guant\u00e1namo\u00a0Viceprimer Ministro Jos\u00e9 Luis Perdomo y el Ministro de Salud Dr. Jos\u00e9 \u00c1ngel Portal Miranda.<\/p>\n","protected":false},"author":84,"featured_media":0,"comment_status":"closed","ping_status":"closed","sticky":false,"template":"","format":"standard","meta":{"ngg_post_thumbnail":0},"categories":[1],"tags":[],"yoast_head":"<!-- This site is optimized with the Yoast SEO plugin v21.8 - https:\/\/yoast.com\/wordpress\/plugins\/seo\/ -->\n<title>Visitan el Hospital General Dr.Agostinho Neto VICEPRIMER MINISTRO Y EL MINISTRO DE SALUD DR. JOSE ANGEL PORTAL MIRANDA. - Hospital General Docente \u201cDr. Agostinho Neto\u201d<\/title>\n<meta name=\"robots\" content=\"index, follow, max-snippet:-1, max-image-preview:large, max-video-preview:-1\" \/>\n<link rel=\"canonical\" href=\"https:\/\/instituciones.gtm.sld.cu\/hgdan\/visitan-el-hospital-general-dr-agostinho-neto-viceprimer-ministro-y-el-ministro-de-salud-dr-jose-angel-portal-miranda\/\" \/>\n<meta property=\"og:locale\" content=\"es_ES\" \/>\n<meta property=\"og:type\" content=\"article\" \/>\n<meta property=\"og:title\" content=\"Visitan el Hospital General Dr.Agostinho Neto VICEPRIMER MINISTRO Y EL MINISTRO DE SALUD DR. JOSE ANGEL PORTAL MIRANDA. - Hospital General Docente \u201cDr. Agostinho Neto\u201d\" \/>\n<meta property=\"og:description\" content=\"Visitan el Hgdan Guant\u00e1namo\u00a0Viceprimer Ministro Jos\u00e9 Luis Perdomo y el Ministro de Salud Dr. Jos\u00e9 \u00c1ngel Portal Miranda.\" \/>\n<meta property=\"og:url\" content=\"https:\/\/instituciones.gtm.sld.cu\/hgdan\/visitan-el-hospital-general-dr-agostinho-neto-viceprimer-ministro-y-el-ministro-de-salud-dr-jose-angel-portal-miranda\/\" \/>\n<meta property=\"og:site_name\" content=\"Hospital General Docente \u201cDr. Agostinho Neto\u201d\" \/>\n<meta property=\"article:published_time\" content=\"2023-06-29T16:40:20+00:00\" \/>\n<meta property=\"article:modified_time\" content=\"2023-07-11T17:47:10+00:00\" \/>\n<meta property=\"og:image\" content=\"http:\/\/instituciones.gtm.sld.cu\/hgdan\/wp-content\/uploads\/sites\/33\/2023\/07\/1-300x135.jpg\" \/>\n<meta name=\"author\" content=\"hgdan\" \/>\n<meta name=\"twitter:card\" content=\"summary_large_image\" \/>\n<meta name=\"twitter:label1\" content=\"Escrito por\" \/>\n\t<meta name=\"twitter:data1\" content=\"hgdan\" \/>\n<script type=\"application\/ld+json\" class=\"yoast-schema-graph\">{\"@context\":\"https:\/\/schema.org\",\"@graph\":[{\"@type\":\"WebPage\",\"@id\":\"https:\/\/instituciones.gtm.sld.cu\/hgdan\/visitan-el-hospital-general-dr-agostinho-neto-viceprimer-ministro-y-el-ministro-de-salud-dr-jose-angel-portal-miranda\/\",\"url\":\"https:\/\/instituciones.gtm.sld.cu\/hgdan\/visitan-el-hospital-general-dr-agostinho-neto-viceprimer-ministro-y-el-ministro-de-salud-dr-jose-angel-portal-miranda\/\",\"name\":\"Visitan el Hospital General Dr.Agostinho Neto VICEPRIMER MINISTRO Y EL MINISTRO DE SALUD DR. JOSE ANGEL PORTAL MIRANDA. - Hospital General Docente \u201cDr. Agostinho Neto\u201d\",\"isPartOf\":{\"@id\":\"https:\/\/instituciones.gtm.sld.cu\/hgdan\/#website\"},\"datePublished\":\"2023-06-29T16:40:20+00:00\",\"dateModified\":\"2023-07-11T17:47:10+00:00\",\"author\":{\"@id\":\"https:\/\/instituciones.gtm.sld.cu\/hgdan\/#\/schema\/person\/e22b8fec03ce445b71f68fb97895d9d0\"},\"breadcrumb\":{\"@id\":\"https:\/\/instituciones.gtm.sld.cu\/hgdan\/visitan-el-hospital-general-dr-agostinho-neto-viceprimer-ministro-y-el-ministro-de-salud-dr-jose-angel-portal-miranda\/#breadcrumb\"},\"inLanguage\":\"es\",\"potentialAction\":[{\"@type\":\"ReadAction\",\"target\":[\"https:\/\/instituciones.gtm.sld.cu\/hgdan\/visitan-el-hospital-general-dr-agostinho-neto-viceprimer-ministro-y-el-ministro-de-salud-dr-jose-angel-portal-miranda\/\"]}]},{\"@type\":\"BreadcrumbList\",\"@id\":\"https:\/\/instituciones.gtm.sld.cu\/hgdan\/visitan-el-hospital-general-dr-agostinho-neto-viceprimer-ministro-y-el-ministro-de-salud-dr-jose-angel-portal-miranda\/#breadcrumb\",\"itemListElement\":[{\"@type\":\"ListItem\",\"position\":1,\"name\":\"Portada\",\"item\":\"https:\/\/instituciones.gtm.sld.cu\/hgdan\/\"},{\"@type\":\"ListItem\",\"position\":2,\"name\":\"Visitan el Hospital General Dr.Agostinho Neto VICEPRIMER MINISTRO Y EL MINISTRO DE SALUD DR. JOSE ANGEL PORTAL MIRANDA.\"}]},{\"@type\":\"WebSite\",\"@id\":\"https:\/\/instituciones.gtm.sld.cu\/hgdan\/#website\",\"url\":\"https:\/\/instituciones.gtm.sld.cu\/hgdan\/\",\"name\":\"Hospital General Docente \u201cDr. Agostinho Neto\u201d\",\"description\":\"Hospital General Docente \u201cDr. Agostinho Neto\u201d\",\"potentialAction\":[{\"@type\":\"SearchAction\",\"target\":{\"@type\":\"EntryPoint\",\"urlTemplate\":\"https:\/\/instituciones.gtm.sld.cu\/hgdan\/?s={search_term_string}\"},\"query-input\":\"required name=search_term_string\"}],\"inLanguage\":\"es\"},{\"@type\":\"Person\",\"@id\":\"https:\/\/instituciones.gtm.sld.cu\/hgdan\/#\/schema\/person\/e22b8fec03ce445b71f68fb97895d9d0\",\"name\":\"hgdan\",\"url\":\"https:\/\/instituciones.gtm.sld.cu\/hgdan\/author\/hgdan\/\"}]}<\/script>\n<!-- \/ Yoast SEO plugin. -->","yoast_head_json":{"title":"Visitan el Hospital General Dr.Agostinho Neto VICEPRIMER MINISTRO Y EL MINISTRO DE SALUD DR. JOSE ANGEL PORTAL MIRANDA. - Hospital General Docente \u201cDr. Agostinho Neto\u201d","robots":{"index":"index","follow":"follow","max-snippet":"max-snippet:-1","max-image-preview":"max-image-preview:large","max-video-preview":"max-video-preview:-1"},"canonical":"https:\/\/instituciones.gtm.sld.cu\/hgdan\/visitan-el-hospital-general-dr-agostinho-neto-viceprimer-ministro-y-el-ministro-de-salud-dr-jose-angel-portal-miranda\/","og_locale":"es_ES","og_type":"article","og_title":"Visitan el Hospital General Dr.Agostinho Neto VICEPRIMER MINISTRO Y EL MINISTRO DE SALUD DR. JOSE ANGEL PORTAL MIRANDA. - Hospital General Docente \u201cDr. Agostinho Neto\u201d","og_description":"Visitan el Hgdan Guant\u00e1namo\u00a0Viceprimer Ministro Jos\u00e9 Luis Perdomo y el Ministro de Salud Dr. Jos\u00e9 \u00c1ngel Portal Miranda.","og_url":"https:\/\/instituciones.gtm.sld.cu\/hgdan\/visitan-el-hospital-general-dr-agostinho-neto-viceprimer-ministro-y-el-ministro-de-salud-dr-jose-angel-portal-miranda\/","og_site_name":"Hospital General Docente \u201cDr. Agostinho Neto\u201d","article_published_time":"2023-06-29T16:40:20+00:00","article_modified_time":"2023-07-11T17:47:10+00:00","og_image":[{"url":"http:\/\/instituciones.gtm.sld.cu\/hgdan\/wp-content\/uploads\/sites\/33\/2023\/07\/1-300x135.jpg"}],"author":"hgdan","twitter_card":"summary_large_image","twitter_misc":{"Escrito por":"hgdan"},"schema":{"@context":"https:\/\/schema.org","@graph":[{"@type":"WebPage","@id":"https:\/\/instituciones.gtm.sld.cu\/hgdan\/visitan-el-hospital-general-dr-agostinho-neto-viceprimer-ministro-y-el-ministro-de-salud-dr-jose-angel-portal-miranda\/","url":"https:\/\/instituciones.gtm.sld.cu\/hgdan\/visitan-el-hospital-general-dr-agostinho-neto-viceprimer-ministro-y-el-ministro-de-salud-dr-jose-angel-portal-miranda\/","name":"Visitan el Hospital General Dr.Agostinho Neto VICEPRIMER MINISTRO Y EL MINISTRO DE SALUD DR. JOSE ANGEL PORTAL MIRANDA. - Hospital General Docente \u201cDr. Agostinho Neto\u201d","isPartOf":{"@id":"https:\/\/instituciones.gtm.sld.cu\/hgdan\/#website"},"datePublished":"2023-06-29T16:40:20+00:00","dateModified":"2023-07-11T17:47:10+00:00","author":{"@id":"https:\/\/instituciones.gtm.sld.cu\/hgdan\/#\/schema\/person\/e22b8fec03ce445b71f68fb97895d9d0"},"breadcrumb":{"@id":"https:\/\/instituciones.gtm.sld.cu\/hgdan\/visitan-el-hospital-general-dr-agostinho-neto-viceprimer-ministro-y-el-ministro-de-salud-dr-jose-angel-portal-miranda\/#breadcrumb"},"inLanguage":"es","potentialAction":[{"@type":"ReadAction","target":["https:\/\/instituciones.gtm.sld.cu\/hgdan\/visitan-el-hospital-general-dr-agostinho-neto-viceprimer-ministro-y-el-ministro-de-salud-dr-jose-angel-portal-miranda\/"]}]},{"@type":"BreadcrumbList","@id":"https:\/\/instituciones.gtm.sld.cu\/hgdan\/visitan-el-hospital-general-dr-agostinho-neto-viceprimer-ministro-y-el-ministro-de-salud-dr-jose-angel-portal-miranda\/#breadcrumb","itemListElement":[{"@type":"ListItem","position":1,"name":"Portada","item":"https:\/\/instituciones.gtm.sld.cu\/hgdan\/"},{"@type":"ListItem","position":2,"name":"Visitan el Hospital General Dr.Agostinho Neto VICEPRIMER MINISTRO Y EL MINISTRO DE SALUD DR. JOSE ANGEL PORTAL MIRANDA."}]},{"@type":"WebSite","@id":"https:\/\/instituciones.gtm.sld.cu\/hgdan\/#website","url":"https:\/\/instituciones.gtm.sld.cu\/hgdan\/","name":"Hospital General Docente \u201cDr. Agostinho Neto\u201d","description":"Hospital General Docente \u201cDr. Agostinho Neto\u201d","potentialAction":[{"@type":"SearchAction","target":{"@type":"EntryPoint","urlTemplate":"https:\/\/instituciones.gtm.sld.cu\/hgdan\/?s={search_term_string}"},"query-input":"required name=search_term_string"}],"inLanguage":"es"},{"@type":"Person","@id":"https:\/\/instituciones.gtm.sld.cu\/hgdan\/#\/schema\/person\/e22b8fec03ce445b71f68fb97895d9d0","name":"hgdan","url":"https:\/\/instituciones.gtm.sld.cu\/hgdan\/author\/hgdan\/"}]}},"jetpack_featured_media_url":"","_links":{"self":[{"href":"https:\/\/instituciones.gtm.sld.cu\/hgdan\/wp-json\/wp\/v2\/posts\/3817"}],"collection":[{"href":"https:\/\/instituciones.gtm.sld.cu\/hgdan\/wp-json\/wp\/v2\/posts"}],"about":[{"href":"https:\/\/instituciones.gtm.sld.cu\/hgdan\/wp-json\/wp\/v2\/types\/post"}],"author":[{"embeddable":true,"href":"https:\/\/instituciones.gtm.sld.cu\/hgdan\/wp-json\/wp\/v2\/users\/84"}],"replies":[{"embeddable":true,"href":"https:\/\/instituciones.gtm.sld.cu\/hgdan\/wp-json\/wp\/v2\/comments?post=3817"}],"version-history":[{"count":4,"href":"https:\/\/instituciones.gtm.sld.cu\/hgdan\/wp-json\/wp\/v2\/posts\/3817\/revisions"}],"predecessor-version":[{"id":3826,"href":"https:\/\/instituciones.gtm.sld.cu\/hgdan\/wp-json\/wp\/v2\/posts\/3817\/revisions\/3826"}],"wp:attachment":[{"href":"https:\/\/instituciones.gtm.sld.cu\/hgdan\/wp-json\/wp\/v2\/media?parent=3817"}],"wp:term":[{"taxonomy":"category","embeddable":true,"href":"https:\/\/instituciones.gtm.sld.cu\/hgdan\/wp-json\/wp\/v2\/categories?post=3817"},{"taxonomy":"post_tag","embeddable":true,"href":"https:\/\/instituciones.gtm.sld.cu\/hgdan\/wp-json\/wp\/v2\/tags?post=3817"}],"curies":[{"name":"wp","href":"https:\/\/api.w.org\/{rel}","templated":true}]}}