{"id":4049,"date":"2025-01-29T14:27:12","date_gmt":"2025-01-29T19:27:12","guid":{"rendered":"https:\/\/instituciones.gtm.sld.cu\/hgdan\/?p=4049"},"modified":"2025-02-14T09:00:47","modified_gmt":"2025-02-14T14:00:47","slug":"fortaleciendo-la-salud-donativo-de-unfpa-al-hospital-general","status":"publish","type":"post","link":"https:\/\/instituciones.gtm.sld.cu\/hgdan\/fortaleciendo-la-salud-donativo-de-unfpa-al-hospital-general\/","title":{"rendered":"\u00abFortaleciendo la Salud: Donativo de UNFPA al Hospital General\u00bb"},"content":{"rendered":"<p><img decoding=\"async\" loading=\"lazy\" class=\"size-full wp-image-4050 alignleft\" src=\"http:\/\/instituciones.gtm.sld.cu\/hgdan\/wp-content\/uploads\/sites\/33\/2025\/01\/1.jpg\" alt=\"\" width=\"150\" height=\"84\" \/><\/p>\n<p>El Hospital General ha recibido un significativo donativo de insumos m\u00e9dicos y material gastable, gracias a la generosa colaboraci\u00f3n de <strong>UNFPA<\/strong>. Esta entrega, realizada\u00a0 al director de la instituci\u00f3n, representa un importante apoyo para mejorar la atenci\u00f3n sanitaria en nuestra comunidad.<\/p>\n<p><strong> Los insumos donados fortalecer\u00e1n los recursos disponibles para el personal m\u00e9dico, permitiendo una atenci\u00f3n m\u00e1s eficiente y efectiva a los pacientes. Agradecemos a UNFPA por su compromiso con la salud y bienestar de la poblaci\u00f3n<\/strong>. Este tipo de colaboraciones son esenciales para enfrentar los desaf\u00edos en el sector salud y garantizar una atenci\u00f3n de calidad para todos.<\/p>\n<div class=\"mt-sm flex items-center justify-between\">\n<div class=\"-ml-sm flex items-center gap-xs\"><\/div>\n<\/div>\n<div><\/div>\n<div class=\"flex items-center gap-xs border-borderMain\/50 ring-borderMain\/50 divide-borderMain\/50 dark:divide-borderMainDark\/50 dark:ring-borderMainDark\/50 dark:border-borderMainDark\/50 bg-transparent\">\n\n\t\t<style type=\"text\/css\">\n\t\t\t#gallery-1 {\n\t\t\t\tmargin: auto;\n\t\t\t}\n\t\t\t#gallery-1 .gallery-item {\n\t\t\t\tfloat: left;\n\t\t\t\tmargin-top: 10px;\n\t\t\t\ttext-align: center;\n\t\t\t\twidth: 33%;\n\t\t\t}\n\t\t\t#gallery-1 img {\n\t\t\t\tborder: 2px solid #cfcfcf;\n\t\t\t}\n\t\t\t#gallery-1 .gallery-caption {\n\t\t\t\tmargin-left: 0;\n\t\t\t}\n\t\t\t\/* see gallery_shortcode() in wp-includes\/media.php *\/\n\t\t<\/style>\n\t\t<div id='gallery-1' class='gallery galleryid-4049 gallery-columns-3 gallery-size-thumbnail'><dl class='gallery-item'>\n\t\t\t<dt class='gallery-icon landscape'>\n\t\t\t\t<a href='https:\/\/instituciones.gtm.sld.cu\/hgdan\/fortaleciendo-la-salud-donativo-de-unfpa-al-hospital-general\/donativo-2025-2\/'><img width=\"150\" height=\"150\" src=\"https:\/\/instituciones.gtm.sld.cu\/hgdan\/wp-content\/uploads\/sites\/33\/2025\/01\/donativo-2025-2-150x150.jpg\" class=\"attachment-thumbnail size-thumbnail\" alt=\"donativo\" decoding=\"async\" loading=\"lazy\" \/><\/a>\n\t\t\t<\/dt><\/dl><dl class='gallery-item'>\n\t\t\t<dt class='gallery-icon landscape'>\n\t\t\t\t<a href='https:\/\/instituciones.gtm.sld.cu\/hgdan\/fortaleciendo-la-salud-donativo-de-unfpa-al-hospital-general\/donativo202501\/'><img width=\"150\" height=\"150\" src=\"https:\/\/instituciones.gtm.sld.cu\/hgdan\/wp-content\/uploads\/sites\/33\/2025\/01\/donativo202501-150x150.jpg\" class=\"attachment-thumbnail size-thumbnail\" alt=\"donativo\" decoding=\"async\" loading=\"lazy\" \/><\/a>\n\t\t\t<\/dt><\/dl>\n\t\t\t<br style='clear: both' \/>\n\t\t<\/div>\n\n<\/div>\n","protected":false},"excerpt":{"rendered":"<p>El Hospital General ha recibido un significativo donativo de insumos m\u00e9dicos y material gastable, gracias a la generosa colaboraci\u00f3n de UNFPA. Esta entrega, realizada\u00a0 al director de la instituci\u00f3n, representa un importante apoyo para mejorar la atenci\u00f3n sanitaria en nuestra comunidad. Los insumos donados fortalecer\u00e1n los recursos disponibles para el personal m\u00e9dico, permitiendo una atenci\u00f3n &hellip; <\/p>\n<p><a class=\"more-link btn\" href=\"https:\/\/instituciones.gtm.sld.cu\/hgdan\/fortaleciendo-la-salud-donativo-de-unfpa-al-hospital-general\/\">Seguir leyendo<\/a><\/p>\n","protected":false},"author":107,"featured_media":4050,"comment_status":"closed","ping_status":"closed","sticky":false,"template":"","format":"standard","meta":{"ngg_post_thumbnail":0},"categories":[2],"tags":[28,27,29,30],"yoast_head":"<!-- This site is optimized with the Yoast SEO plugin v21.8 - https:\/\/yoast.com\/wordpress\/plugins\/seo\/ -->\n<title>&quot;Fortaleciendo la Salud: Donativo de UNFPA al Hospital General&quot; - Hospital General Docente \u201cDr. Agostinho Neto\u201d<\/title>\n<meta name=\"robots\" content=\"index, follow, max-snippet:-1, max-image-preview:large, max-video-preview:-1\" \/>\n<link rel=\"canonical\" href=\"https:\/\/instituciones.gtm.sld.cu\/hgdan\/fortaleciendo-la-salud-donativo-de-unfpa-al-hospital-general\/\" \/>\n<meta property=\"og:locale\" content=\"es_ES\" \/>\n<meta property=\"og:type\" content=\"article\" \/>\n<meta property=\"og:title\" content=\"&quot;Fortaleciendo la Salud: Donativo de UNFPA al Hospital General&quot; - Hospital General Docente \u201cDr. Agostinho Neto\u201d\" \/>\n<meta property=\"og:description\" content=\"El Hospital General ha recibido un significativo donativo de insumos m\u00e9dicos y material gastable, gracias a la generosa colaboraci\u00f3n de UNFPA. Esta entrega, realizada\u00a0 al director de la instituci\u00f3n, representa un importante apoyo para mejorar la atenci\u00f3n sanitaria en nuestra comunidad. Los insumos donados fortalecer\u00e1n los recursos disponibles para el personal m\u00e9dico, permitiendo una atenci\u00f3n &hellip; Seguir leyendo\" \/>\n<meta property=\"og:url\" content=\"https:\/\/instituciones.gtm.sld.cu\/hgdan\/fortaleciendo-la-salud-donativo-de-unfpa-al-hospital-general\/\" \/>\n<meta property=\"og:site_name\" content=\"Hospital General Docente \u201cDr. Agostinho Neto\u201d\" \/>\n<meta property=\"article:published_time\" content=\"2025-01-29T19:27:12+00:00\" \/>\n<meta property=\"article:modified_time\" content=\"2025-02-14T14:00:47+00:00\" \/>\n<meta property=\"og:image\" content=\"https:\/\/instituciones.gtm.sld.cu\/hgdan\/wp-content\/uploads\/sites\/33\/2025\/01\/1.jpg\" \/>\n\t<meta property=\"og:image:width\" content=\"150\" \/>\n\t<meta property=\"og:image:height\" content=\"84\" \/>\n\t<meta property=\"og:image:type\" content=\"image\/jpeg\" \/>\n<meta name=\"author\" content=\"mtoiracp\" \/>\n<meta name=\"twitter:card\" content=\"summary_large_image\" \/>\n<meta name=\"twitter:label1\" content=\"Escrito por\" \/>\n\t<meta name=\"twitter:data1\" content=\"mtoiracp\" \/>\n\t<meta name=\"twitter:label2\" content=\"Tiempo de lectura\" \/>\n\t<meta name=\"twitter:data2\" content=\"1 minuto\" \/>\n<script type=\"application\/ld+json\" class=\"yoast-schema-graph\">{\"@context\":\"https:\/\/schema.org\",\"@graph\":[{\"@type\":\"WebPage\",\"@id\":\"https:\/\/instituciones.gtm.sld.cu\/hgdan\/fortaleciendo-la-salud-donativo-de-unfpa-al-hospital-general\/\",\"url\":\"https:\/\/instituciones.gtm.sld.cu\/hgdan\/fortaleciendo-la-salud-donativo-de-unfpa-al-hospital-general\/\",\"name\":\"\\\"Fortaleciendo la Salud: Donativo de UNFPA al Hospital General\\\" - Hospital General Docente \u201cDr. Agostinho Neto\u201d\",\"isPartOf\":{\"@id\":\"https:\/\/instituciones.gtm.sld.cu\/hgdan\/#website\"},\"datePublished\":\"2025-01-29T19:27:12+00:00\",\"dateModified\":\"2025-02-14T14:00:47+00:00\",\"author\":{\"@id\":\"https:\/\/instituciones.gtm.sld.cu\/hgdan\/#\/schema\/person\/9f0234c9dd9d6d75c06f278eed0933ae\"},\"breadcrumb\":{\"@id\":\"https:\/\/instituciones.gtm.sld.cu\/hgdan\/fortaleciendo-la-salud-donativo-de-unfpa-al-hospital-general\/#breadcrumb\"},\"inLanguage\":\"es\",\"potentialAction\":[{\"@type\":\"ReadAction\",\"target\":[\"https:\/\/instituciones.gtm.sld.cu\/hgdan\/fortaleciendo-la-salud-donativo-de-unfpa-al-hospital-general\/\"]}]},{\"@type\":\"BreadcrumbList\",\"@id\":\"https:\/\/instituciones.gtm.sld.cu\/hgdan\/fortaleciendo-la-salud-donativo-de-unfpa-al-hospital-general\/#breadcrumb\",\"itemListElement\":[{\"@type\":\"ListItem\",\"position\":1,\"name\":\"Portada\",\"item\":\"https:\/\/instituciones.gtm.sld.cu\/hgdan\/\"},{\"@type\":\"ListItem\",\"position\":2,\"name\":\"\u00abFortaleciendo la Salud: Donativo de UNFPA al Hospital General\u00bb\"}]},{\"@type\":\"WebSite\",\"@id\":\"https:\/\/instituciones.gtm.sld.cu\/hgdan\/#website\",\"url\":\"https:\/\/instituciones.gtm.sld.cu\/hgdan\/\",\"name\":\"Hospital General Docente \u201cDr. Agostinho Neto\u201d\",\"description\":\"Hospital General Docente \u201cDr. Agostinho Neto\u201d\",\"potentialAction\":[{\"@type\":\"SearchAction\",\"target\":{\"@type\":\"EntryPoint\",\"urlTemplate\":\"https:\/\/instituciones.gtm.sld.cu\/hgdan\/?s={search_term_string}\"},\"query-input\":\"required name=search_term_string\"}],\"inLanguage\":\"es\"},{\"@type\":\"Person\",\"@id\":\"https:\/\/instituciones.gtm.sld.cu\/hgdan\/#\/schema\/person\/9f0234c9dd9d6d75c06f278eed0933ae\",\"name\":\"mtoiracp\",\"url\":\"https:\/\/instituciones.gtm.sld.cu\/hgdan\/author\/mtoiracp\/\"}]}<\/script>\n<!-- \/ Yoast SEO plugin. -->","yoast_head_json":{"title":"\"Fortaleciendo la Salud: Donativo de UNFPA al Hospital General\" - Hospital General Docente \u201cDr. Agostinho Neto\u201d","robots":{"index":"index","follow":"follow","max-snippet":"max-snippet:-1","max-image-preview":"max-image-preview:large","max-video-preview":"max-video-preview:-1"},"canonical":"https:\/\/instituciones.gtm.sld.cu\/hgdan\/fortaleciendo-la-salud-donativo-de-unfpa-al-hospital-general\/","og_locale":"es_ES","og_type":"article","og_title":"\"Fortaleciendo la Salud: Donativo de UNFPA al Hospital General\" - Hospital General Docente \u201cDr. Agostinho Neto\u201d","og_description":"El Hospital General ha recibido un significativo donativo de insumos m\u00e9dicos y material gastable, gracias a la generosa colaboraci\u00f3n de UNFPA. Esta entrega, realizada\u00a0 al director de la instituci\u00f3n, representa un importante apoyo para mejorar la atenci\u00f3n sanitaria en nuestra comunidad. Los insumos donados fortalecer\u00e1n los recursos disponibles para el personal m\u00e9dico, permitiendo una atenci\u00f3n &hellip; Seguir leyendo","og_url":"https:\/\/instituciones.gtm.sld.cu\/hgdan\/fortaleciendo-la-salud-donativo-de-unfpa-al-hospital-general\/","og_site_name":"Hospital General Docente \u201cDr. Agostinho Neto\u201d","article_published_time":"2025-01-29T19:27:12+00:00","article_modified_time":"2025-02-14T14:00:47+00:00","og_image":[{"width":150,"height":84,"url":"https:\/\/instituciones.gtm.sld.cu\/hgdan\/wp-content\/uploads\/sites\/33\/2025\/01\/1.jpg","type":"image\/jpeg"}],"author":"mtoiracp","twitter_card":"summary_large_image","twitter_misc":{"Escrito por":"mtoiracp","Tiempo de lectura":"1 minuto"},"schema":{"@context":"https:\/\/schema.org","@graph":[{"@type":"WebPage","@id":"https:\/\/instituciones.gtm.sld.cu\/hgdan\/fortaleciendo-la-salud-donativo-de-unfpa-al-hospital-general\/","url":"https:\/\/instituciones.gtm.sld.cu\/hgdan\/fortaleciendo-la-salud-donativo-de-unfpa-al-hospital-general\/","name":"\"Fortaleciendo la Salud: Donativo de UNFPA al Hospital General\" - Hospital General Docente \u201cDr. Agostinho Neto\u201d","isPartOf":{"@id":"https:\/\/instituciones.gtm.sld.cu\/hgdan\/#website"},"datePublished":"2025-01-29T19:27:12+00:00","dateModified":"2025-02-14T14:00:47+00:00","author":{"@id":"https:\/\/instituciones.gtm.sld.cu\/hgdan\/#\/schema\/person\/9f0234c9dd9d6d75c06f278eed0933ae"},"breadcrumb":{"@id":"https:\/\/instituciones.gtm.sld.cu\/hgdan\/fortaleciendo-la-salud-donativo-de-unfpa-al-hospital-general\/#breadcrumb"},"inLanguage":"es","potentialAction":[{"@type":"ReadAction","target":["https:\/\/instituciones.gtm.sld.cu\/hgdan\/fortaleciendo-la-salud-donativo-de-unfpa-al-hospital-general\/"]}]},{"@type":"BreadcrumbList","@id":"https:\/\/instituciones.gtm.sld.cu\/hgdan\/fortaleciendo-la-salud-donativo-de-unfpa-al-hospital-general\/#breadcrumb","itemListElement":[{"@type":"ListItem","position":1,"name":"Portada","item":"https:\/\/instituciones.gtm.sld.cu\/hgdan\/"},{"@type":"ListItem","position":2,"name":"\u00abFortaleciendo la Salud: Donativo de UNFPA al Hospital General\u00bb"}]},{"@type":"WebSite","@id":"https:\/\/instituciones.gtm.sld.cu\/hgdan\/#website","url":"https:\/\/instituciones.gtm.sld.cu\/hgdan\/","name":"Hospital General Docente \u201cDr. Agostinho Neto\u201d","description":"Hospital General Docente \u201cDr. Agostinho Neto\u201d","potentialAction":[{"@type":"SearchAction","target":{"@type":"EntryPoint","urlTemplate":"https:\/\/instituciones.gtm.sld.cu\/hgdan\/?s={search_term_string}"},"query-input":"required name=search_term_string"}],"inLanguage":"es"},{"@type":"Person","@id":"https:\/\/instituciones.gtm.sld.cu\/hgdan\/#\/schema\/person\/9f0234c9dd9d6d75c06f278eed0933ae","name":"mtoiracp","url":"https:\/\/instituciones.gtm.sld.cu\/hgdan\/author\/mtoiracp\/"}]}},"jetpack_featured_media_url":"https:\/\/instituciones.gtm.sld.cu\/hgdan\/wp-content\/uploads\/sites\/33\/2025\/01\/1.jpg","_links":{"self":[{"href":"https:\/\/instituciones.gtm.sld.cu\/hgdan\/wp-json\/wp\/v2\/posts\/4049"}],"collection":[{"href":"https:\/\/instituciones.gtm.sld.cu\/hgdan\/wp-json\/wp\/v2\/posts"}],"about":[{"href":"https:\/\/instituciones.gtm.sld.cu\/hgdan\/wp-json\/wp\/v2\/types\/post"}],"author":[{"embeddable":true,"href":"https:\/\/instituciones.gtm.sld.cu\/hgdan\/wp-json\/wp\/v2\/users\/107"}],"replies":[{"embeddable":true,"href":"https:\/\/instituciones.gtm.sld.cu\/hgdan\/wp-json\/wp\/v2\/comments?post=4049"}],"version-history":[{"count":7,"href":"https:\/\/instituciones.gtm.sld.cu\/hgdan\/wp-json\/wp\/v2\/posts\/4049\/revisions"}],"predecessor-version":[{"id":4066,"href":"https:\/\/instituciones.gtm.sld.cu\/hgdan\/wp-json\/wp\/v2\/posts\/4049\/revisions\/4066"}],"wp:featuredmedia":[{"embeddable":true,"href":"https:\/\/instituciones.gtm.sld.cu\/hgdan\/wp-json\/wp\/v2\/media\/4050"}],"wp:attachment":[{"href":"https:\/\/instituciones.gtm.sld.cu\/hgdan\/wp-json\/wp\/v2\/media?parent=4049"}],"wp:term":[{"taxonomy":"category","embeddable":true,"href":"https:\/\/instituciones.gtm.sld.cu\/hgdan\/wp-json\/wp\/v2\/categories?post=4049"},{"taxonomy":"post_tag","embeddable":true,"href":"https:\/\/instituciones.gtm.sld.cu\/hgdan\/wp-json\/wp\/v2\/tags?post=4049"}],"curies":[{"name":"wp","href":"https:\/\/api.w.org\/{rel}","templated":true}]}}