{"id":328,"date":"2019-08-02T12:23:22","date_gmt":"2019-08-02T16:23:22","guid":{"rendered":"http:\/\/instituciones2.gtm.sld.cu\/hplrl\/?p=328"},"modified":"2019-10-03T08:53:37","modified_gmt":"2019-10-03T12:53:37","slug":"hospital-de-dia-psicotico","status":"publish","type":"post","link":"https:\/\/instituciones.gtm.sld.cu\/hplrl\/2019\/08\/02\/hospital-de-dia-psicotico\/","title":{"rendered":"Hospital de D\u00eda Psic\u00f3tico"},"content":{"rendered":"<p><img decoding=\"async\" loading=\"lazy\" class=\"alignleft size-full wp-image-329\" src=\"http:\/\/instituciones2.gtm.sld.cu\/hplrl\/wp-content\/uploads\/sites\/25\/2019\/08\/20190802_102143.jpg\" alt=\"\" width=\"150\" height=\"90\">En el d\u00eda de hoy se celebr\u00f3 la despedida de los pacientes de Hospital de D\u00eda Psic\u00f3tico que se van de vacaciones hasta el pr\u00f3ximo 2 de septiembre.<\/p>\n","protected":false},"excerpt":{"rendered":"<p>En el d\u00eda de hoy se celebr\u00f3 la despedida de los pacientes de Hospital de D\u00eda Psic\u00f3tico que se van de vacaciones hasta el pr\u00f3ximo 2 de septiembre.<\/p>\n","protected":false},"author":35,"featured_media":0,"comment_status":"open","ping_status":"open","sticky":false,"template":"","format":"standard","meta":{"ngg_post_thumbnail":0},"categories":[8],"tags":[],"yoast_head":"<!-- This site is optimized with the Yoast SEO plugin v21.8 - https:\/\/yoast.com\/wordpress\/plugins\/seo\/ -->\n<title>Hospital de D\u00eda Psic\u00f3tico - Hospital Psiqui\u00e1trico \u201cLuis Ram\u00edrez L\u00f3pez\u201d<\/title>\n<meta name=\"robots\" content=\"index, follow, max-snippet:-1, max-image-preview:large, max-video-preview:-1\" \/>\n<link rel=\"canonical\" href=\"https:\/\/instituciones.gtm.sld.cu\/hplrl\/2019\/08\/02\/hospital-de-dia-psicotico\/\" \/>\n<meta property=\"og:locale\" content=\"es_ES\" \/>\n<meta property=\"og:type\" content=\"article\" \/>\n<meta property=\"og:title\" content=\"Hospital de D\u00eda Psic\u00f3tico - Hospital Psiqui\u00e1trico \u201cLuis Ram\u00edrez L\u00f3pez\u201d\" \/>\n<meta property=\"og:description\" content=\"En el d\u00eda de hoy se celebr\u00f3 la despedida de los pacientes de Hospital de D\u00eda Psic\u00f3tico que se van de vacaciones hasta el pr\u00f3ximo 2 de septiembre.\" \/>\n<meta property=\"og:url\" content=\"https:\/\/instituciones.gtm.sld.cu\/hplrl\/2019\/08\/02\/hospital-de-dia-psicotico\/\" \/>\n<meta property=\"og:site_name\" content=\"Hospital Psiqui\u00e1trico \u201cLuis Ram\u00edrez L\u00f3pez\u201d\" \/>\n<meta property=\"article:published_time\" content=\"2019-08-02T16:23:22+00:00\" \/>\n<meta property=\"article:modified_time\" content=\"2019-10-03T12:53:37+00:00\" \/>\n<meta property=\"og:image\" content=\"http:\/\/instituciones2.gtm.sld.cu\/hplrl\/wp-content\/uploads\/sites\/25\/2019\/08\/20190802_102143.jpg\" \/>\n<meta name=\"twitter:card\" content=\"summary_large_image\" \/>\n<meta name=\"twitter:label1\" content=\"Escrito por\" \/>\n\t<meta name=\"twitter:data1\" content=\"\" \/>\n<script type=\"application\/ld+json\" class=\"yoast-schema-graph\">{\"@context\":\"https:\/\/schema.org\",\"@graph\":[{\"@type\":\"WebPage\",\"@id\":\"https:\/\/instituciones.gtm.sld.cu\/hplrl\/2019\/08\/02\/hospital-de-dia-psicotico\/\",\"url\":\"https:\/\/instituciones.gtm.sld.cu\/hplrl\/2019\/08\/02\/hospital-de-dia-psicotico\/\",\"name\":\"Hospital de D\u00eda Psic\u00f3tico - Hospital Psiqui\u00e1trico \u201cLuis Ram\u00edrez L\u00f3pez\u201d\",\"isPartOf\":{\"@id\":\"https:\/\/instituciones.gtm.sld.cu\/hplrl\/#website\"},\"datePublished\":\"2019-08-02T16:23:22+00:00\",\"dateModified\":\"2019-10-03T12:53:37+00:00\",\"author\":{\"@id\":\"\"},\"breadcrumb\":{\"@id\":\"https:\/\/instituciones.gtm.sld.cu\/hplrl\/2019\/08\/02\/hospital-de-dia-psicotico\/#breadcrumb\"},\"inLanguage\":\"es\",\"potentialAction\":[{\"@type\":\"ReadAction\",\"target\":[\"https:\/\/instituciones.gtm.sld.cu\/hplrl\/2019\/08\/02\/hospital-de-dia-psicotico\/\"]}]},{\"@type\":\"BreadcrumbList\",\"@id\":\"https:\/\/instituciones.gtm.sld.cu\/hplrl\/2019\/08\/02\/hospital-de-dia-psicotico\/#breadcrumb\",\"itemListElement\":[{\"@type\":\"ListItem\",\"position\":1,\"name\":\"Portada\",\"item\":\"https:\/\/instituciones.gtm.sld.cu\/hplrl\/\"},{\"@type\":\"ListItem\",\"position\":2,\"name\":\"Hospital de D\u00eda Psic\u00f3tico\"}]},{\"@type\":\"WebSite\",\"@id\":\"https:\/\/instituciones.gtm.sld.cu\/hplrl\/#website\",\"url\":\"https:\/\/instituciones.gtm.sld.cu\/hplrl\/\",\"name\":\"Hospital Psiqui\u00e1trico \u201cLuis Ram\u00edrez L\u00f3pez\u201d\",\"description\":\"Hospital Psiqui\u00e1trico \u201cLuis Ram\u00edrez L\u00f3pez\u201d\",\"potentialAction\":[{\"@type\":\"SearchAction\",\"target\":{\"@type\":\"EntryPoint\",\"urlTemplate\":\"https:\/\/instituciones.gtm.sld.cu\/hplrl\/?s={search_term_string}\"},\"query-input\":\"required name=search_term_string\"}],\"inLanguage\":\"es\"},{\"@type\":\"Person\",\"@id\":\"\",\"url\":\"https:\/\/instituciones.gtm.sld.cu\/hplrl\/author\/\"}]}<\/script>\n<!-- \/ Yoast SEO plugin. -->","yoast_head_json":{"title":"Hospital de D\u00eda Psic\u00f3tico - Hospital Psiqui\u00e1trico \u201cLuis Ram\u00edrez L\u00f3pez\u201d","robots":{"index":"index","follow":"follow","max-snippet":"max-snippet:-1","max-image-preview":"max-image-preview:large","max-video-preview":"max-video-preview:-1"},"canonical":"https:\/\/instituciones.gtm.sld.cu\/hplrl\/2019\/08\/02\/hospital-de-dia-psicotico\/","og_locale":"es_ES","og_type":"article","og_title":"Hospital de D\u00eda Psic\u00f3tico - Hospital Psiqui\u00e1trico \u201cLuis Ram\u00edrez L\u00f3pez\u201d","og_description":"En el d\u00eda de hoy se celebr\u00f3 la despedida de los pacientes de Hospital de D\u00eda Psic\u00f3tico que se van de vacaciones hasta el pr\u00f3ximo 2 de septiembre.","og_url":"https:\/\/instituciones.gtm.sld.cu\/hplrl\/2019\/08\/02\/hospital-de-dia-psicotico\/","og_site_name":"Hospital Psiqui\u00e1trico \u201cLuis Ram\u00edrez L\u00f3pez\u201d","article_published_time":"2019-08-02T16:23:22+00:00","article_modified_time":"2019-10-03T12:53:37+00:00","og_image":[{"url":"http:\/\/instituciones2.gtm.sld.cu\/hplrl\/wp-content\/uploads\/sites\/25\/2019\/08\/20190802_102143.jpg"}],"twitter_card":"summary_large_image","twitter_misc":{"Escrito por":""},"schema":{"@context":"https:\/\/schema.org","@graph":[{"@type":"WebPage","@id":"https:\/\/instituciones.gtm.sld.cu\/hplrl\/2019\/08\/02\/hospital-de-dia-psicotico\/","url":"https:\/\/instituciones.gtm.sld.cu\/hplrl\/2019\/08\/02\/hospital-de-dia-psicotico\/","name":"Hospital de D\u00eda Psic\u00f3tico - Hospital Psiqui\u00e1trico \u201cLuis Ram\u00edrez L\u00f3pez\u201d","isPartOf":{"@id":"https:\/\/instituciones.gtm.sld.cu\/hplrl\/#website"},"datePublished":"2019-08-02T16:23:22+00:00","dateModified":"2019-10-03T12:53:37+00:00","author":{"@id":""},"breadcrumb":{"@id":"https:\/\/instituciones.gtm.sld.cu\/hplrl\/2019\/08\/02\/hospital-de-dia-psicotico\/#breadcrumb"},"inLanguage":"es","potentialAction":[{"@type":"ReadAction","target":["https:\/\/instituciones.gtm.sld.cu\/hplrl\/2019\/08\/02\/hospital-de-dia-psicotico\/"]}]},{"@type":"BreadcrumbList","@id":"https:\/\/instituciones.gtm.sld.cu\/hplrl\/2019\/08\/02\/hospital-de-dia-psicotico\/#breadcrumb","itemListElement":[{"@type":"ListItem","position":1,"name":"Portada","item":"https:\/\/instituciones.gtm.sld.cu\/hplrl\/"},{"@type":"ListItem","position":2,"name":"Hospital de D\u00eda Psic\u00f3tico"}]},{"@type":"WebSite","@id":"https:\/\/instituciones.gtm.sld.cu\/hplrl\/#website","url":"https:\/\/instituciones.gtm.sld.cu\/hplrl\/","name":"Hospital Psiqui\u00e1trico \u201cLuis Ram\u00edrez L\u00f3pez\u201d","description":"Hospital Psiqui\u00e1trico \u201cLuis Ram\u00edrez L\u00f3pez\u201d","potentialAction":[{"@type":"SearchAction","target":{"@type":"EntryPoint","urlTemplate":"https:\/\/instituciones.gtm.sld.cu\/hplrl\/?s={search_term_string}"},"query-input":"required name=search_term_string"}],"inLanguage":"es"},{"@type":"Person","@id":"","url":"https:\/\/instituciones.gtm.sld.cu\/hplrl\/author\/"}]}},"jetpack_featured_media_url":"","_links":{"self":[{"href":"https:\/\/instituciones.gtm.sld.cu\/hplrl\/wp-json\/wp\/v2\/posts\/328"}],"collection":[{"href":"https:\/\/instituciones.gtm.sld.cu\/hplrl\/wp-json\/wp\/v2\/posts"}],"about":[{"href":"https:\/\/instituciones.gtm.sld.cu\/hplrl\/wp-json\/wp\/v2\/types\/post"}],"author":[{"embeddable":true,"href":"https:\/\/instituciones.gtm.sld.cu\/hplrl\/wp-json\/wp\/v2\/users\/35"}],"replies":[{"embeddable":true,"href":"https:\/\/instituciones.gtm.sld.cu\/hplrl\/wp-json\/wp\/v2\/comments?post=328"}],"version-history":[{"count":1,"href":"https:\/\/instituciones.gtm.sld.cu\/hplrl\/wp-json\/wp\/v2\/posts\/328\/revisions"}],"predecessor-version":[{"id":382,"href":"https:\/\/instituciones.gtm.sld.cu\/hplrl\/wp-json\/wp\/v2\/posts\/328\/revisions\/382"}],"wp:attachment":[{"href":"https:\/\/instituciones.gtm.sld.cu\/hplrl\/wp-json\/wp\/v2\/media?parent=328"}],"wp:term":[{"taxonomy":"category","embeddable":true,"href":"https:\/\/instituciones.gtm.sld.cu\/hplrl\/wp-json\/wp\/v2\/categories?post=328"},{"taxonomy":"post_tag","embeddable":true,"href":"https:\/\/instituciones.gtm.sld.cu\/hplrl\/wp-json\/wp\/v2\/tags?post=328"}],"curies":[{"name":"wp","href":"https:\/\/api.w.org\/{rel}","templated":true}]}}