{"id":551,"date":"2024-09-23T10:24:39","date_gmt":"2024-09-23T14:24:39","guid":{"rendered":"https:\/\/instituciones.gtm.sld.cu\/hplrl\/?p=551"},"modified":"2024-09-23T10:24:39","modified_gmt":"2024-09-23T14:24:39","slug":"cuba-y-arabia-saudita-fortalecen-lazos-de-cooperacion-en-el-ambito-sanitario","status":"publish","type":"post","link":"https:\/\/instituciones.gtm.sld.cu\/hplrl\/2024\/09\/23\/cuba-y-arabia-saudita-fortalecen-lazos-de-cooperacion-en-el-ambito-sanitario\/","title":{"rendered":"Cuba y Arabia Saudita fortalecen lazos de cooperaci\u00f3n en el \u00e1mbito sanitario"},"content":{"rendered":"<p><img decoding=\"async\" loading=\"lazy\" class=\"wp-image-552 alignleft\" src=\"http:\/\/instituciones.gtm.sld.cu\/hplrl\/wp-content\/uploads\/sites\/38\/2024\/09\/5150050037609376988-580x261-1-300x135.jpg\" alt=\"COOPERACIONMEDICA\" width=\"275\" height=\"124\" srcset=\"https:\/\/instituciones.gtm.sld.cu\/hplrl\/wp-content\/uploads\/sites\/38\/2024\/09\/5150050037609376988-580x261-1-300x135.jpg 300w, https:\/\/instituciones.gtm.sld.cu\/hplrl\/wp-content\/uploads\/sites\/38\/2024\/09\/5150050037609376988-580x261-1.jpg 580w\" sizes=\"(max-width: 275px) 100vw, 275px\" \/><\/p>\n<p><strong>\u201cCuba y Arabia Saudita inician un nuevo camino para fortalecer y diversificar la cooperaci\u00f3n en el \u00e1mbito sanitario\u201d<\/strong>, expres\u00f3 el doctor Jos\u00e9 Angel Portal Miranda, titular cubano de Salud.<\/p>\n<p>Al sostener conversaciones oficiales este s\u00e1bado con el ministro de Salud del Reino de Arabia Saudita, Fahad Al-Jalajel, <strong>Portal Miranda destac\u00f3 la voluntad com\u00fan de compartir experiencias y avanzar en temas prioritarios para ambas naciones en la esfera cient\u00edfica,<\/strong> acad\u00e9mica y el desarrollo de la industria biofarmac\u00e9utica.<br \/>\n<!--more--><\/p>\n<p>El titular cubano de Salud resalt\u00f3 que \u201clos intercambios sostenidos en los \u00faltimos d\u00edas constituyen <strong>testimonio del inter\u00e9s mutuo de avanzar hacia el cumplimiento de objetivos comunes de desarrollo, a favor de los pueblos\u201d.<\/strong><\/p>\n<p>Durante el di\u00e1logo, ambos ministros rubricaron un Memor\u00e1ndum de Entendimiento para contribuir a la mejora y el perfeccionamiento de los servicios de Salud.<\/p>\n<p><strong>\u201cEs un documento que fortalece las relaciones de amistad y de cooperaci\u00f3n para el desarrollo sostenible entre nuestras naciones\u201d<\/strong>, afirm\u00f3 el Ministro de Salud del Reino de Arabia Saudita, Fahad Al-Jalajel.<\/p>\n<p>Agreg\u00f3 c\u00f3mo su visita a instituciones m\u00e9dicas y cient\u00edficas cubanas y la firma del importante acuerdo de trabajo, \u201creflejan la voluntad de la m\u00e1s alta direcci\u00f3n de ambos pa\u00edses de consolidar las alianzas en el campo de la Salud y de promover el intercambio cient\u00edfico como esencia del bienestar social\u201d.<\/p>\n<p><strong>Cuba y Arabia Saudita, con m\u00e1s de una d\u00e9cada de cooperaci\u00f3n en el campo de la Salud,<\/strong> apuestan asimismo por elevar la preparaci\u00f3n integral de sus profesionales mediante continuos intercambios en beneficio de la salud de sus pueblos.<\/p>\n<div id=\"attachment_1888446\" class=\"wp-caption aligncenter size-large wp-image-1888446\"><img decoding=\"async\" loading=\"lazy\" class=\"aligncenter wp-image-1888446 size-large\" src=\"http:\/\/media.cubadebate.cu\/wp-content\/uploads\/2024\/09\/5150050037609376989-580x353.jpg\" alt=\"COOPERACIONMEDICA\n\" width=\"580\" height=\"353\"><\/div>\n<div>&nbsp;<\/div>\n<div><strong>Fuente:<\/strong> Tomado de Diario Digital <span style=\"color: #339966\"><a style=\"color: #339966\" href=\"http:\/\/www.cubadebate.cu\" target=\"_blank\" rel=\"noopener\">Cubadebate<\/a>.<\/span><\/div>\n","protected":false},"excerpt":{"rendered":"<p>\u201cCuba y Arabia Saudita inician un nuevo camino para fortalecer y diversificar la cooperaci\u00f3n en el \u00e1mbito sanitario\u201d, expres\u00f3 el doctor Jos\u00e9 Angel Portal Miranda, titular cubano de Salud. Al sostener conversaciones oficiales este s\u00e1bado con el ministro de Salud del Reino de Arabia Saudita, Fahad Al-Jalajel, Portal Miranda destac\u00f3 la voluntad com\u00fan de compartir &hellip; <\/p>\n<p><a class=\"more-link btn\" href=\"https:\/\/instituciones.gtm.sld.cu\/hplrl\/2024\/09\/23\/cuba-y-arabia-saudita-fortalecen-lazos-de-cooperacion-en-el-ambito-sanitario\/\">Seguir leyendo<\/a><\/p>\n","protected":false},"author":100,"featured_media":552,"comment_status":"open","ping_status":"open","sticky":false,"template":"","format":"standard","meta":{"ngg_post_thumbnail":0},"categories":[13],"tags":[14,15],"yoast_head":"<!-- This site is optimized with the Yoast SEO plugin v21.8 - https:\/\/yoast.com\/wordpress\/plugins\/seo\/ -->\n<title>Cuba y Arabia Saudita fortalecen lazos de cooperaci\u00f3n en el \u00e1mbito sanitario - Hospital Psiqui\u00e1trico \u201cLuis Ram\u00edrez L\u00f3pez\u201d<\/title>\n<meta name=\"robots\" content=\"index, follow, max-snippet:-1, max-image-preview:large, max-video-preview:-1\" \/>\n<link rel=\"canonical\" href=\"https:\/\/instituciones.gtm.sld.cu\/hplrl\/2024\/09\/23\/cuba-y-arabia-saudita-fortalecen-lazos-de-cooperacion-en-el-ambito-sanitario\/\" \/>\n<meta property=\"og:locale\" content=\"es_ES\" \/>\n<meta property=\"og:type\" content=\"article\" \/>\n<meta property=\"og:title\" content=\"Cuba y Arabia Saudita fortalecen lazos de cooperaci\u00f3n en el \u00e1mbito sanitario - Hospital Psiqui\u00e1trico \u201cLuis Ram\u00edrez L\u00f3pez\u201d\" \/>\n<meta property=\"og:description\" content=\"\u201cCuba y Arabia Saudita inician un nuevo camino para fortalecer y diversificar la cooperaci\u00f3n en el \u00e1mbito sanitario\u201d, expres\u00f3 el doctor Jos\u00e9 Angel Portal Miranda, titular cubano de Salud. Al sostener conversaciones oficiales este s\u00e1bado con el ministro de Salud del Reino de Arabia Saudita, Fahad Al-Jalajel, Portal Miranda destac\u00f3 la voluntad com\u00fan de compartir &hellip; Seguir leyendo\" \/>\n<meta property=\"og:url\" content=\"https:\/\/instituciones.gtm.sld.cu\/hplrl\/2024\/09\/23\/cuba-y-arabia-saudita-fortalecen-lazos-de-cooperacion-en-el-ambito-sanitario\/\" \/>\n<meta property=\"og:site_name\" content=\"Hospital Psiqui\u00e1trico \u201cLuis Ram\u00edrez L\u00f3pez\u201d\" \/>\n<meta property=\"article:published_time\" content=\"2024-09-23T14:24:39+00:00\" \/>\n<meta property=\"og:image\" content=\"https:\/\/instituciones.gtm.sld.cu\/hplrl\/wp-content\/uploads\/sites\/38\/2024\/09\/5150050037609376988-580x261-1.jpg\" \/>\n\t<meta property=\"og:image:width\" content=\"580\" \/>\n\t<meta property=\"og:image:height\" content=\"261\" \/>\n\t<meta property=\"og:image:type\" content=\"image\/jpeg\" \/>\n<meta name=\"author\" content=\"hplrl\" \/>\n<meta name=\"twitter:card\" content=\"summary_large_image\" \/>\n<meta name=\"twitter:label1\" content=\"Escrito por\" \/>\n\t<meta name=\"twitter:data1\" content=\"hplrl\" \/>\n\t<meta name=\"twitter:label2\" content=\"Tiempo de lectura\" \/>\n\t<meta name=\"twitter:data2\" content=\"1 minuto\" \/>\n<script type=\"application\/ld+json\" class=\"yoast-schema-graph\">{\"@context\":\"https:\/\/schema.org\",\"@graph\":[{\"@type\":\"WebPage\",\"@id\":\"https:\/\/instituciones.gtm.sld.cu\/hplrl\/2024\/09\/23\/cuba-y-arabia-saudita-fortalecen-lazos-de-cooperacion-en-el-ambito-sanitario\/\",\"url\":\"https:\/\/instituciones.gtm.sld.cu\/hplrl\/2024\/09\/23\/cuba-y-arabia-saudita-fortalecen-lazos-de-cooperacion-en-el-ambito-sanitario\/\",\"name\":\"Cuba y Arabia Saudita fortalecen lazos de cooperaci\u00f3n en el \u00e1mbito sanitario - Hospital Psiqui\u00e1trico \u201cLuis Ram\u00edrez L\u00f3pez\u201d\",\"isPartOf\":{\"@id\":\"https:\/\/instituciones.gtm.sld.cu\/hplrl\/#website\"},\"datePublished\":\"2024-09-23T14:24:39+00:00\",\"dateModified\":\"2024-09-23T14:24:39+00:00\",\"author\":{\"@id\":\"https:\/\/instituciones.gtm.sld.cu\/hplrl\/#\/schema\/person\/da538b1563a69705cf25335784a9d4fa\"},\"breadcrumb\":{\"@id\":\"https:\/\/instituciones.gtm.sld.cu\/hplrl\/2024\/09\/23\/cuba-y-arabia-saudita-fortalecen-lazos-de-cooperacion-en-el-ambito-sanitario\/#breadcrumb\"},\"inLanguage\":\"es\",\"potentialAction\":[{\"@type\":\"ReadAction\",\"target\":[\"https:\/\/instituciones.gtm.sld.cu\/hplrl\/2024\/09\/23\/cuba-y-arabia-saudita-fortalecen-lazos-de-cooperacion-en-el-ambito-sanitario\/\"]}]},{\"@type\":\"BreadcrumbList\",\"@id\":\"https:\/\/instituciones.gtm.sld.cu\/hplrl\/2024\/09\/23\/cuba-y-arabia-saudita-fortalecen-lazos-de-cooperacion-en-el-ambito-sanitario\/#breadcrumb\",\"itemListElement\":[{\"@type\":\"ListItem\",\"position\":1,\"name\":\"Portada\",\"item\":\"https:\/\/instituciones.gtm.sld.cu\/hplrl\/\"},{\"@type\":\"ListItem\",\"position\":2,\"name\":\"Cuba y Arabia Saudita fortalecen lazos de cooperaci\u00f3n en el \u00e1mbito sanitario\"}]},{\"@type\":\"WebSite\",\"@id\":\"https:\/\/instituciones.gtm.sld.cu\/hplrl\/#website\",\"url\":\"https:\/\/instituciones.gtm.sld.cu\/hplrl\/\",\"name\":\"Hospital Psiqui\u00e1trico \u201cLuis Ram\u00edrez L\u00f3pez\u201d\",\"description\":\"Hospital Psiqui\u00e1trico \u201cLuis Ram\u00edrez L\u00f3pez\u201d\",\"potentialAction\":[{\"@type\":\"SearchAction\",\"target\":{\"@type\":\"EntryPoint\",\"urlTemplate\":\"https:\/\/instituciones.gtm.sld.cu\/hplrl\/?s={search_term_string}\"},\"query-input\":\"required name=search_term_string\"}],\"inLanguage\":\"es\"},{\"@type\":\"Person\",\"@id\":\"https:\/\/instituciones.gtm.sld.cu\/hplrl\/#\/schema\/person\/da538b1563a69705cf25335784a9d4fa\",\"name\":\"hplrl\",\"url\":\"https:\/\/instituciones.gtm.sld.cu\/hplrl\/author\/hplrl\/\"}]}<\/script>\n<!-- \/ Yoast SEO plugin. -->","yoast_head_json":{"title":"Cuba y Arabia Saudita fortalecen lazos de cooperaci\u00f3n en el \u00e1mbito sanitario - Hospital Psiqui\u00e1trico \u201cLuis Ram\u00edrez L\u00f3pez\u201d","robots":{"index":"index","follow":"follow","max-snippet":"max-snippet:-1","max-image-preview":"max-image-preview:large","max-video-preview":"max-video-preview:-1"},"canonical":"https:\/\/instituciones.gtm.sld.cu\/hplrl\/2024\/09\/23\/cuba-y-arabia-saudita-fortalecen-lazos-de-cooperacion-en-el-ambito-sanitario\/","og_locale":"es_ES","og_type":"article","og_title":"Cuba y Arabia Saudita fortalecen lazos de cooperaci\u00f3n en el \u00e1mbito sanitario - Hospital Psiqui\u00e1trico \u201cLuis Ram\u00edrez L\u00f3pez\u201d","og_description":"\u201cCuba y Arabia Saudita inician un nuevo camino para fortalecer y diversificar la cooperaci\u00f3n en el \u00e1mbito sanitario\u201d, expres\u00f3 el doctor Jos\u00e9 Angel Portal Miranda, titular cubano de Salud. Al sostener conversaciones oficiales este s\u00e1bado con el ministro de Salud del Reino de Arabia Saudita, Fahad Al-Jalajel, Portal Miranda destac\u00f3 la voluntad com\u00fan de compartir &hellip; Seguir leyendo","og_url":"https:\/\/instituciones.gtm.sld.cu\/hplrl\/2024\/09\/23\/cuba-y-arabia-saudita-fortalecen-lazos-de-cooperacion-en-el-ambito-sanitario\/","og_site_name":"Hospital Psiqui\u00e1trico \u201cLuis Ram\u00edrez L\u00f3pez\u201d","article_published_time":"2024-09-23T14:24:39+00:00","og_image":[{"width":580,"height":261,"url":"https:\/\/instituciones.gtm.sld.cu\/hplrl\/wp-content\/uploads\/sites\/38\/2024\/09\/5150050037609376988-580x261-1.jpg","type":"image\/jpeg"}],"author":"hplrl","twitter_card":"summary_large_image","twitter_misc":{"Escrito por":"hplrl","Tiempo de lectura":"1 minuto"},"schema":{"@context":"https:\/\/schema.org","@graph":[{"@type":"WebPage","@id":"https:\/\/instituciones.gtm.sld.cu\/hplrl\/2024\/09\/23\/cuba-y-arabia-saudita-fortalecen-lazos-de-cooperacion-en-el-ambito-sanitario\/","url":"https:\/\/instituciones.gtm.sld.cu\/hplrl\/2024\/09\/23\/cuba-y-arabia-saudita-fortalecen-lazos-de-cooperacion-en-el-ambito-sanitario\/","name":"Cuba y Arabia Saudita fortalecen lazos de cooperaci\u00f3n en el \u00e1mbito sanitario - Hospital Psiqui\u00e1trico \u201cLuis Ram\u00edrez L\u00f3pez\u201d","isPartOf":{"@id":"https:\/\/instituciones.gtm.sld.cu\/hplrl\/#website"},"datePublished":"2024-09-23T14:24:39+00:00","dateModified":"2024-09-23T14:24:39+00:00","author":{"@id":"https:\/\/instituciones.gtm.sld.cu\/hplrl\/#\/schema\/person\/da538b1563a69705cf25335784a9d4fa"},"breadcrumb":{"@id":"https:\/\/instituciones.gtm.sld.cu\/hplrl\/2024\/09\/23\/cuba-y-arabia-saudita-fortalecen-lazos-de-cooperacion-en-el-ambito-sanitario\/#breadcrumb"},"inLanguage":"es","potentialAction":[{"@type":"ReadAction","target":["https:\/\/instituciones.gtm.sld.cu\/hplrl\/2024\/09\/23\/cuba-y-arabia-saudita-fortalecen-lazos-de-cooperacion-en-el-ambito-sanitario\/"]}]},{"@type":"BreadcrumbList","@id":"https:\/\/instituciones.gtm.sld.cu\/hplrl\/2024\/09\/23\/cuba-y-arabia-saudita-fortalecen-lazos-de-cooperacion-en-el-ambito-sanitario\/#breadcrumb","itemListElement":[{"@type":"ListItem","position":1,"name":"Portada","item":"https:\/\/instituciones.gtm.sld.cu\/hplrl\/"},{"@type":"ListItem","position":2,"name":"Cuba y Arabia Saudita fortalecen lazos de cooperaci\u00f3n en el \u00e1mbito sanitario"}]},{"@type":"WebSite","@id":"https:\/\/instituciones.gtm.sld.cu\/hplrl\/#website","url":"https:\/\/instituciones.gtm.sld.cu\/hplrl\/","name":"Hospital Psiqui\u00e1trico \u201cLuis Ram\u00edrez L\u00f3pez\u201d","description":"Hospital Psiqui\u00e1trico \u201cLuis Ram\u00edrez L\u00f3pez\u201d","potentialAction":[{"@type":"SearchAction","target":{"@type":"EntryPoint","urlTemplate":"https:\/\/instituciones.gtm.sld.cu\/hplrl\/?s={search_term_string}"},"query-input":"required name=search_term_string"}],"inLanguage":"es"},{"@type":"Person","@id":"https:\/\/instituciones.gtm.sld.cu\/hplrl\/#\/schema\/person\/da538b1563a69705cf25335784a9d4fa","name":"hplrl","url":"https:\/\/instituciones.gtm.sld.cu\/hplrl\/author\/hplrl\/"}]}},"jetpack_featured_media_url":"https:\/\/instituciones.gtm.sld.cu\/hplrl\/wp-content\/uploads\/sites\/38\/2024\/09\/5150050037609376988-580x261-1.jpg","_links":{"self":[{"href":"https:\/\/instituciones.gtm.sld.cu\/hplrl\/wp-json\/wp\/v2\/posts\/551"}],"collection":[{"href":"https:\/\/instituciones.gtm.sld.cu\/hplrl\/wp-json\/wp\/v2\/posts"}],"about":[{"href":"https:\/\/instituciones.gtm.sld.cu\/hplrl\/wp-json\/wp\/v2\/types\/post"}],"author":[{"embeddable":true,"href":"https:\/\/instituciones.gtm.sld.cu\/hplrl\/wp-json\/wp\/v2\/users\/100"}],"replies":[{"embeddable":true,"href":"https:\/\/instituciones.gtm.sld.cu\/hplrl\/wp-json\/wp\/v2\/comments?post=551"}],"version-history":[{"count":1,"href":"https:\/\/instituciones.gtm.sld.cu\/hplrl\/wp-json\/wp\/v2\/posts\/551\/revisions"}],"predecessor-version":[{"id":553,"href":"https:\/\/instituciones.gtm.sld.cu\/hplrl\/wp-json\/wp\/v2\/posts\/551\/revisions\/553"}],"wp:featuredmedia":[{"embeddable":true,"href":"https:\/\/instituciones.gtm.sld.cu\/hplrl\/wp-json\/wp\/v2\/media\/552"}],"wp:attachment":[{"href":"https:\/\/instituciones.gtm.sld.cu\/hplrl\/wp-json\/wp\/v2\/media?parent=551"}],"wp:term":[{"taxonomy":"category","embeddable":true,"href":"https:\/\/instituciones.gtm.sld.cu\/hplrl\/wp-json\/wp\/v2\/categories?post=551"},{"taxonomy":"post_tag","embeddable":true,"href":"https:\/\/instituciones.gtm.sld.cu\/hplrl\/wp-json\/wp\/v2\/tags?post=551"}],"curies":[{"name":"wp","href":"https:\/\/api.w.org\/{rel}","templated":true}]}}