{"id":1635,"date":"2019-01-31T20:54:27","date_gmt":"2019-01-31T20:54:27","guid":{"rendered":"https:\/\/instituciones.gtm.sld.cu\/hppap\/?p=1635"},"modified":"2019-01-31T20:58:48","modified_gmt":"2019-01-31T20:58:48","slug":"mantener-la-salud-auditiva-de-la-ninez-una-maxima-del-profesor-santana","status":"publish","type":"post","link":"https:\/\/instituciones.gtm.sld.cu\/hppap\/mantener-la-salud-auditiva-de-la-ninez-una-maxima-del-profesor-santana\/","title":{"rendered":"Mantener la salud auditiva de la ni\u00f1ez, una m\u00e1xima del Profesor Santana"},"content":{"rendered":"<div class=\"entry\">\n<div class=\"note_content\">\n<p><strong>Son muchos los ni\u00f1os que llegan cada semana a la consulta externa del Dr. Jorge Santana \u00c1lvarez<\/strong>. Esto sucede todos los lunes a las nueve de la ma\u00f1ana en el hospital militar cl\u00ednico quir\u00fargico docente Dr. Octavio de la Concepci\u00f3n y de la Pedraja, de esta ciudad, all\u00ed tiene habilitada la consulta de otorrinolaringolog\u00eda destinada a la pediatr\u00eda.<\/p>\n<p>En esa consulta multidisciplinaria, el Doctor en Ciencias M\u00e9dicas, Profesor Titular y Consultante, Investigador Titular, y especialista de Segundo Grado en Otorrinolaringolog\u00eda y Cirug\u00eda de Cabeza y Cuello, atiende a peque\u00f1os procedentes desde Guant\u00e1namo hasta Sancti Sp\u00edritus, y para aquellos que requieren de ser intervenidos quir\u00fargicamente, los opera los terceros viernes de cada mes, en el hospital pedi\u00e1trico provincial Eduardo Agramonte Pi\u00f1a .<\/p>\n<p>Como rutina pasan por sus manos, aparte de los adultos, ni\u00f1os que son operados de tumores del cuello y nasofar\u00edngeos, de o\u00eddo, de par\u00f3tida, v\u00edas lagrimales y tr\u00e1quea.<\/p>\n<p>\u201cLas afecciones dentro del o\u00eddo son muy complejas, y no incluye solo las cr\u00f3nicas del o\u00eddo medio, sino tambi\u00e9n la cirug\u00eda funcional y reparadora de las estructuras del o\u00eddo medio, la que una vez realizada mejora la audici\u00f3n, evita las complicaciones y las molestias provocadas por la supuraci\u00f3n cr\u00f3nica\u201d.<\/p>\n<p>As\u00ed dijo el Profesor Santana antes de comenzar una cirug\u00eda en una ni\u00f1a camag\u00fceyana que padec\u00eda de un tumor de la gl\u00e1ndula par\u00f3tida (parotidectom\u00eda subtotal), para respe<\/p>\n<p>tar el nervio facial que transcurre a trav\u00e9s de la mencionada gl\u00e1ndula.<\/p>\n<p>Igual operar\u00eda otro caso de t\u00edmpanoplastia en otra infante con otitis media cr\u00f3nica supurada, a lo que a\u00f1adi\u00f3: \u201cDespu\u00e9s de garantizar la ausencia de secreci\u00f3n del o\u00eddo medio, se requiere reparar la membrana timp\u00e1nica para favorecer la audici\u00f3n y su calidad de vida, de manera que pueda comportarse como cualquier ni\u00f1o, hasta ba\u00f1arse en piscinas\u201d.<\/p>\n<p>Al adentrarnos en las causas de la supuraci\u00f3n de los o\u00eddos en los ni\u00f1os, el Dr. Santana se refiri\u00f3 a la mala neumatizaci\u00f3n del hueso temporal, y aclar\u00f3 que el sistema neum\u00e1tico comienza a desarrollarse en el per\u00edodo embrionario, o sea, que hay riesgo de padecerlo desde el nacimiento, a lo que agreg\u00f3 que la perforaci\u00f3n timp\u00e1nica tambi\u00e9n sucede ante un trauma.<\/p>\n<p>Concluida la operaci\u00f3n, suturaba la herida por la residente en Otorrinolaringolog\u00eda Dra. Erika Romero Romero, de Rep\u00fablica Dominicana.<\/p>\n<p>Aparte de que el cirujano principal es el Dr. Santana, \u00e9l recalca que tiene un equipo que lo apoya. En esta ocasi\u00f3n, estuvieron las doctoras Luz Gregorich Torres y Ana Morikawa \u00c1lvarez, especialistas en Otorrinolaringolog\u00eda; las residentes Erika Romero Romero, de Rep\u00fablica Dominicana y Ana Mar\u00eda Fern\u00e1ndez Rivas; el anestesi\u00f3logo y reanimador principal Dr. Jos\u00e9 Villena Su\u00e1rez, con su equipo integrado por: los residentes doctores Lilian Gonz\u00e1lez Bermejo, Pedro P. Moreno Caballero y Enisleydi Esquivel Garc\u00eda; y la licenciada en Enfermer\u00eda Norys Rivero Abdala.<\/p>\n<p>Para este equipo la intervenci\u00f3n quir\u00fargica, como ocurre en todas, devino clase magistral. Cada corte, cada detalle era explicado por el Profesor, quien emana conocimientos que aporta y comparte, por supuesto, como una manera de preparar a otras generaciones.<\/p>\n<p>A no dudar, hombres como el Profesor Santana \u00c1lvarez, ofrenda con sus saberes a mantener la salud de la ni\u00f1ez y en lograr un desarrollo adecuado en la primera infancia, que incluye el aspecto emocional, social y f\u00edsico. Un menor que oiga bien o se le mejore su calidad de vida en este sentido, tendr\u00e1 un desenvolvimiento general con un impacto favorable, sin obviar que ser\u00e1 el adulto del ma\u00f1ana.<\/p>\n<p>Esa es una de las razones por las cuales Cuba invierte en el sector de la Salud P\u00fablica de manera gratuita para todos, con especial \u00e9nfasis en lo concerniente al Programa de Atenci\u00f3n Materno Infantil (PAMI), vinculado con adolescentes de ambos sexos, mujeres en edad reproductiva y ni\u00f1os de todas las edades.<\/p>\n<\/div>\n<p><strong><em>Fuente:<\/em><\/strong> Tomado de Cubadebate<\/p>\n<div class=\"note_content\">\n<p>&nbsp;<\/p>\n<\/div>\n<\/div>\n","protected":false},"excerpt":{"rendered":"<p>Son muchos los ni\u00f1os que llegan cada semana a la consulta externa del Dr. Jorge Santana \u00c1lvarez. Esto sucede todos los lunes a las nueve de la ma\u00f1ana en el hospital militar cl\u00ednico quir\u00fargico docente Dr. Octavio de la Concepci\u00f3n y de la Pedraja, de esta ciudad, all\u00ed tiene habilitada la consulta de otorrinolaringolog\u00eda destinada &hellip; <\/p>\n<p><a class=\"more-link btn\" href=\"https:\/\/instituciones.gtm.sld.cu\/hppap\/mantener-la-salud-auditiva-de-la-ninez-una-maxima-del-profesor-santana\/\">Seguir leyendo<\/a><\/p>\n","protected":false},"author":18,"featured_media":1637,"comment_status":"closed","ping_status":"open","sticky":false,"template":"","format":"standard","meta":{"ngg_post_thumbnail":0},"categories":[5],"tags":[],"yoast_head":"<!-- This site is optimized with the Yoast SEO plugin v21.8 - https:\/\/yoast.com\/wordpress\/plugins\/seo\/ -->\n<title>Mantener la salud auditiva de la ni\u00f1ez, una m\u00e1xima del Profesor Santana - Hospital Pedi\u00e1trico &quot;Pedro Agust\u00edn P\u00e9rez&quot;<\/title>\n<meta name=\"robots\" content=\"index, follow, max-snippet:-1, max-image-preview:large, max-video-preview:-1\" \/>\n<link rel=\"canonical\" href=\"https:\/\/instituciones.gtm.sld.cu\/hppap\/mantener-la-salud-auditiva-de-la-ninez-una-maxima-del-profesor-santana\/\" \/>\n<meta property=\"og:locale\" content=\"es_ES\" \/>\n<meta property=\"og:type\" content=\"article\" \/>\n<meta property=\"og:title\" content=\"Mantener la salud auditiva de la ni\u00f1ez, una m\u00e1xima del Profesor Santana - Hospital Pedi\u00e1trico &quot;Pedro Agust\u00edn P\u00e9rez&quot;\" \/>\n<meta property=\"og:description\" content=\"Son muchos los ni\u00f1os que llegan cada semana a la consulta externa del Dr. Jorge Santana \u00c1lvarez. Esto sucede todos los lunes a las nueve de la ma\u00f1ana en el hospital militar cl\u00ednico quir\u00fargico docente Dr. Octavio de la Concepci\u00f3n y de la Pedraja, de esta ciudad, all\u00ed tiene habilitada la consulta de otorrinolaringolog\u00eda destinada &hellip; Seguir leyendo\" \/>\n<meta property=\"og:url\" content=\"https:\/\/instituciones.gtm.sld.cu\/hppap\/mantener-la-salud-auditiva-de-la-ninez-una-maxima-del-profesor-santana\/\" \/>\n<meta property=\"og:site_name\" content=\"Hospital Pedi\u00e1trico &quot;Pedro Agust\u00edn P\u00e9rez&quot;\" \/>\n<meta property=\"article:published_time\" content=\"2019-01-31T20:54:27+00:00\" \/>\n<meta property=\"article:modified_time\" content=\"2019-01-31T20:58:48+00:00\" \/>\n<meta property=\"og:image\" content=\"https:\/\/instituciones.gtm.sld.cu\/hppap\/wp-content\/uploads\/sites\/37\/2019\/01\/operacion-web.jpg\" \/>\n\t<meta property=\"og:image:width\" content=\"580\" \/>\n\t<meta property=\"og:image:height\" content=\"330\" \/>\n\t<meta property=\"og:image:type\" content=\"image\/jpeg\" \/>\n<meta name=\"twitter:card\" content=\"summary_large_image\" \/>\n<meta name=\"twitter:label1\" content=\"Escrito por\" \/>\n\t<meta name=\"twitter:data1\" content=\"\" \/>\n\t<meta name=\"twitter:label2\" content=\"Tiempo de lectura\" \/>\n\t<meta name=\"twitter:data2\" content=\"4 minutos\" \/>\n<script type=\"application\/ld+json\" class=\"yoast-schema-graph\">{\"@context\":\"https:\/\/schema.org\",\"@graph\":[{\"@type\":\"Article\",\"@id\":\"https:\/\/instituciones.gtm.sld.cu\/hppap\/mantener-la-salud-auditiva-de-la-ninez-una-maxima-del-profesor-santana\/#article\",\"isPartOf\":{\"@id\":\"https:\/\/instituciones.gtm.sld.cu\/hppap\/mantener-la-salud-auditiva-de-la-ninez-una-maxima-del-profesor-santana\/\"},\"author\":{\"name\":\"\",\"@id\":\"\"},\"headline\":\"Mantener la salud auditiva de la ni\u00f1ez, una m\u00e1xima del Profesor Santana\",\"datePublished\":\"2019-01-31T20:54:27+00:00\",\"dateModified\":\"2019-01-31T20:58:48+00:00\",\"mainEntityOfPage\":{\"@id\":\"https:\/\/instituciones.gtm.sld.cu\/hppap\/mantener-la-salud-auditiva-de-la-ninez-una-maxima-del-profesor-santana\/\"},\"wordCount\":716,\"publisher\":{\"@id\":\"https:\/\/instituciones.gtm.sld.cu\/hppap\/#organization\"},\"articleSection\":[\"Noticias\"],\"inLanguage\":\"es\"},{\"@type\":\"WebPage\",\"@id\":\"https:\/\/instituciones.gtm.sld.cu\/hppap\/mantener-la-salud-auditiva-de-la-ninez-una-maxima-del-profesor-santana\/\",\"url\":\"https:\/\/instituciones.gtm.sld.cu\/hppap\/mantener-la-salud-auditiva-de-la-ninez-una-maxima-del-profesor-santana\/\",\"name\":\"Mantener la salud auditiva de la ni\u00f1ez, una m\u00e1xima del Profesor Santana - Hospital Pedi\u00e1trico &quot;Pedro Agust\u00edn P\u00e9rez&quot;\",\"isPartOf\":{\"@id\":\"https:\/\/instituciones.gtm.sld.cu\/hppap\/#website\"},\"datePublished\":\"2019-01-31T20:54:27+00:00\",\"dateModified\":\"2019-01-31T20:58:48+00:00\",\"breadcrumb\":{\"@id\":\"https:\/\/instituciones.gtm.sld.cu\/hppap\/mantener-la-salud-auditiva-de-la-ninez-una-maxima-del-profesor-santana\/#breadcrumb\"},\"inLanguage\":\"es\",\"potentialAction\":[{\"@type\":\"ReadAction\",\"target\":[\"https:\/\/instituciones.gtm.sld.cu\/hppap\/mantener-la-salud-auditiva-de-la-ninez-una-maxima-del-profesor-santana\/\"]}]},{\"@type\":\"BreadcrumbList\",\"@id\":\"https:\/\/instituciones.gtm.sld.cu\/hppap\/mantener-la-salud-auditiva-de-la-ninez-una-maxima-del-profesor-santana\/#breadcrumb\",\"itemListElement\":[{\"@type\":\"ListItem\",\"position\":1,\"name\":\"Inicio\",\"item\":\"https:\/\/instituciones.gtm.sld.cu\/hppap\/\"},{\"@type\":\"ListItem\",\"position\":2,\"name\":\"Mantener la salud auditiva de la ni\u00f1ez, una m\u00e1xima del Profesor Santana\"}]},{\"@type\":\"WebSite\",\"@id\":\"https:\/\/instituciones.gtm.sld.cu\/hppap\/#website\",\"url\":\"https:\/\/instituciones.gtm.sld.cu\/hppap\/\",\"name\":\"Hospital Pedi\u00e1trico \\\"Pedro Agust\u00edn P\u00e9rez\\\"\",\"description\":\"\",\"publisher\":{\"@id\":\"https:\/\/instituciones.gtm.sld.cu\/hppap\/#organization\"},\"potentialAction\":[{\"@type\":\"SearchAction\",\"target\":{\"@type\":\"EntryPoint\",\"urlTemplate\":\"https:\/\/instituciones.gtm.sld.cu\/hppap\/?s={search_term_string}\"},\"query-input\":\"required name=search_term_string\"}],\"inLanguage\":\"es\"},{\"@type\":\"Organization\",\"@id\":\"https:\/\/instituciones.gtm.sld.cu\/hppap\/#organization\",\"name\":\"Hospital Pedi\u00e1trico \\\"Pedro Agust\u00edn P\u00e9rez\\\"\",\"url\":\"https:\/\/instituciones.gtm.sld.cu\/hppap\/\",\"logo\":{\"@type\":\"ImageObject\",\"inLanguage\":\"es\",\"@id\":\"https:\/\/instituciones.gtm.sld.cu\/hppap\/#\/schema\/logo\/image\/\",\"url\":\"https:\/\/instituciones.gtm.sld.cu\/hppap\/wp-content\/uploads\/sites\/37\/2024\/05\/299145640_582996300017682_8206920265837739482_n-1.jpg\",\"contentUrl\":\"https:\/\/instituciones.gtm.sld.cu\/hppap\/wp-content\/uploads\/sites\/37\/2024\/05\/299145640_582996300017682_8206920265837739482_n-1.jpg\",\"width\":960,\"height\":479,\"caption\":\"Hospital Pedi\u00e1trico \\\"Pedro Agust\u00edn P\u00e9rez\\\"\"},\"image\":{\"@id\":\"https:\/\/instituciones.gtm.sld.cu\/hppap\/#\/schema\/logo\/image\/\"}},{\"@type\":\"Person\",\"@id\":\"\",\"url\":\"https:\/\/instituciones.gtm.sld.cu\/hppap\/author\/\"}]}<\/script>\n<!-- \/ Yoast SEO plugin. -->","yoast_head_json":{"title":"Mantener la salud auditiva de la ni\u00f1ez, una m\u00e1xima del Profesor Santana - Hospital Pedi\u00e1trico &quot;Pedro Agust\u00edn P\u00e9rez&quot;","robots":{"index":"index","follow":"follow","max-snippet":"max-snippet:-1","max-image-preview":"max-image-preview:large","max-video-preview":"max-video-preview:-1"},"canonical":"https:\/\/instituciones.gtm.sld.cu\/hppap\/mantener-la-salud-auditiva-de-la-ninez-una-maxima-del-profesor-santana\/","og_locale":"es_ES","og_type":"article","og_title":"Mantener la salud auditiva de la ni\u00f1ez, una m\u00e1xima del Profesor Santana - Hospital Pedi\u00e1trico &quot;Pedro Agust\u00edn P\u00e9rez&quot;","og_description":"Son muchos los ni\u00f1os que llegan cada semana a la consulta externa del Dr. Jorge Santana \u00c1lvarez. Esto sucede todos los lunes a las nueve de la ma\u00f1ana en el hospital militar cl\u00ednico quir\u00fargico docente Dr. Octavio de la Concepci\u00f3n y de la Pedraja, de esta ciudad, all\u00ed tiene habilitada la consulta de otorrinolaringolog\u00eda destinada &hellip; Seguir leyendo","og_url":"https:\/\/instituciones.gtm.sld.cu\/hppap\/mantener-la-salud-auditiva-de-la-ninez-una-maxima-del-profesor-santana\/","og_site_name":"Hospital Pedi\u00e1trico &quot;Pedro Agust\u00edn P\u00e9rez&quot;","article_published_time":"2019-01-31T20:54:27+00:00","article_modified_time":"2019-01-31T20:58:48+00:00","og_image":[{"width":580,"height":330,"url":"https:\/\/instituciones.gtm.sld.cu\/hppap\/wp-content\/uploads\/sites\/37\/2019\/01\/operacion-web.jpg","type":"image\/jpeg"}],"twitter_card":"summary_large_image","twitter_misc":{"Escrito por":"","Tiempo de lectura":"4 minutos"},"schema":{"@context":"https:\/\/schema.org","@graph":[{"@type":"Article","@id":"https:\/\/instituciones.gtm.sld.cu\/hppap\/mantener-la-salud-auditiva-de-la-ninez-una-maxima-del-profesor-santana\/#article","isPartOf":{"@id":"https:\/\/instituciones.gtm.sld.cu\/hppap\/mantener-la-salud-auditiva-de-la-ninez-una-maxima-del-profesor-santana\/"},"author":{"name":"","@id":""},"headline":"Mantener la salud auditiva de la ni\u00f1ez, una m\u00e1xima del Profesor Santana","datePublished":"2019-01-31T20:54:27+00:00","dateModified":"2019-01-31T20:58:48+00:00","mainEntityOfPage":{"@id":"https:\/\/instituciones.gtm.sld.cu\/hppap\/mantener-la-salud-auditiva-de-la-ninez-una-maxima-del-profesor-santana\/"},"wordCount":716,"publisher":{"@id":"https:\/\/instituciones.gtm.sld.cu\/hppap\/#organization"},"articleSection":["Noticias"],"inLanguage":"es"},{"@type":"WebPage","@id":"https:\/\/instituciones.gtm.sld.cu\/hppap\/mantener-la-salud-auditiva-de-la-ninez-una-maxima-del-profesor-santana\/","url":"https:\/\/instituciones.gtm.sld.cu\/hppap\/mantener-la-salud-auditiva-de-la-ninez-una-maxima-del-profesor-santana\/","name":"Mantener la salud auditiva de la ni\u00f1ez, una m\u00e1xima del Profesor Santana - Hospital Pedi\u00e1trico &quot;Pedro Agust\u00edn P\u00e9rez&quot;","isPartOf":{"@id":"https:\/\/instituciones.gtm.sld.cu\/hppap\/#website"},"datePublished":"2019-01-31T20:54:27+00:00","dateModified":"2019-01-31T20:58:48+00:00","breadcrumb":{"@id":"https:\/\/instituciones.gtm.sld.cu\/hppap\/mantener-la-salud-auditiva-de-la-ninez-una-maxima-del-profesor-santana\/#breadcrumb"},"inLanguage":"es","potentialAction":[{"@type":"ReadAction","target":["https:\/\/instituciones.gtm.sld.cu\/hppap\/mantener-la-salud-auditiva-de-la-ninez-una-maxima-del-profesor-santana\/"]}]},{"@type":"BreadcrumbList","@id":"https:\/\/instituciones.gtm.sld.cu\/hppap\/mantener-la-salud-auditiva-de-la-ninez-una-maxima-del-profesor-santana\/#breadcrumb","itemListElement":[{"@type":"ListItem","position":1,"name":"Inicio","item":"https:\/\/instituciones.gtm.sld.cu\/hppap\/"},{"@type":"ListItem","position":2,"name":"Mantener la salud auditiva de la ni\u00f1ez, una m\u00e1xima del Profesor Santana"}]},{"@type":"WebSite","@id":"https:\/\/instituciones.gtm.sld.cu\/hppap\/#website","url":"https:\/\/instituciones.gtm.sld.cu\/hppap\/","name":"Hospital Pedi\u00e1trico \"Pedro Agust\u00edn P\u00e9rez\"","description":"","publisher":{"@id":"https:\/\/instituciones.gtm.sld.cu\/hppap\/#organization"},"potentialAction":[{"@type":"SearchAction","target":{"@type":"EntryPoint","urlTemplate":"https:\/\/instituciones.gtm.sld.cu\/hppap\/?s={search_term_string}"},"query-input":"required name=search_term_string"}],"inLanguage":"es"},{"@type":"Organization","@id":"https:\/\/instituciones.gtm.sld.cu\/hppap\/#organization","name":"Hospital Pedi\u00e1trico \"Pedro Agust\u00edn P\u00e9rez\"","url":"https:\/\/instituciones.gtm.sld.cu\/hppap\/","logo":{"@type":"ImageObject","inLanguage":"es","@id":"https:\/\/instituciones.gtm.sld.cu\/hppap\/#\/schema\/logo\/image\/","url":"https:\/\/instituciones.gtm.sld.cu\/hppap\/wp-content\/uploads\/sites\/37\/2024\/05\/299145640_582996300017682_8206920265837739482_n-1.jpg","contentUrl":"https:\/\/instituciones.gtm.sld.cu\/hppap\/wp-content\/uploads\/sites\/37\/2024\/05\/299145640_582996300017682_8206920265837739482_n-1.jpg","width":960,"height":479,"caption":"Hospital Pedi\u00e1trico \"Pedro Agust\u00edn P\u00e9rez\""},"image":{"@id":"https:\/\/instituciones.gtm.sld.cu\/hppap\/#\/schema\/logo\/image\/"}},{"@type":"Person","@id":"","url":"https:\/\/instituciones.gtm.sld.cu\/hppap\/author\/"}]}},"jetpack_featured_media_url":"https:\/\/instituciones.gtm.sld.cu\/hppap\/wp-content\/uploads\/sites\/37\/2019\/01\/operacion-web.jpg","_links":{"self":[{"href":"https:\/\/instituciones.gtm.sld.cu\/hppap\/wp-json\/wp\/v2\/posts\/1635"}],"collection":[{"href":"https:\/\/instituciones.gtm.sld.cu\/hppap\/wp-json\/wp\/v2\/posts"}],"about":[{"href":"https:\/\/instituciones.gtm.sld.cu\/hppap\/wp-json\/wp\/v2\/types\/post"}],"author":[{"embeddable":true,"href":"https:\/\/instituciones.gtm.sld.cu\/hppap\/wp-json\/wp\/v2\/users\/18"}],"replies":[{"embeddable":true,"href":"https:\/\/instituciones.gtm.sld.cu\/hppap\/wp-json\/wp\/v2\/comments?post=1635"}],"version-history":[{"count":0,"href":"https:\/\/instituciones.gtm.sld.cu\/hppap\/wp-json\/wp\/v2\/posts\/1635\/revisions"}],"wp:featuredmedia":[{"embeddable":true,"href":"https:\/\/instituciones.gtm.sld.cu\/hppap\/wp-json\/wp\/v2\/media\/1637"}],"wp:attachment":[{"href":"https:\/\/instituciones.gtm.sld.cu\/hppap\/wp-json\/wp\/v2\/media?parent=1635"}],"wp:term":[{"taxonomy":"category","embeddable":true,"href":"https:\/\/instituciones.gtm.sld.cu\/hppap\/wp-json\/wp\/v2\/categories?post=1635"},{"taxonomy":"post_tag","embeddable":true,"href":"https:\/\/instituciones.gtm.sld.cu\/hppap\/wp-json\/wp\/v2\/tags?post=1635"}],"curies":[{"name":"wp","href":"https:\/\/api.w.org\/{rel}","templated":true}]}}