{"id":1673,"date":"2019-02-11T15:47:23","date_gmt":"2019-02-11T15:47:23","guid":{"rendered":"https:\/\/instituciones.gtm.sld.cu\/hppap\/?p=1673"},"modified":"2019-02-11T15:47:23","modified_gmt":"2019-02-11T15:47:23","slug":"feliz-14-de-febrero","status":"publish","type":"post","link":"https:\/\/instituciones.gtm.sld.cu\/hppap\/feliz-14-de-febrero\/","title":{"rendered":"Feliz 14 de Febrero"},"content":{"rendered":"<p><span class=\"ILfuVd\">El <b>D\u00eda de San Valent\u00edn<\/b> se celebra todos los <b>14 de febrero<\/b> y representa al <b>d\u00eda<\/b> de los enamorados. El origen de esta fecha se remonta a la \u00e9poca de los romanos, aunque fue en el siglo XX que se \u00abcomercializ\u00f3\u00bb como una tradici\u00f3n milenaria.<\/span><\/p>\n<p>El <b>d\u00eda de San Valent\u00edn<\/b>, \u2014o simplemente <b>San Valent\u00edn<\/b>\u2014 es una festividad de origen <a class=\"mw-redirect\" title=\"Cristiana\" href=\"https:\/\/es.wikipedia.org\/wiki\/Cristiana\">cristiana<\/a> que se celebra anualmente el <a title=\"14 de febrero\" href=\"https:\/\/es.wikipedia.org\/wiki\/14_de_febrero\">14 de febrero<\/a> como conmemoraci\u00f3n a las buenas obras realizada por <a class=\"mw-redirect\" title=\"Valent\u00edn (santo)\" href=\"https:\/\/es.wikipedia.org\/wiki\/Valent%C3%ADn_%28santo%29\">san Valent\u00edn de Roma<\/a> que est\u00e1n relacionadas con el concepto universal del <a title=\"Amor\" href=\"https:\/\/es.wikipedia.org\/wiki\/Amor\">amor<\/a> y la <a title=\"Afectividad\" href=\"https:\/\/es.wikipedia.org\/wiki\/Afectividad\">afectividad<\/a>. Originado por la <a title=\"Iglesia cat\u00f3lica\" href=\"https:\/\/es.wikipedia.org\/wiki\/Iglesia_cat%C3%B3lica\">Iglesia cat\u00f3lica<\/a> como contrapeso de las festividades paganas que se realizaban en el <a title=\"Imperio romano\" href=\"https:\/\/es.wikipedia.org\/wiki\/Imperio_romano\">Imperio romano<\/a>, tambi\u00e9n es una de las primeras fiestas que significaron la expansi\u00f3n del cristianismo en toda la <a title=\"Eurafrasia\" href=\"https:\/\/es.wikipedia.org\/wiki\/Eurafrasia\">Eurafrasia<\/a> romana, la fiesta en s\u00ed es conocida como un evento cultural significativo desde lo religioso por la gracia a Valent\u00edn y desde lo laico por relacionarse con los sentimientos del <a title=\"Amor\" href=\"https:\/\/es.wikipedia.org\/wiki\/Amor\">amor<\/a> y la <a title=\"Amistad\" href=\"https:\/\/es.wikipedia.org\/wiki\/Amistad\">amistad<\/a>.<\/p>\n<p>No solo el amor ala pareja , tambi\u00e9n ala\u00a0 familia , a un amigo . el trabajo , un compa\u00f1ero un vecino .<\/p>\n<p>FELIZ D\u00cdA DEL AMOR Y LA AMISTAD<\/p>\n","protected":false},"excerpt":{"rendered":"<p>El D\u00eda de San Valent\u00edn se celebra todos los 14 de febrero y representa al d\u00eda de los enamorados. El origen de esta fecha se remonta a la \u00e9poca de los romanos, aunque fue en el siglo XX que se \u00abcomercializ\u00f3\u00bb como una tradici\u00f3n milenaria. El d\u00eda de San Valent\u00edn, \u2014o simplemente San Valent\u00edn\u2014 es &hellip; <\/p>\n<p><a class=\"more-link btn\" href=\"https:\/\/instituciones.gtm.sld.cu\/hppap\/feliz-14-de-febrero\/\">Seguir leyendo<\/a><\/p>\n","protected":false},"author":40,"featured_media":1674,"comment_status":"closed","ping_status":"open","sticky":false,"template":"","format":"standard","meta":{"ngg_post_thumbnail":0},"categories":[5],"tags":[],"yoast_head":"<!-- This site is optimized with the Yoast SEO plugin v21.8 - https:\/\/yoast.com\/wordpress\/plugins\/seo\/ -->\n<title>Feliz 14 de Febrero - Hospital Pedi\u00e1trico &quot;Pedro Agust\u00edn P\u00e9rez&quot;<\/title>\n<meta name=\"robots\" content=\"index, follow, max-snippet:-1, max-image-preview:large, max-video-preview:-1\" \/>\n<link rel=\"canonical\" href=\"https:\/\/instituciones.gtm.sld.cu\/hppap\/feliz-14-de-febrero\/\" \/>\n<meta property=\"og:locale\" content=\"es_ES\" \/>\n<meta property=\"og:type\" content=\"article\" \/>\n<meta property=\"og:title\" content=\"Feliz 14 de Febrero - Hospital Pedi\u00e1trico &quot;Pedro Agust\u00edn P\u00e9rez&quot;\" \/>\n<meta property=\"og:description\" content=\"El D\u00eda de San Valent\u00edn se celebra todos los 14 de febrero y representa al d\u00eda de los enamorados. El origen de esta fecha se remonta a la \u00e9poca de los romanos, aunque fue en el siglo XX que se \u00abcomercializ\u00f3\u00bb como una tradici\u00f3n milenaria. El d\u00eda de San Valent\u00edn, \u2014o simplemente San Valent\u00edn\u2014 es &hellip; Seguir leyendo\" \/>\n<meta property=\"og:url\" content=\"https:\/\/instituciones.gtm.sld.cu\/hppap\/feliz-14-de-febrero\/\" \/>\n<meta property=\"og:site_name\" content=\"Hospital Pedi\u00e1trico &quot;Pedro Agust\u00edn P\u00e9rez&quot;\" \/>\n<meta property=\"article:published_time\" content=\"2019-02-11T15:47:23+00:00\" \/>\n<meta property=\"og:image\" content=\"https:\/\/instituciones.gtm.sld.cu\/hppap\/wp-content\/uploads\/sites\/37\/2019\/02\/Dia-del-amor-y-la-amistad.png\" \/>\n\t<meta property=\"og:image:width\" content=\"660\" \/>\n\t<meta property=\"og:image:height\" content=\"350\" \/>\n\t<meta property=\"og:image:type\" content=\"image\/png\" \/>\n<meta name=\"twitter:card\" content=\"summary_large_image\" \/>\n<meta name=\"twitter:label1\" content=\"Escrito por\" \/>\n\t<meta name=\"twitter:data1\" content=\"\" \/>\n\t<meta name=\"twitter:label2\" content=\"Tiempo de lectura\" \/>\n\t<meta name=\"twitter:data2\" content=\"1 minuto\" \/>\n<script type=\"application\/ld+json\" class=\"yoast-schema-graph\">{\"@context\":\"https:\/\/schema.org\",\"@graph\":[{\"@type\":\"Article\",\"@id\":\"https:\/\/instituciones.gtm.sld.cu\/hppap\/feliz-14-de-febrero\/#article\",\"isPartOf\":{\"@id\":\"https:\/\/instituciones.gtm.sld.cu\/hppap\/feliz-14-de-febrero\/\"},\"author\":{\"name\":\"\",\"@id\":\"\"},\"headline\":\"Feliz 14 de Febrero\",\"datePublished\":\"2019-02-11T15:47:23+00:00\",\"dateModified\":\"2019-02-11T15:47:23+00:00\",\"mainEntityOfPage\":{\"@id\":\"https:\/\/instituciones.gtm.sld.cu\/hppap\/feliz-14-de-febrero\/\"},\"wordCount\":204,\"publisher\":{\"@id\":\"https:\/\/instituciones.gtm.sld.cu\/hppap\/#organization\"},\"articleSection\":[\"Noticias\"],\"inLanguage\":\"es\"},{\"@type\":\"WebPage\",\"@id\":\"https:\/\/instituciones.gtm.sld.cu\/hppap\/feliz-14-de-febrero\/\",\"url\":\"https:\/\/instituciones.gtm.sld.cu\/hppap\/feliz-14-de-febrero\/\",\"name\":\"Feliz 14 de Febrero - Hospital Pedi\u00e1trico &quot;Pedro Agust\u00edn P\u00e9rez&quot;\",\"isPartOf\":{\"@id\":\"https:\/\/instituciones.gtm.sld.cu\/hppap\/#website\"},\"datePublished\":\"2019-02-11T15:47:23+00:00\",\"dateModified\":\"2019-02-11T15:47:23+00:00\",\"breadcrumb\":{\"@id\":\"https:\/\/instituciones.gtm.sld.cu\/hppap\/feliz-14-de-febrero\/#breadcrumb\"},\"inLanguage\":\"es\",\"potentialAction\":[{\"@type\":\"ReadAction\",\"target\":[\"https:\/\/instituciones.gtm.sld.cu\/hppap\/feliz-14-de-febrero\/\"]}]},{\"@type\":\"BreadcrumbList\",\"@id\":\"https:\/\/instituciones.gtm.sld.cu\/hppap\/feliz-14-de-febrero\/#breadcrumb\",\"itemListElement\":[{\"@type\":\"ListItem\",\"position\":1,\"name\":\"Inicio\",\"item\":\"https:\/\/instituciones.gtm.sld.cu\/hppap\/\"},{\"@type\":\"ListItem\",\"position\":2,\"name\":\"Feliz 14 de Febrero\"}]},{\"@type\":\"WebSite\",\"@id\":\"https:\/\/instituciones.gtm.sld.cu\/hppap\/#website\",\"url\":\"https:\/\/instituciones.gtm.sld.cu\/hppap\/\",\"name\":\"Hospital Pedi\u00e1trico \\\"Pedro Agust\u00edn P\u00e9rez\\\"\",\"description\":\"\",\"publisher\":{\"@id\":\"https:\/\/instituciones.gtm.sld.cu\/hppap\/#organization\"},\"potentialAction\":[{\"@type\":\"SearchAction\",\"target\":{\"@type\":\"EntryPoint\",\"urlTemplate\":\"https:\/\/instituciones.gtm.sld.cu\/hppap\/?s={search_term_string}\"},\"query-input\":\"required name=search_term_string\"}],\"inLanguage\":\"es\"},{\"@type\":\"Organization\",\"@id\":\"https:\/\/instituciones.gtm.sld.cu\/hppap\/#organization\",\"name\":\"Hospital Pedi\u00e1trico \\\"Pedro Agust\u00edn P\u00e9rez\\\"\",\"url\":\"https:\/\/instituciones.gtm.sld.cu\/hppap\/\",\"logo\":{\"@type\":\"ImageObject\",\"inLanguage\":\"es\",\"@id\":\"https:\/\/instituciones.gtm.sld.cu\/hppap\/#\/schema\/logo\/image\/\",\"url\":\"https:\/\/instituciones.gtm.sld.cu\/hppap\/wp-content\/uploads\/sites\/37\/2024\/05\/299145640_582996300017682_8206920265837739482_n-1.jpg\",\"contentUrl\":\"https:\/\/instituciones.gtm.sld.cu\/hppap\/wp-content\/uploads\/sites\/37\/2024\/05\/299145640_582996300017682_8206920265837739482_n-1.jpg\",\"width\":960,\"height\":479,\"caption\":\"Hospital Pedi\u00e1trico \\\"Pedro Agust\u00edn P\u00e9rez\\\"\"},\"image\":{\"@id\":\"https:\/\/instituciones.gtm.sld.cu\/hppap\/#\/schema\/logo\/image\/\"}},{\"@type\":\"Person\",\"@id\":\"\",\"url\":\"https:\/\/instituciones.gtm.sld.cu\/hppap\/author\/\"}]}<\/script>\n<!-- \/ Yoast SEO plugin. -->","yoast_head_json":{"title":"Feliz 14 de Febrero - Hospital Pedi\u00e1trico &quot;Pedro Agust\u00edn P\u00e9rez&quot;","robots":{"index":"index","follow":"follow","max-snippet":"max-snippet:-1","max-image-preview":"max-image-preview:large","max-video-preview":"max-video-preview:-1"},"canonical":"https:\/\/instituciones.gtm.sld.cu\/hppap\/feliz-14-de-febrero\/","og_locale":"es_ES","og_type":"article","og_title":"Feliz 14 de Febrero - Hospital Pedi\u00e1trico &quot;Pedro Agust\u00edn P\u00e9rez&quot;","og_description":"El D\u00eda de San Valent\u00edn se celebra todos los 14 de febrero y representa al d\u00eda de los enamorados. El origen de esta fecha se remonta a la \u00e9poca de los romanos, aunque fue en el siglo XX que se \u00abcomercializ\u00f3\u00bb como una tradici\u00f3n milenaria. El d\u00eda de San Valent\u00edn, \u2014o simplemente San Valent\u00edn\u2014 es &hellip; Seguir leyendo","og_url":"https:\/\/instituciones.gtm.sld.cu\/hppap\/feliz-14-de-febrero\/","og_site_name":"Hospital Pedi\u00e1trico &quot;Pedro Agust\u00edn P\u00e9rez&quot;","article_published_time":"2019-02-11T15:47:23+00:00","og_image":[{"width":660,"height":350,"url":"https:\/\/instituciones.gtm.sld.cu\/hppap\/wp-content\/uploads\/sites\/37\/2019\/02\/Dia-del-amor-y-la-amistad.png","type":"image\/png"}],"twitter_card":"summary_large_image","twitter_misc":{"Escrito por":"","Tiempo de lectura":"1 minuto"},"schema":{"@context":"https:\/\/schema.org","@graph":[{"@type":"Article","@id":"https:\/\/instituciones.gtm.sld.cu\/hppap\/feliz-14-de-febrero\/#article","isPartOf":{"@id":"https:\/\/instituciones.gtm.sld.cu\/hppap\/feliz-14-de-febrero\/"},"author":{"name":"","@id":""},"headline":"Feliz 14 de Febrero","datePublished":"2019-02-11T15:47:23+00:00","dateModified":"2019-02-11T15:47:23+00:00","mainEntityOfPage":{"@id":"https:\/\/instituciones.gtm.sld.cu\/hppap\/feliz-14-de-febrero\/"},"wordCount":204,"publisher":{"@id":"https:\/\/instituciones.gtm.sld.cu\/hppap\/#organization"},"articleSection":["Noticias"],"inLanguage":"es"},{"@type":"WebPage","@id":"https:\/\/instituciones.gtm.sld.cu\/hppap\/feliz-14-de-febrero\/","url":"https:\/\/instituciones.gtm.sld.cu\/hppap\/feliz-14-de-febrero\/","name":"Feliz 14 de Febrero - Hospital Pedi\u00e1trico &quot;Pedro Agust\u00edn P\u00e9rez&quot;","isPartOf":{"@id":"https:\/\/instituciones.gtm.sld.cu\/hppap\/#website"},"datePublished":"2019-02-11T15:47:23+00:00","dateModified":"2019-02-11T15:47:23+00:00","breadcrumb":{"@id":"https:\/\/instituciones.gtm.sld.cu\/hppap\/feliz-14-de-febrero\/#breadcrumb"},"inLanguage":"es","potentialAction":[{"@type":"ReadAction","target":["https:\/\/instituciones.gtm.sld.cu\/hppap\/feliz-14-de-febrero\/"]}]},{"@type":"BreadcrumbList","@id":"https:\/\/instituciones.gtm.sld.cu\/hppap\/feliz-14-de-febrero\/#breadcrumb","itemListElement":[{"@type":"ListItem","position":1,"name":"Inicio","item":"https:\/\/instituciones.gtm.sld.cu\/hppap\/"},{"@type":"ListItem","position":2,"name":"Feliz 14 de Febrero"}]},{"@type":"WebSite","@id":"https:\/\/instituciones.gtm.sld.cu\/hppap\/#website","url":"https:\/\/instituciones.gtm.sld.cu\/hppap\/","name":"Hospital Pedi\u00e1trico \"Pedro Agust\u00edn P\u00e9rez\"","description":"","publisher":{"@id":"https:\/\/instituciones.gtm.sld.cu\/hppap\/#organization"},"potentialAction":[{"@type":"SearchAction","target":{"@type":"EntryPoint","urlTemplate":"https:\/\/instituciones.gtm.sld.cu\/hppap\/?s={search_term_string}"},"query-input":"required name=search_term_string"}],"inLanguage":"es"},{"@type":"Organization","@id":"https:\/\/instituciones.gtm.sld.cu\/hppap\/#organization","name":"Hospital Pedi\u00e1trico \"Pedro Agust\u00edn P\u00e9rez\"","url":"https:\/\/instituciones.gtm.sld.cu\/hppap\/","logo":{"@type":"ImageObject","inLanguage":"es","@id":"https:\/\/instituciones.gtm.sld.cu\/hppap\/#\/schema\/logo\/image\/","url":"https:\/\/instituciones.gtm.sld.cu\/hppap\/wp-content\/uploads\/sites\/37\/2024\/05\/299145640_582996300017682_8206920265837739482_n-1.jpg","contentUrl":"https:\/\/instituciones.gtm.sld.cu\/hppap\/wp-content\/uploads\/sites\/37\/2024\/05\/299145640_582996300017682_8206920265837739482_n-1.jpg","width":960,"height":479,"caption":"Hospital Pedi\u00e1trico \"Pedro Agust\u00edn P\u00e9rez\""},"image":{"@id":"https:\/\/instituciones.gtm.sld.cu\/hppap\/#\/schema\/logo\/image\/"}},{"@type":"Person","@id":"","url":"https:\/\/instituciones.gtm.sld.cu\/hppap\/author\/"}]}},"jetpack_featured_media_url":"https:\/\/instituciones.gtm.sld.cu\/hppap\/wp-content\/uploads\/sites\/37\/2019\/02\/Dia-del-amor-y-la-amistad.png","_links":{"self":[{"href":"https:\/\/instituciones.gtm.sld.cu\/hppap\/wp-json\/wp\/v2\/posts\/1673"}],"collection":[{"href":"https:\/\/instituciones.gtm.sld.cu\/hppap\/wp-json\/wp\/v2\/posts"}],"about":[{"href":"https:\/\/instituciones.gtm.sld.cu\/hppap\/wp-json\/wp\/v2\/types\/post"}],"author":[{"embeddable":true,"href":"https:\/\/instituciones.gtm.sld.cu\/hppap\/wp-json\/wp\/v2\/users\/40"}],"replies":[{"embeddable":true,"href":"https:\/\/instituciones.gtm.sld.cu\/hppap\/wp-json\/wp\/v2\/comments?post=1673"}],"version-history":[{"count":0,"href":"https:\/\/instituciones.gtm.sld.cu\/hppap\/wp-json\/wp\/v2\/posts\/1673\/revisions"}],"wp:featuredmedia":[{"embeddable":true,"href":"https:\/\/instituciones.gtm.sld.cu\/hppap\/wp-json\/wp\/v2\/media\/1674"}],"wp:attachment":[{"href":"https:\/\/instituciones.gtm.sld.cu\/hppap\/wp-json\/wp\/v2\/media?parent=1673"}],"wp:term":[{"taxonomy":"category","embeddable":true,"href":"https:\/\/instituciones.gtm.sld.cu\/hppap\/wp-json\/wp\/v2\/categories?post=1673"},{"taxonomy":"post_tag","embeddable":true,"href":"https:\/\/instituciones.gtm.sld.cu\/hppap\/wp-json\/wp\/v2\/tags?post=1673"}],"curies":[{"name":"wp","href":"https:\/\/api.w.org\/{rel}","templated":true}]}}