{"id":1705,"date":"2019-03-04T17:24:35","date_gmt":"2019-03-04T17:24:35","guid":{"rendered":"https:\/\/instituciones.gtm.sld.cu\/hppap\/?p=1705"},"modified":"2019-05-15T18:17:07","modified_gmt":"2019-05-15T18:17:07","slug":"6to-aniversario-de-la-desapairicion-fisica-del-comandante-hugo-rafael-chavez-fria","status":"publish","type":"post","link":"https:\/\/instituciones.gtm.sld.cu\/hppap\/6to-aniversario-de-la-desapairicion-fisica-del-comandante-hugo-rafael-chavez-fria\/","title":{"rendered":"6to Aniversario  de la Desaparici\u00f3n F\u00edsica  del Comandante Hugo Rafael Chavez Fr\u00eda"},"content":{"rendered":"<p>En pocas&nbsp; horas se cumplir\u00e1 el 6to Aniversario de la Desaparici\u00f3n F\u00edsica del Comandante Hugo Rafael Chavez Fr\u00eda .El pueblo de Cuba&nbsp; recordamos a nuestro Amigo , Compa\u00f1ero , Hermano , disimiles de actividades pol\u00edticas y culturales serealizan en conmemoraci\u00f3n a esta fecha historica.<span class=\"sumary\">Ch\u00e1vez est\u00e1 en todas partes. Aunque no se ve, anda por ah\u00ed, en cada acci\u00f3n, en cada tarea.Cuando se cumple un aniversario m\u00e1s de su desaparici\u00f3n f\u00edsica le rendimos el mayor homenaje: asumirlo presente.Hablar de \u00e9l siempre resultar\u00e1 imprescindile. Su prematura partida f\u00edsica nos dej\u00f3 un dolor que a pesar del tiempo no desaparece ni desaparecer\u00e1 porque en vida y m\u00e1s all\u00e1 es un gigante que habita en millones.<\/span><\/p>\n<p>El mundo, sin dudas, extra\u00f1a esa pasi\u00f3n y entrega que siempre le caracteriz\u00f3 y cuando se cumplen seis&nbsp; a\u00f1os de su partida f\u00edsica vive m\u00e1s que nunca su legado, la certeza de que vivir es luchar y de que el combate debe mirar siempre al horizonte de la victoria.<\/p>\n<p>Ch\u00e1vez est\u00e1 en todas partes, en un pa\u00eds que va hacia adelante con sus ideas como faro y la seguridad de seguir su ejemplo, en un continente que une sus voces y lucha por una mayor integraci\u00f3n latinoamericana. En cada hombre, mujer y ni\u00f1o que persigue sus sue\u00f1os y tiene como premisa el amor, la paz y la esperanza; y en quienes conf\u00edan en la justicia y en la convicci\u00f3n de que un mundo mejor es posible.<\/p>\n<h2>Ch\u00e1vez en el coraz\u00f3n de una Isla<\/h2>\n","protected":false},"excerpt":{"rendered":"<p>En pocas&nbsp; horas se cumplir\u00e1 el 6to Aniversario de la Desaparici\u00f3n F\u00edsica del Comandante Hugo Rafael Chavez Fr\u00eda .El pueblo de Cuba&nbsp; recordamos a nuestro Amigo , Compa\u00f1ero , Hermano , disimiles de actividades pol\u00edticas y culturales serealizan en conmemoraci\u00f3n a esta fecha historica.Ch\u00e1vez est\u00e1 en todas partes. Aunque no se ve, anda por ah\u00ed, &hellip; <\/p>\n<p><a class=\"more-link btn\" href=\"https:\/\/instituciones.gtm.sld.cu\/hppap\/6to-aniversario-de-la-desapairicion-fisica-del-comandante-hugo-rafael-chavez-fria\/\">Seguir leyendo<\/a><\/p>\n","protected":false},"author":40,"featured_media":1707,"comment_status":"closed","ping_status":"open","sticky":false,"template":"","format":"standard","meta":{"ngg_post_thumbnail":0},"categories":[1],"tags":[],"yoast_head":"<!-- This site is optimized with the Yoast SEO plugin v21.8 - https:\/\/yoast.com\/wordpress\/plugins\/seo\/ -->\n<title>6to Aniversario de la Desaparici\u00f3n F\u00edsica del Comandante Hugo Rafael Chavez Fr\u00eda - Hospital Pedi\u00e1trico &quot;Pedro Agust\u00edn P\u00e9rez&quot;<\/title>\n<meta name=\"robots\" content=\"index, follow, max-snippet:-1, max-image-preview:large, max-video-preview:-1\" \/>\n<link rel=\"canonical\" href=\"https:\/\/instituciones.gtm.sld.cu\/hppap\/6to-aniversario-de-la-desapairicion-fisica-del-comandante-hugo-rafael-chavez-fria\/\" \/>\n<meta property=\"og:locale\" content=\"es_ES\" \/>\n<meta property=\"og:type\" content=\"article\" \/>\n<meta property=\"og:title\" content=\"6to Aniversario de la Desaparici\u00f3n F\u00edsica del Comandante Hugo Rafael Chavez Fr\u00eda - Hospital Pedi\u00e1trico &quot;Pedro Agust\u00edn P\u00e9rez&quot;\" \/>\n<meta property=\"og:description\" content=\"En pocas&nbsp; horas se cumplir\u00e1 el 6to Aniversario de la Desaparici\u00f3n F\u00edsica del Comandante Hugo Rafael Chavez Fr\u00eda .El pueblo de Cuba&nbsp; recordamos a nuestro Amigo , Compa\u00f1ero , Hermano , disimiles de actividades pol\u00edticas y culturales serealizan en conmemoraci\u00f3n a esta fecha historica.Ch\u00e1vez est\u00e1 en todas partes. Aunque no se ve, anda por ah\u00ed, &hellip; Seguir leyendo\" \/>\n<meta property=\"og:url\" content=\"https:\/\/instituciones.gtm.sld.cu\/hppap\/6to-aniversario-de-la-desapairicion-fisica-del-comandante-hugo-rafael-chavez-fria\/\" \/>\n<meta property=\"og:site_name\" content=\"Hospital Pedi\u00e1trico &quot;Pedro Agust\u00edn P\u00e9rez&quot;\" \/>\n<meta property=\"article:published_time\" content=\"2019-03-04T17:24:35+00:00\" \/>\n<meta property=\"article:modified_time\" content=\"2019-05-15T18:17:07+00:00\" \/>\n<meta property=\"og:image\" content=\"https:\/\/instituciones.gtm.sld.cu\/hppap\/wp-content\/uploads\/sites\/37\/2019\/03\/chavez-bandera-y-cielo.jpg\" \/>\n\t<meta property=\"og:image:width\" content=\"618\" \/>\n\t<meta property=\"og:image:height\" content=\"468\" \/>\n\t<meta property=\"og:image:type\" content=\"image\/jpeg\" \/>\n<meta name=\"twitter:card\" content=\"summary_large_image\" \/>\n<meta name=\"twitter:label1\" content=\"Escrito por\" \/>\n\t<meta name=\"twitter:data1\" content=\"\" \/>\n\t<meta name=\"twitter:label2\" content=\"Tiempo de lectura\" \/>\n\t<meta name=\"twitter:data2\" content=\"1 minuto\" \/>\n<script type=\"application\/ld+json\" class=\"yoast-schema-graph\">{\"@context\":\"https:\/\/schema.org\",\"@graph\":[{\"@type\":\"Article\",\"@id\":\"https:\/\/instituciones.gtm.sld.cu\/hppap\/6to-aniversario-de-la-desapairicion-fisica-del-comandante-hugo-rafael-chavez-fria\/#article\",\"isPartOf\":{\"@id\":\"https:\/\/instituciones.gtm.sld.cu\/hppap\/6to-aniversario-de-la-desapairicion-fisica-del-comandante-hugo-rafael-chavez-fria\/\"},\"author\":{\"name\":\"\",\"@id\":\"\"},\"headline\":\"6to Aniversario de la Desaparici\u00f3n F\u00edsica del Comandante Hugo Rafael Chavez Fr\u00eda\",\"datePublished\":\"2019-03-04T17:24:35+00:00\",\"dateModified\":\"2019-05-15T18:17:07+00:00\",\"mainEntityOfPage\":{\"@id\":\"https:\/\/instituciones.gtm.sld.cu\/hppap\/6to-aniversario-de-la-desapairicion-fisica-del-comandante-hugo-rafael-chavez-fria\/\"},\"wordCount\":290,\"publisher\":{\"@id\":\"https:\/\/instituciones.gtm.sld.cu\/hppap\/#organization\"},\"articleSection\":[\"Pediatr\u00eda\"],\"inLanguage\":\"es\"},{\"@type\":\"WebPage\",\"@id\":\"https:\/\/instituciones.gtm.sld.cu\/hppap\/6to-aniversario-de-la-desapairicion-fisica-del-comandante-hugo-rafael-chavez-fria\/\",\"url\":\"https:\/\/instituciones.gtm.sld.cu\/hppap\/6to-aniversario-de-la-desapairicion-fisica-del-comandante-hugo-rafael-chavez-fria\/\",\"name\":\"6to Aniversario de la Desaparici\u00f3n F\u00edsica del Comandante Hugo Rafael Chavez Fr\u00eda - Hospital Pedi\u00e1trico &quot;Pedro Agust\u00edn P\u00e9rez&quot;\",\"isPartOf\":{\"@id\":\"https:\/\/instituciones.gtm.sld.cu\/hppap\/#website\"},\"datePublished\":\"2019-03-04T17:24:35+00:00\",\"dateModified\":\"2019-05-15T18:17:07+00:00\",\"breadcrumb\":{\"@id\":\"https:\/\/instituciones.gtm.sld.cu\/hppap\/6to-aniversario-de-la-desapairicion-fisica-del-comandante-hugo-rafael-chavez-fria\/#breadcrumb\"},\"inLanguage\":\"es\",\"potentialAction\":[{\"@type\":\"ReadAction\",\"target\":[\"https:\/\/instituciones.gtm.sld.cu\/hppap\/6to-aniversario-de-la-desapairicion-fisica-del-comandante-hugo-rafael-chavez-fria\/\"]}]},{\"@type\":\"BreadcrumbList\",\"@id\":\"https:\/\/instituciones.gtm.sld.cu\/hppap\/6to-aniversario-de-la-desapairicion-fisica-del-comandante-hugo-rafael-chavez-fria\/#breadcrumb\",\"itemListElement\":[{\"@type\":\"ListItem\",\"position\":1,\"name\":\"Inicio\",\"item\":\"https:\/\/instituciones.gtm.sld.cu\/hppap\/\"},{\"@type\":\"ListItem\",\"position\":2,\"name\":\"6to Aniversario de la Desaparici\u00f3n F\u00edsica del Comandante Hugo Rafael Chavez Fr\u00eda\"}]},{\"@type\":\"WebSite\",\"@id\":\"https:\/\/instituciones.gtm.sld.cu\/hppap\/#website\",\"url\":\"https:\/\/instituciones.gtm.sld.cu\/hppap\/\",\"name\":\"Hospital Pedi\u00e1trico \\\"Pedro Agust\u00edn P\u00e9rez\\\"\",\"description\":\"\",\"publisher\":{\"@id\":\"https:\/\/instituciones.gtm.sld.cu\/hppap\/#organization\"},\"potentialAction\":[{\"@type\":\"SearchAction\",\"target\":{\"@type\":\"EntryPoint\",\"urlTemplate\":\"https:\/\/instituciones.gtm.sld.cu\/hppap\/?s={search_term_string}\"},\"query-input\":\"required name=search_term_string\"}],\"inLanguage\":\"es\"},{\"@type\":\"Organization\",\"@id\":\"https:\/\/instituciones.gtm.sld.cu\/hppap\/#organization\",\"name\":\"Hospital Pedi\u00e1trico \\\"Pedro Agust\u00edn P\u00e9rez\\\"\",\"url\":\"https:\/\/instituciones.gtm.sld.cu\/hppap\/\",\"logo\":{\"@type\":\"ImageObject\",\"inLanguage\":\"es\",\"@id\":\"https:\/\/instituciones.gtm.sld.cu\/hppap\/#\/schema\/logo\/image\/\",\"url\":\"https:\/\/instituciones.gtm.sld.cu\/hppap\/wp-content\/uploads\/sites\/37\/2024\/05\/299145640_582996300017682_8206920265837739482_n-1.jpg\",\"contentUrl\":\"https:\/\/instituciones.gtm.sld.cu\/hppap\/wp-content\/uploads\/sites\/37\/2024\/05\/299145640_582996300017682_8206920265837739482_n-1.jpg\",\"width\":960,\"height\":479,\"caption\":\"Hospital Pedi\u00e1trico \\\"Pedro Agust\u00edn P\u00e9rez\\\"\"},\"image\":{\"@id\":\"https:\/\/instituciones.gtm.sld.cu\/hppap\/#\/schema\/logo\/image\/\"}},{\"@type\":\"Person\",\"@id\":\"\",\"url\":\"https:\/\/instituciones.gtm.sld.cu\/hppap\/author\/\"}]}<\/script>\n<!-- \/ Yoast SEO plugin. -->","yoast_head_json":{"title":"6to Aniversario de la Desaparici\u00f3n F\u00edsica del Comandante Hugo Rafael Chavez Fr\u00eda - Hospital Pedi\u00e1trico &quot;Pedro Agust\u00edn P\u00e9rez&quot;","robots":{"index":"index","follow":"follow","max-snippet":"max-snippet:-1","max-image-preview":"max-image-preview:large","max-video-preview":"max-video-preview:-1"},"canonical":"https:\/\/instituciones.gtm.sld.cu\/hppap\/6to-aniversario-de-la-desapairicion-fisica-del-comandante-hugo-rafael-chavez-fria\/","og_locale":"es_ES","og_type":"article","og_title":"6to Aniversario de la Desaparici\u00f3n F\u00edsica del Comandante Hugo Rafael Chavez Fr\u00eda - Hospital Pedi\u00e1trico &quot;Pedro Agust\u00edn P\u00e9rez&quot;","og_description":"En pocas&nbsp; horas se cumplir\u00e1 el 6to Aniversario de la Desaparici\u00f3n F\u00edsica del Comandante Hugo Rafael Chavez Fr\u00eda .El pueblo de Cuba&nbsp; recordamos a nuestro Amigo , Compa\u00f1ero , Hermano , disimiles de actividades pol\u00edticas y culturales serealizan en conmemoraci\u00f3n a esta fecha historica.Ch\u00e1vez est\u00e1 en todas partes. Aunque no se ve, anda por ah\u00ed, &hellip; Seguir leyendo","og_url":"https:\/\/instituciones.gtm.sld.cu\/hppap\/6to-aniversario-de-la-desapairicion-fisica-del-comandante-hugo-rafael-chavez-fria\/","og_site_name":"Hospital Pedi\u00e1trico &quot;Pedro Agust\u00edn P\u00e9rez&quot;","article_published_time":"2019-03-04T17:24:35+00:00","article_modified_time":"2019-05-15T18:17:07+00:00","og_image":[{"width":618,"height":468,"url":"https:\/\/instituciones.gtm.sld.cu\/hppap\/wp-content\/uploads\/sites\/37\/2019\/03\/chavez-bandera-y-cielo.jpg","type":"image\/jpeg"}],"twitter_card":"summary_large_image","twitter_misc":{"Escrito por":"","Tiempo de lectura":"1 minuto"},"schema":{"@context":"https:\/\/schema.org","@graph":[{"@type":"Article","@id":"https:\/\/instituciones.gtm.sld.cu\/hppap\/6to-aniversario-de-la-desapairicion-fisica-del-comandante-hugo-rafael-chavez-fria\/#article","isPartOf":{"@id":"https:\/\/instituciones.gtm.sld.cu\/hppap\/6to-aniversario-de-la-desapairicion-fisica-del-comandante-hugo-rafael-chavez-fria\/"},"author":{"name":"","@id":""},"headline":"6to Aniversario de la Desaparici\u00f3n F\u00edsica del Comandante Hugo Rafael Chavez Fr\u00eda","datePublished":"2019-03-04T17:24:35+00:00","dateModified":"2019-05-15T18:17:07+00:00","mainEntityOfPage":{"@id":"https:\/\/instituciones.gtm.sld.cu\/hppap\/6to-aniversario-de-la-desapairicion-fisica-del-comandante-hugo-rafael-chavez-fria\/"},"wordCount":290,"publisher":{"@id":"https:\/\/instituciones.gtm.sld.cu\/hppap\/#organization"},"articleSection":["Pediatr\u00eda"],"inLanguage":"es"},{"@type":"WebPage","@id":"https:\/\/instituciones.gtm.sld.cu\/hppap\/6to-aniversario-de-la-desapairicion-fisica-del-comandante-hugo-rafael-chavez-fria\/","url":"https:\/\/instituciones.gtm.sld.cu\/hppap\/6to-aniversario-de-la-desapairicion-fisica-del-comandante-hugo-rafael-chavez-fria\/","name":"6to Aniversario de la Desaparici\u00f3n F\u00edsica del Comandante Hugo Rafael Chavez Fr\u00eda - Hospital Pedi\u00e1trico &quot;Pedro Agust\u00edn P\u00e9rez&quot;","isPartOf":{"@id":"https:\/\/instituciones.gtm.sld.cu\/hppap\/#website"},"datePublished":"2019-03-04T17:24:35+00:00","dateModified":"2019-05-15T18:17:07+00:00","breadcrumb":{"@id":"https:\/\/instituciones.gtm.sld.cu\/hppap\/6to-aniversario-de-la-desapairicion-fisica-del-comandante-hugo-rafael-chavez-fria\/#breadcrumb"},"inLanguage":"es","potentialAction":[{"@type":"ReadAction","target":["https:\/\/instituciones.gtm.sld.cu\/hppap\/6to-aniversario-de-la-desapairicion-fisica-del-comandante-hugo-rafael-chavez-fria\/"]}]},{"@type":"BreadcrumbList","@id":"https:\/\/instituciones.gtm.sld.cu\/hppap\/6to-aniversario-de-la-desapairicion-fisica-del-comandante-hugo-rafael-chavez-fria\/#breadcrumb","itemListElement":[{"@type":"ListItem","position":1,"name":"Inicio","item":"https:\/\/instituciones.gtm.sld.cu\/hppap\/"},{"@type":"ListItem","position":2,"name":"6to Aniversario de la Desaparici\u00f3n F\u00edsica del Comandante Hugo Rafael Chavez Fr\u00eda"}]},{"@type":"WebSite","@id":"https:\/\/instituciones.gtm.sld.cu\/hppap\/#website","url":"https:\/\/instituciones.gtm.sld.cu\/hppap\/","name":"Hospital Pedi\u00e1trico \"Pedro Agust\u00edn P\u00e9rez\"","description":"","publisher":{"@id":"https:\/\/instituciones.gtm.sld.cu\/hppap\/#organization"},"potentialAction":[{"@type":"SearchAction","target":{"@type":"EntryPoint","urlTemplate":"https:\/\/instituciones.gtm.sld.cu\/hppap\/?s={search_term_string}"},"query-input":"required name=search_term_string"}],"inLanguage":"es"},{"@type":"Organization","@id":"https:\/\/instituciones.gtm.sld.cu\/hppap\/#organization","name":"Hospital Pedi\u00e1trico \"Pedro Agust\u00edn P\u00e9rez\"","url":"https:\/\/instituciones.gtm.sld.cu\/hppap\/","logo":{"@type":"ImageObject","inLanguage":"es","@id":"https:\/\/instituciones.gtm.sld.cu\/hppap\/#\/schema\/logo\/image\/","url":"https:\/\/instituciones.gtm.sld.cu\/hppap\/wp-content\/uploads\/sites\/37\/2024\/05\/299145640_582996300017682_8206920265837739482_n-1.jpg","contentUrl":"https:\/\/instituciones.gtm.sld.cu\/hppap\/wp-content\/uploads\/sites\/37\/2024\/05\/299145640_582996300017682_8206920265837739482_n-1.jpg","width":960,"height":479,"caption":"Hospital Pedi\u00e1trico \"Pedro Agust\u00edn P\u00e9rez\""},"image":{"@id":"https:\/\/instituciones.gtm.sld.cu\/hppap\/#\/schema\/logo\/image\/"}},{"@type":"Person","@id":"","url":"https:\/\/instituciones.gtm.sld.cu\/hppap\/author\/"}]}},"jetpack_featured_media_url":"https:\/\/instituciones.gtm.sld.cu\/hppap\/wp-content\/uploads\/sites\/37\/2019\/03\/chavez-bandera-y-cielo.jpg","_links":{"self":[{"href":"https:\/\/instituciones.gtm.sld.cu\/hppap\/wp-json\/wp\/v2\/posts\/1705"}],"collection":[{"href":"https:\/\/instituciones.gtm.sld.cu\/hppap\/wp-json\/wp\/v2\/posts"}],"about":[{"href":"https:\/\/instituciones.gtm.sld.cu\/hppap\/wp-json\/wp\/v2\/types\/post"}],"author":[{"embeddable":true,"href":"https:\/\/instituciones.gtm.sld.cu\/hppap\/wp-json\/wp\/v2\/users\/40"}],"replies":[{"embeddable":true,"href":"https:\/\/instituciones.gtm.sld.cu\/hppap\/wp-json\/wp\/v2\/comments?post=1705"}],"version-history":[{"count":0,"href":"https:\/\/instituciones.gtm.sld.cu\/hppap\/wp-json\/wp\/v2\/posts\/1705\/revisions"}],"wp:featuredmedia":[{"embeddable":true,"href":"https:\/\/instituciones.gtm.sld.cu\/hppap\/wp-json\/wp\/v2\/media\/1707"}],"wp:attachment":[{"href":"https:\/\/instituciones.gtm.sld.cu\/hppap\/wp-json\/wp\/v2\/media?parent=1705"}],"wp:term":[{"taxonomy":"category","embeddable":true,"href":"https:\/\/instituciones.gtm.sld.cu\/hppap\/wp-json\/wp\/v2\/categories?post=1705"},{"taxonomy":"post_tag","embeddable":true,"href":"https:\/\/instituciones.gtm.sld.cu\/hppap\/wp-json\/wp\/v2\/tags?post=1705"}],"curies":[{"name":"wp","href":"https:\/\/api.w.org\/{rel}","templated":true}]}}