{"id":1773,"date":"2019-04-08T18:02:27","date_gmt":"2019-04-08T18:02:27","guid":{"rendered":"https:\/\/instituciones.gtm.sld.cu\/hppap\/?p=1773"},"modified":"2019-04-08T18:02:27","modified_gmt":"2019-04-08T18:02:27","slug":"por-una-infancia-feliz","status":"publish","type":"post","link":"https:\/\/instituciones.gtm.sld.cu\/hppap\/por-una-infancia-feliz\/","title":{"rendered":"\u00abPor una Infancia Feliz\u00bb"},"content":{"rendered":"\n<p><strong>XXX&nbsp; FORUM &nbsp;&nbsp;CIENT\u00cdFICO&nbsp;\nESTUDIANTIL<\/strong><\/p>\n\n\n\n<p><strong>PEDIATR\u00cdA \/ 2019ESTUDIANTIL<\/strong><\/p>\n\n\n\n<p><strong>TEM\u00c1TICAS A PRESENTAR:<\/strong><\/p>\n\n\n\n<p>1.-Atenci\u00f3n Integral al Ni\u00f1o<\/p>\n\n\n\n<p>2.- Calidad de&nbsp; Vida<\/p>\n\n\n\n<p>3.- Enfermedades\ntransmisibles<\/p>\n\n\n\n<p>4.- Enfermedades\ncr\u00f3nicas&nbsp; no transmisibles<\/p>\n\n\n\n<p>5.- Accidentes en la\ninfancia<\/p>\n\n\n\n<p>6.-Medicina Tradicional y\nNatural<\/p>\n\n\n\n<p><strong>MODALIDADES<\/strong><strong><em>:<\/em><\/strong><\/p>\n\n\n\n<p><strong>Tema&nbsp;\nlibre, &nbsp;Poster,&nbsp; Power&nbsp;\nPoint,&nbsp; Revisi\u00f3n\nbibliogr\u00e1fica&nbsp;&nbsp; <\/strong><\/p>\n\n\n\n<p><strong>SE&nbsp; REALIZAR\u00c1&nbsp;\nEL VIERNES&nbsp; 17 DE&nbsp; MAYO &nbsp;8:30 AM. Hospital&nbsp; Provincial Pedi\u00e1trico Docente \u201cPedro&nbsp; Agust\u00edn&nbsp;\nP\u00e9rez\u201d<\/strong><\/p>\n\n\n\n<p><strong>SE\nACEPTAR\u00c1N HASTA 3 AUTORES POR TRABAJO <\/strong><\/p>\n\n\n\n<p><strong>FECHA\nDE ADMISI\u00d3N&nbsp; HASTA &nbsp;EL&nbsp;\n10&nbsp; DE MAYO<\/strong><strong><\/strong><\/p>\n\n\n\n<p><strong>Dirigirse al Dpto. de Docencia e\ninvestigaciones del Hospital Provincial Pedi\u00e1trico&nbsp; Docente de Gtmo \u201c &nbsp;Pedro Agust\u00edn P\u00e9rez\u201d. Telef&nbsp; 21 322728 <\/strong><\/p>\n\n\n\n<p><strong>&nbsp;email :limnetcl @infomed.sld.cu<\/strong><\/p>\n\n\n\n<div class=\"wp-block-cover has-background-dim\" style=\"background-image:url(https:\/\/instituciones.gtm.sld.cu\/hppap\/wp-content\/uploads\/sites\/37\/2019\/04\/images1.jpg)\"><\/div>\n\n\n\n<p><strong>&nbsp;&nbsp;&nbsp;&nbsp;&nbsp;&nbsp;&nbsp;&nbsp;&nbsp;&nbsp;&nbsp;&nbsp;&nbsp;&nbsp;&nbsp;&nbsp;&nbsp;&nbsp;&nbsp;&nbsp;&nbsp;&nbsp;&nbsp;&nbsp;&nbsp;&nbsp;&nbsp;&nbsp;&nbsp;&nbsp;&nbsp;&nbsp;&nbsp;&nbsp;&nbsp;&nbsp;\n<\/strong><strong>\u00a1<\/strong><strong>\nPARTICIPA!<\/strong><\/p>\n","protected":false},"excerpt":{"rendered":"<p>XXX&nbsp; FORUM &nbsp;&nbsp;CIENT\u00cdFICO&nbsp; ESTUDIANTIL PEDIATR\u00cdA \/ 2019ESTUDIANTIL TEM\u00c1TICAS A PRESENTAR: 1.-Atenci\u00f3n Integral al Ni\u00f1o 2.- Calidad de&nbsp; Vida 3.- Enfermedades transmisibles 4.- Enfermedades cr\u00f3nicas&nbsp; no transmisibles 5.- Accidentes en la infancia 6.-Medicina Tradicional y Natural MODALIDADES: Tema&nbsp; libre, &nbsp;Poster,&nbsp; Power&nbsp; Point,&nbsp; Revisi\u00f3n bibliogr\u00e1fica&nbsp;&nbsp; SE&nbsp; REALIZAR\u00c1&nbsp; EL VIERNES&nbsp; 17 DE&nbsp; MAYO &nbsp;8:30 AM. Hospital&nbsp; Provincial Pedi\u00e1trico &hellip; <\/p>\n<p><a class=\"more-link btn\" href=\"https:\/\/instituciones.gtm.sld.cu\/hppap\/por-una-infancia-feliz\/\">Seguir leyendo<\/a><\/p>\n","protected":false},"author":40,"featured_media":1776,"comment_status":"closed","ping_status":"open","sticky":false,"template":"","format":"standard","meta":{"ngg_post_thumbnail":0},"categories":[1],"tags":[],"yoast_head":"<!-- This site is optimized with the Yoast SEO plugin v21.8 - https:\/\/yoast.com\/wordpress\/plugins\/seo\/ -->\n<title>&quot;Por una Infancia Feliz&quot; - Hospital Pedi\u00e1trico &quot;Pedro Agust\u00edn P\u00e9rez&quot;<\/title>\n<meta name=\"robots\" content=\"index, follow, max-snippet:-1, max-image-preview:large, max-video-preview:-1\" \/>\n<link rel=\"canonical\" href=\"https:\/\/instituciones.gtm.sld.cu\/hppap\/por-una-infancia-feliz\/\" \/>\n<meta property=\"og:locale\" content=\"es_ES\" \/>\n<meta property=\"og:type\" content=\"article\" \/>\n<meta property=\"og:title\" content=\"&quot;Por una Infancia Feliz&quot; - Hospital Pedi\u00e1trico &quot;Pedro Agust\u00edn P\u00e9rez&quot;\" \/>\n<meta property=\"og:description\" content=\"XXX&nbsp; FORUM &nbsp;&nbsp;CIENT\u00cdFICO&nbsp; ESTUDIANTIL PEDIATR\u00cdA \/ 2019ESTUDIANTIL TEM\u00c1TICAS A PRESENTAR: 1.-Atenci\u00f3n Integral al Ni\u00f1o 2.- Calidad de&nbsp; Vida 3.- Enfermedades transmisibles 4.- Enfermedades cr\u00f3nicas&nbsp; no transmisibles 5.- Accidentes en la infancia 6.-Medicina Tradicional y Natural MODALIDADES: Tema&nbsp; libre, &nbsp;Poster,&nbsp; Power&nbsp; Point,&nbsp; Revisi\u00f3n bibliogr\u00e1fica&nbsp;&nbsp; SE&nbsp; REALIZAR\u00c1&nbsp; EL VIERNES&nbsp; 17 DE&nbsp; MAYO &nbsp;8:30 AM. Hospital&nbsp; Provincial Pedi\u00e1trico &hellip; Seguir leyendo\" \/>\n<meta property=\"og:url\" content=\"https:\/\/instituciones.gtm.sld.cu\/hppap\/por-una-infancia-feliz\/\" \/>\n<meta property=\"og:site_name\" content=\"Hospital Pedi\u00e1trico &quot;Pedro Agust\u00edn P\u00e9rez&quot;\" \/>\n<meta property=\"article:published_time\" content=\"2019-04-08T18:02:27+00:00\" \/>\n<meta property=\"og:image\" content=\"https:\/\/instituciones.gtm.sld.cu\/hppap\/wp-content\/uploads\/sites\/37\/2019\/04\/images2.jpg\" \/>\n\t<meta property=\"og:image:width\" content=\"300\" \/>\n\t<meta property=\"og:image:height\" content=\"168\" \/>\n\t<meta property=\"og:image:type\" content=\"image\/jpeg\" \/>\n<meta name=\"twitter:card\" content=\"summary_large_image\" \/>\n<meta name=\"twitter:label1\" content=\"Escrito por\" \/>\n\t<meta name=\"twitter:data1\" content=\"\" \/>\n\t<meta name=\"twitter:label2\" content=\"Tiempo de lectura\" \/>\n\t<meta name=\"twitter:data2\" content=\"1 minuto\" \/>\n<script type=\"application\/ld+json\" class=\"yoast-schema-graph\">{\"@context\":\"https:\/\/schema.org\",\"@graph\":[{\"@type\":\"Article\",\"@id\":\"https:\/\/instituciones.gtm.sld.cu\/hppap\/por-una-infancia-feliz\/#article\",\"isPartOf\":{\"@id\":\"https:\/\/instituciones.gtm.sld.cu\/hppap\/por-una-infancia-feliz\/\"},\"author\":{\"name\":\"\",\"@id\":\"\"},\"headline\":\"\u00abPor una Infancia Feliz\u00bb\",\"datePublished\":\"2019-04-08T18:02:27+00:00\",\"dateModified\":\"2019-04-08T18:02:27+00:00\",\"mainEntityOfPage\":{\"@id\":\"https:\/\/instituciones.gtm.sld.cu\/hppap\/por-una-infancia-feliz\/\"},\"wordCount\":178,\"publisher\":{\"@id\":\"https:\/\/instituciones.gtm.sld.cu\/hppap\/#organization\"},\"articleSection\":[\"Pediatr\u00eda\"],\"inLanguage\":\"es\"},{\"@type\":\"WebPage\",\"@id\":\"https:\/\/instituciones.gtm.sld.cu\/hppap\/por-una-infancia-feliz\/\",\"url\":\"https:\/\/instituciones.gtm.sld.cu\/hppap\/por-una-infancia-feliz\/\",\"name\":\"\\\"Por una Infancia Feliz\\\" - Hospital Pedi\u00e1trico &quot;Pedro Agust\u00edn P\u00e9rez&quot;\",\"isPartOf\":{\"@id\":\"https:\/\/instituciones.gtm.sld.cu\/hppap\/#website\"},\"datePublished\":\"2019-04-08T18:02:27+00:00\",\"dateModified\":\"2019-04-08T18:02:27+00:00\",\"breadcrumb\":{\"@id\":\"https:\/\/instituciones.gtm.sld.cu\/hppap\/por-una-infancia-feliz\/#breadcrumb\"},\"inLanguage\":\"es\",\"potentialAction\":[{\"@type\":\"ReadAction\",\"target\":[\"https:\/\/instituciones.gtm.sld.cu\/hppap\/por-una-infancia-feliz\/\"]}]},{\"@type\":\"BreadcrumbList\",\"@id\":\"https:\/\/instituciones.gtm.sld.cu\/hppap\/por-una-infancia-feliz\/#breadcrumb\",\"itemListElement\":[{\"@type\":\"ListItem\",\"position\":1,\"name\":\"Inicio\",\"item\":\"https:\/\/instituciones.gtm.sld.cu\/hppap\/\"},{\"@type\":\"ListItem\",\"position\":2,\"name\":\"&#8220;Por una Infancia Feliz&#8221;\"}]},{\"@type\":\"WebSite\",\"@id\":\"https:\/\/instituciones.gtm.sld.cu\/hppap\/#website\",\"url\":\"https:\/\/instituciones.gtm.sld.cu\/hppap\/\",\"name\":\"Hospital Pedi\u00e1trico \\\"Pedro Agust\u00edn P\u00e9rez\\\"\",\"description\":\"\",\"publisher\":{\"@id\":\"https:\/\/instituciones.gtm.sld.cu\/hppap\/#organization\"},\"potentialAction\":[{\"@type\":\"SearchAction\",\"target\":{\"@type\":\"EntryPoint\",\"urlTemplate\":\"https:\/\/instituciones.gtm.sld.cu\/hppap\/?s={search_term_string}\"},\"query-input\":\"required name=search_term_string\"}],\"inLanguage\":\"es\"},{\"@type\":\"Organization\",\"@id\":\"https:\/\/instituciones.gtm.sld.cu\/hppap\/#organization\",\"name\":\"Hospital Pedi\u00e1trico \\\"Pedro Agust\u00edn P\u00e9rez\\\"\",\"url\":\"https:\/\/instituciones.gtm.sld.cu\/hppap\/\",\"logo\":{\"@type\":\"ImageObject\",\"inLanguage\":\"es\",\"@id\":\"https:\/\/instituciones.gtm.sld.cu\/hppap\/#\/schema\/logo\/image\/\",\"url\":\"https:\/\/instituciones.gtm.sld.cu\/hppap\/wp-content\/uploads\/sites\/37\/2024\/05\/299145640_582996300017682_8206920265837739482_n-1.jpg\",\"contentUrl\":\"https:\/\/instituciones.gtm.sld.cu\/hppap\/wp-content\/uploads\/sites\/37\/2024\/05\/299145640_582996300017682_8206920265837739482_n-1.jpg\",\"width\":960,\"height\":479,\"caption\":\"Hospital Pedi\u00e1trico \\\"Pedro Agust\u00edn P\u00e9rez\\\"\"},\"image\":{\"@id\":\"https:\/\/instituciones.gtm.sld.cu\/hppap\/#\/schema\/logo\/image\/\"}},{\"@type\":\"Person\",\"@id\":\"\",\"url\":\"https:\/\/instituciones.gtm.sld.cu\/hppap\/author\/\"}]}<\/script>\n<!-- \/ Yoast SEO plugin. -->","yoast_head_json":{"title":"\"Por una Infancia Feliz\" - Hospital Pedi\u00e1trico &quot;Pedro Agust\u00edn P\u00e9rez&quot;","robots":{"index":"index","follow":"follow","max-snippet":"max-snippet:-1","max-image-preview":"max-image-preview:large","max-video-preview":"max-video-preview:-1"},"canonical":"https:\/\/instituciones.gtm.sld.cu\/hppap\/por-una-infancia-feliz\/","og_locale":"es_ES","og_type":"article","og_title":"\"Por una Infancia Feliz\" - Hospital Pedi\u00e1trico &quot;Pedro Agust\u00edn P\u00e9rez&quot;","og_description":"XXX&nbsp; FORUM &nbsp;&nbsp;CIENT\u00cdFICO&nbsp; ESTUDIANTIL PEDIATR\u00cdA \/ 2019ESTUDIANTIL TEM\u00c1TICAS A PRESENTAR: 1.-Atenci\u00f3n Integral al Ni\u00f1o 2.- Calidad de&nbsp; Vida 3.- Enfermedades transmisibles 4.- Enfermedades cr\u00f3nicas&nbsp; no transmisibles 5.- Accidentes en la infancia 6.-Medicina Tradicional y Natural MODALIDADES: Tema&nbsp; libre, &nbsp;Poster,&nbsp; Power&nbsp; Point,&nbsp; Revisi\u00f3n bibliogr\u00e1fica&nbsp;&nbsp; SE&nbsp; REALIZAR\u00c1&nbsp; EL VIERNES&nbsp; 17 DE&nbsp; MAYO &nbsp;8:30 AM. Hospital&nbsp; Provincial Pedi\u00e1trico &hellip; Seguir leyendo","og_url":"https:\/\/instituciones.gtm.sld.cu\/hppap\/por-una-infancia-feliz\/","og_site_name":"Hospital Pedi\u00e1trico &quot;Pedro Agust\u00edn P\u00e9rez&quot;","article_published_time":"2019-04-08T18:02:27+00:00","og_image":[{"width":300,"height":168,"url":"https:\/\/instituciones.gtm.sld.cu\/hppap\/wp-content\/uploads\/sites\/37\/2019\/04\/images2.jpg","type":"image\/jpeg"}],"twitter_card":"summary_large_image","twitter_misc":{"Escrito por":"","Tiempo de lectura":"1 minuto"},"schema":{"@context":"https:\/\/schema.org","@graph":[{"@type":"Article","@id":"https:\/\/instituciones.gtm.sld.cu\/hppap\/por-una-infancia-feliz\/#article","isPartOf":{"@id":"https:\/\/instituciones.gtm.sld.cu\/hppap\/por-una-infancia-feliz\/"},"author":{"name":"","@id":""},"headline":"\u00abPor una Infancia Feliz\u00bb","datePublished":"2019-04-08T18:02:27+00:00","dateModified":"2019-04-08T18:02:27+00:00","mainEntityOfPage":{"@id":"https:\/\/instituciones.gtm.sld.cu\/hppap\/por-una-infancia-feliz\/"},"wordCount":178,"publisher":{"@id":"https:\/\/instituciones.gtm.sld.cu\/hppap\/#organization"},"articleSection":["Pediatr\u00eda"],"inLanguage":"es"},{"@type":"WebPage","@id":"https:\/\/instituciones.gtm.sld.cu\/hppap\/por-una-infancia-feliz\/","url":"https:\/\/instituciones.gtm.sld.cu\/hppap\/por-una-infancia-feliz\/","name":"\"Por una Infancia Feliz\" - Hospital Pedi\u00e1trico &quot;Pedro Agust\u00edn P\u00e9rez&quot;","isPartOf":{"@id":"https:\/\/instituciones.gtm.sld.cu\/hppap\/#website"},"datePublished":"2019-04-08T18:02:27+00:00","dateModified":"2019-04-08T18:02:27+00:00","breadcrumb":{"@id":"https:\/\/instituciones.gtm.sld.cu\/hppap\/por-una-infancia-feliz\/#breadcrumb"},"inLanguage":"es","potentialAction":[{"@type":"ReadAction","target":["https:\/\/instituciones.gtm.sld.cu\/hppap\/por-una-infancia-feliz\/"]}]},{"@type":"BreadcrumbList","@id":"https:\/\/instituciones.gtm.sld.cu\/hppap\/por-una-infancia-feliz\/#breadcrumb","itemListElement":[{"@type":"ListItem","position":1,"name":"Inicio","item":"https:\/\/instituciones.gtm.sld.cu\/hppap\/"},{"@type":"ListItem","position":2,"name":"&#8220;Por una Infancia Feliz&#8221;"}]},{"@type":"WebSite","@id":"https:\/\/instituciones.gtm.sld.cu\/hppap\/#website","url":"https:\/\/instituciones.gtm.sld.cu\/hppap\/","name":"Hospital Pedi\u00e1trico \"Pedro Agust\u00edn P\u00e9rez\"","description":"","publisher":{"@id":"https:\/\/instituciones.gtm.sld.cu\/hppap\/#organization"},"potentialAction":[{"@type":"SearchAction","target":{"@type":"EntryPoint","urlTemplate":"https:\/\/instituciones.gtm.sld.cu\/hppap\/?s={search_term_string}"},"query-input":"required name=search_term_string"}],"inLanguage":"es"},{"@type":"Organization","@id":"https:\/\/instituciones.gtm.sld.cu\/hppap\/#organization","name":"Hospital Pedi\u00e1trico \"Pedro Agust\u00edn P\u00e9rez\"","url":"https:\/\/instituciones.gtm.sld.cu\/hppap\/","logo":{"@type":"ImageObject","inLanguage":"es","@id":"https:\/\/instituciones.gtm.sld.cu\/hppap\/#\/schema\/logo\/image\/","url":"https:\/\/instituciones.gtm.sld.cu\/hppap\/wp-content\/uploads\/sites\/37\/2024\/05\/299145640_582996300017682_8206920265837739482_n-1.jpg","contentUrl":"https:\/\/instituciones.gtm.sld.cu\/hppap\/wp-content\/uploads\/sites\/37\/2024\/05\/299145640_582996300017682_8206920265837739482_n-1.jpg","width":960,"height":479,"caption":"Hospital Pedi\u00e1trico \"Pedro Agust\u00edn P\u00e9rez\""},"image":{"@id":"https:\/\/instituciones.gtm.sld.cu\/hppap\/#\/schema\/logo\/image\/"}},{"@type":"Person","@id":"","url":"https:\/\/instituciones.gtm.sld.cu\/hppap\/author\/"}]}},"jetpack_featured_media_url":"https:\/\/instituciones.gtm.sld.cu\/hppap\/wp-content\/uploads\/sites\/37\/2019\/04\/images2.jpg","_links":{"self":[{"href":"https:\/\/instituciones.gtm.sld.cu\/hppap\/wp-json\/wp\/v2\/posts\/1773"}],"collection":[{"href":"https:\/\/instituciones.gtm.sld.cu\/hppap\/wp-json\/wp\/v2\/posts"}],"about":[{"href":"https:\/\/instituciones.gtm.sld.cu\/hppap\/wp-json\/wp\/v2\/types\/post"}],"author":[{"embeddable":true,"href":"https:\/\/instituciones.gtm.sld.cu\/hppap\/wp-json\/wp\/v2\/users\/40"}],"replies":[{"embeddable":true,"href":"https:\/\/instituciones.gtm.sld.cu\/hppap\/wp-json\/wp\/v2\/comments?post=1773"}],"version-history":[{"count":0,"href":"https:\/\/instituciones.gtm.sld.cu\/hppap\/wp-json\/wp\/v2\/posts\/1773\/revisions"}],"wp:featuredmedia":[{"embeddable":true,"href":"https:\/\/instituciones.gtm.sld.cu\/hppap\/wp-json\/wp\/v2\/media\/1776"}],"wp:attachment":[{"href":"https:\/\/instituciones.gtm.sld.cu\/hppap\/wp-json\/wp\/v2\/media?parent=1773"}],"wp:term":[{"taxonomy":"category","embeddable":true,"href":"https:\/\/instituciones.gtm.sld.cu\/hppap\/wp-json\/wp\/v2\/categories?post=1773"},{"taxonomy":"post_tag","embeddable":true,"href":"https:\/\/instituciones.gtm.sld.cu\/hppap\/wp-json\/wp\/v2\/tags?post=1773"}],"curies":[{"name":"wp","href":"https:\/\/api.w.org\/{rel}","templated":true}]}}