{"id":1942,"date":"2019-07-24T18:28:16","date_gmt":"2019-07-24T18:28:16","guid":{"rendered":"https:\/\/instituciones.gtm.sld.cu\/hppap\/?p=1942"},"modified":"2019-07-24T18:28:16","modified_gmt":"2019-07-24T18:28:16","slug":"por-un-26-de-julio-mas-unido","status":"publish","type":"post","link":"https:\/\/instituciones.gtm.sld.cu\/hppap\/por-un-26-de-julio-mas-unido\/","title":{"rendered":"Por un 26 de Julio  m\u00e1s unido"},"content":{"rendered":"\n<p> El Movimiento 26 de Julio (M-26-7) fue una organizaci\u00f3n pol\u00edtica y  militar cubana creada en 1953 liderado por nuestro Comandante en Jefe  Fidel Castro Ruz que atac\u00f3 los cuarteles del ej\u00e9rcito en Santiago de  Cuba con el fin de dar inicio a la lucha armada para derrocar al  dictador Fulgencio Batista. Ten\u00eda una ideolog\u00eda nacionalista y comunista  fundada bajo las ideas de Jos\u00e9 Mart\u00ed. En conmemoraci\u00f3n a este d\u00eda el Hopsital Pedi\u00e1trico Pedro Agust\u00edn P\u00e9rez  realiz\u00f3 un matutino especial  para rendir homenaje a los ca\u00eddos en este d\u00eda. <\/p>\n","protected":false},"excerpt":{"rendered":"<p>El Movimiento 26 de Julio (M-26-7) fue una organizaci\u00f3n pol\u00edtica y militar cubana creada en 1953 liderado por nuestro Comandante en Jefe Fidel Castro Ruz que atac\u00f3 los cuarteles del ej\u00e9rcito en Santiago de Cuba con el fin de dar inicio a la lucha armada para derrocar al dictador Fulgencio Batista. Ten\u00eda una ideolog\u00eda nacionalista &hellip; <\/p>\n<p><a class=\"more-link btn\" href=\"https:\/\/instituciones.gtm.sld.cu\/hppap\/por-un-26-de-julio-mas-unido\/\">Seguir leyendo<\/a><\/p>\n","protected":false},"author":40,"featured_media":1943,"comment_status":"closed","ping_status":"open","sticky":false,"template":"","format":"standard","meta":{"ngg_post_thumbnail":0},"categories":[1],"tags":[],"yoast_head":"<!-- This site is optimized with the Yoast SEO plugin v21.8 - https:\/\/yoast.com\/wordpress\/plugins\/seo\/ -->\n<title>Por un 26 de Julio m\u00e1s unido - Hospital Pedi\u00e1trico &quot;Pedro Agust\u00edn P\u00e9rez&quot;<\/title>\n<meta name=\"robots\" content=\"index, follow, max-snippet:-1, max-image-preview:large, max-video-preview:-1\" \/>\n<link rel=\"canonical\" href=\"https:\/\/instituciones.gtm.sld.cu\/hppap\/por-un-26-de-julio-mas-unido\/\" \/>\n<meta property=\"og:locale\" content=\"es_ES\" \/>\n<meta property=\"og:type\" content=\"article\" \/>\n<meta property=\"og:title\" content=\"Por un 26 de Julio m\u00e1s unido - Hospital Pedi\u00e1trico &quot;Pedro Agust\u00edn P\u00e9rez&quot;\" \/>\n<meta property=\"og:description\" content=\"El Movimiento 26 de Julio (M-26-7) fue una organizaci\u00f3n pol\u00edtica y militar cubana creada en 1953 liderado por nuestro Comandante en Jefe Fidel Castro Ruz que atac\u00f3 los cuarteles del ej\u00e9rcito en Santiago de Cuba con el fin de dar inicio a la lucha armada para derrocar al dictador Fulgencio Batista. Ten\u00eda una ideolog\u00eda nacionalista &hellip; Seguir leyendo\" \/>\n<meta property=\"og:url\" content=\"https:\/\/instituciones.gtm.sld.cu\/hppap\/por-un-26-de-julio-mas-unido\/\" \/>\n<meta property=\"og:site_name\" content=\"Hospital Pedi\u00e1trico &quot;Pedro Agust\u00edn P\u00e9rez&quot;\" \/>\n<meta property=\"article:published_time\" content=\"2019-07-24T18:28:16+00:00\" \/>\n<meta property=\"og:image\" content=\"https:\/\/instituciones.gtm.sld.cu\/hppap\/wp-content\/uploads\/sites\/37\/2019\/07\/67441932_130993711458357_4977511060455030784_n.jpg\" \/>\n\t<meta property=\"og:image:width\" content=\"960\" \/>\n\t<meta property=\"og:image:height\" content=\"720\" \/>\n\t<meta property=\"og:image:type\" content=\"image\/jpeg\" \/>\n<meta name=\"twitter:card\" content=\"summary_large_image\" \/>\n<meta name=\"twitter:label1\" content=\"Escrito por\" \/>\n\t<meta name=\"twitter:data1\" content=\"\" \/>\n<script type=\"application\/ld+json\" class=\"yoast-schema-graph\">{\"@context\":\"https:\/\/schema.org\",\"@graph\":[{\"@type\":\"Article\",\"@id\":\"https:\/\/instituciones.gtm.sld.cu\/hppap\/por-un-26-de-julio-mas-unido\/#article\",\"isPartOf\":{\"@id\":\"https:\/\/instituciones.gtm.sld.cu\/hppap\/por-un-26-de-julio-mas-unido\/\"},\"author\":{\"name\":\"\",\"@id\":\"\"},\"headline\":\"Por un 26 de Julio m\u00e1s unido\",\"datePublished\":\"2019-07-24T18:28:16+00:00\",\"dateModified\":\"2019-07-24T18:28:16+00:00\",\"mainEntityOfPage\":{\"@id\":\"https:\/\/instituciones.gtm.sld.cu\/hppap\/por-un-26-de-julio-mas-unido\/\"},\"wordCount\":106,\"publisher\":{\"@id\":\"https:\/\/instituciones.gtm.sld.cu\/hppap\/#organization\"},\"articleSection\":[\"Pediatr\u00eda\"],\"inLanguage\":\"es\"},{\"@type\":\"WebPage\",\"@id\":\"https:\/\/instituciones.gtm.sld.cu\/hppap\/por-un-26-de-julio-mas-unido\/\",\"url\":\"https:\/\/instituciones.gtm.sld.cu\/hppap\/por-un-26-de-julio-mas-unido\/\",\"name\":\"Por un 26 de Julio m\u00e1s unido - Hospital Pedi\u00e1trico &quot;Pedro Agust\u00edn P\u00e9rez&quot;\",\"isPartOf\":{\"@id\":\"https:\/\/instituciones.gtm.sld.cu\/hppap\/#website\"},\"datePublished\":\"2019-07-24T18:28:16+00:00\",\"dateModified\":\"2019-07-24T18:28:16+00:00\",\"breadcrumb\":{\"@id\":\"https:\/\/instituciones.gtm.sld.cu\/hppap\/por-un-26-de-julio-mas-unido\/#breadcrumb\"},\"inLanguage\":\"es\",\"potentialAction\":[{\"@type\":\"ReadAction\",\"target\":[\"https:\/\/instituciones.gtm.sld.cu\/hppap\/por-un-26-de-julio-mas-unido\/\"]}]},{\"@type\":\"BreadcrumbList\",\"@id\":\"https:\/\/instituciones.gtm.sld.cu\/hppap\/por-un-26-de-julio-mas-unido\/#breadcrumb\",\"itemListElement\":[{\"@type\":\"ListItem\",\"position\":1,\"name\":\"Inicio\",\"item\":\"https:\/\/instituciones.gtm.sld.cu\/hppap\/\"},{\"@type\":\"ListItem\",\"position\":2,\"name\":\"Por un 26 de Julio m\u00e1s unido\"}]},{\"@type\":\"WebSite\",\"@id\":\"https:\/\/instituciones.gtm.sld.cu\/hppap\/#website\",\"url\":\"https:\/\/instituciones.gtm.sld.cu\/hppap\/\",\"name\":\"Hospital Pedi\u00e1trico \\\"Pedro Agust\u00edn P\u00e9rez\\\"\",\"description\":\"\",\"publisher\":{\"@id\":\"https:\/\/instituciones.gtm.sld.cu\/hppap\/#organization\"},\"potentialAction\":[{\"@type\":\"SearchAction\",\"target\":{\"@type\":\"EntryPoint\",\"urlTemplate\":\"https:\/\/instituciones.gtm.sld.cu\/hppap\/?s={search_term_string}\"},\"query-input\":\"required name=search_term_string\"}],\"inLanguage\":\"es\"},{\"@type\":\"Organization\",\"@id\":\"https:\/\/instituciones.gtm.sld.cu\/hppap\/#organization\",\"name\":\"Hospital Pedi\u00e1trico \\\"Pedro Agust\u00edn P\u00e9rez\\\"\",\"url\":\"https:\/\/instituciones.gtm.sld.cu\/hppap\/\",\"logo\":{\"@type\":\"ImageObject\",\"inLanguage\":\"es\",\"@id\":\"https:\/\/instituciones.gtm.sld.cu\/hppap\/#\/schema\/logo\/image\/\",\"url\":\"https:\/\/instituciones.gtm.sld.cu\/hppap\/wp-content\/uploads\/sites\/37\/2024\/05\/299145640_582996300017682_8206920265837739482_n-1.jpg\",\"contentUrl\":\"https:\/\/instituciones.gtm.sld.cu\/hppap\/wp-content\/uploads\/sites\/37\/2024\/05\/299145640_582996300017682_8206920265837739482_n-1.jpg\",\"width\":960,\"height\":479,\"caption\":\"Hospital Pedi\u00e1trico \\\"Pedro Agust\u00edn P\u00e9rez\\\"\"},\"image\":{\"@id\":\"https:\/\/instituciones.gtm.sld.cu\/hppap\/#\/schema\/logo\/image\/\"}},{\"@type\":\"Person\",\"@id\":\"\",\"url\":\"https:\/\/instituciones.gtm.sld.cu\/hppap\/author\/\"}]}<\/script>\n<!-- \/ Yoast SEO plugin. -->","yoast_head_json":{"title":"Por un 26 de Julio m\u00e1s unido - Hospital Pedi\u00e1trico &quot;Pedro Agust\u00edn P\u00e9rez&quot;","robots":{"index":"index","follow":"follow","max-snippet":"max-snippet:-1","max-image-preview":"max-image-preview:large","max-video-preview":"max-video-preview:-1"},"canonical":"https:\/\/instituciones.gtm.sld.cu\/hppap\/por-un-26-de-julio-mas-unido\/","og_locale":"es_ES","og_type":"article","og_title":"Por un 26 de Julio m\u00e1s unido - Hospital Pedi\u00e1trico &quot;Pedro Agust\u00edn P\u00e9rez&quot;","og_description":"El Movimiento 26 de Julio (M-26-7) fue una organizaci\u00f3n pol\u00edtica y militar cubana creada en 1953 liderado por nuestro Comandante en Jefe Fidel Castro Ruz que atac\u00f3 los cuarteles del ej\u00e9rcito en Santiago de Cuba con el fin de dar inicio a la lucha armada para derrocar al dictador Fulgencio Batista. Ten\u00eda una ideolog\u00eda nacionalista &hellip; Seguir leyendo","og_url":"https:\/\/instituciones.gtm.sld.cu\/hppap\/por-un-26-de-julio-mas-unido\/","og_site_name":"Hospital Pedi\u00e1trico &quot;Pedro Agust\u00edn P\u00e9rez&quot;","article_published_time":"2019-07-24T18:28:16+00:00","og_image":[{"width":960,"height":720,"url":"https:\/\/instituciones.gtm.sld.cu\/hppap\/wp-content\/uploads\/sites\/37\/2019\/07\/67441932_130993711458357_4977511060455030784_n.jpg","type":"image\/jpeg"}],"twitter_card":"summary_large_image","twitter_misc":{"Escrito por":""},"schema":{"@context":"https:\/\/schema.org","@graph":[{"@type":"Article","@id":"https:\/\/instituciones.gtm.sld.cu\/hppap\/por-un-26-de-julio-mas-unido\/#article","isPartOf":{"@id":"https:\/\/instituciones.gtm.sld.cu\/hppap\/por-un-26-de-julio-mas-unido\/"},"author":{"name":"","@id":""},"headline":"Por un 26 de Julio m\u00e1s unido","datePublished":"2019-07-24T18:28:16+00:00","dateModified":"2019-07-24T18:28:16+00:00","mainEntityOfPage":{"@id":"https:\/\/instituciones.gtm.sld.cu\/hppap\/por-un-26-de-julio-mas-unido\/"},"wordCount":106,"publisher":{"@id":"https:\/\/instituciones.gtm.sld.cu\/hppap\/#organization"},"articleSection":["Pediatr\u00eda"],"inLanguage":"es"},{"@type":"WebPage","@id":"https:\/\/instituciones.gtm.sld.cu\/hppap\/por-un-26-de-julio-mas-unido\/","url":"https:\/\/instituciones.gtm.sld.cu\/hppap\/por-un-26-de-julio-mas-unido\/","name":"Por un 26 de Julio m\u00e1s unido - Hospital Pedi\u00e1trico &quot;Pedro Agust\u00edn P\u00e9rez&quot;","isPartOf":{"@id":"https:\/\/instituciones.gtm.sld.cu\/hppap\/#website"},"datePublished":"2019-07-24T18:28:16+00:00","dateModified":"2019-07-24T18:28:16+00:00","breadcrumb":{"@id":"https:\/\/instituciones.gtm.sld.cu\/hppap\/por-un-26-de-julio-mas-unido\/#breadcrumb"},"inLanguage":"es","potentialAction":[{"@type":"ReadAction","target":["https:\/\/instituciones.gtm.sld.cu\/hppap\/por-un-26-de-julio-mas-unido\/"]}]},{"@type":"BreadcrumbList","@id":"https:\/\/instituciones.gtm.sld.cu\/hppap\/por-un-26-de-julio-mas-unido\/#breadcrumb","itemListElement":[{"@type":"ListItem","position":1,"name":"Inicio","item":"https:\/\/instituciones.gtm.sld.cu\/hppap\/"},{"@type":"ListItem","position":2,"name":"Por un 26 de Julio m\u00e1s unido"}]},{"@type":"WebSite","@id":"https:\/\/instituciones.gtm.sld.cu\/hppap\/#website","url":"https:\/\/instituciones.gtm.sld.cu\/hppap\/","name":"Hospital Pedi\u00e1trico \"Pedro Agust\u00edn P\u00e9rez\"","description":"","publisher":{"@id":"https:\/\/instituciones.gtm.sld.cu\/hppap\/#organization"},"potentialAction":[{"@type":"SearchAction","target":{"@type":"EntryPoint","urlTemplate":"https:\/\/instituciones.gtm.sld.cu\/hppap\/?s={search_term_string}"},"query-input":"required name=search_term_string"}],"inLanguage":"es"},{"@type":"Organization","@id":"https:\/\/instituciones.gtm.sld.cu\/hppap\/#organization","name":"Hospital Pedi\u00e1trico \"Pedro Agust\u00edn P\u00e9rez\"","url":"https:\/\/instituciones.gtm.sld.cu\/hppap\/","logo":{"@type":"ImageObject","inLanguage":"es","@id":"https:\/\/instituciones.gtm.sld.cu\/hppap\/#\/schema\/logo\/image\/","url":"https:\/\/instituciones.gtm.sld.cu\/hppap\/wp-content\/uploads\/sites\/37\/2024\/05\/299145640_582996300017682_8206920265837739482_n-1.jpg","contentUrl":"https:\/\/instituciones.gtm.sld.cu\/hppap\/wp-content\/uploads\/sites\/37\/2024\/05\/299145640_582996300017682_8206920265837739482_n-1.jpg","width":960,"height":479,"caption":"Hospital Pedi\u00e1trico \"Pedro Agust\u00edn P\u00e9rez\""},"image":{"@id":"https:\/\/instituciones.gtm.sld.cu\/hppap\/#\/schema\/logo\/image\/"}},{"@type":"Person","@id":"","url":"https:\/\/instituciones.gtm.sld.cu\/hppap\/author\/"}]}},"jetpack_featured_media_url":"https:\/\/instituciones.gtm.sld.cu\/hppap\/wp-content\/uploads\/sites\/37\/2019\/07\/67441932_130993711458357_4977511060455030784_n.jpg","_links":{"self":[{"href":"https:\/\/instituciones.gtm.sld.cu\/hppap\/wp-json\/wp\/v2\/posts\/1942"}],"collection":[{"href":"https:\/\/instituciones.gtm.sld.cu\/hppap\/wp-json\/wp\/v2\/posts"}],"about":[{"href":"https:\/\/instituciones.gtm.sld.cu\/hppap\/wp-json\/wp\/v2\/types\/post"}],"author":[{"embeddable":true,"href":"https:\/\/instituciones.gtm.sld.cu\/hppap\/wp-json\/wp\/v2\/users\/40"}],"replies":[{"embeddable":true,"href":"https:\/\/instituciones.gtm.sld.cu\/hppap\/wp-json\/wp\/v2\/comments?post=1942"}],"version-history":[{"count":0,"href":"https:\/\/instituciones.gtm.sld.cu\/hppap\/wp-json\/wp\/v2\/posts\/1942\/revisions"}],"wp:featuredmedia":[{"embeddable":true,"href":"https:\/\/instituciones.gtm.sld.cu\/hppap\/wp-json\/wp\/v2\/media\/1943"}],"wp:attachment":[{"href":"https:\/\/instituciones.gtm.sld.cu\/hppap\/wp-json\/wp\/v2\/media?parent=1942"}],"wp:term":[{"taxonomy":"category","embeddable":true,"href":"https:\/\/instituciones.gtm.sld.cu\/hppap\/wp-json\/wp\/v2\/categories?post=1942"},{"taxonomy":"post_tag","embeddable":true,"href":"https:\/\/instituciones.gtm.sld.cu\/hppap\/wp-json\/wp\/v2\/tags?post=1942"}],"curies":[{"name":"wp","href":"https:\/\/api.w.org\/{rel}","templated":true}]}}