{"id":2093,"date":"2019-11-06T16:03:40","date_gmt":"2019-11-06T16:03:40","guid":{"rendered":"https:\/\/instituciones.gtm.sld.cu\/hppap\/?p=2093"},"modified":"2019-11-06T16:36:51","modified_gmt":"2019-11-06T16:36:51","slug":"aniversario-101-del-hospital-pediatrico-pedro-agustin-perez","status":"publish","type":"post","link":"https:\/\/instituciones.gtm.sld.cu\/hppap\/aniversario-101-del-hospital-pediatrico-pedro-agustin-perez\/","title":{"rendered":"Aniversario 101 del Hospital Pedi\u00e1trico Pedro Agust\u00edn P\u00e9rez."},"content":{"rendered":"\n<p>Hoy es un d\u00eda de celebraci\u00f3n para cada trabajador de nuestro centro y para cada familia guant\u00e1namera, ya que estamos celebrendo el 101 Aniversario de la creaci\u00f3n del Hospital Pedro Agust\u00edn P\u00e9rez.<\/p>\n\n\n\n<figure class=\"wp-block-image is-resized\"><img fetchpriority=\"high\" decoding=\"async\" src=\"https:\/\/instituciones.gtm.sld.cu\/hppap\/wp-content\/uploads\/sites\/37\/2019\/11\/IMG_20191106_082558-1024x759.jpg\" alt=\"\" class=\"wp-image-2094\" width=\"563\" height=\"416\" srcset=\"https:\/\/instituciones.gtm.sld.cu\/hppap\/wp-content\/uploads\/sites\/37\/2019\/11\/IMG_20191106_082558-1024x759.jpg 1024w, https:\/\/instituciones.gtm.sld.cu\/hppap\/wp-content\/uploads\/sites\/37\/2019\/11\/IMG_20191106_082558-300x222.jpg 300w, https:\/\/instituciones.gtm.sld.cu\/hppap\/wp-content\/uploads\/sites\/37\/2019\/11\/IMG_20191106_082558-768x569.jpg 768w\" sizes=\"(max-width: 563px) 100vw, 563px\" \/><figcaption>Matutino Especial por Aniversario 101 del Hospital Pedro A. P\u00e9rez<\/figcaption><\/figure>\n\n\n\n<p>Se realiz\u00f3 un matutino especial que fue presidido por miembros  del Consejo de Direcci\u00f3n del centro junto a miembros de la Direcci\u00f3n Provincial de Salud. <\/p>\n\n\n\n<p><strong><em> \u201cSi los j\u00f3venes fallan, todo fallar\u00e1.\u00a0 Es mi m\u00e1s profunda convicci\u00f3n que  la juventud cubana luchar\u00e1 por impedirlo.\u00a0 Creo en ustedes\u201d. <\/em><\/strong>Con esta frase de nuestro invicto <strong><em>Comandante Fidel Castro Ruz <\/em><\/strong>se hace entrega de reconocimiento a las secciones sindicales cumplidoras con el aporte a la Patria y la cuota sindical del a\u00f1o, ellos son: Departamento de Enfermer\u00eda, Cuerpo de Guardia, Servicio de Ortopedia, Servicio de Terapia Intermedia, Departamento Farmacia y Central de Esterilizaci\u00f3n.  <\/p>\n\n\n\n<figure class=\"wp-block-image is-resized\"><img decoding=\"async\" src=\"https:\/\/instituciones.gtm.sld.cu\/hppap\/wp-content\/uploads\/sites\/37\/2019\/11\/IMG_20191106_082738-1024x759.jpg\" alt=\"\" class=\"wp-image-2095\" width=\"549\" height=\"406\" srcset=\"https:\/\/instituciones.gtm.sld.cu\/hppap\/wp-content\/uploads\/sites\/37\/2019\/11\/IMG_20191106_082738-1024x759.jpg 1024w, https:\/\/instituciones.gtm.sld.cu\/hppap\/wp-content\/uploads\/sites\/37\/2019\/11\/IMG_20191106_082738-300x222.jpg 300w, https:\/\/instituciones.gtm.sld.cu\/hppap\/wp-content\/uploads\/sites\/37\/2019\/11\/IMG_20191106_082738-768x569.jpg 768w\" sizes=\"(max-width: 549px) 100vw, 549px\" \/><figcaption>Entrega de Reconocimientos por su aporte a la Patria y cuota sindical.<\/figcaption><\/figure>\n\n\n\n<p>Tambi\u00e9n se hace entrega de reconocimiento a la Subdirectora de Aseguramientos M\u00e9dicos la Dra. Sara Janet Sim\u00f3n Preval por su dedicada colaboraci\u00f3n en las tareas sindicales.<\/p>\n\n\n\n<figure class=\"wp-block-image is-resized\"><img decoding=\"async\" src=\"https:\/\/instituciones.gtm.sld.cu\/hppap\/wp-content\/uploads\/sites\/37\/2019\/11\/sara-janett-563x1024.jpg\" alt=\"\" class=\"wp-image-2105\" width=\"337\" height=\"613\" srcset=\"https:\/\/instituciones.gtm.sld.cu\/hppap\/wp-content\/uploads\/sites\/37\/2019\/11\/sara-janett-563x1024.jpg 563w, https:\/\/instituciones.gtm.sld.cu\/hppap\/wp-content\/uploads\/sites\/37\/2019\/11\/sara-janett-165x300.jpg 165w, https:\/\/instituciones.gtm.sld.cu\/hppap\/wp-content\/uploads\/sites\/37\/2019\/11\/sara-janett.jpg 564w\" sizes=\"(max-width: 337px) 100vw, 337px\" \/><figcaption>Dra. Sara Janet Sim\u00f3n Preval<\/figcaption><\/figure>\n","protected":false},"excerpt":{"rendered":"<p>Hoy es un d\u00eda de celebraci\u00f3n para cada trabajador de nuestro centro y para cada familia guant\u00e1namera, ya que estamos celebrendo el 101 Aniversario de la creaci\u00f3n del Hospital Pedro Agust\u00edn P\u00e9rez. Se realiz\u00f3 un matutino especial que fue presidido por miembros del Consejo de Direcci\u00f3n del centro junto a miembros de la Direcci\u00f3n Provincial &hellip; <\/p>\n<p><a class=\"more-link btn\" href=\"https:\/\/instituciones.gtm.sld.cu\/hppap\/aniversario-101-del-hospital-pediatrico-pedro-agustin-perez\/\">Seguir leyendo<\/a><\/p>\n","protected":false},"author":18,"featured_media":2102,"comment_status":"open","ping_status":"open","sticky":false,"template":"","format":"standard","meta":{"ngg_post_thumbnail":0},"categories":[5],"tags":[],"yoast_head":"<!-- This site is optimized with the Yoast SEO plugin v21.8 - https:\/\/yoast.com\/wordpress\/plugins\/seo\/ -->\n<title>Aniversario 101 del Hospital Pedi\u00e1trico Pedro Agust\u00edn P\u00e9rez. - Hospital Pedi\u00e1trico &quot;Pedro Agust\u00edn P\u00e9rez&quot;<\/title>\n<meta name=\"robots\" content=\"index, follow, max-snippet:-1, max-image-preview:large, max-video-preview:-1\" \/>\n<link rel=\"canonical\" href=\"https:\/\/instituciones.gtm.sld.cu\/hppap\/aniversario-101-del-hospital-pediatrico-pedro-agustin-perez\/\" \/>\n<meta property=\"og:locale\" content=\"es_ES\" \/>\n<meta property=\"og:type\" content=\"article\" \/>\n<meta property=\"og:title\" content=\"Aniversario 101 del Hospital Pedi\u00e1trico Pedro Agust\u00edn P\u00e9rez. - Hospital Pedi\u00e1trico &quot;Pedro Agust\u00edn P\u00e9rez&quot;\" \/>\n<meta property=\"og:description\" content=\"Hoy es un d\u00eda de celebraci\u00f3n para cada trabajador de nuestro centro y para cada familia guant\u00e1namera, ya que estamos celebrendo el 101 Aniversario de la creaci\u00f3n del Hospital Pedro Agust\u00edn P\u00e9rez. Se realiz\u00f3 un matutino especial que fue presidido por miembros del Consejo de Direcci\u00f3n del centro junto a miembros de la Direcci\u00f3n Provincial &hellip; Seguir leyendo\" \/>\n<meta property=\"og:url\" content=\"https:\/\/instituciones.gtm.sld.cu\/hppap\/aniversario-101-del-hospital-pediatrico-pedro-agustin-perez\/\" \/>\n<meta property=\"og:site_name\" content=\"Hospital Pedi\u00e1trico &quot;Pedro Agust\u00edn P\u00e9rez&quot;\" \/>\n<meta property=\"article:published_time\" content=\"2019-11-06T16:03:40+00:00\" \/>\n<meta property=\"article:modified_time\" content=\"2019-11-06T16:36:51+00:00\" \/>\n<meta property=\"og:image\" content=\"https:\/\/instituciones.gtm.sld.cu\/hppap\/wp-content\/uploads\/sites\/37\/2019\/11\/11fondo-1279x1200-e1573056506324-300x158.png\" \/>\n\t<meta property=\"og:image:width\" content=\"86\" \/>\n\t<meta property=\"og:image:height\" content=\"84\" \/>\n\t<meta property=\"og:image:type\" content=\"image\/png\" \/>\n<meta name=\"twitter:card\" content=\"summary_large_image\" \/>\n<meta name=\"twitter:label1\" content=\"Escrito por\" \/>\n\t<meta name=\"twitter:data1\" content=\"\" \/>\n\t<meta name=\"twitter:label2\" content=\"Tiempo de lectura\" \/>\n\t<meta name=\"twitter:data2\" content=\"1 minuto\" \/>\n<script type=\"application\/ld+json\" class=\"yoast-schema-graph\">{\"@context\":\"https:\/\/schema.org\",\"@graph\":[{\"@type\":\"Article\",\"@id\":\"https:\/\/instituciones.gtm.sld.cu\/hppap\/aniversario-101-del-hospital-pediatrico-pedro-agustin-perez\/#article\",\"isPartOf\":{\"@id\":\"https:\/\/instituciones.gtm.sld.cu\/hppap\/aniversario-101-del-hospital-pediatrico-pedro-agustin-perez\/\"},\"author\":{\"name\":\"\",\"@id\":\"\"},\"headline\":\"Aniversario 101 del Hospital Pedi\u00e1trico Pedro Agust\u00edn P\u00e9rez.\",\"datePublished\":\"2019-11-06T16:03:40+00:00\",\"dateModified\":\"2019-11-06T16:36:51+00:00\",\"mainEntityOfPage\":{\"@id\":\"https:\/\/instituciones.gtm.sld.cu\/hppap\/aniversario-101-del-hospital-pediatrico-pedro-agustin-perez\/\"},\"wordCount\":212,\"commentCount\":0,\"publisher\":{\"@id\":\"https:\/\/instituciones.gtm.sld.cu\/hppap\/#organization\"},\"articleSection\":[\"Noticias\"],\"inLanguage\":\"es\",\"potentialAction\":[{\"@type\":\"CommentAction\",\"name\":\"Comment\",\"target\":[\"https:\/\/instituciones.gtm.sld.cu\/hppap\/aniversario-101-del-hospital-pediatrico-pedro-agustin-perez\/#respond\"]}]},{\"@type\":\"WebPage\",\"@id\":\"https:\/\/instituciones.gtm.sld.cu\/hppap\/aniversario-101-del-hospital-pediatrico-pedro-agustin-perez\/\",\"url\":\"https:\/\/instituciones.gtm.sld.cu\/hppap\/aniversario-101-del-hospital-pediatrico-pedro-agustin-perez\/\",\"name\":\"Aniversario 101 del Hospital Pedi\u00e1trico Pedro Agust\u00edn P\u00e9rez. - Hospital Pedi\u00e1trico &quot;Pedro Agust\u00edn P\u00e9rez&quot;\",\"isPartOf\":{\"@id\":\"https:\/\/instituciones.gtm.sld.cu\/hppap\/#website\"},\"datePublished\":\"2019-11-06T16:03:40+00:00\",\"dateModified\":\"2019-11-06T16:36:51+00:00\",\"breadcrumb\":{\"@id\":\"https:\/\/instituciones.gtm.sld.cu\/hppap\/aniversario-101-del-hospital-pediatrico-pedro-agustin-perez\/#breadcrumb\"},\"inLanguage\":\"es\",\"potentialAction\":[{\"@type\":\"ReadAction\",\"target\":[\"https:\/\/instituciones.gtm.sld.cu\/hppap\/aniversario-101-del-hospital-pediatrico-pedro-agustin-perez\/\"]}]},{\"@type\":\"BreadcrumbList\",\"@id\":\"https:\/\/instituciones.gtm.sld.cu\/hppap\/aniversario-101-del-hospital-pediatrico-pedro-agustin-perez\/#breadcrumb\",\"itemListElement\":[{\"@type\":\"ListItem\",\"position\":1,\"name\":\"Inicio\",\"item\":\"https:\/\/instituciones.gtm.sld.cu\/hppap\/\"},{\"@type\":\"ListItem\",\"position\":2,\"name\":\"Aniversario 101 del Hospital Pedi\u00e1trico Pedro Agust\u00edn P\u00e9rez.\"}]},{\"@type\":\"WebSite\",\"@id\":\"https:\/\/instituciones.gtm.sld.cu\/hppap\/#website\",\"url\":\"https:\/\/instituciones.gtm.sld.cu\/hppap\/\",\"name\":\"Hospital Pedi\u00e1trico \\\"Pedro Agust\u00edn P\u00e9rez\\\"\",\"description\":\"\",\"publisher\":{\"@id\":\"https:\/\/instituciones.gtm.sld.cu\/hppap\/#organization\"},\"potentialAction\":[{\"@type\":\"SearchAction\",\"target\":{\"@type\":\"EntryPoint\",\"urlTemplate\":\"https:\/\/instituciones.gtm.sld.cu\/hppap\/?s={search_term_string}\"},\"query-input\":\"required name=search_term_string\"}],\"inLanguage\":\"es\"},{\"@type\":\"Organization\",\"@id\":\"https:\/\/instituciones.gtm.sld.cu\/hppap\/#organization\",\"name\":\"Hospital Pedi\u00e1trico \\\"Pedro Agust\u00edn P\u00e9rez\\\"\",\"url\":\"https:\/\/instituciones.gtm.sld.cu\/hppap\/\",\"logo\":{\"@type\":\"ImageObject\",\"inLanguage\":\"es\",\"@id\":\"https:\/\/instituciones.gtm.sld.cu\/hppap\/#\/schema\/logo\/image\/\",\"url\":\"https:\/\/instituciones.gtm.sld.cu\/hppap\/wp-content\/uploads\/sites\/37\/2024\/05\/299145640_582996300017682_8206920265837739482_n-1.jpg\",\"contentUrl\":\"https:\/\/instituciones.gtm.sld.cu\/hppap\/wp-content\/uploads\/sites\/37\/2024\/05\/299145640_582996300017682_8206920265837739482_n-1.jpg\",\"width\":960,\"height\":479,\"caption\":\"Hospital Pedi\u00e1trico \\\"Pedro Agust\u00edn P\u00e9rez\\\"\"},\"image\":{\"@id\":\"https:\/\/instituciones.gtm.sld.cu\/hppap\/#\/schema\/logo\/image\/\"}},{\"@type\":\"Person\",\"@id\":\"\",\"url\":\"https:\/\/instituciones.gtm.sld.cu\/hppap\/author\/\"}]}<\/script>\n<!-- \/ Yoast SEO plugin. -->","yoast_head_json":{"title":"Aniversario 101 del Hospital Pedi\u00e1trico Pedro Agust\u00edn P\u00e9rez. - Hospital Pedi\u00e1trico &quot;Pedro Agust\u00edn P\u00e9rez&quot;","robots":{"index":"index","follow":"follow","max-snippet":"max-snippet:-1","max-image-preview":"max-image-preview:large","max-video-preview":"max-video-preview:-1"},"canonical":"https:\/\/instituciones.gtm.sld.cu\/hppap\/aniversario-101-del-hospital-pediatrico-pedro-agustin-perez\/","og_locale":"es_ES","og_type":"article","og_title":"Aniversario 101 del Hospital Pedi\u00e1trico Pedro Agust\u00edn P\u00e9rez. - Hospital Pedi\u00e1trico &quot;Pedro Agust\u00edn P\u00e9rez&quot;","og_description":"Hoy es un d\u00eda de celebraci\u00f3n para cada trabajador de nuestro centro y para cada familia guant\u00e1namera, ya que estamos celebrendo el 101 Aniversario de la creaci\u00f3n del Hospital Pedro Agust\u00edn P\u00e9rez. Se realiz\u00f3 un matutino especial que fue presidido por miembros del Consejo de Direcci\u00f3n del centro junto a miembros de la Direcci\u00f3n Provincial &hellip; Seguir leyendo","og_url":"https:\/\/instituciones.gtm.sld.cu\/hppap\/aniversario-101-del-hospital-pediatrico-pedro-agustin-perez\/","og_site_name":"Hospital Pedi\u00e1trico &quot;Pedro Agust\u00edn P\u00e9rez&quot;","article_published_time":"2019-11-06T16:03:40+00:00","article_modified_time":"2019-11-06T16:36:51+00:00","og_image":[{"width":86,"height":84,"url":"https:\/\/instituciones.gtm.sld.cu\/hppap\/wp-content\/uploads\/sites\/37\/2019\/11\/11fondo-1279x1200-e1573056506324-300x158.png","type":"image\/png"}],"twitter_card":"summary_large_image","twitter_misc":{"Escrito por":"","Tiempo de lectura":"1 minuto"},"schema":{"@context":"https:\/\/schema.org","@graph":[{"@type":"Article","@id":"https:\/\/instituciones.gtm.sld.cu\/hppap\/aniversario-101-del-hospital-pediatrico-pedro-agustin-perez\/#article","isPartOf":{"@id":"https:\/\/instituciones.gtm.sld.cu\/hppap\/aniversario-101-del-hospital-pediatrico-pedro-agustin-perez\/"},"author":{"name":"","@id":""},"headline":"Aniversario 101 del Hospital Pedi\u00e1trico Pedro Agust\u00edn P\u00e9rez.","datePublished":"2019-11-06T16:03:40+00:00","dateModified":"2019-11-06T16:36:51+00:00","mainEntityOfPage":{"@id":"https:\/\/instituciones.gtm.sld.cu\/hppap\/aniversario-101-del-hospital-pediatrico-pedro-agustin-perez\/"},"wordCount":212,"commentCount":0,"publisher":{"@id":"https:\/\/instituciones.gtm.sld.cu\/hppap\/#organization"},"articleSection":["Noticias"],"inLanguage":"es","potentialAction":[{"@type":"CommentAction","name":"Comment","target":["https:\/\/instituciones.gtm.sld.cu\/hppap\/aniversario-101-del-hospital-pediatrico-pedro-agustin-perez\/#respond"]}]},{"@type":"WebPage","@id":"https:\/\/instituciones.gtm.sld.cu\/hppap\/aniversario-101-del-hospital-pediatrico-pedro-agustin-perez\/","url":"https:\/\/instituciones.gtm.sld.cu\/hppap\/aniversario-101-del-hospital-pediatrico-pedro-agustin-perez\/","name":"Aniversario 101 del Hospital Pedi\u00e1trico Pedro Agust\u00edn P\u00e9rez. - Hospital Pedi\u00e1trico &quot;Pedro Agust\u00edn P\u00e9rez&quot;","isPartOf":{"@id":"https:\/\/instituciones.gtm.sld.cu\/hppap\/#website"},"datePublished":"2019-11-06T16:03:40+00:00","dateModified":"2019-11-06T16:36:51+00:00","breadcrumb":{"@id":"https:\/\/instituciones.gtm.sld.cu\/hppap\/aniversario-101-del-hospital-pediatrico-pedro-agustin-perez\/#breadcrumb"},"inLanguage":"es","potentialAction":[{"@type":"ReadAction","target":["https:\/\/instituciones.gtm.sld.cu\/hppap\/aniversario-101-del-hospital-pediatrico-pedro-agustin-perez\/"]}]},{"@type":"BreadcrumbList","@id":"https:\/\/instituciones.gtm.sld.cu\/hppap\/aniversario-101-del-hospital-pediatrico-pedro-agustin-perez\/#breadcrumb","itemListElement":[{"@type":"ListItem","position":1,"name":"Inicio","item":"https:\/\/instituciones.gtm.sld.cu\/hppap\/"},{"@type":"ListItem","position":2,"name":"Aniversario 101 del Hospital Pedi\u00e1trico Pedro Agust\u00edn P\u00e9rez."}]},{"@type":"WebSite","@id":"https:\/\/instituciones.gtm.sld.cu\/hppap\/#website","url":"https:\/\/instituciones.gtm.sld.cu\/hppap\/","name":"Hospital Pedi\u00e1trico \"Pedro Agust\u00edn P\u00e9rez\"","description":"","publisher":{"@id":"https:\/\/instituciones.gtm.sld.cu\/hppap\/#organization"},"potentialAction":[{"@type":"SearchAction","target":{"@type":"EntryPoint","urlTemplate":"https:\/\/instituciones.gtm.sld.cu\/hppap\/?s={search_term_string}"},"query-input":"required name=search_term_string"}],"inLanguage":"es"},{"@type":"Organization","@id":"https:\/\/instituciones.gtm.sld.cu\/hppap\/#organization","name":"Hospital Pedi\u00e1trico \"Pedro Agust\u00edn P\u00e9rez\"","url":"https:\/\/instituciones.gtm.sld.cu\/hppap\/","logo":{"@type":"ImageObject","inLanguage":"es","@id":"https:\/\/instituciones.gtm.sld.cu\/hppap\/#\/schema\/logo\/image\/","url":"https:\/\/instituciones.gtm.sld.cu\/hppap\/wp-content\/uploads\/sites\/37\/2024\/05\/299145640_582996300017682_8206920265837739482_n-1.jpg","contentUrl":"https:\/\/instituciones.gtm.sld.cu\/hppap\/wp-content\/uploads\/sites\/37\/2024\/05\/299145640_582996300017682_8206920265837739482_n-1.jpg","width":960,"height":479,"caption":"Hospital Pedi\u00e1trico \"Pedro Agust\u00edn P\u00e9rez\""},"image":{"@id":"https:\/\/instituciones.gtm.sld.cu\/hppap\/#\/schema\/logo\/image\/"}},{"@type":"Person","@id":"","url":"https:\/\/instituciones.gtm.sld.cu\/hppap\/author\/"}]}},"jetpack_featured_media_url":"https:\/\/instituciones.gtm.sld.cu\/hppap\/wp-content\/uploads\/sites\/37\/2019\/11\/11fondo-1279x1200-e1573056506324-300x158.png","_links":{"self":[{"href":"https:\/\/instituciones.gtm.sld.cu\/hppap\/wp-json\/wp\/v2\/posts\/2093"}],"collection":[{"href":"https:\/\/instituciones.gtm.sld.cu\/hppap\/wp-json\/wp\/v2\/posts"}],"about":[{"href":"https:\/\/instituciones.gtm.sld.cu\/hppap\/wp-json\/wp\/v2\/types\/post"}],"author":[{"embeddable":true,"href":"https:\/\/instituciones.gtm.sld.cu\/hppap\/wp-json\/wp\/v2\/users\/18"}],"replies":[{"embeddable":true,"href":"https:\/\/instituciones.gtm.sld.cu\/hppap\/wp-json\/wp\/v2\/comments?post=2093"}],"version-history":[{"count":4,"href":"https:\/\/instituciones.gtm.sld.cu\/hppap\/wp-json\/wp\/v2\/posts\/2093\/revisions"}],"predecessor-version":[{"id":2108,"href":"https:\/\/instituciones.gtm.sld.cu\/hppap\/wp-json\/wp\/v2\/posts\/2093\/revisions\/2108"}],"wp:featuredmedia":[{"embeddable":true,"href":"https:\/\/instituciones.gtm.sld.cu\/hppap\/wp-json\/wp\/v2\/media\/2102"}],"wp:attachment":[{"href":"https:\/\/instituciones.gtm.sld.cu\/hppap\/wp-json\/wp\/v2\/media?parent=2093"}],"wp:term":[{"taxonomy":"category","embeddable":true,"href":"https:\/\/instituciones.gtm.sld.cu\/hppap\/wp-json\/wp\/v2\/categories?post=2093"},{"taxonomy":"post_tag","embeddable":true,"href":"https:\/\/instituciones.gtm.sld.cu\/hppap\/wp-json\/wp\/v2\/tags?post=2093"}],"curies":[{"name":"wp","href":"https:\/\/api.w.org\/{rel}","templated":true}]}}