{"id":2134,"date":"2019-11-15T18:12:57","date_gmt":"2019-11-15T18:12:57","guid":{"rendered":"https:\/\/instituciones.gtm.sld.cu\/hppap\/?p=2134"},"modified":"2019-11-15T18:24:50","modified_gmt":"2019-11-15T18:24:50","slug":"la-neumonia-enfermedad-asesina-numero-uno-de-los-ninos","status":"publish","type":"post","link":"https:\/\/instituciones.gtm.sld.cu\/hppap\/la-neumonia-enfermedad-asesina-numero-uno-de-los-ninos\/","title":{"rendered":"La neumon\u00eda, enfermedad asesina n\u00famero uno de los ni\u00f1os"},"content":{"rendered":"\n<figure class=\"wp-block-image\"><img fetchpriority=\"high\" decoding=\"async\" width=\"580\" height=\"330\" src=\"https:\/\/instituciones.gtm.sld.cu\/hppap\/wp-content\/uploads\/sites\/37\/2019\/11\/neumon\u00eda-ni\u00f1os-580x330.jpg\" alt=\"\" class=\"wp-image-2135\" srcset=\"https:\/\/instituciones.gtm.sld.cu\/hppap\/wp-content\/uploads\/sites\/37\/2019\/11\/neumon\u00eda-ni\u00f1os-580x330.jpg 580w, https:\/\/instituciones.gtm.sld.cu\/hppap\/wp-content\/uploads\/sites\/37\/2019\/11\/neumon\u00eda-ni\u00f1os-580x330-300x171.jpg 300w\" sizes=\"(max-width: 580px) 100vw, 580px\" \/><\/figure>\n\n\n\n<p><strong>La neumon\u00eda, una enfermedad completamente prevenible, se \ncobr\u00f3 la vida de 800,000 ni\u00f1os, o un ni\u00f1o cada 39 segundos, menores de \ncinco a\u00f1os el a\u00f1o pasado, pero los fondos para mejorar las tasas de \nsupervivencia contin\u00faan rezagados, seg\u00fan un nuevo an\u00e1lisis.<\/strong><\/p>\n\n\n\n<p>La mayor\u00eda de las muertes ocurrieron entre ni\u00f1os menores de dos a\u00f1os,\n y casi 153,000 en el primer mes de vida, dice un an\u00e1lisis del Fondo de \nlas Naciones Unidas para la Infancia (UNICEF) producido en septiembre de\n 2019, basado en estimaciones de la Organizaci\u00f3n Mundial de la Salud \n(OMS), Grupo de Estimaci\u00f3n de Epidemiolog\u00eda Infantil (MCEE) y el Grupo \nInterinstitucional de las Naciones Unidas para la Estimaci\u00f3n de la \nMortalidad Infantil.<\/p>\n\n\n\n<p>Sonando la alarma sobre esta epidemia olvidada, seis organizaciones \nl\u00edderes de salud y ni\u00f1os: ISGlobal, Save the Children, UNICEF, Every \nBreath Counts, Unitaid y Gavi, la Alianza de Vacunas, lanzaron un \nllamamiento el 12 de noviembre para una acci\u00f3n global.<\/p>\n\n\n\n<p>Al pedir compromisos concretos de los pa\u00edses de alta carga y los \ndonantes internacionales para combatir la neumon\u00eda, el grupo, junto con \nla Fundaci\u00f3n \u00abla Caixa\u00bb, la Fundaci\u00f3n Bill y Melinda Gates y USAID, \norganizar\u00e1 el Foro Global sobre Neumon\u00eda Infantil en Espa\u00f1a el 29 de \nenero -31, 2020.<\/p>\n\n\n\n<p>Henrietta Fore, Directora Ejecutiva de UNICEF, dijo: \u201cTodos los d\u00edas,\n casi 2.200 ni\u00f1os menores de cinco a\u00f1os mueren de neumon\u00eda, una \nenfermedad curable y mayormente prevenible. Un fuerte compromiso global y\n mayores inversiones son fundamentales para la lucha contra esta \nenfermedad. Solo a trav\u00e9s de intervenciones rentables de protecci\u00f3n, \nprevenci\u00f3n y tratamiento entregadas donde est\u00e9n los ni\u00f1os, podremos \nrealmente salvar millones de vidas \u201d.<\/p>\n\n\n\n<p><strong>La neumon\u00eda es causada por bacterias, virus u hongos, y deja a\n los ni\u00f1os luchando por respirar mientras sus pulmones se llenan de pus y\n l\u00edquido.<\/strong><\/p>\n\n\n\n<p>M\u00e1s ni\u00f1os menores de cinco a\u00f1os murieron de la enfermedad en 2018 que\n de cualquier otro. 437,000 ni\u00f1os menores de cinco a\u00f1os murieron por \ndiarrea y 272,000 por malaria.<\/p>\n\n\n\n<blockquote class=\"wp-block-quote\"><p>Kevin Watkins, director ejecutivo de Save the Children, \ndijo: \u201cEsta es una epidemia mundial olvidada que exige una respuesta \ninternacional urgente. Millones de ni\u00f1os mueren por falta de vacunas, \nantibi\u00f3ticos asequibles y tratamiento de ox\u00edgeno de rutina. La crisis de\n neumon\u00eda es un s\u00edntoma de negligencia y desigualdades indefendibles en \nel acceso a la atenci\u00f3n m\u00e9dica \u201d.<\/p><\/blockquote>\n\n\n\n<p><strong>Solo cinco pa\u00edses fueron responsables de m\u00e1s de la mitad de \nlas muertes por neumon\u00eda infantil: Nigeria (162,000), India (127,000), \nPakist\u00e1n (58,000), la Rep\u00fablica Democr\u00e1tica del Congo (40,000) y Etiop\u00eda\n (32,000).<\/strong><\/p>\n\n\n\n<figure class=\"wp-block-image\"><img decoding=\"async\" src=\"http:\/\/media.cubadebate.cu\/wp-content\/uploads\/2019\/11\/neumon\u00eda-virus-580x373.jpg\" alt=\"\" class=\"wp-image-1280441\" \/><\/figure>\n\n\n\n<p>Si\n bien la neumon\u00eda puede ser producida por virus y hongos, generalmente \nes causada por bacterias, entre las cuales la m\u00e1s com\u00fan es el neumococo \n(Shutterstock)<\/p>\n\n\n\n<p>Los ni\u00f1os con sistemas inmunes debilitados por otras infecciones como\n el VIH o la desnutrici\u00f3n, y aquellos que viven en \u00e1reas con altos \nniveles de contaminaci\u00f3n del aire y agua no segura, tienen un riesgo \nmucho mayor.<\/p>\n\n\n\n<p>La enfermedad puede prevenirse con vacunas y tratarse f\u00e1cilmente con antibi\u00f3ticos de bajo costo si se diagnostica adecuadamente.<\/p>\n\n\n\n<p>Pero decenas de millones de ni\u00f1os a\u00fan no est\u00e1n vacunados, y uno de cada tres con s\u00edntomas no recibe atenci\u00f3n m\u00e9dica esencial.<\/p>\n\n\n\n<p>En 2018, 71 millones de ni\u00f1os no recibieron las tres dosis \nrecomendadas de la vacuna conjugada neumoc\u00f3cica (PCV), lo que los puso \nen mayor riesgo de neumon\u00eda. A nivel mundial, el 32 por ciento de los \nni\u00f1os con sospecha de neumon\u00eda no son trasladados a un centro de salud. \nEsa cifra se eleva al 40 por ciento para los ni\u00f1os m\u00e1s pobres en los \npa\u00edses de bajos y medianos ingresos.<\/p>\n\n\n\n<p>Los ni\u00f1os con casos graves de neumon\u00eda tambi\u00e9n pueden requerir \ntratamiento con ox\u00edgeno, que rara vez est\u00e1 disponible en los pa\u00edses m\u00e1s \npobres para los ni\u00f1os que lo necesitan.<\/p>\n\n\n\n<p>El Dr. Seth Berkley, CEO de Gavi, la Alianza de Vacunas, dijo: \u201cEl \nhecho de que esta enfermedad prevenible, tratable y de f\u00e1cil diagn\u00f3stico\n siga siendo la principal causa de muerte de ni\u00f1os peque\u00f1os en el mundo \nes francamente impactante. Hemos avanzado mucho en la \u00faltima d\u00e9cada, con\n millones de ni\u00f1os en los pa\u00edses m\u00e1s pobres del mundo que ahora reciben \nla vacuna antineumoc\u00f3cica que salva vidas. Gracias en gran medida al \napoyo de Gavi, la cobertura de la vacuna antineumoc\u00f3cica en los pa\u00edses \nde bajos ingresos ahora es m\u00e1s alta que el promedio mundial, pero a\u00fan \ntenemos trabajo por hacer para garantizar que cada ni\u00f1o tenga acceso a \neste salvavidas \u00ab.<\/p>\n\n\n\n<p>Los fondos disponibles para combatir la neumon\u00eda van muy por detr\u00e1s de otras enfermedades. <strong>Solo\n el tres por ciento del gasto mundial actual en investigaci\u00f3n de \nenfermedades infecciosas se asigna a la neumon\u00eda, a pesar de que la \nenfermedad causa el 15 por ciento de las muertes en ni\u00f1os menores de \ncinco a\u00f1os.<\/strong><\/p>\n\n\n\n<blockquote class=\"wp-block-quote\"><p>Seg\u00fan Leith Greenslade, Coordinador de Every Breath \nCounts, \u201cdurante d\u00e9cadas, el principal asesino de ni\u00f1os ha sido una \nenfermedad olvidada y los ni\u00f1os m\u00e1s vulnerables del mundo han pagado el \nprecio. Es hora de que los gobiernos, las Naciones Unidas y las agencias\n multilaterales, las empresas y las ONG se unan para combatir la \nneumon\u00eda y proteger a estos ni\u00f1os \u00ab.<\/p><\/blockquote>\n\n\n\n<p>En una llamada conjunta a la acci\u00f3n, las organizaciones instan a los \ngobiernos de los pa\u00edses m\u00e1s afectados a desarrollar e implementar \nestrategias de control de la neumon\u00eda para reducir las muertes por \nneumon\u00eda infantil; y para mejorar el acceso a la atenci\u00f3n primaria de \nsalud como parte de una estrategia m\u00e1s amplia para la cobertura \nuniversal de salud.<\/p>\n\n\n\n<p>Tambi\u00e9n hacen un llamado a los pa\u00edses m\u00e1s ricos, a los donantes  internacionales y a las empresas del sector privado para que aumenten la  cobertura de inmunizaci\u00f3n al reducir el costo de las vacunas clave y  asegurar la reposici\u00f3n exitosa de Gavi, la Alianza de Vacunas, as\u00ed como  aumentar los fondos para investigaci\u00f3n e innovaci\u00f3n para combatir la  enfermedad.<\/p>\n\n\n\n<p><strong>Fuente: <\/strong><em>Tomado de <\/em><a href=\"http:\/\/www.cubadebate.cu\"><em>Cubadebate<\/em><\/a><\/p>\n","protected":false},"excerpt":{"rendered":"<p>La neumon\u00eda, una enfermedad completamente prevenible, se cobr\u00f3 la vida de 800,000 ni\u00f1os, o un ni\u00f1o cada 39 segundos, menores de cinco a\u00f1os el a\u00f1o pasado, pero los fondos para mejorar las tasas de supervivencia contin\u00faan rezagados, seg\u00fan un nuevo an\u00e1lisis. La mayor\u00eda de las muertes ocurrieron entre ni\u00f1os menores de dos a\u00f1os, y casi &hellip; <\/p>\n<p><a class=\"more-link btn\" href=\"https:\/\/instituciones.gtm.sld.cu\/hppap\/la-neumonia-enfermedad-asesina-numero-uno-de-los-ninos\/\">Seguir leyendo<\/a><\/p>\n","protected":false},"author":18,"featured_media":2140,"comment_status":"open","ping_status":"open","sticky":false,"template":"","format":"standard","meta":{"ngg_post_thumbnail":0},"categories":[5],"tags":[],"yoast_head":"<!-- This site is optimized with the Yoast SEO plugin v21.8 - https:\/\/yoast.com\/wordpress\/plugins\/seo\/ -->\n<title>La neumon\u00eda, enfermedad asesina n\u00famero uno de los ni\u00f1os - Hospital Pedi\u00e1trico &quot;Pedro Agust\u00edn P\u00e9rez&quot;<\/title>\n<meta name=\"robots\" content=\"index, follow, max-snippet:-1, max-image-preview:large, max-video-preview:-1\" \/>\n<link rel=\"canonical\" href=\"https:\/\/instituciones.gtm.sld.cu\/hppap\/la-neumonia-enfermedad-asesina-numero-uno-de-los-ninos\/\" \/>\n<meta property=\"og:locale\" content=\"es_ES\" \/>\n<meta property=\"og:type\" content=\"article\" \/>\n<meta property=\"og:title\" content=\"La neumon\u00eda, enfermedad asesina n\u00famero uno de los ni\u00f1os - Hospital Pedi\u00e1trico &quot;Pedro Agust\u00edn P\u00e9rez&quot;\" \/>\n<meta property=\"og:description\" content=\"La neumon\u00eda, una enfermedad completamente prevenible, se cobr\u00f3 la vida de 800,000 ni\u00f1os, o un ni\u00f1o cada 39 segundos, menores de cinco a\u00f1os el a\u00f1o pasado, pero los fondos para mejorar las tasas de supervivencia contin\u00faan rezagados, seg\u00fan un nuevo an\u00e1lisis. La mayor\u00eda de las muertes ocurrieron entre ni\u00f1os menores de dos a\u00f1os, y casi &hellip; Seguir leyendo\" \/>\n<meta property=\"og:url\" content=\"https:\/\/instituciones.gtm.sld.cu\/hppap\/la-neumonia-enfermedad-asesina-numero-uno-de-los-ninos\/\" \/>\n<meta property=\"og:site_name\" content=\"Hospital Pedi\u00e1trico &quot;Pedro Agust\u00edn P\u00e9rez&quot;\" \/>\n<meta property=\"article:published_time\" content=\"2019-11-15T18:12:57+00:00\" \/>\n<meta property=\"article:modified_time\" content=\"2019-11-15T18:24:50+00:00\" \/>\n<meta property=\"og:image\" content=\"https:\/\/instituciones.gtm.sld.cu\/hppap\/wp-content\/uploads\/sites\/37\/2019\/11\/respiratorio.jpg\" \/>\n\t<meta property=\"og:image:width\" content=\"63\" \/>\n\t<meta property=\"og:image:height\" content=\"84\" \/>\n\t<meta property=\"og:image:type\" content=\"image\/jpeg\" \/>\n<meta name=\"twitter:card\" content=\"summary_large_image\" \/>\n<meta name=\"twitter:label1\" content=\"Escrito por\" \/>\n\t<meta name=\"twitter:data1\" content=\"\" \/>\n\t<meta name=\"twitter:label2\" content=\"Tiempo de lectura\" \/>\n\t<meta name=\"twitter:data2\" content=\"5 minutos\" \/>\n<script type=\"application\/ld+json\" class=\"yoast-schema-graph\">{\"@context\":\"https:\/\/schema.org\",\"@graph\":[{\"@type\":\"Article\",\"@id\":\"https:\/\/instituciones.gtm.sld.cu\/hppap\/la-neumonia-enfermedad-asesina-numero-uno-de-los-ninos\/#article\",\"isPartOf\":{\"@id\":\"https:\/\/instituciones.gtm.sld.cu\/hppap\/la-neumonia-enfermedad-asesina-numero-uno-de-los-ninos\/\"},\"author\":{\"name\":\"\",\"@id\":\"\"},\"headline\":\"La neumon\u00eda, enfermedad asesina n\u00famero uno de los ni\u00f1os\",\"datePublished\":\"2019-11-15T18:12:57+00:00\",\"dateModified\":\"2019-11-15T18:24:50+00:00\",\"mainEntityOfPage\":{\"@id\":\"https:\/\/instituciones.gtm.sld.cu\/hppap\/la-neumonia-enfermedad-asesina-numero-uno-de-los-ninos\/\"},\"wordCount\":1072,\"commentCount\":0,\"publisher\":{\"@id\":\"https:\/\/instituciones.gtm.sld.cu\/hppap\/#organization\"},\"articleSection\":[\"Noticias\"],\"inLanguage\":\"es\",\"potentialAction\":[{\"@type\":\"CommentAction\",\"name\":\"Comment\",\"target\":[\"https:\/\/instituciones.gtm.sld.cu\/hppap\/la-neumonia-enfermedad-asesina-numero-uno-de-los-ninos\/#respond\"]}]},{\"@type\":\"WebPage\",\"@id\":\"https:\/\/instituciones.gtm.sld.cu\/hppap\/la-neumonia-enfermedad-asesina-numero-uno-de-los-ninos\/\",\"url\":\"https:\/\/instituciones.gtm.sld.cu\/hppap\/la-neumonia-enfermedad-asesina-numero-uno-de-los-ninos\/\",\"name\":\"La neumon\u00eda, enfermedad asesina n\u00famero uno de los ni\u00f1os - Hospital Pedi\u00e1trico &quot;Pedro Agust\u00edn P\u00e9rez&quot;\",\"isPartOf\":{\"@id\":\"https:\/\/instituciones.gtm.sld.cu\/hppap\/#website\"},\"datePublished\":\"2019-11-15T18:12:57+00:00\",\"dateModified\":\"2019-11-15T18:24:50+00:00\",\"breadcrumb\":{\"@id\":\"https:\/\/instituciones.gtm.sld.cu\/hppap\/la-neumonia-enfermedad-asesina-numero-uno-de-los-ninos\/#breadcrumb\"},\"inLanguage\":\"es\",\"potentialAction\":[{\"@type\":\"ReadAction\",\"target\":[\"https:\/\/instituciones.gtm.sld.cu\/hppap\/la-neumonia-enfermedad-asesina-numero-uno-de-los-ninos\/\"]}]},{\"@type\":\"BreadcrumbList\",\"@id\":\"https:\/\/instituciones.gtm.sld.cu\/hppap\/la-neumonia-enfermedad-asesina-numero-uno-de-los-ninos\/#breadcrumb\",\"itemListElement\":[{\"@type\":\"ListItem\",\"position\":1,\"name\":\"Inicio\",\"item\":\"https:\/\/instituciones.gtm.sld.cu\/hppap\/\"},{\"@type\":\"ListItem\",\"position\":2,\"name\":\"La neumon\u00eda, enfermedad asesina n\u00famero uno de los ni\u00f1os\"}]},{\"@type\":\"WebSite\",\"@id\":\"https:\/\/instituciones.gtm.sld.cu\/hppap\/#website\",\"url\":\"https:\/\/instituciones.gtm.sld.cu\/hppap\/\",\"name\":\"Hospital Pedi\u00e1trico \\\"Pedro Agust\u00edn P\u00e9rez\\\"\",\"description\":\"\",\"publisher\":{\"@id\":\"https:\/\/instituciones.gtm.sld.cu\/hppap\/#organization\"},\"potentialAction\":[{\"@type\":\"SearchAction\",\"target\":{\"@type\":\"EntryPoint\",\"urlTemplate\":\"https:\/\/instituciones.gtm.sld.cu\/hppap\/?s={search_term_string}\"},\"query-input\":\"required name=search_term_string\"}],\"inLanguage\":\"es\"},{\"@type\":\"Organization\",\"@id\":\"https:\/\/instituciones.gtm.sld.cu\/hppap\/#organization\",\"name\":\"Hospital Pedi\u00e1trico \\\"Pedro Agust\u00edn P\u00e9rez\\\"\",\"url\":\"https:\/\/instituciones.gtm.sld.cu\/hppap\/\",\"logo\":{\"@type\":\"ImageObject\",\"inLanguage\":\"es\",\"@id\":\"https:\/\/instituciones.gtm.sld.cu\/hppap\/#\/schema\/logo\/image\/\",\"url\":\"https:\/\/instituciones.gtm.sld.cu\/hppap\/wp-content\/uploads\/sites\/37\/2024\/05\/299145640_582996300017682_8206920265837739482_n-1.jpg\",\"contentUrl\":\"https:\/\/instituciones.gtm.sld.cu\/hppap\/wp-content\/uploads\/sites\/37\/2024\/05\/299145640_582996300017682_8206920265837739482_n-1.jpg\",\"width\":960,\"height\":479,\"caption\":\"Hospital Pedi\u00e1trico \\\"Pedro Agust\u00edn P\u00e9rez\\\"\"},\"image\":{\"@id\":\"https:\/\/instituciones.gtm.sld.cu\/hppap\/#\/schema\/logo\/image\/\"}},{\"@type\":\"Person\",\"@id\":\"\",\"url\":\"https:\/\/instituciones.gtm.sld.cu\/hppap\/author\/\"}]}<\/script>\n<!-- \/ Yoast SEO plugin. -->","yoast_head_json":{"title":"La neumon\u00eda, enfermedad asesina n\u00famero uno de los ni\u00f1os - Hospital Pedi\u00e1trico &quot;Pedro Agust\u00edn P\u00e9rez&quot;","robots":{"index":"index","follow":"follow","max-snippet":"max-snippet:-1","max-image-preview":"max-image-preview:large","max-video-preview":"max-video-preview:-1"},"canonical":"https:\/\/instituciones.gtm.sld.cu\/hppap\/la-neumonia-enfermedad-asesina-numero-uno-de-los-ninos\/","og_locale":"es_ES","og_type":"article","og_title":"La neumon\u00eda, enfermedad asesina n\u00famero uno de los ni\u00f1os - Hospital Pedi\u00e1trico &quot;Pedro Agust\u00edn P\u00e9rez&quot;","og_description":"La neumon\u00eda, una enfermedad completamente prevenible, se cobr\u00f3 la vida de 800,000 ni\u00f1os, o un ni\u00f1o cada 39 segundos, menores de cinco a\u00f1os el a\u00f1o pasado, pero los fondos para mejorar las tasas de supervivencia contin\u00faan rezagados, seg\u00fan un nuevo an\u00e1lisis. La mayor\u00eda de las muertes ocurrieron entre ni\u00f1os menores de dos a\u00f1os, y casi &hellip; Seguir leyendo","og_url":"https:\/\/instituciones.gtm.sld.cu\/hppap\/la-neumonia-enfermedad-asesina-numero-uno-de-los-ninos\/","og_site_name":"Hospital Pedi\u00e1trico &quot;Pedro Agust\u00edn P\u00e9rez&quot;","article_published_time":"2019-11-15T18:12:57+00:00","article_modified_time":"2019-11-15T18:24:50+00:00","og_image":[{"width":63,"height":84,"url":"https:\/\/instituciones.gtm.sld.cu\/hppap\/wp-content\/uploads\/sites\/37\/2019\/11\/respiratorio.jpg","type":"image\/jpeg"}],"twitter_card":"summary_large_image","twitter_misc":{"Escrito por":"","Tiempo de lectura":"5 minutos"},"schema":{"@context":"https:\/\/schema.org","@graph":[{"@type":"Article","@id":"https:\/\/instituciones.gtm.sld.cu\/hppap\/la-neumonia-enfermedad-asesina-numero-uno-de-los-ninos\/#article","isPartOf":{"@id":"https:\/\/instituciones.gtm.sld.cu\/hppap\/la-neumonia-enfermedad-asesina-numero-uno-de-los-ninos\/"},"author":{"name":"","@id":""},"headline":"La neumon\u00eda, enfermedad asesina n\u00famero uno de los ni\u00f1os","datePublished":"2019-11-15T18:12:57+00:00","dateModified":"2019-11-15T18:24:50+00:00","mainEntityOfPage":{"@id":"https:\/\/instituciones.gtm.sld.cu\/hppap\/la-neumonia-enfermedad-asesina-numero-uno-de-los-ninos\/"},"wordCount":1072,"commentCount":0,"publisher":{"@id":"https:\/\/instituciones.gtm.sld.cu\/hppap\/#organization"},"articleSection":["Noticias"],"inLanguage":"es","potentialAction":[{"@type":"CommentAction","name":"Comment","target":["https:\/\/instituciones.gtm.sld.cu\/hppap\/la-neumonia-enfermedad-asesina-numero-uno-de-los-ninos\/#respond"]}]},{"@type":"WebPage","@id":"https:\/\/instituciones.gtm.sld.cu\/hppap\/la-neumonia-enfermedad-asesina-numero-uno-de-los-ninos\/","url":"https:\/\/instituciones.gtm.sld.cu\/hppap\/la-neumonia-enfermedad-asesina-numero-uno-de-los-ninos\/","name":"La neumon\u00eda, enfermedad asesina n\u00famero uno de los ni\u00f1os - Hospital Pedi\u00e1trico &quot;Pedro Agust\u00edn P\u00e9rez&quot;","isPartOf":{"@id":"https:\/\/instituciones.gtm.sld.cu\/hppap\/#website"},"datePublished":"2019-11-15T18:12:57+00:00","dateModified":"2019-11-15T18:24:50+00:00","breadcrumb":{"@id":"https:\/\/instituciones.gtm.sld.cu\/hppap\/la-neumonia-enfermedad-asesina-numero-uno-de-los-ninos\/#breadcrumb"},"inLanguage":"es","potentialAction":[{"@type":"ReadAction","target":["https:\/\/instituciones.gtm.sld.cu\/hppap\/la-neumonia-enfermedad-asesina-numero-uno-de-los-ninos\/"]}]},{"@type":"BreadcrumbList","@id":"https:\/\/instituciones.gtm.sld.cu\/hppap\/la-neumonia-enfermedad-asesina-numero-uno-de-los-ninos\/#breadcrumb","itemListElement":[{"@type":"ListItem","position":1,"name":"Inicio","item":"https:\/\/instituciones.gtm.sld.cu\/hppap\/"},{"@type":"ListItem","position":2,"name":"La neumon\u00eda, enfermedad asesina n\u00famero uno de los ni\u00f1os"}]},{"@type":"WebSite","@id":"https:\/\/instituciones.gtm.sld.cu\/hppap\/#website","url":"https:\/\/instituciones.gtm.sld.cu\/hppap\/","name":"Hospital Pedi\u00e1trico \"Pedro Agust\u00edn P\u00e9rez\"","description":"","publisher":{"@id":"https:\/\/instituciones.gtm.sld.cu\/hppap\/#organization"},"potentialAction":[{"@type":"SearchAction","target":{"@type":"EntryPoint","urlTemplate":"https:\/\/instituciones.gtm.sld.cu\/hppap\/?s={search_term_string}"},"query-input":"required name=search_term_string"}],"inLanguage":"es"},{"@type":"Organization","@id":"https:\/\/instituciones.gtm.sld.cu\/hppap\/#organization","name":"Hospital Pedi\u00e1trico \"Pedro Agust\u00edn P\u00e9rez\"","url":"https:\/\/instituciones.gtm.sld.cu\/hppap\/","logo":{"@type":"ImageObject","inLanguage":"es","@id":"https:\/\/instituciones.gtm.sld.cu\/hppap\/#\/schema\/logo\/image\/","url":"https:\/\/instituciones.gtm.sld.cu\/hppap\/wp-content\/uploads\/sites\/37\/2024\/05\/299145640_582996300017682_8206920265837739482_n-1.jpg","contentUrl":"https:\/\/instituciones.gtm.sld.cu\/hppap\/wp-content\/uploads\/sites\/37\/2024\/05\/299145640_582996300017682_8206920265837739482_n-1.jpg","width":960,"height":479,"caption":"Hospital Pedi\u00e1trico \"Pedro Agust\u00edn P\u00e9rez\""},"image":{"@id":"https:\/\/instituciones.gtm.sld.cu\/hppap\/#\/schema\/logo\/image\/"}},{"@type":"Person","@id":"","url":"https:\/\/instituciones.gtm.sld.cu\/hppap\/author\/"}]}},"jetpack_featured_media_url":"https:\/\/instituciones.gtm.sld.cu\/hppap\/wp-content\/uploads\/sites\/37\/2019\/11\/respiratorio.jpg","_links":{"self":[{"href":"https:\/\/instituciones.gtm.sld.cu\/hppap\/wp-json\/wp\/v2\/posts\/2134"}],"collection":[{"href":"https:\/\/instituciones.gtm.sld.cu\/hppap\/wp-json\/wp\/v2\/posts"}],"about":[{"href":"https:\/\/instituciones.gtm.sld.cu\/hppap\/wp-json\/wp\/v2\/types\/post"}],"author":[{"embeddable":true,"href":"https:\/\/instituciones.gtm.sld.cu\/hppap\/wp-json\/wp\/v2\/users\/18"}],"replies":[{"embeddable":true,"href":"https:\/\/instituciones.gtm.sld.cu\/hppap\/wp-json\/wp\/v2\/comments?post=2134"}],"version-history":[{"count":2,"href":"https:\/\/instituciones.gtm.sld.cu\/hppap\/wp-json\/wp\/v2\/posts\/2134\/revisions"}],"predecessor-version":[{"id":2141,"href":"https:\/\/instituciones.gtm.sld.cu\/hppap\/wp-json\/wp\/v2\/posts\/2134\/revisions\/2141"}],"wp:featuredmedia":[{"embeddable":true,"href":"https:\/\/instituciones.gtm.sld.cu\/hppap\/wp-json\/wp\/v2\/media\/2140"}],"wp:attachment":[{"href":"https:\/\/instituciones.gtm.sld.cu\/hppap\/wp-json\/wp\/v2\/media?parent=2134"}],"wp:term":[{"taxonomy":"category","embeddable":true,"href":"https:\/\/instituciones.gtm.sld.cu\/hppap\/wp-json\/wp\/v2\/categories?post=2134"},{"taxonomy":"post_tag","embeddable":true,"href":"https:\/\/instituciones.gtm.sld.cu\/hppap\/wp-json\/wp\/v2\/tags?post=2134"}],"curies":[{"name":"wp","href":"https:\/\/api.w.org\/{rel}","templated":true}]}}