{"id":2196,"date":"2019-12-20T13:32:32","date_gmt":"2019-12-20T13:32:32","guid":{"rendered":"https:\/\/instituciones.gtm.sld.cu\/hppap\/?p=2196"},"modified":"2019-12-20T13:32:35","modified_gmt":"2019-12-20T13:32:35","slug":"20-de-diciembre-dia-internacional-de-la-solidaridad-humana","status":"publish","type":"post","link":"https:\/\/instituciones.gtm.sld.cu\/hppap\/20-de-diciembre-dia-internacional-de-la-solidaridad-humana\/","title":{"rendered":"20 de diciembre: D\u00eda Internacional de la Solidaridad Humana"},"content":{"rendered":"\n<p> El 20 de diciembre se celebra el <strong>D\u00eda Internacional de la Solidaridad Humana<\/strong>, que se basa en la idea de que los m\u00e1s desfavorecidos puedan recibir ayuda de los m\u00e1s acomodados. <strong><em>Precisamente porque existe una desigualdad cada vez mayor, debe existir la solidaridad<\/em><\/strong><\/p>\n\n\n\n<h4 class=\"wp-block-heading\">Pero \u00bfQu\u00e9 es la solidaridad?<\/h4>\n\n\n\n<p>La solidaridad es el apoyo a una causa o inter\u00e9s ajeno, especialmente\n en  situaciones dif\u00edciles, como desastres naturales, guerras, \nmovimientos  de refugiados. No obstante, aunque citamos este tipo de \ncausas que  suelen despertar un gran movimiento de solidaridad, \u00e9sta \npuede estar  presente en cualquier situaci\u00f3n de la vida diaria.  <\/p>\n\n\n\n<p> Digamos que se puede resumir en ayudar a otros que lo necesitan, \nsiempre  que est\u00e9 en nuestra mano, sin esperar nada a cambio. La \u00fanica  \nretribuci\u00f3n de la solidaridad es sentirse bien consigo mismo, o pensar  \nque se ha hecho lo que se deb\u00eda hacer. <\/p>\n\n\n\n<h4 class=\"wp-block-heading\">Cosas que puedes hacer para practicar la solidaridad<\/h4>\n\n\n\n<p>Para poner en pr\u00e1ctica la solidaridad solo tienes que <strong>mirar a tu alrededor y prestar tu apoyo a quien lo necesite<\/strong>\n  o a una causa determinada. Nadie mejor que t\u00fa para valorar esto, pero \n nosotros te daremos algunos ejemplos para practicar la solidaridad en \ntu  d\u00eda a d\u00eda: <\/p>\n\n\n\n<ul><li>Saber escuchar a alguien que lo necesita.<\/li><li>Hacer voluntariado (ni\u00f1os, ancianos, hospitales, animales\u2026)<\/li><li>Aprender primeros auxilios para poder ayudar cuando m\u00e1s se necesita.<\/li><li>Ceder el asiento en el bus o metro.<\/li><li>Destinar ayudas econ\u00f3micas a organizaciones sin \u00e1nimo de lucro.<\/li><li>Donar sangre.<\/li><li>Acoger animales en tu hogar.<\/li><li>Donar ropa, calzado o juguetes.<\/li><\/ul>\n\n\n\n<p>Fuente: <a href=\"https:\/\/www.diainternacionalde.com\/\">https:\/\/www.diainternacionalde.com\/<\/a><\/p>\n","protected":false},"excerpt":{"rendered":"<p>El 20 de diciembre se celebra el D\u00eda Internacional de la Solidaridad Humana, que se basa en la idea de que los m\u00e1s desfavorecidos puedan recibir ayuda de los m\u00e1s acomodados. Precisamente porque existe una desigualdad cada vez mayor, debe existir la solidaridad Pero \u00bfQu\u00e9 es la solidaridad? La solidaridad es el apoyo a una &hellip; <\/p>\n<p><a class=\"more-link btn\" href=\"https:\/\/instituciones.gtm.sld.cu\/hppap\/20-de-diciembre-dia-internacional-de-la-solidaridad-humana\/\">Seguir leyendo<\/a><\/p>\n","protected":false},"author":40,"featured_media":2181,"comment_status":"open","ping_status":"open","sticky":false,"template":"","format":"standard","meta":{"ngg_post_thumbnail":0},"categories":[5],"tags":[],"yoast_head":"<!-- This site is optimized with the Yoast SEO plugin v21.8 - https:\/\/yoast.com\/wordpress\/plugins\/seo\/ -->\n<title>20 de diciembre: D\u00eda Internacional de la Solidaridad Humana - Hospital Pedi\u00e1trico &quot;Pedro Agust\u00edn P\u00e9rez&quot;<\/title>\n<meta name=\"robots\" content=\"index, follow, max-snippet:-1, max-image-preview:large, max-video-preview:-1\" \/>\n<link rel=\"canonical\" href=\"https:\/\/instituciones.gtm.sld.cu\/hppap\/20-de-diciembre-dia-internacional-de-la-solidaridad-humana\/\" \/>\n<meta property=\"og:locale\" content=\"es_ES\" \/>\n<meta property=\"og:type\" content=\"article\" \/>\n<meta property=\"og:title\" content=\"20 de diciembre: D\u00eda Internacional de la Solidaridad Humana - Hospital Pedi\u00e1trico &quot;Pedro Agust\u00edn P\u00e9rez&quot;\" \/>\n<meta property=\"og:description\" content=\"El 20 de diciembre se celebra el D\u00eda Internacional de la Solidaridad Humana, que se basa en la idea de que los m\u00e1s desfavorecidos puedan recibir ayuda de los m\u00e1s acomodados. Precisamente porque existe una desigualdad cada vez mayor, debe existir la solidaridad Pero \u00bfQu\u00e9 es la solidaridad? La solidaridad es el apoyo a una &hellip; Seguir leyendo\" \/>\n<meta property=\"og:url\" content=\"https:\/\/instituciones.gtm.sld.cu\/hppap\/20-de-diciembre-dia-internacional-de-la-solidaridad-humana\/\" \/>\n<meta property=\"og:site_name\" content=\"Hospital Pedi\u00e1trico &quot;Pedro Agust\u00edn P\u00e9rez&quot;\" \/>\n<meta property=\"article:published_time\" content=\"2019-12-20T13:32:32+00:00\" \/>\n<meta property=\"article:modified_time\" content=\"2019-12-20T13:32:35+00:00\" \/>\n<meta property=\"og:image\" content=\"https:\/\/instituciones.gtm.sld.cu\/hppap\/wp-content\/uploads\/sites\/37\/2019\/12\/infomed-mini_2.png\" \/>\n\t<meta property=\"og:image:width\" content=\"63\" \/>\n\t<meta property=\"og:image:height\" content=\"84\" \/>\n\t<meta property=\"og:image:type\" content=\"image\/png\" \/>\n<meta name=\"twitter:card\" content=\"summary_large_image\" \/>\n<meta name=\"twitter:label1\" content=\"Escrito por\" \/>\n\t<meta name=\"twitter:data1\" content=\"\" \/>\n\t<meta name=\"twitter:label2\" content=\"Tiempo de lectura\" \/>\n\t<meta name=\"twitter:data2\" content=\"1 minuto\" \/>\n<script type=\"application\/ld+json\" class=\"yoast-schema-graph\">{\"@context\":\"https:\/\/schema.org\",\"@graph\":[{\"@type\":\"Article\",\"@id\":\"https:\/\/instituciones.gtm.sld.cu\/hppap\/20-de-diciembre-dia-internacional-de-la-solidaridad-humana\/#article\",\"isPartOf\":{\"@id\":\"https:\/\/instituciones.gtm.sld.cu\/hppap\/20-de-diciembre-dia-internacional-de-la-solidaridad-humana\/\"},\"author\":{\"name\":\"\",\"@id\":\"\"},\"headline\":\"20 de diciembre: D\u00eda Internacional de la Solidaridad Humana\",\"datePublished\":\"2019-12-20T13:32:32+00:00\",\"dateModified\":\"2019-12-20T13:32:35+00:00\",\"mainEntityOfPage\":{\"@id\":\"https:\/\/instituciones.gtm.sld.cu\/hppap\/20-de-diciembre-dia-internacional-de-la-solidaridad-humana\/\"},\"wordCount\":277,\"commentCount\":0,\"publisher\":{\"@id\":\"https:\/\/instituciones.gtm.sld.cu\/hppap\/#organization\"},\"articleSection\":[\"Noticias\"],\"inLanguage\":\"es\",\"potentialAction\":[{\"@type\":\"CommentAction\",\"name\":\"Comment\",\"target\":[\"https:\/\/instituciones.gtm.sld.cu\/hppap\/20-de-diciembre-dia-internacional-de-la-solidaridad-humana\/#respond\"]}]},{\"@type\":\"WebPage\",\"@id\":\"https:\/\/instituciones.gtm.sld.cu\/hppap\/20-de-diciembre-dia-internacional-de-la-solidaridad-humana\/\",\"url\":\"https:\/\/instituciones.gtm.sld.cu\/hppap\/20-de-diciembre-dia-internacional-de-la-solidaridad-humana\/\",\"name\":\"20 de diciembre: D\u00eda Internacional de la Solidaridad Humana - Hospital Pedi\u00e1trico &quot;Pedro Agust\u00edn P\u00e9rez&quot;\",\"isPartOf\":{\"@id\":\"https:\/\/instituciones.gtm.sld.cu\/hppap\/#website\"},\"datePublished\":\"2019-12-20T13:32:32+00:00\",\"dateModified\":\"2019-12-20T13:32:35+00:00\",\"breadcrumb\":{\"@id\":\"https:\/\/instituciones.gtm.sld.cu\/hppap\/20-de-diciembre-dia-internacional-de-la-solidaridad-humana\/#breadcrumb\"},\"inLanguage\":\"es\",\"potentialAction\":[{\"@type\":\"ReadAction\",\"target\":[\"https:\/\/instituciones.gtm.sld.cu\/hppap\/20-de-diciembre-dia-internacional-de-la-solidaridad-humana\/\"]}]},{\"@type\":\"BreadcrumbList\",\"@id\":\"https:\/\/instituciones.gtm.sld.cu\/hppap\/20-de-diciembre-dia-internacional-de-la-solidaridad-humana\/#breadcrumb\",\"itemListElement\":[{\"@type\":\"ListItem\",\"position\":1,\"name\":\"Inicio\",\"item\":\"https:\/\/instituciones.gtm.sld.cu\/hppap\/\"},{\"@type\":\"ListItem\",\"position\":2,\"name\":\"20 de diciembre: D\u00eda Internacional de la Solidaridad Humana\"}]},{\"@type\":\"WebSite\",\"@id\":\"https:\/\/instituciones.gtm.sld.cu\/hppap\/#website\",\"url\":\"https:\/\/instituciones.gtm.sld.cu\/hppap\/\",\"name\":\"Hospital Pedi\u00e1trico \\\"Pedro Agust\u00edn P\u00e9rez\\\"\",\"description\":\"\",\"publisher\":{\"@id\":\"https:\/\/instituciones.gtm.sld.cu\/hppap\/#organization\"},\"potentialAction\":[{\"@type\":\"SearchAction\",\"target\":{\"@type\":\"EntryPoint\",\"urlTemplate\":\"https:\/\/instituciones.gtm.sld.cu\/hppap\/?s={search_term_string}\"},\"query-input\":\"required name=search_term_string\"}],\"inLanguage\":\"es\"},{\"@type\":\"Organization\",\"@id\":\"https:\/\/instituciones.gtm.sld.cu\/hppap\/#organization\",\"name\":\"Hospital Pedi\u00e1trico \\\"Pedro Agust\u00edn P\u00e9rez\\\"\",\"url\":\"https:\/\/instituciones.gtm.sld.cu\/hppap\/\",\"logo\":{\"@type\":\"ImageObject\",\"inLanguage\":\"es\",\"@id\":\"https:\/\/instituciones.gtm.sld.cu\/hppap\/#\/schema\/logo\/image\/\",\"url\":\"https:\/\/instituciones.gtm.sld.cu\/hppap\/wp-content\/uploads\/sites\/37\/2024\/05\/299145640_582996300017682_8206920265837739482_n-1.jpg\",\"contentUrl\":\"https:\/\/instituciones.gtm.sld.cu\/hppap\/wp-content\/uploads\/sites\/37\/2024\/05\/299145640_582996300017682_8206920265837739482_n-1.jpg\",\"width\":960,\"height\":479,\"caption\":\"Hospital Pedi\u00e1trico \\\"Pedro Agust\u00edn P\u00e9rez\\\"\"},\"image\":{\"@id\":\"https:\/\/instituciones.gtm.sld.cu\/hppap\/#\/schema\/logo\/image\/\"}},{\"@type\":\"Person\",\"@id\":\"\",\"url\":\"https:\/\/instituciones.gtm.sld.cu\/hppap\/author\/\"}]}<\/script>\n<!-- \/ Yoast SEO plugin. -->","yoast_head_json":{"title":"20 de diciembre: D\u00eda Internacional de la Solidaridad Humana - Hospital Pedi\u00e1trico &quot;Pedro Agust\u00edn P\u00e9rez&quot;","robots":{"index":"index","follow":"follow","max-snippet":"max-snippet:-1","max-image-preview":"max-image-preview:large","max-video-preview":"max-video-preview:-1"},"canonical":"https:\/\/instituciones.gtm.sld.cu\/hppap\/20-de-diciembre-dia-internacional-de-la-solidaridad-humana\/","og_locale":"es_ES","og_type":"article","og_title":"20 de diciembre: D\u00eda Internacional de la Solidaridad Humana - Hospital Pedi\u00e1trico &quot;Pedro Agust\u00edn P\u00e9rez&quot;","og_description":"El 20 de diciembre se celebra el D\u00eda Internacional de la Solidaridad Humana, que se basa en la idea de que los m\u00e1s desfavorecidos puedan recibir ayuda de los m\u00e1s acomodados. Precisamente porque existe una desigualdad cada vez mayor, debe existir la solidaridad Pero \u00bfQu\u00e9 es la solidaridad? La solidaridad es el apoyo a una &hellip; Seguir leyendo","og_url":"https:\/\/instituciones.gtm.sld.cu\/hppap\/20-de-diciembre-dia-internacional-de-la-solidaridad-humana\/","og_site_name":"Hospital Pedi\u00e1trico &quot;Pedro Agust\u00edn P\u00e9rez&quot;","article_published_time":"2019-12-20T13:32:32+00:00","article_modified_time":"2019-12-20T13:32:35+00:00","og_image":[{"width":63,"height":84,"url":"https:\/\/instituciones.gtm.sld.cu\/hppap\/wp-content\/uploads\/sites\/37\/2019\/12\/infomed-mini_2.png","type":"image\/png"}],"twitter_card":"summary_large_image","twitter_misc":{"Escrito por":"","Tiempo de lectura":"1 minuto"},"schema":{"@context":"https:\/\/schema.org","@graph":[{"@type":"Article","@id":"https:\/\/instituciones.gtm.sld.cu\/hppap\/20-de-diciembre-dia-internacional-de-la-solidaridad-humana\/#article","isPartOf":{"@id":"https:\/\/instituciones.gtm.sld.cu\/hppap\/20-de-diciembre-dia-internacional-de-la-solidaridad-humana\/"},"author":{"name":"","@id":""},"headline":"20 de diciembre: D\u00eda Internacional de la Solidaridad Humana","datePublished":"2019-12-20T13:32:32+00:00","dateModified":"2019-12-20T13:32:35+00:00","mainEntityOfPage":{"@id":"https:\/\/instituciones.gtm.sld.cu\/hppap\/20-de-diciembre-dia-internacional-de-la-solidaridad-humana\/"},"wordCount":277,"commentCount":0,"publisher":{"@id":"https:\/\/instituciones.gtm.sld.cu\/hppap\/#organization"},"articleSection":["Noticias"],"inLanguage":"es","potentialAction":[{"@type":"CommentAction","name":"Comment","target":["https:\/\/instituciones.gtm.sld.cu\/hppap\/20-de-diciembre-dia-internacional-de-la-solidaridad-humana\/#respond"]}]},{"@type":"WebPage","@id":"https:\/\/instituciones.gtm.sld.cu\/hppap\/20-de-diciembre-dia-internacional-de-la-solidaridad-humana\/","url":"https:\/\/instituciones.gtm.sld.cu\/hppap\/20-de-diciembre-dia-internacional-de-la-solidaridad-humana\/","name":"20 de diciembre: D\u00eda Internacional de la Solidaridad Humana - Hospital Pedi\u00e1trico &quot;Pedro Agust\u00edn P\u00e9rez&quot;","isPartOf":{"@id":"https:\/\/instituciones.gtm.sld.cu\/hppap\/#website"},"datePublished":"2019-12-20T13:32:32+00:00","dateModified":"2019-12-20T13:32:35+00:00","breadcrumb":{"@id":"https:\/\/instituciones.gtm.sld.cu\/hppap\/20-de-diciembre-dia-internacional-de-la-solidaridad-humana\/#breadcrumb"},"inLanguage":"es","potentialAction":[{"@type":"ReadAction","target":["https:\/\/instituciones.gtm.sld.cu\/hppap\/20-de-diciembre-dia-internacional-de-la-solidaridad-humana\/"]}]},{"@type":"BreadcrumbList","@id":"https:\/\/instituciones.gtm.sld.cu\/hppap\/20-de-diciembre-dia-internacional-de-la-solidaridad-humana\/#breadcrumb","itemListElement":[{"@type":"ListItem","position":1,"name":"Inicio","item":"https:\/\/instituciones.gtm.sld.cu\/hppap\/"},{"@type":"ListItem","position":2,"name":"20 de diciembre: D\u00eda Internacional de la Solidaridad Humana"}]},{"@type":"WebSite","@id":"https:\/\/instituciones.gtm.sld.cu\/hppap\/#website","url":"https:\/\/instituciones.gtm.sld.cu\/hppap\/","name":"Hospital Pedi\u00e1trico \"Pedro Agust\u00edn P\u00e9rez\"","description":"","publisher":{"@id":"https:\/\/instituciones.gtm.sld.cu\/hppap\/#organization"},"potentialAction":[{"@type":"SearchAction","target":{"@type":"EntryPoint","urlTemplate":"https:\/\/instituciones.gtm.sld.cu\/hppap\/?s={search_term_string}"},"query-input":"required name=search_term_string"}],"inLanguage":"es"},{"@type":"Organization","@id":"https:\/\/instituciones.gtm.sld.cu\/hppap\/#organization","name":"Hospital Pedi\u00e1trico \"Pedro Agust\u00edn P\u00e9rez\"","url":"https:\/\/instituciones.gtm.sld.cu\/hppap\/","logo":{"@type":"ImageObject","inLanguage":"es","@id":"https:\/\/instituciones.gtm.sld.cu\/hppap\/#\/schema\/logo\/image\/","url":"https:\/\/instituciones.gtm.sld.cu\/hppap\/wp-content\/uploads\/sites\/37\/2024\/05\/299145640_582996300017682_8206920265837739482_n-1.jpg","contentUrl":"https:\/\/instituciones.gtm.sld.cu\/hppap\/wp-content\/uploads\/sites\/37\/2024\/05\/299145640_582996300017682_8206920265837739482_n-1.jpg","width":960,"height":479,"caption":"Hospital Pedi\u00e1trico \"Pedro Agust\u00edn P\u00e9rez\""},"image":{"@id":"https:\/\/instituciones.gtm.sld.cu\/hppap\/#\/schema\/logo\/image\/"}},{"@type":"Person","@id":"","url":"https:\/\/instituciones.gtm.sld.cu\/hppap\/author\/"}]}},"jetpack_featured_media_url":"https:\/\/instituciones.gtm.sld.cu\/hppap\/wp-content\/uploads\/sites\/37\/2019\/12\/infomed-mini_2.png","_links":{"self":[{"href":"https:\/\/instituciones.gtm.sld.cu\/hppap\/wp-json\/wp\/v2\/posts\/2196"}],"collection":[{"href":"https:\/\/instituciones.gtm.sld.cu\/hppap\/wp-json\/wp\/v2\/posts"}],"about":[{"href":"https:\/\/instituciones.gtm.sld.cu\/hppap\/wp-json\/wp\/v2\/types\/post"}],"author":[{"embeddable":true,"href":"https:\/\/instituciones.gtm.sld.cu\/hppap\/wp-json\/wp\/v2\/users\/40"}],"replies":[{"embeddable":true,"href":"https:\/\/instituciones.gtm.sld.cu\/hppap\/wp-json\/wp\/v2\/comments?post=2196"}],"version-history":[{"count":1,"href":"https:\/\/instituciones.gtm.sld.cu\/hppap\/wp-json\/wp\/v2\/posts\/2196\/revisions"}],"predecessor-version":[{"id":2197,"href":"https:\/\/instituciones.gtm.sld.cu\/hppap\/wp-json\/wp\/v2\/posts\/2196\/revisions\/2197"}],"wp:featuredmedia":[{"embeddable":true,"href":"https:\/\/instituciones.gtm.sld.cu\/hppap\/wp-json\/wp\/v2\/media\/2181"}],"wp:attachment":[{"href":"https:\/\/instituciones.gtm.sld.cu\/hppap\/wp-json\/wp\/v2\/media?parent=2196"}],"wp:term":[{"taxonomy":"category","embeddable":true,"href":"https:\/\/instituciones.gtm.sld.cu\/hppap\/wp-json\/wp\/v2\/categories?post=2196"},{"taxonomy":"post_tag","embeddable":true,"href":"https:\/\/instituciones.gtm.sld.cu\/hppap\/wp-json\/wp\/v2\/tags?post=2196"}],"curies":[{"name":"wp","href":"https:\/\/api.w.org\/{rel}","templated":true}]}}