{"id":2211,"date":"2020-01-15T14:23:05","date_gmt":"2020-01-15T14:23:05","guid":{"rendered":"https:\/\/instituciones.gtm.sld.cu\/hppap\/?p=2211"},"modified":"2020-01-15T16:25:58","modified_gmt":"2020-01-15T16:25:58","slug":"felicita-ministro-de-salud-publica-a-trabajadores-de-la-salud-en-el-dia-de-la-ciencia-cubana","status":"publish","type":"post","link":"https:\/\/instituciones.gtm.sld.cu\/hppap\/felicita-ministro-de-salud-publica-a-trabajadores-de-la-salud-en-el-dia-de-la-ciencia-cubana\/","title":{"rendered":"Felicita Ministro de Salud P\u00fablica a trabajadores de la salud en el D\u00eda de la Ciencia Cubana"},"content":{"rendered":"\n<p>El Ministro de Salud P\u00fablica, Dr. Jos\u00e9 Angel Portal Miranda, felicit\u00f3 hoy <a href=\"https:\/\/twitter.com\/japortalmiranda\/status\/1217416281714020357?s=20\" target=\"_blank\" rel=\"noreferrer noopener\">desde su cuenta en Twitter <\/a>y su <a href=\"https:\/\/www.facebook.com\/japortalmiranda\/photos\/a.276374463227557\/526487561549578\/?type=3&amp;theater\" target=\"_blank\" rel=\"noreferrer noopener\">p\u00e1gina en Facebook<\/a>\n a los trabajadores de la salud en el D\u00eda de la Ciencia Cubana. El \ntitular del ramo reconoci\u00f3 \u00abla dedicaci\u00f3n, el esfuerzo y la creatividad \nde los investigadores, especialistas, tecn\u00f3logos y otros trabajadores de\n nuestro sector, que a diario contribuyen al desarrollo \ncient\u00edfico-t\u00e9cnico del Sistema Nacional de Salud\u00bb.<\/p>\n\n\n\n<p>En su mensaje record\u00f3 las palabras de nuestro Comandante en Jefe \nFidel Castro Ruz, que en el a\u00f1o 1991, expres\u00f3: \u00abLa supervivencia de la \nRevoluci\u00f3n y del socialismo, la preservaci\u00f3n de la independencia de este\n pa\u00eds depende hoy, fundamentalmente, de la ciencia y de la t\u00e9cnica\u00bb.<\/p>\n\n\n\n<p>Resalt\u00f3 adem\u00e1s que \u00abA lo largo de estos m\u00e1s de 60 a\u00f1os de Revoluci\u00f3n,\n m\u00faltiples han sido los logros alcanzados por la ciencia cubana. En este\n contexto, el sector de la salud se ha destacado por sus resultados \ncient\u00edficos, los cuales le han permitido perfeccionar la atenci\u00f3n a la \npoblaci\u00f3n y erigirse como pilar de humanismo, entrega y abnegaci\u00f3n\u00bb.<\/p>\n","protected":false},"excerpt":{"rendered":"<p>El Ministro de Salud P\u00fablica, Dr. Jos\u00e9 Angel Portal Miranda, felicit\u00f3 hoy desde su cuenta en Twitter y su p\u00e1gina en Facebook a los trabajadores de la salud en el D\u00eda de la Ciencia Cubana. El titular del ramo reconoci\u00f3 \u00abla dedicaci\u00f3n, el esfuerzo y la creatividad de los investigadores, especialistas, tecn\u00f3logos y otros trabajadores &hellip; <\/p>\n<p><a class=\"more-link btn\" href=\"https:\/\/instituciones.gtm.sld.cu\/hppap\/felicita-ministro-de-salud-publica-a-trabajadores-de-la-salud-en-el-dia-de-la-ciencia-cubana\/\">Seguir leyendo<\/a><\/p>\n","protected":false},"author":40,"featured_media":2181,"comment_status":"open","ping_status":"open","sticky":false,"template":"","format":"standard","meta":{"ngg_post_thumbnail":0},"categories":[5],"tags":[],"yoast_head":"<!-- This site is optimized with the Yoast SEO plugin v21.8 - https:\/\/yoast.com\/wordpress\/plugins\/seo\/ -->\n<title>Felicita Ministro de Salud P\u00fablica a trabajadores de la salud en el D\u00eda de la Ciencia Cubana - Hospital Pedi\u00e1trico &quot;Pedro Agust\u00edn P\u00e9rez&quot;<\/title>\n<meta name=\"robots\" content=\"index, follow, max-snippet:-1, max-image-preview:large, max-video-preview:-1\" \/>\n<link rel=\"canonical\" href=\"https:\/\/instituciones.gtm.sld.cu\/hppap\/felicita-ministro-de-salud-publica-a-trabajadores-de-la-salud-en-el-dia-de-la-ciencia-cubana\/\" \/>\n<meta property=\"og:locale\" content=\"es_ES\" \/>\n<meta property=\"og:type\" content=\"article\" \/>\n<meta property=\"og:title\" content=\"Felicita Ministro de Salud P\u00fablica a trabajadores de la salud en el D\u00eda de la Ciencia Cubana - Hospital Pedi\u00e1trico &quot;Pedro Agust\u00edn P\u00e9rez&quot;\" \/>\n<meta property=\"og:description\" content=\"El Ministro de Salud P\u00fablica, Dr. Jos\u00e9 Angel Portal Miranda, felicit\u00f3 hoy desde su cuenta en Twitter y su p\u00e1gina en Facebook a los trabajadores de la salud en el D\u00eda de la Ciencia Cubana. El titular del ramo reconoci\u00f3 \u00abla dedicaci\u00f3n, el esfuerzo y la creatividad de los investigadores, especialistas, tecn\u00f3logos y otros trabajadores &hellip; Seguir leyendo\" \/>\n<meta property=\"og:url\" content=\"https:\/\/instituciones.gtm.sld.cu\/hppap\/felicita-ministro-de-salud-publica-a-trabajadores-de-la-salud-en-el-dia-de-la-ciencia-cubana\/\" \/>\n<meta property=\"og:site_name\" content=\"Hospital Pedi\u00e1trico &quot;Pedro Agust\u00edn P\u00e9rez&quot;\" \/>\n<meta property=\"article:published_time\" content=\"2020-01-15T14:23:05+00:00\" \/>\n<meta property=\"article:modified_time\" content=\"2020-01-15T16:25:58+00:00\" \/>\n<meta property=\"og:image\" content=\"https:\/\/instituciones.gtm.sld.cu\/hppap\/wp-content\/uploads\/sites\/37\/2019\/12\/infomed-mini_2.png\" \/>\n\t<meta property=\"og:image:width\" content=\"63\" \/>\n\t<meta property=\"og:image:height\" content=\"84\" \/>\n\t<meta property=\"og:image:type\" content=\"image\/png\" \/>\n<meta name=\"twitter:card\" content=\"summary_large_image\" \/>\n<meta name=\"twitter:label1\" content=\"Escrito por\" \/>\n\t<meta name=\"twitter:data1\" content=\"\" \/>\n\t<meta name=\"twitter:label2\" content=\"Tiempo de lectura\" \/>\n\t<meta name=\"twitter:data2\" content=\"1 minuto\" \/>\n<script type=\"application\/ld+json\" class=\"yoast-schema-graph\">{\"@context\":\"https:\/\/schema.org\",\"@graph\":[{\"@type\":\"Article\",\"@id\":\"https:\/\/instituciones.gtm.sld.cu\/hppap\/felicita-ministro-de-salud-publica-a-trabajadores-de-la-salud-en-el-dia-de-la-ciencia-cubana\/#article\",\"isPartOf\":{\"@id\":\"https:\/\/instituciones.gtm.sld.cu\/hppap\/felicita-ministro-de-salud-publica-a-trabajadores-de-la-salud-en-el-dia-de-la-ciencia-cubana\/\"},\"author\":{\"name\":\"\",\"@id\":\"\"},\"headline\":\"Felicita Ministro de Salud P\u00fablica a trabajadores de la salud en el D\u00eda de la Ciencia Cubana\",\"datePublished\":\"2020-01-15T14:23:05+00:00\",\"dateModified\":\"2020-01-15T16:25:58+00:00\",\"mainEntityOfPage\":{\"@id\":\"https:\/\/instituciones.gtm.sld.cu\/hppap\/felicita-ministro-de-salud-publica-a-trabajadores-de-la-salud-en-el-dia-de-la-ciencia-cubana\/\"},\"wordCount\":213,\"commentCount\":0,\"publisher\":{\"@id\":\"https:\/\/instituciones.gtm.sld.cu\/hppap\/#organization\"},\"articleSection\":[\"Noticias\"],\"inLanguage\":\"es\",\"potentialAction\":[{\"@type\":\"CommentAction\",\"name\":\"Comment\",\"target\":[\"https:\/\/instituciones.gtm.sld.cu\/hppap\/felicita-ministro-de-salud-publica-a-trabajadores-de-la-salud-en-el-dia-de-la-ciencia-cubana\/#respond\"]}]},{\"@type\":\"WebPage\",\"@id\":\"https:\/\/instituciones.gtm.sld.cu\/hppap\/felicita-ministro-de-salud-publica-a-trabajadores-de-la-salud-en-el-dia-de-la-ciencia-cubana\/\",\"url\":\"https:\/\/instituciones.gtm.sld.cu\/hppap\/felicita-ministro-de-salud-publica-a-trabajadores-de-la-salud-en-el-dia-de-la-ciencia-cubana\/\",\"name\":\"Felicita Ministro de Salud P\u00fablica a trabajadores de la salud en el D\u00eda de la Ciencia Cubana - Hospital Pedi\u00e1trico &quot;Pedro Agust\u00edn P\u00e9rez&quot;\",\"isPartOf\":{\"@id\":\"https:\/\/instituciones.gtm.sld.cu\/hppap\/#website\"},\"datePublished\":\"2020-01-15T14:23:05+00:00\",\"dateModified\":\"2020-01-15T16:25:58+00:00\",\"breadcrumb\":{\"@id\":\"https:\/\/instituciones.gtm.sld.cu\/hppap\/felicita-ministro-de-salud-publica-a-trabajadores-de-la-salud-en-el-dia-de-la-ciencia-cubana\/#breadcrumb\"},\"inLanguage\":\"es\",\"potentialAction\":[{\"@type\":\"ReadAction\",\"target\":[\"https:\/\/instituciones.gtm.sld.cu\/hppap\/felicita-ministro-de-salud-publica-a-trabajadores-de-la-salud-en-el-dia-de-la-ciencia-cubana\/\"]}]},{\"@type\":\"BreadcrumbList\",\"@id\":\"https:\/\/instituciones.gtm.sld.cu\/hppap\/felicita-ministro-de-salud-publica-a-trabajadores-de-la-salud-en-el-dia-de-la-ciencia-cubana\/#breadcrumb\",\"itemListElement\":[{\"@type\":\"ListItem\",\"position\":1,\"name\":\"Inicio\",\"item\":\"https:\/\/instituciones.gtm.sld.cu\/hppap\/\"},{\"@type\":\"ListItem\",\"position\":2,\"name\":\"Felicita Ministro de Salud P\u00fablica a trabajadores de la salud en el D\u00eda de la Ciencia Cubana\"}]},{\"@type\":\"WebSite\",\"@id\":\"https:\/\/instituciones.gtm.sld.cu\/hppap\/#website\",\"url\":\"https:\/\/instituciones.gtm.sld.cu\/hppap\/\",\"name\":\"Hospital Pedi\u00e1trico \\\"Pedro Agust\u00edn P\u00e9rez\\\"\",\"description\":\"\",\"publisher\":{\"@id\":\"https:\/\/instituciones.gtm.sld.cu\/hppap\/#organization\"},\"potentialAction\":[{\"@type\":\"SearchAction\",\"target\":{\"@type\":\"EntryPoint\",\"urlTemplate\":\"https:\/\/instituciones.gtm.sld.cu\/hppap\/?s={search_term_string}\"},\"query-input\":\"required name=search_term_string\"}],\"inLanguage\":\"es\"},{\"@type\":\"Organization\",\"@id\":\"https:\/\/instituciones.gtm.sld.cu\/hppap\/#organization\",\"name\":\"Hospital Pedi\u00e1trico \\\"Pedro Agust\u00edn P\u00e9rez\\\"\",\"url\":\"https:\/\/instituciones.gtm.sld.cu\/hppap\/\",\"logo\":{\"@type\":\"ImageObject\",\"inLanguage\":\"es\",\"@id\":\"https:\/\/instituciones.gtm.sld.cu\/hppap\/#\/schema\/logo\/image\/\",\"url\":\"https:\/\/instituciones.gtm.sld.cu\/hppap\/wp-content\/uploads\/sites\/37\/2024\/05\/299145640_582996300017682_8206920265837739482_n-1.jpg\",\"contentUrl\":\"https:\/\/instituciones.gtm.sld.cu\/hppap\/wp-content\/uploads\/sites\/37\/2024\/05\/299145640_582996300017682_8206920265837739482_n-1.jpg\",\"width\":960,\"height\":479,\"caption\":\"Hospital Pedi\u00e1trico \\\"Pedro Agust\u00edn P\u00e9rez\\\"\"},\"image\":{\"@id\":\"https:\/\/instituciones.gtm.sld.cu\/hppap\/#\/schema\/logo\/image\/\"}},{\"@type\":\"Person\",\"@id\":\"\",\"url\":\"https:\/\/instituciones.gtm.sld.cu\/hppap\/author\/\"}]}<\/script>\n<!-- \/ Yoast SEO plugin. -->","yoast_head_json":{"title":"Felicita Ministro de Salud P\u00fablica a trabajadores de la salud en el D\u00eda de la Ciencia Cubana - Hospital Pedi\u00e1trico &quot;Pedro Agust\u00edn P\u00e9rez&quot;","robots":{"index":"index","follow":"follow","max-snippet":"max-snippet:-1","max-image-preview":"max-image-preview:large","max-video-preview":"max-video-preview:-1"},"canonical":"https:\/\/instituciones.gtm.sld.cu\/hppap\/felicita-ministro-de-salud-publica-a-trabajadores-de-la-salud-en-el-dia-de-la-ciencia-cubana\/","og_locale":"es_ES","og_type":"article","og_title":"Felicita Ministro de Salud P\u00fablica a trabajadores de la salud en el D\u00eda de la Ciencia Cubana - Hospital Pedi\u00e1trico &quot;Pedro Agust\u00edn P\u00e9rez&quot;","og_description":"El Ministro de Salud P\u00fablica, Dr. Jos\u00e9 Angel Portal Miranda, felicit\u00f3 hoy desde su cuenta en Twitter y su p\u00e1gina en Facebook a los trabajadores de la salud en el D\u00eda de la Ciencia Cubana. El titular del ramo reconoci\u00f3 \u00abla dedicaci\u00f3n, el esfuerzo y la creatividad de los investigadores, especialistas, tecn\u00f3logos y otros trabajadores &hellip; Seguir leyendo","og_url":"https:\/\/instituciones.gtm.sld.cu\/hppap\/felicita-ministro-de-salud-publica-a-trabajadores-de-la-salud-en-el-dia-de-la-ciencia-cubana\/","og_site_name":"Hospital Pedi\u00e1trico &quot;Pedro Agust\u00edn P\u00e9rez&quot;","article_published_time":"2020-01-15T14:23:05+00:00","article_modified_time":"2020-01-15T16:25:58+00:00","og_image":[{"width":63,"height":84,"url":"https:\/\/instituciones.gtm.sld.cu\/hppap\/wp-content\/uploads\/sites\/37\/2019\/12\/infomed-mini_2.png","type":"image\/png"}],"twitter_card":"summary_large_image","twitter_misc":{"Escrito por":"","Tiempo de lectura":"1 minuto"},"schema":{"@context":"https:\/\/schema.org","@graph":[{"@type":"Article","@id":"https:\/\/instituciones.gtm.sld.cu\/hppap\/felicita-ministro-de-salud-publica-a-trabajadores-de-la-salud-en-el-dia-de-la-ciencia-cubana\/#article","isPartOf":{"@id":"https:\/\/instituciones.gtm.sld.cu\/hppap\/felicita-ministro-de-salud-publica-a-trabajadores-de-la-salud-en-el-dia-de-la-ciencia-cubana\/"},"author":{"name":"","@id":""},"headline":"Felicita Ministro de Salud P\u00fablica a trabajadores de la salud en el D\u00eda de la Ciencia Cubana","datePublished":"2020-01-15T14:23:05+00:00","dateModified":"2020-01-15T16:25:58+00:00","mainEntityOfPage":{"@id":"https:\/\/instituciones.gtm.sld.cu\/hppap\/felicita-ministro-de-salud-publica-a-trabajadores-de-la-salud-en-el-dia-de-la-ciencia-cubana\/"},"wordCount":213,"commentCount":0,"publisher":{"@id":"https:\/\/instituciones.gtm.sld.cu\/hppap\/#organization"},"articleSection":["Noticias"],"inLanguage":"es","potentialAction":[{"@type":"CommentAction","name":"Comment","target":["https:\/\/instituciones.gtm.sld.cu\/hppap\/felicita-ministro-de-salud-publica-a-trabajadores-de-la-salud-en-el-dia-de-la-ciencia-cubana\/#respond"]}]},{"@type":"WebPage","@id":"https:\/\/instituciones.gtm.sld.cu\/hppap\/felicita-ministro-de-salud-publica-a-trabajadores-de-la-salud-en-el-dia-de-la-ciencia-cubana\/","url":"https:\/\/instituciones.gtm.sld.cu\/hppap\/felicita-ministro-de-salud-publica-a-trabajadores-de-la-salud-en-el-dia-de-la-ciencia-cubana\/","name":"Felicita Ministro de Salud P\u00fablica a trabajadores de la salud en el D\u00eda de la Ciencia Cubana - Hospital Pedi\u00e1trico &quot;Pedro Agust\u00edn P\u00e9rez&quot;","isPartOf":{"@id":"https:\/\/instituciones.gtm.sld.cu\/hppap\/#website"},"datePublished":"2020-01-15T14:23:05+00:00","dateModified":"2020-01-15T16:25:58+00:00","breadcrumb":{"@id":"https:\/\/instituciones.gtm.sld.cu\/hppap\/felicita-ministro-de-salud-publica-a-trabajadores-de-la-salud-en-el-dia-de-la-ciencia-cubana\/#breadcrumb"},"inLanguage":"es","potentialAction":[{"@type":"ReadAction","target":["https:\/\/instituciones.gtm.sld.cu\/hppap\/felicita-ministro-de-salud-publica-a-trabajadores-de-la-salud-en-el-dia-de-la-ciencia-cubana\/"]}]},{"@type":"BreadcrumbList","@id":"https:\/\/instituciones.gtm.sld.cu\/hppap\/felicita-ministro-de-salud-publica-a-trabajadores-de-la-salud-en-el-dia-de-la-ciencia-cubana\/#breadcrumb","itemListElement":[{"@type":"ListItem","position":1,"name":"Inicio","item":"https:\/\/instituciones.gtm.sld.cu\/hppap\/"},{"@type":"ListItem","position":2,"name":"Felicita Ministro de Salud P\u00fablica a trabajadores de la salud en el D\u00eda de la Ciencia Cubana"}]},{"@type":"WebSite","@id":"https:\/\/instituciones.gtm.sld.cu\/hppap\/#website","url":"https:\/\/instituciones.gtm.sld.cu\/hppap\/","name":"Hospital Pedi\u00e1trico \"Pedro Agust\u00edn P\u00e9rez\"","description":"","publisher":{"@id":"https:\/\/instituciones.gtm.sld.cu\/hppap\/#organization"},"potentialAction":[{"@type":"SearchAction","target":{"@type":"EntryPoint","urlTemplate":"https:\/\/instituciones.gtm.sld.cu\/hppap\/?s={search_term_string}"},"query-input":"required name=search_term_string"}],"inLanguage":"es"},{"@type":"Organization","@id":"https:\/\/instituciones.gtm.sld.cu\/hppap\/#organization","name":"Hospital Pedi\u00e1trico \"Pedro Agust\u00edn P\u00e9rez\"","url":"https:\/\/instituciones.gtm.sld.cu\/hppap\/","logo":{"@type":"ImageObject","inLanguage":"es","@id":"https:\/\/instituciones.gtm.sld.cu\/hppap\/#\/schema\/logo\/image\/","url":"https:\/\/instituciones.gtm.sld.cu\/hppap\/wp-content\/uploads\/sites\/37\/2024\/05\/299145640_582996300017682_8206920265837739482_n-1.jpg","contentUrl":"https:\/\/instituciones.gtm.sld.cu\/hppap\/wp-content\/uploads\/sites\/37\/2024\/05\/299145640_582996300017682_8206920265837739482_n-1.jpg","width":960,"height":479,"caption":"Hospital Pedi\u00e1trico \"Pedro Agust\u00edn P\u00e9rez\""},"image":{"@id":"https:\/\/instituciones.gtm.sld.cu\/hppap\/#\/schema\/logo\/image\/"}},{"@type":"Person","@id":"","url":"https:\/\/instituciones.gtm.sld.cu\/hppap\/author\/"}]}},"jetpack_featured_media_url":"https:\/\/instituciones.gtm.sld.cu\/hppap\/wp-content\/uploads\/sites\/37\/2019\/12\/infomed-mini_2.png","_links":{"self":[{"href":"https:\/\/instituciones.gtm.sld.cu\/hppap\/wp-json\/wp\/v2\/posts\/2211"}],"collection":[{"href":"https:\/\/instituciones.gtm.sld.cu\/hppap\/wp-json\/wp\/v2\/posts"}],"about":[{"href":"https:\/\/instituciones.gtm.sld.cu\/hppap\/wp-json\/wp\/v2\/types\/post"}],"author":[{"embeddable":true,"href":"https:\/\/instituciones.gtm.sld.cu\/hppap\/wp-json\/wp\/v2\/users\/40"}],"replies":[{"embeddable":true,"href":"https:\/\/instituciones.gtm.sld.cu\/hppap\/wp-json\/wp\/v2\/comments?post=2211"}],"version-history":[{"count":1,"href":"https:\/\/instituciones.gtm.sld.cu\/hppap\/wp-json\/wp\/v2\/posts\/2211\/revisions"}],"predecessor-version":[{"id":2212,"href":"https:\/\/instituciones.gtm.sld.cu\/hppap\/wp-json\/wp\/v2\/posts\/2211\/revisions\/2212"}],"wp:featuredmedia":[{"embeddable":true,"href":"https:\/\/instituciones.gtm.sld.cu\/hppap\/wp-json\/wp\/v2\/media\/2181"}],"wp:attachment":[{"href":"https:\/\/instituciones.gtm.sld.cu\/hppap\/wp-json\/wp\/v2\/media?parent=2211"}],"wp:term":[{"taxonomy":"category","embeddable":true,"href":"https:\/\/instituciones.gtm.sld.cu\/hppap\/wp-json\/wp\/v2\/categories?post=2211"},{"taxonomy":"post_tag","embeddable":true,"href":"https:\/\/instituciones.gtm.sld.cu\/hppap\/wp-json\/wp\/v2\/tags?post=2211"}],"curies":[{"name":"wp","href":"https:\/\/api.w.org\/{rel}","templated":true}]}}